{"id":85096,"date":"2022-03-17T16:47:47","date_gmt":"2022-03-17T15:47:47","guid":{"rendered":"https:\/\/www.copealcoy.es\/?p=85096"},"modified":"2022-03-17T16:55:43","modified_gmt":"2022-03-17T15:55:43","slug":"alcoy-recuerda-el-aniversario-de-la-fundacion-de-la-ciudad","status":"publish","type":"post","link":"https:\/\/www.copealcoy.es\/es\/alcoy-recuerda-el-aniversario-de-la-fundacion-de-la-ciudad\/","title":{"rendered":"Alcoy recuerda el aniversario de la fundaci\u00f3n de la ciudad"},"content":{"rendered":"<p style=\"text-align: justify;\">Alcoy recuerda en este 17 de marzo <strong>el 766 aniversario de la fundaci\u00f3n de la ciudad<\/strong>. Fue tal d\u00eda como hoy cuando<strong> Jaume I le otorg\u00f3 la Carta Puebla<\/strong> y <strong>la entonces Villa pas\u00f3 a formar parte de la Europa medieval<\/strong>.<\/p>\n<p style=\"text-align: justify;\">Para conmemorar esta efem\u00e9ride se han organizado en el d\u00eda de hoy <strong>una serie de actos<\/strong> tras haberlo propuesto meses atr\u00e1s en pleno <strong>el Grupo Municipal de Comprom\u00eds<\/strong>. En esta ocasi\u00f3n <strong>se ha realizado una ofrenda a Jaume I<\/strong> a las puertas del sal\u00f3n de plenos. E<span lang=\"es-ES\">l\u00a0<\/span><span lang=\"es-ES\">concejal<\/span><span lang=\"es-ES\">\u00a0de Cultura, Ra\u00fcl Llopis, y la\u00a0<\/span><span lang=\"es-ES\">concejala<\/span><span lang=\"es-ES\"> Elisa Guillem, de Comprom\u00eds, <\/span><strong><span lang=\"es-ES\">h<\/span><\/strong><span lang=\"es-ES\"><strong>an depositado una corona de laurel<\/strong> sobre la\u00a0<\/span><span lang=\"es-ES\">mesa en la que hab\u00eda<\/span><span lang=\"es-ES\"> una se\u00f1era junto a una reproducci\u00f3n del casco del Rey Ja<\/span><span lang=\"es-ES\">u<\/span><span lang=\"es-ES\">me I. Despu\u00e9s, como es haitual cada a\u00f1o, <strong>los alumnos del Colegio Carmelitas, han recreado <\/strong><\/span><strong>la lectura de la Carta Puebla<\/strong> a las familias que fueron los primeros pobladores de la villa; llegados de Catalu\u00f1a y Arag\u00f3n.<\/p>\n<p style=\"text-align: justify;\">Desde el Ayuntamiento se ha apostado este a\u00f1o por <strong>una celebraci\u00f3n sencilla para recordar esta fecha tan especial<\/strong>. De cara al a\u00f1o que viene, seg\u00fan ha afirmado el \u00e1rea de Cultura,<strong> se quieren impulsar m\u00e1s actividades<\/strong> de homenaje a la ciudad.<\/p>\n","protected":false},"excerpt":{"rendered":"<p>Alcoy recuerda en este 17 de marzo el 766 aniversario de la fundaci\u00f3n de la ciudad. Fue tal d\u00eda como&#8230;<\/p>\n","protected":false},"author":1,"featured_media":85097,"comment_status":"open","ping_status":"open","sticky":false,"template":"","format":"standard","meta":{"footnotes":""},"categories":[97,78,75],"tags":[12546,1494,3800,3851,3869,11875],"class_list":["post-85096","post","type-post","status-publish","format-standard","has-post-thumbnail","hentry","category-alcoy","category-fiestaycultura","category-noticias","tag-17-de-marzo","tag-alcoy","tag-aniversario","tag-carta-pobla","tag-fundacion-ciudad","tag-jaume-i"],"yoast_head":"<!-- This site is optimized with the Yoast SEO plugin v27.3 - https:\/\/yoast.com\/product\/yoast-seo-wordpress\/ -->\n<title>Alcoy recuerda el aniversario de la fundaci\u00f3n de la ciudad - COPE Alcoy<\/title>\n<meta name=\"robots\" content=\"index, follow, max-snippet:-1, max-image-preview:large, max-video-preview:-1\" \/>\n<link rel=\"canonical\" href=\"https:\/\/www.copealcoy.es\/es\/alcoy-recuerda-el-aniversario-de-la-fundacion-de-la-ciudad\/\" \/>\n<meta property=\"og:locale\" content=\"es_ES\" \/>\n<meta property=\"og:type\" content=\"article\" \/>\n<meta property=\"og:title\" content=\"Alcoy recuerda el aniversario de la fundaci\u00f3n de la ciudad - COPE Alcoy\" \/>\n<meta property=\"og:description\" content=\"Alcoy recuerda en este 17 de marzo el 766 aniversario de la fundaci\u00f3n de la ciudad. Fue tal d\u00eda como...\" \/>\n<meta property=\"og:url\" content=\"https:\/\/www.copealcoy.es\/es\/alcoy-recuerda-el-aniversario-de-la-fundacion-de-la-ciudad\/\" \/>\n<meta property=\"og:site_name\" content=\"COPE Alcoy\" \/>\n<meta property=\"article:published_time\" content=\"2022-03-17T15:47:47+00:00\" \/>\n<meta property=\"article:modified_time\" content=\"2022-03-17T15:55:43+00:00\" \/>\n<meta property=\"og:image\" content=\"https:\/\/www.copealcoy.es\/wp-content\/uploads\/2022\/03\/Acte-17-de-marc-de-2022-18.jpg\" \/>\n\t<meta property=\"og:image:width\" content=\"1620\" \/>\n\t<meta property=\"og:image:height\" content=\"1080\" \/>\n\t<meta property=\"og:image:type\" content=\"image\/jpeg\" \/>\n<meta name=\"author\" content=\"Cope Alcoy\" \/>\n<meta name=\"twitter:label1\" content=\"Escrito por\" \/>\n\t<meta name=\"twitter:data1\" content=\"Cope Alcoy\" \/>\n\t<meta name=\"twitter:label2\" content=\"Tiempo de lectura\" \/>\n\t<meta name=\"twitter:data2\" content=\"1 minuto\" \/>\n<script type=\"application\/ld+json\" class=\"yoast-schema-graph\">{\"@context\":\"https:\\\/\\\/schema.org\",\"@graph\":[{\"@type\":\"Article\",\"@id\":\"https:\\\/\\\/www.copealcoy.es\\\/es\\\/alcoy-recuerda-el-aniversario-de-la-fundacion-de-la-ciudad\\\/#article\",\"isPartOf\":{\"@id\":\"https:\\\/\\\/www.copealcoy.es\\\/es\\\/alcoy-recuerda-el-aniversario-de-la-fundacion-de-la-ciudad\\\/\"},\"author\":{\"name\":\"Cope Alcoy\",\"@id\":\"https:\\\/\\\/www.copealcoy.es\\\/es\\\/#\\\/schema\\\/person\\\/e777c87fa024e57d40170af9df39882c\"},\"headline\":\"Alcoy recuerda el aniversario de la fundaci\u00f3n de la ciudad\",\"datePublished\":\"2022-03-17T15:47:47+00:00\",\"dateModified\":\"2022-03-17T15:55:43+00:00\",\"mainEntityOfPage\":{\"@id\":\"https:\\\/\\\/www.copealcoy.es\\\/es\\\/alcoy-recuerda-el-aniversario-de-la-fundacion-de-la-ciudad\\\/\"},\"wordCount\":235,\"commentCount\":0,\"image\":{\"@id\":\"https:\\\/\\\/www.copealcoy.es\\\/es\\\/alcoy-recuerda-el-aniversario-de-la-fundacion-de-la-ciudad\\\/#primaryimage\"},\"thumbnailUrl\":\"https:\\\/\\\/www.copealcoy.es\\\/wp-content\\\/uploads\\\/2022\\\/03\\\/Acte-17-de-marc-de-2022-18.jpg\",\"keywords\":[\"17 de marzo\",\"Alcoy\",\"aniversario\",\"carta pobla\",\"Fundaci\u00f3n Ciudad\",\"Jaume I\"],\"articleSection\":[\"Alcoy\",\"Fiesta y Cultura\",\"Noticias\"],\"inLanguage\":\"es\"},{\"@type\":\"WebPage\",\"@id\":\"https:\\\/\\\/www.copealcoy.es\\\/es\\\/alcoy-recuerda-el-aniversario-de-la-fundacion-de-la-ciudad\\\/\",\"url\":\"https:\\\/\\\/www.copealcoy.es\\\/es\\\/alcoy-recuerda-el-aniversario-de-la-fundacion-de-la-ciudad\\\/\",\"name\":\"Alcoy recuerda el aniversario de la fundaci\u00f3n de la ciudad - COPE Alcoy\",\"isPartOf\":{\"@id\":\"https:\\\/\\\/www.copealcoy.es\\\/es\\\/#website\"},\"primaryImageOfPage\":{\"@id\":\"https:\\\/\\\/www.copealcoy.es\\\/es\\\/alcoy-recuerda-el-aniversario-de-la-fundacion-de-la-ciudad\\\/#primaryimage\"},\"image\":{\"@id\":\"https:\\\/\\\/www.copealcoy.es\\\/es\\\/alcoy-recuerda-el-aniversario-de-la-fundacion-de-la-ciudad\\\/#primaryimage\"},\"thumbnailUrl\":\"https:\\\/\\\/www.copealcoy.es\\\/wp-content\\\/uploads\\\/2022\\\/03\\\/Acte-17-de-marc-de-2022-18.jpg\",\"datePublished\":\"2022-03-17T15:47:47+00:00\",\"dateModified\":\"2022-03-17T15:55:43+00:00\",\"author\":{\"@id\":\"https:\\\/\\\/www.copealcoy.es\\\/es\\\/#\\\/schema\\\/person\\\/e777c87fa024e57d40170af9df39882c\"},\"breadcrumb\":{\"@id\":\"https:\\\/\\\/www.copealcoy.es\\\/es\\\/alcoy-recuerda-el-aniversario-de-la-fundacion-de-la-ciudad\\\/#breadcrumb\"},\"inLanguage\":\"es\",\"potentialAction\":[{\"@type\":\"ReadAction\",\"target\":[\"https:\\\/\\\/www.copealcoy.es\\\/es\\\/alcoy-recuerda-el-aniversario-de-la-fundacion-de-la-ciudad\\\/\"]}]},{\"@type\":\"ImageObject\",\"inLanguage\":\"es\",\"@id\":\"https:\\\/\\\/www.copealcoy.es\\\/es\\\/alcoy-recuerda-el-aniversario-de-la-fundacion-de-la-ciudad\\\/#primaryimage\",\"url\":\"https:\\\/\\\/www.copealcoy.es\\\/wp-content\\\/uploads\\\/2022\\\/03\\\/Acte-17-de-marc-de-2022-18.jpg\",\"contentUrl\":\"https:\\\/\\\/www.copealcoy.es\\\/wp-content\\\/uploads\\\/2022\\\/03\\\/Acte-17-de-marc-de-2022-18.jpg\",\"width\":1620,\"height\":1080},{\"@type\":\"BreadcrumbList\",\"@id\":\"https:\\\/\\\/www.copealcoy.es\\\/es\\\/alcoy-recuerda-el-aniversario-de-la-fundacion-de-la-ciudad\\\/#breadcrumb\",\"itemListElement\":[{\"@type\":\"ListItem\",\"position\":1,\"name\":\"Portada\",\"item\":\"https:\\\/\\\/www.copealcoy.es\\\/es\\\/\"},{\"@type\":\"ListItem\",\"position\":2,\"name\":\"Alcoy recuerda el aniversario de la fundaci\u00f3n de la ciudad\"}]},{\"@type\":\"WebSite\",\"@id\":\"https:\\\/\\\/www.copealcoy.es\\\/es\\\/#website\",\"url\":\"https:\\\/\\\/www.copealcoy.es\\\/es\\\/\",\"name\":\"COPE Alcoy\",\"description\":\"Emisora COPE de radio local con emisi\u00f3n online. Pont de Sant Jordi 8-10 03803 Alcoy\",\"potentialAction\":[{\"@type\":\"SearchAction\",\"target\":{\"@type\":\"EntryPoint\",\"urlTemplate\":\"https:\\\/\\\/www.copealcoy.es\\\/es\\\/?s={search_term_string}\"},\"query-input\":{\"@type\":\"PropertyValueSpecification\",\"valueRequired\":true,\"valueName\":\"search_term_string\"}}],\"inLanguage\":\"es\"},{\"@type\":\"Person\",\"@id\":\"https:\\\/\\\/www.copealcoy.es\\\/es\\\/#\\\/schema\\\/person\\\/e777c87fa024e57d40170af9df39882c\",\"name\":\"Cope Alcoy\",\"image\":{\"@type\":\"ImageObject\",\"inLanguage\":\"es\",\"@id\":\"https:\\\/\\\/secure.gravatar.com\\\/avatar\\\/bb65d0283347e303893ba14f0692005417c1e0e690a325a4c5d8bb2b3943ee14?s=96&d=mm&r=g\",\"url\":\"https:\\\/\\\/secure.gravatar.com\\\/avatar\\\/bb65d0283347e303893ba14f0692005417c1e0e690a325a4c5d8bb2b3943ee14?s=96&d=mm&r=g\",\"contentUrl\":\"https:\\\/\\\/secure.gravatar.com\\\/avatar\\\/bb65d0283347e303893ba14f0692005417c1e0e690a325a4c5d8bb2b3943ee14?s=96&d=mm&r=g\",\"caption\":\"Cope Alcoy\"}}]}<\/script>\n<!-- \/ Yoast SEO plugin. -->","yoast_head_json":{"title":"Alcoy recuerda el aniversario de la fundaci\u00f3n de la ciudad - COPE Alcoy","robots":{"index":"index","follow":"follow","max-snippet":"max-snippet:-1","max-image-preview":"max-image-preview:large","max-video-preview":"max-video-preview:-1"},"canonical":"https:\/\/www.copealcoy.es\/es\/alcoy-recuerda-el-aniversario-de-la-fundacion-de-la-ciudad\/","og_locale":"es_ES","og_type":"article","og_title":"Alcoy recuerda el aniversario de la fundaci\u00f3n de la ciudad - COPE Alcoy","og_description":"Alcoy recuerda en este 17 de marzo el 766 aniversario de la fundaci\u00f3n de la ciudad. Fue tal d\u00eda como...","og_url":"https:\/\/www.copealcoy.es\/es\/alcoy-recuerda-el-aniversario-de-la-fundacion-de-la-ciudad\/","og_site_name":"COPE Alcoy","article_published_time":"2022-03-17T15:47:47+00:00","article_modified_time":"2022-03-17T15:55:43+00:00","og_image":[{"width":1620,"height":1080,"url":"https:\/\/www.copealcoy.es\/wp-content\/uploads\/2022\/03\/Acte-17-de-marc-de-2022-18.jpg","type":"image\/jpeg"}],"author":"Cope Alcoy","twitter_misc":{"Escrito por":"Cope Alcoy","Tiempo de lectura":"1 minuto"},"schema":{"@context":"https:\/\/schema.org","@graph":[{"@type":"Article","@id":"https:\/\/www.copealcoy.es\/es\/alcoy-recuerda-el-aniversario-de-la-fundacion-de-la-ciudad\/#article","isPartOf":{"@id":"https:\/\/www.copealcoy.es\/es\/alcoy-recuerda-el-aniversario-de-la-fundacion-de-la-ciudad\/"},"author":{"name":"Cope Alcoy","@id":"https:\/\/www.copealcoy.es\/es\/#\/schema\/person\/e777c87fa024e57d40170af9df39882c"},"headline":"Alcoy recuerda el aniversario de la fundaci\u00f3n de la ciudad","datePublished":"2022-03-17T15:47:47+00:00","dateModified":"2022-03-17T15:55:43+00:00","mainEntityOfPage":{"@id":"https:\/\/www.copealcoy.es\/es\/alcoy-recuerda-el-aniversario-de-la-fundacion-de-la-ciudad\/"},"wordCount":235,"commentCount":0,"image":{"@id":"https:\/\/www.copealcoy.es\/es\/alcoy-recuerda-el-aniversario-de-la-fundacion-de-la-ciudad\/#primaryimage"},"thumbnailUrl":"https:\/\/www.copealcoy.es\/wp-content\/uploads\/2022\/03\/Acte-17-de-marc-de-2022-18.jpg","keywords":["17 de marzo","Alcoy","aniversario","carta pobla","Fundaci\u00f3n Ciudad","Jaume I"],"articleSection":["Alcoy","Fiesta y Cultura","Noticias"],"inLanguage":"es"},{"@type":"WebPage","@id":"https:\/\/www.copealcoy.es\/es\/alcoy-recuerda-el-aniversario-de-la-fundacion-de-la-ciudad\/","url":"https:\/\/www.copealcoy.es\/es\/alcoy-recuerda-el-aniversario-de-la-fundacion-de-la-ciudad\/","name":"Alcoy recuerda el aniversario de la fundaci\u00f3n de la ciudad - COPE Alcoy","isPartOf":{"@id":"https:\/\/www.copealcoy.es\/es\/#website"},"primaryImageOfPage":{"@id":"https:\/\/www.copealcoy.es\/es\/alcoy-recuerda-el-aniversario-de-la-fundacion-de-la-ciudad\/#primaryimage"},"image":{"@id":"https:\/\/www.copealcoy.es\/es\/alcoy-recuerda-el-aniversario-de-la-fundacion-de-la-ciudad\/#primaryimage"},"thumbnailUrl":"https:\/\/www.copealcoy.es\/wp-content\/uploads\/2022\/03\/Acte-17-de-marc-de-2022-18.jpg","datePublished":"2022-03-17T15:47:47+00:00","dateModified":"2022-03-17T15:55:43+00:00","author":{"@id":"https:\/\/www.copealcoy.es\/es\/#\/schema\/person\/e777c87fa024e57d40170af9df39882c"},"breadcrumb":{"@id":"https:\/\/www.copealcoy.es\/es\/alcoy-recuerda-el-aniversario-de-la-fundacion-de-la-ciudad\/#breadcrumb"},"inLanguage":"es","potentialAction":[{"@type":"ReadAction","target":["https:\/\/www.copealcoy.es\/es\/alcoy-recuerda-el-aniversario-de-la-fundacion-de-la-ciudad\/"]}]},{"@type":"ImageObject","inLanguage":"es","@id":"https:\/\/www.copealcoy.es\/es\/alcoy-recuerda-el-aniversario-de-la-fundacion-de-la-ciudad\/#primaryimage","url":"https:\/\/www.copealcoy.es\/wp-content\/uploads\/2022\/03\/Acte-17-de-marc-de-2022-18.jpg","contentUrl":"https:\/\/www.copealcoy.es\/wp-content\/uploads\/2022\/03\/Acte-17-de-marc-de-2022-18.jpg","width":1620,"height":1080},{"@type":"BreadcrumbList","@id":"https:\/\/www.copealcoy.es\/es\/alcoy-recuerda-el-aniversario-de-la-fundacion-de-la-ciudad\/#breadcrumb","itemListElement":[{"@type":"ListItem","position":1,"name":"Portada","item":"https:\/\/www.copealcoy.es\/es\/"},{"@type":"ListItem","position":2,"name":"Alcoy recuerda el aniversario de la fundaci\u00f3n de la ciudad"}]},{"@type":"WebSite","@id":"https:\/\/www.copealcoy.es\/es\/#website","url":"https:\/\/www.copealcoy.es\/es\/","name":"COPE Alcoy","description":"Emisora COPE de radio local con emisi\u00f3n online. Pont de Sant Jordi 8-10 03803 Alcoy","potentialAction":[{"@type":"SearchAction","target":{"@type":"EntryPoint","urlTemplate":"https:\/\/www.copealcoy.es\/es\/?s={search_term_string}"},"query-input":{"@type":"PropertyValueSpecification","valueRequired":true,"valueName":"search_term_string"}}],"inLanguage":"es"},{"@type":"Person","@id":"https:\/\/www.copealcoy.es\/es\/#\/schema\/person\/e777c87fa024e57d40170af9df39882c","name":"Cope Alcoy","image":{"@type":"ImageObject","inLanguage":"es","@id":"https:\/\/secure.gravatar.com\/avatar\/bb65d0283347e303893ba14f0692005417c1e0e690a325a4c5d8bb2b3943ee14?s=96&d=mm&r=g","url":"https:\/\/secure.gravatar.com\/avatar\/bb65d0283347e303893ba14f0692005417c1e0e690a325a4c5d8bb2b3943ee14?s=96&d=mm&r=g","contentUrl":"https:\/\/secure.gravatar.com\/avatar\/bb65d0283347e303893ba14f0692005417c1e0e690a325a4c5d8bb2b3943ee14?s=96&d=mm&r=g","caption":"Cope Alcoy"}}]}},"_links":{"self":[{"href":"https:\/\/www.copealcoy.es\/es\/wp-json\/wp\/v2\/posts\/85096","targetHints":{"allow":["GET"]}}],"collection":[{"href":"https:\/\/www.copealcoy.es\/es\/wp-json\/wp\/v2\/posts"}],"about":[{"href":"https:\/\/www.copealcoy.es\/es\/wp-json\/wp\/v2\/types\/post"}],"author":[{"embeddable":true,"href":"https:\/\/www.copealcoy.es\/es\/wp-json\/wp\/v2\/users\/1"}],"replies":[{"embeddable":true,"href":"https:\/\/www.copealcoy.es\/es\/wp-json\/wp\/v2\/comments?post=85096"}],"version-history":[{"count":0,"href":"https:\/\/www.copealcoy.es\/es\/wp-json\/wp\/v2\/posts\/85096\/revisions"}],"wp:featuredmedia":[{"embeddable":true,"href":"https:\/\/www.copealcoy.es\/es\/wp-json\/wp\/v2\/media\/85097"}],"wp:attachment":[{"href":"https:\/\/www.copealcoy.es\/es\/wp-json\/wp\/v2\/media?parent=85096"}],"wp:term":[{"taxonomy":"category","embeddable":true,"href":"https:\/\/www.copealcoy.es\/es\/wp-json\/wp\/v2\/categories?post=85096"},{"taxonomy":"post_tag","embeddable":true,"href":"https:\/\/www.copealcoy.es\/es\/wp-json\/wp\/v2\/tags?post=85096"}],"curies":[{"name":"wp","href":"https:\/\/api.w.org\/{rel}","templated":true}]}}