{"id":85050,"date":"2022-03-16T15:36:38","date_gmt":"2022-03-16T14:36:38","guid":{"rendered":"https:\/\/www.copealcoy.es\/?p=85050"},"modified":"2022-03-16T16:01:41","modified_gmt":"2022-03-16T15:01:41","slug":"vanessa-molto-estamos-ante-el-presupuesto-mas-ambicioso-de-los-ultimos-anos","status":"publish","type":"post","link":"https:\/\/www.copealcoy.es\/es\/vanessa-molto-estamos-ante-el-presupuesto-mas-ambicioso-de-los-ultimos-anos\/","title":{"rendered":"Vanessa Molt\u00f3: &#8220;estamos ante el Presupuesto m\u00e1s ambicioso de los \u00faltimos a\u00f1os&#8221;"},"content":{"rendered":"<p style=\"text-align: justify;\">La <strong>tramitaci\u00f3n de los Presupuestos Municipales de Alcoy<\/strong> comenz\u00f3 el pasado lunes una vez <strong>aprobados los mismos<\/strong> en el pleno celebrado el pasado viernes. En esta ocasi\u00f3n l<strong>as cuentas rozan los 72&#8217;5 millones de euros<\/strong> y contemplan <strong>una importante inversi\u00f3n para ejecutar proyectos<\/strong> gracias a <strong>los Fondos Europeos Next Generation<\/strong> que ya han comenzado a llegar a nuestra ciudad &#8220;<em>estamos ante el presupuesto m\u00e1s alto y m\u00e1s ambicioso de la historia de nuestra ciudad. El incremento viene justificado por esos fondos de Europa que nos permitir\u00e1n desarrollar importantes proyectos que contribuir\u00e1n a la reactivaci\u00f3n econ\u00f3mica de Alcoy as\u00ed como a su transformaci\u00f3n y modernizaci\u00f3n<\/em>&#8220;, matiza la edil de Hacienda; <strong>Vanessa Molt\u00f3<\/strong>.<\/p>\n<p style=\"text-align: justify;\">La concejala ha pasado por COPE ALCOI <strong>tras la aprobaci\u00f3n de las cuentas<\/strong> y en la entrevista que ha mantenido en esta casa <strong>ha desgranado las principales l\u00edneas<\/strong> del Presupuesto para 2022:<\/p>\n<p><iframe loading=\"lazy\" title=\"Mediod\u00eda Cope Alcoy Martes 15 De Marzo De 2022 (13:50h)\" width=\"100%\" height=\"120\" src=\"https:\/\/www.mixcloud.com\/widget\/iframe\/?feed=https%3A%2F%2Fwww.mixcloud.com%2FCOPEAlcoy%2Fmediod%25C3%25ADa-cope-alcoy-martes-15-de-marzo-de-2022-1350h%2F&amp;hide_cover=1\" frameborder=\"0\"><\/iframe><\/p>\n","protected":false},"excerpt":{"rendered":"<p>La tramitaci\u00f3n de los Presupuestos Municipales de Alcoy comenz\u00f3 el pasado lunes una vez aprobados los mismos en el pleno&#8230;<\/p>\n","protected":false},"author":1,"featured_media":85053,"comment_status":"open","ping_status":"open","sticky":false,"template":"","format":"standard","meta":{"footnotes":""},"categories":[6909,75,79],"tags":[1494,11154,1572,2034],"class_list":["post-85050","post","type-post","status-publish","format-standard","has-post-thumbnail","hentry","category-actualidad","category-noticias","category-politicayeconomia","tag-alcoy","tag-fondos-europeos","tag-presupuestos-municipales","tag-vanessa-molto"],"yoast_head":"<!-- This site is optimized with the Yoast SEO plugin v27.3 - https:\/\/yoast.com\/product\/yoast-seo-wordpress\/ -->\n<title>Vanessa Molt\u00f3: &quot;estamos ante el Presupuesto m\u00e1s ambicioso de los \u00faltimos a\u00f1os&quot; - COPE Alcoy<\/title>\n<meta name=\"robots\" content=\"index, follow, max-snippet:-1, max-image-preview:large, max-video-preview:-1\" \/>\n<link rel=\"canonical\" href=\"https:\/\/www.copealcoy.es\/es\/vanessa-molto-estamos-ante-el-presupuesto-mas-ambicioso-de-los-ultimos-anos\/\" \/>\n<meta property=\"og:locale\" content=\"es_ES\" \/>\n<meta property=\"og:type\" content=\"article\" \/>\n<meta property=\"og:title\" content=\"Vanessa Molt\u00f3: &quot;estamos ante el Presupuesto m\u00e1s ambicioso de los \u00faltimos a\u00f1os&quot; - COPE Alcoy\" \/>\n<meta property=\"og:description\" content=\"La tramitaci\u00f3n de los Presupuestos Municipales de Alcoy comenz\u00f3 el pasado lunes una vez aprobados los mismos en el pleno...\" \/>\n<meta property=\"og:url\" content=\"https:\/\/www.copealcoy.es\/es\/vanessa-molto-estamos-ante-el-presupuesto-mas-ambicioso-de-los-ultimos-anos\/\" \/>\n<meta property=\"og:site_name\" content=\"COPE Alcoy\" \/>\n<meta property=\"article:published_time\" content=\"2022-03-16T14:36:38+00:00\" \/>\n<meta property=\"article:modified_time\" content=\"2022-03-16T15:01:41+00:00\" \/>\n<meta property=\"og:image\" content=\"https:\/\/www.copealcoy.es\/wp-content\/uploads\/2022\/03\/unnamed-14-scaled-e1647442280579.jpg\" \/>\n\t<meta property=\"og:image:width\" content=\"640\" \/>\n\t<meta property=\"og:image:height\" content=\"386\" \/>\n\t<meta property=\"og:image:type\" content=\"image\/jpeg\" \/>\n<meta name=\"author\" content=\"Cope Alcoy\" \/>\n<meta name=\"twitter:label1\" content=\"Escrito por\" \/>\n\t<meta name=\"twitter:data1\" content=\"Cope Alcoy\" \/>\n\t<meta name=\"twitter:label2\" content=\"Tiempo de lectura\" \/>\n\t<meta name=\"twitter:data2\" content=\"1 minuto\" \/>\n<script type=\"application\/ld+json\" class=\"yoast-schema-graph\">{\"@context\":\"https:\\\/\\\/schema.org\",\"@graph\":[{\"@type\":\"Article\",\"@id\":\"https:\\\/\\\/www.copealcoy.es\\\/es\\\/vanessa-molto-estamos-ante-el-presupuesto-mas-ambicioso-de-los-ultimos-anos\\\/#article\",\"isPartOf\":{\"@id\":\"https:\\\/\\\/www.copealcoy.es\\\/es\\\/vanessa-molto-estamos-ante-el-presupuesto-mas-ambicioso-de-los-ultimos-anos\\\/\"},\"author\":{\"name\":\"Cope Alcoy\",\"@id\":\"https:\\\/\\\/www.copealcoy.es\\\/es\\\/#\\\/schema\\\/person\\\/e777c87fa024e57d40170af9df39882c\"},\"headline\":\"Vanessa Molt\u00f3: &#8220;estamos ante el Presupuesto m\u00e1s ambicioso de los \u00faltimos a\u00f1os&#8221;\",\"datePublished\":\"2022-03-16T14:36:38+00:00\",\"dateModified\":\"2022-03-16T15:01:41+00:00\",\"mainEntityOfPage\":{\"@id\":\"https:\\\/\\\/www.copealcoy.es\\\/es\\\/vanessa-molto-estamos-ante-el-presupuesto-mas-ambicioso-de-los-ultimos-anos\\\/\"},\"wordCount\":178,\"commentCount\":0,\"image\":{\"@id\":\"https:\\\/\\\/www.copealcoy.es\\\/es\\\/vanessa-molto-estamos-ante-el-presupuesto-mas-ambicioso-de-los-ultimos-anos\\\/#primaryimage\"},\"thumbnailUrl\":\"https:\\\/\\\/www.copealcoy.es\\\/wp-content\\\/uploads\\\/2022\\\/03\\\/unnamed-14-scaled-e1647442280579.jpg\",\"keywords\":[\"Alcoy\",\"fondos europeos\",\"Presupuestos Municipales\",\"Vanessa Molt\u00f3\"],\"articleSection\":[\"Actualidad\",\"Noticias\",\"Pol\u00edtica y Econom\u00eda\"],\"inLanguage\":\"es\"},{\"@type\":\"WebPage\",\"@id\":\"https:\\\/\\\/www.copealcoy.es\\\/es\\\/vanessa-molto-estamos-ante-el-presupuesto-mas-ambicioso-de-los-ultimos-anos\\\/\",\"url\":\"https:\\\/\\\/www.copealcoy.es\\\/es\\\/vanessa-molto-estamos-ante-el-presupuesto-mas-ambicioso-de-los-ultimos-anos\\\/\",\"name\":\"Vanessa Molt\u00f3: \\\"estamos ante el Presupuesto m\u00e1s ambicioso de los \u00faltimos a\u00f1os\\\" - COPE Alcoy\",\"isPartOf\":{\"@id\":\"https:\\\/\\\/www.copealcoy.es\\\/es\\\/#website\"},\"primaryImageOfPage\":{\"@id\":\"https:\\\/\\\/www.copealcoy.es\\\/es\\\/vanessa-molto-estamos-ante-el-presupuesto-mas-ambicioso-de-los-ultimos-anos\\\/#primaryimage\"},\"image\":{\"@id\":\"https:\\\/\\\/www.copealcoy.es\\\/es\\\/vanessa-molto-estamos-ante-el-presupuesto-mas-ambicioso-de-los-ultimos-anos\\\/#primaryimage\"},\"thumbnailUrl\":\"https:\\\/\\\/www.copealcoy.es\\\/wp-content\\\/uploads\\\/2022\\\/03\\\/unnamed-14-scaled-e1647442280579.jpg\",\"datePublished\":\"2022-03-16T14:36:38+00:00\",\"dateModified\":\"2022-03-16T15:01:41+00:00\",\"author\":{\"@id\":\"https:\\\/\\\/www.copealcoy.es\\\/es\\\/#\\\/schema\\\/person\\\/e777c87fa024e57d40170af9df39882c\"},\"breadcrumb\":{\"@id\":\"https:\\\/\\\/www.copealcoy.es\\\/es\\\/vanessa-molto-estamos-ante-el-presupuesto-mas-ambicioso-de-los-ultimos-anos\\\/#breadcrumb\"},\"inLanguage\":\"es\",\"potentialAction\":[{\"@type\":\"ReadAction\",\"target\":[\"https:\\\/\\\/www.copealcoy.es\\\/es\\\/vanessa-molto-estamos-ante-el-presupuesto-mas-ambicioso-de-los-ultimos-anos\\\/\"]}]},{\"@type\":\"ImageObject\",\"inLanguage\":\"es\",\"@id\":\"https:\\\/\\\/www.copealcoy.es\\\/es\\\/vanessa-molto-estamos-ante-el-presupuesto-mas-ambicioso-de-los-ultimos-anos\\\/#primaryimage\",\"url\":\"https:\\\/\\\/www.copealcoy.es\\\/wp-content\\\/uploads\\\/2022\\\/03\\\/unnamed-14-scaled-e1647442280579.jpg\",\"contentUrl\":\"https:\\\/\\\/www.copealcoy.es\\\/wp-content\\\/uploads\\\/2022\\\/03\\\/unnamed-14-scaled-e1647442280579.jpg\",\"width\":640,\"height\":386},{\"@type\":\"BreadcrumbList\",\"@id\":\"https:\\\/\\\/www.copealcoy.es\\\/es\\\/vanessa-molto-estamos-ante-el-presupuesto-mas-ambicioso-de-los-ultimos-anos\\\/#breadcrumb\",\"itemListElement\":[{\"@type\":\"ListItem\",\"position\":1,\"name\":\"Portada\",\"item\":\"https:\\\/\\\/www.copealcoy.es\\\/es\\\/\"},{\"@type\":\"ListItem\",\"position\":2,\"name\":\"Vanessa Molt\u00f3: &#8220;estamos ante el Presupuesto m\u00e1s ambicioso de los \u00faltimos a\u00f1os&#8221;\"}]},{\"@type\":\"WebSite\",\"@id\":\"https:\\\/\\\/www.copealcoy.es\\\/es\\\/#website\",\"url\":\"https:\\\/\\\/www.copealcoy.es\\\/es\\\/\",\"name\":\"COPE Alcoy\",\"description\":\"Emisora COPE de radio local con emisi\u00f3n online. Pont de Sant Jordi 8-10 03803 Alcoy\",\"potentialAction\":[{\"@type\":\"SearchAction\",\"target\":{\"@type\":\"EntryPoint\",\"urlTemplate\":\"https:\\\/\\\/www.copealcoy.es\\\/es\\\/?s={search_term_string}\"},\"query-input\":{\"@type\":\"PropertyValueSpecification\",\"valueRequired\":true,\"valueName\":\"search_term_string\"}}],\"inLanguage\":\"es\"},{\"@type\":\"Person\",\"@id\":\"https:\\\/\\\/www.copealcoy.es\\\/es\\\/#\\\/schema\\\/person\\\/e777c87fa024e57d40170af9df39882c\",\"name\":\"Cope Alcoy\",\"image\":{\"@type\":\"ImageObject\",\"inLanguage\":\"es\",\"@id\":\"https:\\\/\\\/secure.gravatar.com\\\/avatar\\\/bb65d0283347e303893ba14f0692005417c1e0e690a325a4c5d8bb2b3943ee14?s=96&d=mm&r=g\",\"url\":\"https:\\\/\\\/secure.gravatar.com\\\/avatar\\\/bb65d0283347e303893ba14f0692005417c1e0e690a325a4c5d8bb2b3943ee14?s=96&d=mm&r=g\",\"contentUrl\":\"https:\\\/\\\/secure.gravatar.com\\\/avatar\\\/bb65d0283347e303893ba14f0692005417c1e0e690a325a4c5d8bb2b3943ee14?s=96&d=mm&r=g\",\"caption\":\"Cope Alcoy\"}}]}<\/script>\n<!-- \/ Yoast SEO plugin. -->","yoast_head_json":{"title":"Vanessa Molt\u00f3: \"estamos ante el Presupuesto m\u00e1s ambicioso de los \u00faltimos a\u00f1os\" - COPE Alcoy","robots":{"index":"index","follow":"follow","max-snippet":"max-snippet:-1","max-image-preview":"max-image-preview:large","max-video-preview":"max-video-preview:-1"},"canonical":"https:\/\/www.copealcoy.es\/es\/vanessa-molto-estamos-ante-el-presupuesto-mas-ambicioso-de-los-ultimos-anos\/","og_locale":"es_ES","og_type":"article","og_title":"Vanessa Molt\u00f3: \"estamos ante el Presupuesto m\u00e1s ambicioso de los \u00faltimos a\u00f1os\" - COPE Alcoy","og_description":"La tramitaci\u00f3n de los Presupuestos Municipales de Alcoy comenz\u00f3 el pasado lunes una vez aprobados los mismos en el pleno...","og_url":"https:\/\/www.copealcoy.es\/es\/vanessa-molto-estamos-ante-el-presupuesto-mas-ambicioso-de-los-ultimos-anos\/","og_site_name":"COPE Alcoy","article_published_time":"2022-03-16T14:36:38+00:00","article_modified_time":"2022-03-16T15:01:41+00:00","og_image":[{"width":640,"height":386,"url":"https:\/\/www.copealcoy.es\/wp-content\/uploads\/2022\/03\/unnamed-14-scaled-e1647442280579.jpg","type":"image\/jpeg"}],"author":"Cope Alcoy","twitter_misc":{"Escrito por":"Cope Alcoy","Tiempo de lectura":"1 minuto"},"schema":{"@context":"https:\/\/schema.org","@graph":[{"@type":"Article","@id":"https:\/\/www.copealcoy.es\/es\/vanessa-molto-estamos-ante-el-presupuesto-mas-ambicioso-de-los-ultimos-anos\/#article","isPartOf":{"@id":"https:\/\/www.copealcoy.es\/es\/vanessa-molto-estamos-ante-el-presupuesto-mas-ambicioso-de-los-ultimos-anos\/"},"author":{"name":"Cope Alcoy","@id":"https:\/\/www.copealcoy.es\/es\/#\/schema\/person\/e777c87fa024e57d40170af9df39882c"},"headline":"Vanessa Molt\u00f3: &#8220;estamos ante el Presupuesto m\u00e1s ambicioso de los \u00faltimos a\u00f1os&#8221;","datePublished":"2022-03-16T14:36:38+00:00","dateModified":"2022-03-16T15:01:41+00:00","mainEntityOfPage":{"@id":"https:\/\/www.copealcoy.es\/es\/vanessa-molto-estamos-ante-el-presupuesto-mas-ambicioso-de-los-ultimos-anos\/"},"wordCount":178,"commentCount":0,"image":{"@id":"https:\/\/www.copealcoy.es\/es\/vanessa-molto-estamos-ante-el-presupuesto-mas-ambicioso-de-los-ultimos-anos\/#primaryimage"},"thumbnailUrl":"https:\/\/www.copealcoy.es\/wp-content\/uploads\/2022\/03\/unnamed-14-scaled-e1647442280579.jpg","keywords":["Alcoy","fondos europeos","Presupuestos Municipales","Vanessa Molt\u00f3"],"articleSection":["Actualidad","Noticias","Pol\u00edtica y Econom\u00eda"],"inLanguage":"es"},{"@type":"WebPage","@id":"https:\/\/www.copealcoy.es\/es\/vanessa-molto-estamos-ante-el-presupuesto-mas-ambicioso-de-los-ultimos-anos\/","url":"https:\/\/www.copealcoy.es\/es\/vanessa-molto-estamos-ante-el-presupuesto-mas-ambicioso-de-los-ultimos-anos\/","name":"Vanessa Molt\u00f3: \"estamos ante el Presupuesto m\u00e1s ambicioso de los \u00faltimos a\u00f1os\" - COPE Alcoy","isPartOf":{"@id":"https:\/\/www.copealcoy.es\/es\/#website"},"primaryImageOfPage":{"@id":"https:\/\/www.copealcoy.es\/es\/vanessa-molto-estamos-ante-el-presupuesto-mas-ambicioso-de-los-ultimos-anos\/#primaryimage"},"image":{"@id":"https:\/\/www.copealcoy.es\/es\/vanessa-molto-estamos-ante-el-presupuesto-mas-ambicioso-de-los-ultimos-anos\/#primaryimage"},"thumbnailUrl":"https:\/\/www.copealcoy.es\/wp-content\/uploads\/2022\/03\/unnamed-14-scaled-e1647442280579.jpg","datePublished":"2022-03-16T14:36:38+00:00","dateModified":"2022-03-16T15:01:41+00:00","author":{"@id":"https:\/\/www.copealcoy.es\/es\/#\/schema\/person\/e777c87fa024e57d40170af9df39882c"},"breadcrumb":{"@id":"https:\/\/www.copealcoy.es\/es\/vanessa-molto-estamos-ante-el-presupuesto-mas-ambicioso-de-los-ultimos-anos\/#breadcrumb"},"inLanguage":"es","potentialAction":[{"@type":"ReadAction","target":["https:\/\/www.copealcoy.es\/es\/vanessa-molto-estamos-ante-el-presupuesto-mas-ambicioso-de-los-ultimos-anos\/"]}]},{"@type":"ImageObject","inLanguage":"es","@id":"https:\/\/www.copealcoy.es\/es\/vanessa-molto-estamos-ante-el-presupuesto-mas-ambicioso-de-los-ultimos-anos\/#primaryimage","url":"https:\/\/www.copealcoy.es\/wp-content\/uploads\/2022\/03\/unnamed-14-scaled-e1647442280579.jpg","contentUrl":"https:\/\/www.copealcoy.es\/wp-content\/uploads\/2022\/03\/unnamed-14-scaled-e1647442280579.jpg","width":640,"height":386},{"@type":"BreadcrumbList","@id":"https:\/\/www.copealcoy.es\/es\/vanessa-molto-estamos-ante-el-presupuesto-mas-ambicioso-de-los-ultimos-anos\/#breadcrumb","itemListElement":[{"@type":"ListItem","position":1,"name":"Portada","item":"https:\/\/www.copealcoy.es\/es\/"},{"@type":"ListItem","position":2,"name":"Vanessa Molt\u00f3: &#8220;estamos ante el Presupuesto m\u00e1s ambicioso de los \u00faltimos a\u00f1os&#8221;"}]},{"@type":"WebSite","@id":"https:\/\/www.copealcoy.es\/es\/#website","url":"https:\/\/www.copealcoy.es\/es\/","name":"COPE Alcoy","description":"Emisora COPE de radio local con emisi\u00f3n online. Pont de Sant Jordi 8-10 03803 Alcoy","potentialAction":[{"@type":"SearchAction","target":{"@type":"EntryPoint","urlTemplate":"https:\/\/www.copealcoy.es\/es\/?s={search_term_string}"},"query-input":{"@type":"PropertyValueSpecification","valueRequired":true,"valueName":"search_term_string"}}],"inLanguage":"es"},{"@type":"Person","@id":"https:\/\/www.copealcoy.es\/es\/#\/schema\/person\/e777c87fa024e57d40170af9df39882c","name":"Cope Alcoy","image":{"@type":"ImageObject","inLanguage":"es","@id":"https:\/\/secure.gravatar.com\/avatar\/bb65d0283347e303893ba14f0692005417c1e0e690a325a4c5d8bb2b3943ee14?s=96&d=mm&r=g","url":"https:\/\/secure.gravatar.com\/avatar\/bb65d0283347e303893ba14f0692005417c1e0e690a325a4c5d8bb2b3943ee14?s=96&d=mm&r=g","contentUrl":"https:\/\/secure.gravatar.com\/avatar\/bb65d0283347e303893ba14f0692005417c1e0e690a325a4c5d8bb2b3943ee14?s=96&d=mm&r=g","caption":"Cope Alcoy"}}]}},"_links":{"self":[{"href":"https:\/\/www.copealcoy.es\/es\/wp-json\/wp\/v2\/posts\/85050","targetHints":{"allow":["GET"]}}],"collection":[{"href":"https:\/\/www.copealcoy.es\/es\/wp-json\/wp\/v2\/posts"}],"about":[{"href":"https:\/\/www.copealcoy.es\/es\/wp-json\/wp\/v2\/types\/post"}],"author":[{"embeddable":true,"href":"https:\/\/www.copealcoy.es\/es\/wp-json\/wp\/v2\/users\/1"}],"replies":[{"embeddable":true,"href":"https:\/\/www.copealcoy.es\/es\/wp-json\/wp\/v2\/comments?post=85050"}],"version-history":[{"count":0,"href":"https:\/\/www.copealcoy.es\/es\/wp-json\/wp\/v2\/posts\/85050\/revisions"}],"wp:featuredmedia":[{"embeddable":true,"href":"https:\/\/www.copealcoy.es\/es\/wp-json\/wp\/v2\/media\/85053"}],"wp:attachment":[{"href":"https:\/\/www.copealcoy.es\/es\/wp-json\/wp\/v2\/media?parent=85050"}],"wp:term":[{"taxonomy":"category","embeddable":true,"href":"https:\/\/www.copealcoy.es\/es\/wp-json\/wp\/v2\/categories?post=85050"},{"taxonomy":"post_tag","embeddable":true,"href":"https:\/\/www.copealcoy.es\/es\/wp-json\/wp\/v2\/tags?post=85050"}],"curies":[{"name":"wp","href":"https:\/\/api.w.org\/{rel}","templated":true}]}}