{"id":85045,"date":"2022-03-16T15:12:39","date_gmt":"2022-03-16T14:12:39","guid":{"rendered":"https:\/\/www.copealcoy.es\/?p=85045"},"modified":"2022-03-16T15:28:41","modified_gmt":"2022-03-16T14:28:41","slug":"castalla-registra-una-defuncio-per-coronavirus","status":"publish","type":"post","link":"https:\/\/www.copealcoy.es\/es\/castalla-registra-una-defuncio-per-coronavirus\/","title":{"rendered":"Castalla registra una defunci\u00f3 per Coronavirus"},"content":{"rendered":"<p style=\"text-align: justify;\">La <strong>Conselleria de Sanitat<\/strong> ha actualitzat aquest mat\u00ed <strong>les dades sobre l&#8217;evoluci\u00f3 de la pand\u00e8mia del Coronavirus<\/strong> a les nostres comarques. Avui <strong>el Departament de Salut d&#8217;Alcoi ha sumat 146 positius m\u00e9s<\/strong> mentre que la incid\u00e8ncia acumulada arriba als 3<strong>30 contagis per cada 100.000 habitants<\/strong>. Tamb\u00e9 lamentem <strong>una nova defunci\u00f3 notificada a Castalla<\/strong>, un fet que deixa <strong>el total de decessos en els 456<\/strong>.<\/p>\n<p style=\"text-align: justify;\">En aquesta ocasi\u00f3 sumen positius <strong>Alcoi<\/strong> (49), <strong>Ibi<\/strong> (29), <strong>Banyeres de Mariola<\/strong> (21), <strong>Cocentaina<\/strong> (14), <strong>Onil<\/strong> (12), <strong>Muro<\/strong> (6) i <strong>Castalla<\/strong> (5). A les <strong>xicotetes localitats<\/strong> del Comtat i de l&#8217;Alcoi\u00e0 tamb\u00e9 sumen positius i per exemple hi ha 3 m\u00e9s\u00a0a pobles com <strong>Alfafara i Benimarfull<\/strong>, 2 a <strong>l&#8217;Orxa<\/strong> i 1, respectivament; a <strong>Beniarr\u00e9s, Benilloba i Pen\u00e0guila<\/strong>. El <strong>total de positius<\/strong> arriba als <strong>39.490<\/strong> i en aquests moments tenim <strong>452 contagis actius<\/strong>.<\/p>\n<p style=\"text-align: justify;\">Finalment a <strong>l&#8217;Hospital Verge\u00a0<span class=\"hiddenGrammarError\">dels Lliris<\/span><\/strong>\u00a0han muntat els ingressos per Coronavirus. Aquest dimecres, segons la informaci\u00f3 facilitada, <strong>s\u00f3n 6 els malalts en planta i afortunadament no hi ha cap a l&#8217;UCI<\/strong>.<\/p>\n","protected":false},"excerpt":{"rendered":"<p>La Conselleria de Sanitat ha actualitzat aquest mat\u00ed les dades sobre l&#8217;evoluci\u00f3 de la pand\u00e8mia del Coronavirus a les nostres&#8230;<\/p>\n","protected":false},"author":1,"featured_media":77786,"comment_status":"open","ping_status":"open","sticky":false,"template":"","format":"standard","meta":{"footnotes":""},"categories":[6909,75,125],"tags":[1619,7281,10050,7477],"class_list":["post-85045","post","type-post","status-publish","format-standard","has-post-thumbnail","hentry","category-actualidad","category-noticias","category-portada","tag-castalla","tag-coronavirus","tag-crisis-sanitaria","tag-pandemia"],"yoast_head":"<!-- This site is optimized with the Yoast SEO plugin v27.3 - https:\/\/yoast.com\/product\/yoast-seo-wordpress\/ -->\n<title>Castalla registra una defunci\u00f3 per Coronavirus - COPE Alcoy<\/title>\n<meta name=\"robots\" content=\"index, follow, max-snippet:-1, max-image-preview:large, max-video-preview:-1\" \/>\n<link rel=\"canonical\" href=\"https:\/\/www.copealcoy.es\/es\/castalla-registra-una-defuncio-per-coronavirus\/\" \/>\n<meta property=\"og:locale\" content=\"es_ES\" \/>\n<meta property=\"og:type\" content=\"article\" \/>\n<meta property=\"og:title\" content=\"Castalla registra una defunci\u00f3 per Coronavirus - COPE Alcoy\" \/>\n<meta property=\"og:description\" content=\"La Conselleria de Sanitat ha actualitzat aquest mat\u00ed les dades sobre l&#8217;evoluci\u00f3 de la pand\u00e8mia del Coronavirus a les nostres...\" \/>\n<meta property=\"og:url\" content=\"https:\/\/www.copealcoy.es\/es\/castalla-registra-una-defuncio-per-coronavirus\/\" \/>\n<meta property=\"og:site_name\" content=\"COPE Alcoy\" \/>\n<meta property=\"article:published_time\" content=\"2022-03-16T14:12:39+00:00\" \/>\n<meta property=\"article:modified_time\" content=\"2022-03-16T14:28:41+00:00\" \/>\n<meta property=\"og:image\" content=\"https:\/\/www.copealcoy.es\/wp-content\/uploads\/2021\/09\/unnamed-8.jpg\" \/>\n\t<meta property=\"og:image:width\" content=\"512\" \/>\n\t<meta property=\"og:image:height\" content=\"269\" \/>\n\t<meta property=\"og:image:type\" content=\"image\/jpeg\" \/>\n<meta name=\"author\" content=\"Cope Alcoy\" \/>\n<meta name=\"twitter:label1\" content=\"Escrito por\" \/>\n\t<meta name=\"twitter:data1\" content=\"Cope Alcoy\" \/>\n\t<meta name=\"twitter:label2\" content=\"Tiempo de lectura\" \/>\n\t<meta name=\"twitter:data2\" content=\"1 minuto\" \/>\n<script type=\"application\/ld+json\" class=\"yoast-schema-graph\">{\"@context\":\"https:\\\/\\\/schema.org\",\"@graph\":[{\"@type\":\"Article\",\"@id\":\"https:\\\/\\\/www.copealcoy.es\\\/es\\\/castalla-registra-una-defuncio-per-coronavirus\\\/#article\",\"isPartOf\":{\"@id\":\"https:\\\/\\\/www.copealcoy.es\\\/es\\\/castalla-registra-una-defuncio-per-coronavirus\\\/\"},\"author\":{\"name\":\"Cope Alcoy\",\"@id\":\"https:\\\/\\\/www.copealcoy.es\\\/es\\\/#\\\/schema\\\/person\\\/e777c87fa024e57d40170af9df39882c\"},\"headline\":\"Castalla registra una defunci\u00f3 per Coronavirus\",\"datePublished\":\"2022-03-16T14:12:39+00:00\",\"dateModified\":\"2022-03-16T14:28:41+00:00\",\"mainEntityOfPage\":{\"@id\":\"https:\\\/\\\/www.copealcoy.es\\\/es\\\/castalla-registra-una-defuncio-per-coronavirus\\\/\"},\"wordCount\":171,\"commentCount\":0,\"image\":{\"@id\":\"https:\\\/\\\/www.copealcoy.es\\\/es\\\/castalla-registra-una-defuncio-per-coronavirus\\\/#primaryimage\"},\"thumbnailUrl\":\"https:\\\/\\\/www.copealcoy.es\\\/wp-content\\\/uploads\\\/2021\\\/09\\\/unnamed-8.jpg\",\"keywords\":[\"Castalla\",\"Coronavirus\",\"crisis sanitaria\",\"pandemia\"],\"articleSection\":[\"Actualidad\",\"Noticias\",\"Portada\"],\"inLanguage\":\"es\"},{\"@type\":\"WebPage\",\"@id\":\"https:\\\/\\\/www.copealcoy.es\\\/es\\\/castalla-registra-una-defuncio-per-coronavirus\\\/\",\"url\":\"https:\\\/\\\/www.copealcoy.es\\\/es\\\/castalla-registra-una-defuncio-per-coronavirus\\\/\",\"name\":\"Castalla registra una defunci\u00f3 per Coronavirus - COPE Alcoy\",\"isPartOf\":{\"@id\":\"https:\\\/\\\/www.copealcoy.es\\\/es\\\/#website\"},\"primaryImageOfPage\":{\"@id\":\"https:\\\/\\\/www.copealcoy.es\\\/es\\\/castalla-registra-una-defuncio-per-coronavirus\\\/#primaryimage\"},\"image\":{\"@id\":\"https:\\\/\\\/www.copealcoy.es\\\/es\\\/castalla-registra-una-defuncio-per-coronavirus\\\/#primaryimage\"},\"thumbnailUrl\":\"https:\\\/\\\/www.copealcoy.es\\\/wp-content\\\/uploads\\\/2021\\\/09\\\/unnamed-8.jpg\",\"datePublished\":\"2022-03-16T14:12:39+00:00\",\"dateModified\":\"2022-03-16T14:28:41+00:00\",\"author\":{\"@id\":\"https:\\\/\\\/www.copealcoy.es\\\/es\\\/#\\\/schema\\\/person\\\/e777c87fa024e57d40170af9df39882c\"},\"breadcrumb\":{\"@id\":\"https:\\\/\\\/www.copealcoy.es\\\/es\\\/castalla-registra-una-defuncio-per-coronavirus\\\/#breadcrumb\"},\"inLanguage\":\"es\",\"potentialAction\":[{\"@type\":\"ReadAction\",\"target\":[\"https:\\\/\\\/www.copealcoy.es\\\/es\\\/castalla-registra-una-defuncio-per-coronavirus\\\/\"]}]},{\"@type\":\"ImageObject\",\"inLanguage\":\"es\",\"@id\":\"https:\\\/\\\/www.copealcoy.es\\\/es\\\/castalla-registra-una-defuncio-per-coronavirus\\\/#primaryimage\",\"url\":\"https:\\\/\\\/www.copealcoy.es\\\/wp-content\\\/uploads\\\/2021\\\/09\\\/unnamed-8.jpg\",\"contentUrl\":\"https:\\\/\\\/www.copealcoy.es\\\/wp-content\\\/uploads\\\/2021\\\/09\\\/unnamed-8.jpg\",\"width\":512,\"height\":269},{\"@type\":\"BreadcrumbList\",\"@id\":\"https:\\\/\\\/www.copealcoy.es\\\/es\\\/castalla-registra-una-defuncio-per-coronavirus\\\/#breadcrumb\",\"itemListElement\":[{\"@type\":\"ListItem\",\"position\":1,\"name\":\"Portada\",\"item\":\"https:\\\/\\\/www.copealcoy.es\\\/es\\\/\"},{\"@type\":\"ListItem\",\"position\":2,\"name\":\"Castalla registra una defunci\u00f3 per Coronavirus\"}]},{\"@type\":\"WebSite\",\"@id\":\"https:\\\/\\\/www.copealcoy.es\\\/es\\\/#website\",\"url\":\"https:\\\/\\\/www.copealcoy.es\\\/es\\\/\",\"name\":\"COPE Alcoy\",\"description\":\"Emisora COPE de radio local con emisi\u00f3n online. Pont de Sant Jordi 8-10 03803 Alcoy\",\"potentialAction\":[{\"@type\":\"SearchAction\",\"target\":{\"@type\":\"EntryPoint\",\"urlTemplate\":\"https:\\\/\\\/www.copealcoy.es\\\/es\\\/?s={search_term_string}\"},\"query-input\":{\"@type\":\"PropertyValueSpecification\",\"valueRequired\":true,\"valueName\":\"search_term_string\"}}],\"inLanguage\":\"es\"},{\"@type\":\"Person\",\"@id\":\"https:\\\/\\\/www.copealcoy.es\\\/es\\\/#\\\/schema\\\/person\\\/e777c87fa024e57d40170af9df39882c\",\"name\":\"Cope Alcoy\",\"image\":{\"@type\":\"ImageObject\",\"inLanguage\":\"es\",\"@id\":\"https:\\\/\\\/secure.gravatar.com\\\/avatar\\\/bb65d0283347e303893ba14f0692005417c1e0e690a325a4c5d8bb2b3943ee14?s=96&d=mm&r=g\",\"url\":\"https:\\\/\\\/secure.gravatar.com\\\/avatar\\\/bb65d0283347e303893ba14f0692005417c1e0e690a325a4c5d8bb2b3943ee14?s=96&d=mm&r=g\",\"contentUrl\":\"https:\\\/\\\/secure.gravatar.com\\\/avatar\\\/bb65d0283347e303893ba14f0692005417c1e0e690a325a4c5d8bb2b3943ee14?s=96&d=mm&r=g\",\"caption\":\"Cope Alcoy\"}}]}<\/script>\n<!-- \/ Yoast SEO plugin. -->","yoast_head_json":{"title":"Castalla registra una defunci\u00f3 per Coronavirus - COPE Alcoy","robots":{"index":"index","follow":"follow","max-snippet":"max-snippet:-1","max-image-preview":"max-image-preview:large","max-video-preview":"max-video-preview:-1"},"canonical":"https:\/\/www.copealcoy.es\/es\/castalla-registra-una-defuncio-per-coronavirus\/","og_locale":"es_ES","og_type":"article","og_title":"Castalla registra una defunci\u00f3 per Coronavirus - COPE Alcoy","og_description":"La Conselleria de Sanitat ha actualitzat aquest mat\u00ed les dades sobre l&#8217;evoluci\u00f3 de la pand\u00e8mia del Coronavirus a les nostres...","og_url":"https:\/\/www.copealcoy.es\/es\/castalla-registra-una-defuncio-per-coronavirus\/","og_site_name":"COPE Alcoy","article_published_time":"2022-03-16T14:12:39+00:00","article_modified_time":"2022-03-16T14:28:41+00:00","og_image":[{"width":512,"height":269,"url":"https:\/\/www.copealcoy.es\/wp-content\/uploads\/2021\/09\/unnamed-8.jpg","type":"image\/jpeg"}],"author":"Cope Alcoy","twitter_misc":{"Escrito por":"Cope Alcoy","Tiempo de lectura":"1 minuto"},"schema":{"@context":"https:\/\/schema.org","@graph":[{"@type":"Article","@id":"https:\/\/www.copealcoy.es\/es\/castalla-registra-una-defuncio-per-coronavirus\/#article","isPartOf":{"@id":"https:\/\/www.copealcoy.es\/es\/castalla-registra-una-defuncio-per-coronavirus\/"},"author":{"name":"Cope Alcoy","@id":"https:\/\/www.copealcoy.es\/es\/#\/schema\/person\/e777c87fa024e57d40170af9df39882c"},"headline":"Castalla registra una defunci\u00f3 per Coronavirus","datePublished":"2022-03-16T14:12:39+00:00","dateModified":"2022-03-16T14:28:41+00:00","mainEntityOfPage":{"@id":"https:\/\/www.copealcoy.es\/es\/castalla-registra-una-defuncio-per-coronavirus\/"},"wordCount":171,"commentCount":0,"image":{"@id":"https:\/\/www.copealcoy.es\/es\/castalla-registra-una-defuncio-per-coronavirus\/#primaryimage"},"thumbnailUrl":"https:\/\/www.copealcoy.es\/wp-content\/uploads\/2021\/09\/unnamed-8.jpg","keywords":["Castalla","Coronavirus","crisis sanitaria","pandemia"],"articleSection":["Actualidad","Noticias","Portada"],"inLanguage":"es"},{"@type":"WebPage","@id":"https:\/\/www.copealcoy.es\/es\/castalla-registra-una-defuncio-per-coronavirus\/","url":"https:\/\/www.copealcoy.es\/es\/castalla-registra-una-defuncio-per-coronavirus\/","name":"Castalla registra una defunci\u00f3 per Coronavirus - COPE Alcoy","isPartOf":{"@id":"https:\/\/www.copealcoy.es\/es\/#website"},"primaryImageOfPage":{"@id":"https:\/\/www.copealcoy.es\/es\/castalla-registra-una-defuncio-per-coronavirus\/#primaryimage"},"image":{"@id":"https:\/\/www.copealcoy.es\/es\/castalla-registra-una-defuncio-per-coronavirus\/#primaryimage"},"thumbnailUrl":"https:\/\/www.copealcoy.es\/wp-content\/uploads\/2021\/09\/unnamed-8.jpg","datePublished":"2022-03-16T14:12:39+00:00","dateModified":"2022-03-16T14:28:41+00:00","author":{"@id":"https:\/\/www.copealcoy.es\/es\/#\/schema\/person\/e777c87fa024e57d40170af9df39882c"},"breadcrumb":{"@id":"https:\/\/www.copealcoy.es\/es\/castalla-registra-una-defuncio-per-coronavirus\/#breadcrumb"},"inLanguage":"es","potentialAction":[{"@type":"ReadAction","target":["https:\/\/www.copealcoy.es\/es\/castalla-registra-una-defuncio-per-coronavirus\/"]}]},{"@type":"ImageObject","inLanguage":"es","@id":"https:\/\/www.copealcoy.es\/es\/castalla-registra-una-defuncio-per-coronavirus\/#primaryimage","url":"https:\/\/www.copealcoy.es\/wp-content\/uploads\/2021\/09\/unnamed-8.jpg","contentUrl":"https:\/\/www.copealcoy.es\/wp-content\/uploads\/2021\/09\/unnamed-8.jpg","width":512,"height":269},{"@type":"BreadcrumbList","@id":"https:\/\/www.copealcoy.es\/es\/castalla-registra-una-defuncio-per-coronavirus\/#breadcrumb","itemListElement":[{"@type":"ListItem","position":1,"name":"Portada","item":"https:\/\/www.copealcoy.es\/es\/"},{"@type":"ListItem","position":2,"name":"Castalla registra una defunci\u00f3 per Coronavirus"}]},{"@type":"WebSite","@id":"https:\/\/www.copealcoy.es\/es\/#website","url":"https:\/\/www.copealcoy.es\/es\/","name":"COPE Alcoy","description":"Emisora COPE de radio local con emisi\u00f3n online. Pont de Sant Jordi 8-10 03803 Alcoy","potentialAction":[{"@type":"SearchAction","target":{"@type":"EntryPoint","urlTemplate":"https:\/\/www.copealcoy.es\/es\/?s={search_term_string}"},"query-input":{"@type":"PropertyValueSpecification","valueRequired":true,"valueName":"search_term_string"}}],"inLanguage":"es"},{"@type":"Person","@id":"https:\/\/www.copealcoy.es\/es\/#\/schema\/person\/e777c87fa024e57d40170af9df39882c","name":"Cope Alcoy","image":{"@type":"ImageObject","inLanguage":"es","@id":"https:\/\/secure.gravatar.com\/avatar\/bb65d0283347e303893ba14f0692005417c1e0e690a325a4c5d8bb2b3943ee14?s=96&d=mm&r=g","url":"https:\/\/secure.gravatar.com\/avatar\/bb65d0283347e303893ba14f0692005417c1e0e690a325a4c5d8bb2b3943ee14?s=96&d=mm&r=g","contentUrl":"https:\/\/secure.gravatar.com\/avatar\/bb65d0283347e303893ba14f0692005417c1e0e690a325a4c5d8bb2b3943ee14?s=96&d=mm&r=g","caption":"Cope Alcoy"}}]}},"_links":{"self":[{"href":"https:\/\/www.copealcoy.es\/es\/wp-json\/wp\/v2\/posts\/85045","targetHints":{"allow":["GET"]}}],"collection":[{"href":"https:\/\/www.copealcoy.es\/es\/wp-json\/wp\/v2\/posts"}],"about":[{"href":"https:\/\/www.copealcoy.es\/es\/wp-json\/wp\/v2\/types\/post"}],"author":[{"embeddable":true,"href":"https:\/\/www.copealcoy.es\/es\/wp-json\/wp\/v2\/users\/1"}],"replies":[{"embeddable":true,"href":"https:\/\/www.copealcoy.es\/es\/wp-json\/wp\/v2\/comments?post=85045"}],"version-history":[{"count":0,"href":"https:\/\/www.copealcoy.es\/es\/wp-json\/wp\/v2\/posts\/85045\/revisions"}],"wp:featuredmedia":[{"embeddable":true,"href":"https:\/\/www.copealcoy.es\/es\/wp-json\/wp\/v2\/media\/77786"}],"wp:attachment":[{"href":"https:\/\/www.copealcoy.es\/es\/wp-json\/wp\/v2\/media?parent=85045"}],"wp:term":[{"taxonomy":"category","embeddable":true,"href":"https:\/\/www.copealcoy.es\/es\/wp-json\/wp\/v2\/categories?post=85045"},{"taxonomy":"post_tag","embeddable":true,"href":"https:\/\/www.copealcoy.es\/es\/wp-json\/wp\/v2\/tags?post=85045"}],"curies":[{"name":"wp","href":"https:\/\/api.w.org\/{rel}","templated":true}]}}