{"id":84985,"date":"2022-03-15T16:43:38","date_gmt":"2022-03-15T15:43:38","guid":{"rendered":"https:\/\/www.copealcoy.es\/?p=84985"},"modified":"2022-03-15T16:48:04","modified_gmt":"2022-03-15T15:48:04","slug":"juan-roig-asegura-que-no-habra-problemas-de-desabastecimiento-a-pesar-de-la-guerra-en-ucrania","status":"publish","type":"post","link":"https:\/\/www.copealcoy.es\/es\/juan-roig-asegura-que-no-habra-problemas-de-desabastecimiento-a-pesar-de-la-guerra-en-ucrania\/","title":{"rendered":"Juan Roig asegura que no habr\u00e1 problemas de desabastecimiento a pesar de la guerra en Ucrania"},"content":{"rendered":"<p style=\"text-align: justify;\">El Presidente de Mercadona, <strong>Juan Roig<\/strong>, ha negado que <strong>se pueda producir cualquier problema de desabastecimiento<\/strong> en los supermercados por culpa de <strong>la guerra en Ucrania<\/strong>. Durante su intervenci\u00f3n, <strong>Roig ha condenado la invasi\u00f3n rusa<\/strong> ya que en 2022 <em>&#8220;se pueden solucionar las cosas de otra forma<\/em>&#8220;, ha mostrado su &#8220;<em>solidaridad&#8221;<\/em> con el pueblo ucraniano y con su &#8220;<em>gran presidente<\/em>&#8220;, Volod\u00edmir Zelenski, que est\u00e1 &#8220;<em>dando la cara jug\u00e1ndose la vida con compatriotas suyos<\/em>&#8220;.<\/p>\n<p style=\"text-align: justify;\">Igualmente, ha remarcado que l<strong>a cadena agroalimentaria espa\u00f1ola y portuguesa<\/strong> &#8220;<em>es muy fuerte<\/em>&#8221; y <em>&#8220;problemas de falta de productos no va a haber&#8221;<\/em>. &#8220;<em>No hay problemas de desabastecimiento<\/em>&#8220;, ha remarcado, y ha recordado el &#8220;<em>gran consumo<\/em>&#8221; de papel higi\u00e9nico durante la pandemia.<\/p>\n<p style=\"text-align: justify;\">Para Roig,<strong>\u00a0el problema del aceite de girasol, de oliva o de harina <\/strong><em>&#8220;es acaparamiento, no es otra cosa&#8221;.<\/em>&#8220;<em>Tenemos mercanc\u00eda m\u00e1s que suficiente<\/em>&#8220;, ha remarcado, pero ha pedido que <em>&#8220;el cliente no haga acopio<\/em>&#8221; y ha criticado a los &#8220;<em>especuladores<\/em>&#8220;.<\/p>\n<p style=\"text-align: justify;\">El presidente de Mercadona ha reconocido que sab\u00eda que <strong>2021 iba a ser un a\u00f1o muy complicado<\/strong> por la pandemia y la crisis econ\u00f3mica, pero cree &#8220;<em>que hemos encontrado el camino<\/em>&#8220;. &#8220;<em>La gesti\u00f3n del Covid ya la hab\u00edamos aprendido en 2020 y nos conoc\u00edamos los confinamientos y las restricciones de movilidad&#8221;<\/em>. Aunque ha reconocido que<strong>\u00a0la ola provocada por \u00f3micron en diciembre y enero les pill\u00f3 por sorpresa:<\/strong>\u00a05.000 trabajadores se contagiaron en la misma, un 5% de la plantilla.<\/p>\n<p style=\"text-align: justify;\">Roig ha recordado <strong>el dif\u00edcil contexto econ\u00f3mico que vive Espa\u00f1a y que afecta tambi\u00e9n a Mercadona:<\/strong> \u201c<em>En 2021, el coste de las materias primas ha subido un 28%. Y en el transporte, nos hemos gastado 65 millones m\u00e1s por la subida del gasoil<\/em>\u201d.<\/p>\n<p style=\"text-align: justify;\">Por eso, <strong>ha pedido soluciones a los que gobiernan<\/strong>: \u201c<em>Que no nos den subvenciones, que baje el IVA. \u00bfC\u00f3mo se baja? Pues no lo s\u00e9. Nosotros s\u00ed que sabemos hacerlo en Mercadona. El precio de la energ\u00eda, la f\u00f3rmula hay que cambiarla ya. Cuando vienen mal dadas\u2026 pues cambiemos la f\u00f3rmula. \u00bfQu\u00e9 la tienen que cambiar en Bruselas? Pues que la cambien ma\u00f1ana<\/em>&#8220;<\/p>\n<aside class=\"add add-300 centeradv\">\n<div id=\"Left4\" data-google-query-id=\"COXV9-m5yPYCFU6AUQodzQYBWw\">\n<div id=\"google_ads_iframe_\/21692685822\/cope\/left4_0__container__\">\n<div class=\"tg--slot tg--slot-1\" style=\"text-align: justify;\">A pesar del dif\u00edcil contexto econ\u00f3mico,<strong> Mercadona sigue apostando por aumentar su plantilla:<\/strong> <em>&#8220;Hemos creado 1.000 puestos de trabajo. Y el orgullo de los 96.000 empleados, pues nos lo est\u00e1n demostrando\u201d.<\/em><\/div>\n<\/div>\n<\/div>\n<\/aside>\n","protected":false},"excerpt":{"rendered":"<p>El Presidente de Mercadona, Juan Roig, ha negado que se pueda producir cualquier problema de desabastecimiento en los supermercados por&#8230;<\/p>\n","protected":false},"author":1,"featured_media":84986,"comment_status":"open","ping_status":"open","sticky":false,"template":"","format":"standard","meta":{"footnotes":""},"categories":[6909,75,79],"tags":[7296,639,12471,12535,12536,12466],"class_list":["post-84985","post","type-post","status-publish","format-standard","has-post-thumbnail","hentry","category-actualidad","category-noticias","category-politicayeconomia","tag-abastecimiento","tag-comunidad-valenciana","tag-guerra","tag-juan-roig","tag-mercadona","tag-ucrania"],"yoast_head":"<!-- This site is optimized with the Yoast SEO plugin v27.3 - https:\/\/yoast.com\/product\/yoast-seo-wordpress\/ -->\n<title>Juan Roig asegura que no habr\u00e1 problemas de desabastecimiento a pesar de la guerra en Ucrania - COPE Alcoy<\/title>\n<meta name=\"robots\" content=\"index, follow, max-snippet:-1, max-image-preview:large, max-video-preview:-1\" \/>\n<link rel=\"canonical\" href=\"https:\/\/www.copealcoy.es\/es\/juan-roig-asegura-que-no-habra-problemas-de-desabastecimiento-a-pesar-de-la-guerra-en-ucrania\/\" \/>\n<meta property=\"og:locale\" content=\"es_ES\" \/>\n<meta property=\"og:type\" content=\"article\" \/>\n<meta property=\"og:title\" content=\"Juan Roig asegura que no habr\u00e1 problemas de desabastecimiento a pesar de la guerra en Ucrania - COPE Alcoy\" \/>\n<meta property=\"og:description\" content=\"El Presidente de Mercadona, Juan Roig, ha negado que se pueda producir cualquier problema de desabastecimiento en los supermercados por...\" \/>\n<meta property=\"og:url\" content=\"https:\/\/www.copealcoy.es\/es\/juan-roig-asegura-que-no-habra-problemas-de-desabastecimiento-a-pesar-de-la-guerra-en-ucrania\/\" \/>\n<meta property=\"og:site_name\" content=\"COPE Alcoy\" \/>\n<meta property=\"article:published_time\" content=\"2022-03-15T15:43:38+00:00\" \/>\n<meta property=\"article:modified_time\" content=\"2022-03-15T15:48:04+00:00\" \/>\n<meta property=\"og:image\" content=\"https:\/\/www.copealcoy.es\/wp-content\/uploads\/2022\/03\/1647345992301.jpg\" \/>\n\t<meta property=\"og:image:width\" content=\"976\" \/>\n\t<meta property=\"og:image:height\" content=\"651\" \/>\n\t<meta property=\"og:image:type\" content=\"image\/jpeg\" \/>\n<meta name=\"author\" content=\"Cope Alcoy\" \/>\n<meta name=\"twitter:label1\" content=\"Escrito por\" \/>\n\t<meta name=\"twitter:data1\" content=\"Cope Alcoy\" \/>\n\t<meta name=\"twitter:label2\" content=\"Tiempo de lectura\" \/>\n\t<meta name=\"twitter:data2\" content=\"2 minutos\" \/>\n<script type=\"application\/ld+json\" class=\"yoast-schema-graph\">{\"@context\":\"https:\\\/\\\/schema.org\",\"@graph\":[{\"@type\":\"Article\",\"@id\":\"https:\\\/\\\/www.copealcoy.es\\\/es\\\/juan-roig-asegura-que-no-habra-problemas-de-desabastecimiento-a-pesar-de-la-guerra-en-ucrania\\\/#article\",\"isPartOf\":{\"@id\":\"https:\\\/\\\/www.copealcoy.es\\\/es\\\/juan-roig-asegura-que-no-habra-problemas-de-desabastecimiento-a-pesar-de-la-guerra-en-ucrania\\\/\"},\"author\":{\"name\":\"Cope Alcoy\",\"@id\":\"https:\\\/\\\/www.copealcoy.es\\\/es\\\/#\\\/schema\\\/person\\\/e777c87fa024e57d40170af9df39882c\"},\"headline\":\"Juan Roig asegura que no habr\u00e1 problemas de desabastecimiento a pesar de la guerra en Ucrania\",\"datePublished\":\"2022-03-15T15:43:38+00:00\",\"dateModified\":\"2022-03-15T15:48:04+00:00\",\"mainEntityOfPage\":{\"@id\":\"https:\\\/\\\/www.copealcoy.es\\\/es\\\/juan-roig-asegura-que-no-habra-problemas-de-desabastecimiento-a-pesar-de-la-guerra-en-ucrania\\\/\"},\"wordCount\":406,\"commentCount\":0,\"image\":{\"@id\":\"https:\\\/\\\/www.copealcoy.es\\\/es\\\/juan-roig-asegura-que-no-habra-problemas-de-desabastecimiento-a-pesar-de-la-guerra-en-ucrania\\\/#primaryimage\"},\"thumbnailUrl\":\"https:\\\/\\\/www.copealcoy.es\\\/wp-content\\\/uploads\\\/2022\\\/03\\\/1647345992301.jpg\",\"keywords\":[\"abastecimiento\",\"Comunidad Valenciana\",\"guerra\",\"Juan Roig\",\"Mercadona\",\"Ucrania\"],\"articleSection\":[\"Actualidad\",\"Noticias\",\"Pol\u00edtica y Econom\u00eda\"],\"inLanguage\":\"es\"},{\"@type\":\"WebPage\",\"@id\":\"https:\\\/\\\/www.copealcoy.es\\\/es\\\/juan-roig-asegura-que-no-habra-problemas-de-desabastecimiento-a-pesar-de-la-guerra-en-ucrania\\\/\",\"url\":\"https:\\\/\\\/www.copealcoy.es\\\/es\\\/juan-roig-asegura-que-no-habra-problemas-de-desabastecimiento-a-pesar-de-la-guerra-en-ucrania\\\/\",\"name\":\"Juan Roig asegura que no habr\u00e1 problemas de desabastecimiento a pesar de la guerra en Ucrania - COPE Alcoy\",\"isPartOf\":{\"@id\":\"https:\\\/\\\/www.copealcoy.es\\\/es\\\/#website\"},\"primaryImageOfPage\":{\"@id\":\"https:\\\/\\\/www.copealcoy.es\\\/es\\\/juan-roig-asegura-que-no-habra-problemas-de-desabastecimiento-a-pesar-de-la-guerra-en-ucrania\\\/#primaryimage\"},\"image\":{\"@id\":\"https:\\\/\\\/www.copealcoy.es\\\/es\\\/juan-roig-asegura-que-no-habra-problemas-de-desabastecimiento-a-pesar-de-la-guerra-en-ucrania\\\/#primaryimage\"},\"thumbnailUrl\":\"https:\\\/\\\/www.copealcoy.es\\\/wp-content\\\/uploads\\\/2022\\\/03\\\/1647345992301.jpg\",\"datePublished\":\"2022-03-15T15:43:38+00:00\",\"dateModified\":\"2022-03-15T15:48:04+00:00\",\"author\":{\"@id\":\"https:\\\/\\\/www.copealcoy.es\\\/es\\\/#\\\/schema\\\/person\\\/e777c87fa024e57d40170af9df39882c\"},\"breadcrumb\":{\"@id\":\"https:\\\/\\\/www.copealcoy.es\\\/es\\\/juan-roig-asegura-que-no-habra-problemas-de-desabastecimiento-a-pesar-de-la-guerra-en-ucrania\\\/#breadcrumb\"},\"inLanguage\":\"es\",\"potentialAction\":[{\"@type\":\"ReadAction\",\"target\":[\"https:\\\/\\\/www.copealcoy.es\\\/es\\\/juan-roig-asegura-que-no-habra-problemas-de-desabastecimiento-a-pesar-de-la-guerra-en-ucrania\\\/\"]}]},{\"@type\":\"ImageObject\",\"inLanguage\":\"es\",\"@id\":\"https:\\\/\\\/www.copealcoy.es\\\/es\\\/juan-roig-asegura-que-no-habra-problemas-de-desabastecimiento-a-pesar-de-la-guerra-en-ucrania\\\/#primaryimage\",\"url\":\"https:\\\/\\\/www.copealcoy.es\\\/wp-content\\\/uploads\\\/2022\\\/03\\\/1647345992301.jpg\",\"contentUrl\":\"https:\\\/\\\/www.copealcoy.es\\\/wp-content\\\/uploads\\\/2022\\\/03\\\/1647345992301.jpg\",\"width\":976,\"height\":651},{\"@type\":\"BreadcrumbList\",\"@id\":\"https:\\\/\\\/www.copealcoy.es\\\/es\\\/juan-roig-asegura-que-no-habra-problemas-de-desabastecimiento-a-pesar-de-la-guerra-en-ucrania\\\/#breadcrumb\",\"itemListElement\":[{\"@type\":\"ListItem\",\"position\":1,\"name\":\"Portada\",\"item\":\"https:\\\/\\\/www.copealcoy.es\\\/es\\\/\"},{\"@type\":\"ListItem\",\"position\":2,\"name\":\"Juan Roig asegura que no habr\u00e1 problemas de desabastecimiento a pesar de la guerra en Ucrania\"}]},{\"@type\":\"WebSite\",\"@id\":\"https:\\\/\\\/www.copealcoy.es\\\/es\\\/#website\",\"url\":\"https:\\\/\\\/www.copealcoy.es\\\/es\\\/\",\"name\":\"COPE Alcoy\",\"description\":\"Emisora COPE de radio local con emisi\u00f3n online. Pont de Sant Jordi 8-10 03803 Alcoy\",\"potentialAction\":[{\"@type\":\"SearchAction\",\"target\":{\"@type\":\"EntryPoint\",\"urlTemplate\":\"https:\\\/\\\/www.copealcoy.es\\\/es\\\/?s={search_term_string}\"},\"query-input\":{\"@type\":\"PropertyValueSpecification\",\"valueRequired\":true,\"valueName\":\"search_term_string\"}}],\"inLanguage\":\"es\"},{\"@type\":\"Person\",\"@id\":\"https:\\\/\\\/www.copealcoy.es\\\/es\\\/#\\\/schema\\\/person\\\/e777c87fa024e57d40170af9df39882c\",\"name\":\"Cope Alcoy\",\"image\":{\"@type\":\"ImageObject\",\"inLanguage\":\"es\",\"@id\":\"https:\\\/\\\/secure.gravatar.com\\\/avatar\\\/bb65d0283347e303893ba14f0692005417c1e0e690a325a4c5d8bb2b3943ee14?s=96&d=mm&r=g\",\"url\":\"https:\\\/\\\/secure.gravatar.com\\\/avatar\\\/bb65d0283347e303893ba14f0692005417c1e0e690a325a4c5d8bb2b3943ee14?s=96&d=mm&r=g\",\"contentUrl\":\"https:\\\/\\\/secure.gravatar.com\\\/avatar\\\/bb65d0283347e303893ba14f0692005417c1e0e690a325a4c5d8bb2b3943ee14?s=96&d=mm&r=g\",\"caption\":\"Cope Alcoy\"}}]}<\/script>\n<!-- \/ Yoast SEO plugin. -->","yoast_head_json":{"title":"Juan Roig asegura que no habr\u00e1 problemas de desabastecimiento a pesar de la guerra en Ucrania - COPE Alcoy","robots":{"index":"index","follow":"follow","max-snippet":"max-snippet:-1","max-image-preview":"max-image-preview:large","max-video-preview":"max-video-preview:-1"},"canonical":"https:\/\/www.copealcoy.es\/es\/juan-roig-asegura-que-no-habra-problemas-de-desabastecimiento-a-pesar-de-la-guerra-en-ucrania\/","og_locale":"es_ES","og_type":"article","og_title":"Juan Roig asegura que no habr\u00e1 problemas de desabastecimiento a pesar de la guerra en Ucrania - COPE Alcoy","og_description":"El Presidente de Mercadona, Juan Roig, ha negado que se pueda producir cualquier problema de desabastecimiento en los supermercados por...","og_url":"https:\/\/www.copealcoy.es\/es\/juan-roig-asegura-que-no-habra-problemas-de-desabastecimiento-a-pesar-de-la-guerra-en-ucrania\/","og_site_name":"COPE Alcoy","article_published_time":"2022-03-15T15:43:38+00:00","article_modified_time":"2022-03-15T15:48:04+00:00","og_image":[{"width":976,"height":651,"url":"https:\/\/www.copealcoy.es\/wp-content\/uploads\/2022\/03\/1647345992301.jpg","type":"image\/jpeg"}],"author":"Cope Alcoy","twitter_misc":{"Escrito por":"Cope Alcoy","Tiempo de lectura":"2 minutos"},"schema":{"@context":"https:\/\/schema.org","@graph":[{"@type":"Article","@id":"https:\/\/www.copealcoy.es\/es\/juan-roig-asegura-que-no-habra-problemas-de-desabastecimiento-a-pesar-de-la-guerra-en-ucrania\/#article","isPartOf":{"@id":"https:\/\/www.copealcoy.es\/es\/juan-roig-asegura-que-no-habra-problemas-de-desabastecimiento-a-pesar-de-la-guerra-en-ucrania\/"},"author":{"name":"Cope Alcoy","@id":"https:\/\/www.copealcoy.es\/es\/#\/schema\/person\/e777c87fa024e57d40170af9df39882c"},"headline":"Juan Roig asegura que no habr\u00e1 problemas de desabastecimiento a pesar de la guerra en Ucrania","datePublished":"2022-03-15T15:43:38+00:00","dateModified":"2022-03-15T15:48:04+00:00","mainEntityOfPage":{"@id":"https:\/\/www.copealcoy.es\/es\/juan-roig-asegura-que-no-habra-problemas-de-desabastecimiento-a-pesar-de-la-guerra-en-ucrania\/"},"wordCount":406,"commentCount":0,"image":{"@id":"https:\/\/www.copealcoy.es\/es\/juan-roig-asegura-que-no-habra-problemas-de-desabastecimiento-a-pesar-de-la-guerra-en-ucrania\/#primaryimage"},"thumbnailUrl":"https:\/\/www.copealcoy.es\/wp-content\/uploads\/2022\/03\/1647345992301.jpg","keywords":["abastecimiento","Comunidad Valenciana","guerra","Juan Roig","Mercadona","Ucrania"],"articleSection":["Actualidad","Noticias","Pol\u00edtica y Econom\u00eda"],"inLanguage":"es"},{"@type":"WebPage","@id":"https:\/\/www.copealcoy.es\/es\/juan-roig-asegura-que-no-habra-problemas-de-desabastecimiento-a-pesar-de-la-guerra-en-ucrania\/","url":"https:\/\/www.copealcoy.es\/es\/juan-roig-asegura-que-no-habra-problemas-de-desabastecimiento-a-pesar-de-la-guerra-en-ucrania\/","name":"Juan Roig asegura que no habr\u00e1 problemas de desabastecimiento a pesar de la guerra en Ucrania - COPE Alcoy","isPartOf":{"@id":"https:\/\/www.copealcoy.es\/es\/#website"},"primaryImageOfPage":{"@id":"https:\/\/www.copealcoy.es\/es\/juan-roig-asegura-que-no-habra-problemas-de-desabastecimiento-a-pesar-de-la-guerra-en-ucrania\/#primaryimage"},"image":{"@id":"https:\/\/www.copealcoy.es\/es\/juan-roig-asegura-que-no-habra-problemas-de-desabastecimiento-a-pesar-de-la-guerra-en-ucrania\/#primaryimage"},"thumbnailUrl":"https:\/\/www.copealcoy.es\/wp-content\/uploads\/2022\/03\/1647345992301.jpg","datePublished":"2022-03-15T15:43:38+00:00","dateModified":"2022-03-15T15:48:04+00:00","author":{"@id":"https:\/\/www.copealcoy.es\/es\/#\/schema\/person\/e777c87fa024e57d40170af9df39882c"},"breadcrumb":{"@id":"https:\/\/www.copealcoy.es\/es\/juan-roig-asegura-que-no-habra-problemas-de-desabastecimiento-a-pesar-de-la-guerra-en-ucrania\/#breadcrumb"},"inLanguage":"es","potentialAction":[{"@type":"ReadAction","target":["https:\/\/www.copealcoy.es\/es\/juan-roig-asegura-que-no-habra-problemas-de-desabastecimiento-a-pesar-de-la-guerra-en-ucrania\/"]}]},{"@type":"ImageObject","inLanguage":"es","@id":"https:\/\/www.copealcoy.es\/es\/juan-roig-asegura-que-no-habra-problemas-de-desabastecimiento-a-pesar-de-la-guerra-en-ucrania\/#primaryimage","url":"https:\/\/www.copealcoy.es\/wp-content\/uploads\/2022\/03\/1647345992301.jpg","contentUrl":"https:\/\/www.copealcoy.es\/wp-content\/uploads\/2022\/03\/1647345992301.jpg","width":976,"height":651},{"@type":"BreadcrumbList","@id":"https:\/\/www.copealcoy.es\/es\/juan-roig-asegura-que-no-habra-problemas-de-desabastecimiento-a-pesar-de-la-guerra-en-ucrania\/#breadcrumb","itemListElement":[{"@type":"ListItem","position":1,"name":"Portada","item":"https:\/\/www.copealcoy.es\/es\/"},{"@type":"ListItem","position":2,"name":"Juan Roig asegura que no habr\u00e1 problemas de desabastecimiento a pesar de la guerra en Ucrania"}]},{"@type":"WebSite","@id":"https:\/\/www.copealcoy.es\/es\/#website","url":"https:\/\/www.copealcoy.es\/es\/","name":"COPE Alcoy","description":"Emisora COPE de radio local con emisi\u00f3n online. Pont de Sant Jordi 8-10 03803 Alcoy","potentialAction":[{"@type":"SearchAction","target":{"@type":"EntryPoint","urlTemplate":"https:\/\/www.copealcoy.es\/es\/?s={search_term_string}"},"query-input":{"@type":"PropertyValueSpecification","valueRequired":true,"valueName":"search_term_string"}}],"inLanguage":"es"},{"@type":"Person","@id":"https:\/\/www.copealcoy.es\/es\/#\/schema\/person\/e777c87fa024e57d40170af9df39882c","name":"Cope Alcoy","image":{"@type":"ImageObject","inLanguage":"es","@id":"https:\/\/secure.gravatar.com\/avatar\/bb65d0283347e303893ba14f0692005417c1e0e690a325a4c5d8bb2b3943ee14?s=96&d=mm&r=g","url":"https:\/\/secure.gravatar.com\/avatar\/bb65d0283347e303893ba14f0692005417c1e0e690a325a4c5d8bb2b3943ee14?s=96&d=mm&r=g","contentUrl":"https:\/\/secure.gravatar.com\/avatar\/bb65d0283347e303893ba14f0692005417c1e0e690a325a4c5d8bb2b3943ee14?s=96&d=mm&r=g","caption":"Cope Alcoy"}}]}},"_links":{"self":[{"href":"https:\/\/www.copealcoy.es\/es\/wp-json\/wp\/v2\/posts\/84985","targetHints":{"allow":["GET"]}}],"collection":[{"href":"https:\/\/www.copealcoy.es\/es\/wp-json\/wp\/v2\/posts"}],"about":[{"href":"https:\/\/www.copealcoy.es\/es\/wp-json\/wp\/v2\/types\/post"}],"author":[{"embeddable":true,"href":"https:\/\/www.copealcoy.es\/es\/wp-json\/wp\/v2\/users\/1"}],"replies":[{"embeddable":true,"href":"https:\/\/www.copealcoy.es\/es\/wp-json\/wp\/v2\/comments?post=84985"}],"version-history":[{"count":0,"href":"https:\/\/www.copealcoy.es\/es\/wp-json\/wp\/v2\/posts\/84985\/revisions"}],"wp:featuredmedia":[{"embeddable":true,"href":"https:\/\/www.copealcoy.es\/es\/wp-json\/wp\/v2\/media\/84986"}],"wp:attachment":[{"href":"https:\/\/www.copealcoy.es\/es\/wp-json\/wp\/v2\/media?parent=84985"}],"wp:term":[{"taxonomy":"category","embeddable":true,"href":"https:\/\/www.copealcoy.es\/es\/wp-json\/wp\/v2\/categories?post=84985"},{"taxonomy":"post_tag","embeddable":true,"href":"https:\/\/www.copealcoy.es\/es\/wp-json\/wp\/v2\/tags?post=84985"}],"curies":[{"name":"wp","href":"https:\/\/api.w.org\/{rel}","templated":true}]}}