{"id":84969,"date":"2022-03-15T15:20:50","date_gmt":"2022-03-15T14:20:50","guid":{"rendered":"https:\/\/www.copealcoy.es\/?p=84969"},"modified":"2022-03-15T16:38:29","modified_gmt":"2022-03-15T15:38:29","slug":"se-cumplen-dos-anos-de-pandemia","status":"publish","type":"post","link":"https:\/\/www.copealcoy.es\/es\/se-cumplen-dos-anos-de-pandemia\/","title":{"rendered":"Se cumplen dos a\u00f1os de pandemia"},"content":{"rendered":"<p style=\"text-align: justify;\">El <strong>15 de marzo de 2020<\/strong> la crisis sanitaria del Coronavirus <strong>ya hab\u00eda estallado en Espa\u00f1a<\/strong> y afront\u00e1bamos el<strong> primer d\u00eda del Estado de Alarma<\/strong> que hab\u00eda decretado el Gobierno Central para <strong>frenar los contagios de la primera ola<\/strong> de la pandemia. Nos qued\u00e1bamos <strong>confinados en nuestras casas<\/strong> y <strong>sal\u00edamos a aplaudir cada tarde desde los balcones<\/strong> a todos aquellos que estaban luchando en primera l\u00ednea contra la Covid-19.<\/p>\n<p style=\"text-align: center;\"><a href=\"http:\/\/iframe%20src=https:\/\/www.facebook.com\/plugins\/video.php?height=308&amp;href=https%3A%2F%2Fwww.facebook.com%2Fcopealcoy%2Fvideos%2F201371371129858%2F&amp;show_text=false&amp;width=560&amp;t=0%20width=560%20height=308%20style=border:none;overflow:hidden%20scrolling=no%20frameborder=0%20allowfullscreen=true%20allow=autoplay;%20clipboard-write;%20encrypted-media;%20picture-in-picture;%20web-share%20allowFullScreen=true\/iframe\"><iframe loading=\"lazy\" style=\"border: none; overflow: hidden;\" src=\"https:\/\/www.facebook.com\/plugins\/video.php?height=308&amp;href=https%3A%2F%2Fwww.facebook.com%2Fcopealcoy%2Fvideos%2F201371371129858%2F&amp;show_text=false&amp;width=560&amp;t=0\" width=\"560\" height=\"308\" frameborder=\"0\" scrolling=\"no\" allowfullscreen=\"allowfullscreen\"><\/iframe><\/a><\/p>\n<p style=\"text-align: justify;\">Mientras tanto <strong>segu\u00edamos con preocupaci\u00f3n lo que estaba sucediendo en la residencia geri\u00e1trica Domus VI<\/strong> de Alcoy donde un brote de Coronavirus <strong>acababa con la vida de 73 residentes<\/strong>. Los familiares de las v\u00edctimas denuncian que, dos a\u00f1os despu\u00e9s, <strong>siguen sin tener respuestas<\/strong> sobre lo que all\u00ed pas\u00f3 como ha asegurado en COPE Alcoi <strong>Jos\u00e9 Lu\u00eds Garc\u00eda<\/strong>; Portavoz de la Plataforma de Afectados:<\/p>\n<audio class=\"wp-audio-shortcode\" id=\"audio-84969-1\" preload=\"none\" style=\"width: 100%;\" controls=\"controls\"><source type=\"audio\/mpeg\" src=\"https:\/\/www.copealcoy.es\/wp-content\/uploads\/2022\/03\/2022.03.15-JOSELE-FUTURO-CORONAVIRUS-MEDIODI\u0301A.mp3?_=1\" \/><a href=\"https:\/\/www.copealcoy.es\/wp-content\/uploads\/2022\/03\/2022.03.15-JOSELE-FUTURO-CORONAVIRUS-MEDIODI\u0301A.mp3\">https:\/\/www.copealcoy.es\/wp-content\/uploads\/2022\/03\/2022.03.15-JOSELE-FUTURO-CORONAVIRUS-MEDIODI\u0301A.mp3<\/a><\/audio>\n<p>&nbsp;<\/p>\n<p>&nbsp;<\/p>\n<p style=\"text-align: justify;\">El <strong>primer confinamiento domiciliario<\/strong> lleg\u00f3 hasta mayo de 2020 y a partir de ah\u00ed comenzamos a salir y a recuperar paulatinamente la actividad en las diferentes fases de desescalada que marc\u00f3 el Gobierno Central. El 21 de junio <strong>decay\u00f3 el Estado de Alarma<\/strong>, con la llegada del verano, y los contagios empezaron a subir entrando en <strong>una segunda ola<\/strong> que llev\u00f3 a adoptar medidas excepcionales en octubre en municipios de la comarca como Ibi o Muro. El incremento de positivos se multiplic\u00f3 a partir del Puente Festivo de Diciembre y de nuevo volvimos a las restricciones. Enero de 2021 arranc\u00f3 con <strong>la tercera ola<\/strong> y con <strong>el Hospital Virgen de los Lirios al borde del colapso<\/strong> junto a una subida de las defunciones en el conjunto de estas comarcas como ha recordado Enrique Barbeito, Gerente de nuestra \u00e1rea sanitaria:<\/p>\n<audio class=\"wp-audio-shortcode\" id=\"audio-84969-2\" preload=\"none\" style=\"width: 100%;\" controls=\"controls\"><source type=\"audio\/mpeg\" src=\"https:\/\/www.copealcoy.es\/wp-content\/uploads\/2022\/03\/2022.03.15-BARBEITO-FUTURO-CORONAVIRUS-MEDIODI\u0301A.mp3?_=2\" \/><a href=\"https:\/\/www.copealcoy.es\/wp-content\/uploads\/2022\/03\/2022.03.15-BARBEITO-FUTURO-CORONAVIRUS-MEDIODI\u0301A.mp3\">https:\/\/www.copealcoy.es\/wp-content\/uploads\/2022\/03\/2022.03.15-BARBEITO-FUTURO-CORONAVIRUS-MEDIODI\u0301A.mp3<\/a><\/audio>\n<p>&nbsp;<\/p>\n<p>&nbsp;<\/p>\n<p style=\"text-align: justify;\">El inicio de la vacunaci\u00f3n masiva en marzo del a\u00f1o pasado llev\u00f3 a que en septiembre <strong>el 90% de la poblaci\u00f3n del Departamento de Salud de Alcoy estuviese ya inmunizada<\/strong> frente a la Covid-19. Gracias a ello <strong>pudimos retomar nuestras fiestas y tradiciones<\/strong> con casi plena normalidad e incluso <strong>la sexta ola<\/strong>, derivada de la variante \u00f3micron, no tuvo tanta virulencia como la tercera en el \u00faltimo invierno. Las fuerzas de seguridad <strong>tambi\u00e9n agradecen el comportamiento que ha tenido la ciudadan\u00eda en todo este tiempo<\/strong> marcado por las restricciones y todas las medidas que se iban instaurando en cada ola de contagios. As\u00ed lo expresa <strong>Merche Ponsoda<\/strong>; Inspectora de la Polic\u00eda Local de Alcoy:<\/p>\n<audio class=\"wp-audio-shortcode\" id=\"audio-84969-3\" preload=\"none\" style=\"width: 100%;\" controls=\"controls\"><source type=\"audio\/mpeg\" src=\"https:\/\/www.copealcoy.es\/wp-content\/uploads\/2022\/03\/2022.03.15-MERCHE-FUTURO-CORONAVIRUS-MEDIODI\u0301A.mp3?_=3\" \/><a href=\"https:\/\/www.copealcoy.es\/wp-content\/uploads\/2022\/03\/2022.03.15-MERCHE-FUTURO-CORONAVIRUS-MEDIODI\u0301A.mp3\">https:\/\/www.copealcoy.es\/wp-content\/uploads\/2022\/03\/2022.03.15-MERCHE-FUTURO-CORONAVIRUS-MEDIODI\u0301A.mp3<\/a><\/audio>\n<p>&nbsp;<\/p>\n<p style=\"text-align: justify;\">Dos a\u00f1os despu\u00e9s, <strong>la normalidad vuelve a ser casi plena y nos preparamos para celebrar las Fiestas de Moros y Cristianos de Alcoy<\/strong> en honor a San Jorge el pr\u00f3ximo mes de abril o <strong>las diferentes tradiciones que tendr\u00e1n lugar en nuestras comarcas<\/strong> en los pr\u00f3ximos meses. La pandemia sigue pero<strong> la esperanza ha conseguido imponerse mientras continuamos\u00a0 pregunt\u00e1ndonos qu\u00e9 hemos aprendido<\/strong> de todo lo que hemos vivido en estos \u00faltimos 24 meses.<\/p>\n<h1><\/h1>\n","protected":false},"excerpt":{"rendered":"<p>El 15 de marzo de 2020 la crisis sanitaria del Coronavirus ya hab\u00eda estallado en Espa\u00f1a y afront\u00e1bamos el primer&#8230;<\/p>\n","protected":false},"author":1,"featured_media":60845,"comment_status":"open","ping_status":"open","sticky":false,"template":"","format":"standard","meta":{"footnotes":""},"categories":[6909,75,125],"tags":[482,237,7281,10050,7561,7477],"class_list":["post-84969","post","type-post","status-publish","format-standard","has-post-thumbnail","hentry","category-actualidad","category-noticias","category-portada","tag-alcoia","tag-comtat","tag-coronavirus","tag-crisis-sanitaria","tag-departamento-de-salud-de-alcoy","tag-pandemia"],"yoast_head":"<!-- This site is optimized with the Yoast SEO plugin v27.3 - https:\/\/yoast.com\/product\/yoast-seo-wordpress\/ -->\n<title>Se cumplen dos a\u00f1os de pandemia - COPE Alcoy<\/title>\n<meta name=\"robots\" content=\"index, follow, max-snippet:-1, max-image-preview:large, max-video-preview:-1\" \/>\n<link rel=\"canonical\" href=\"https:\/\/www.copealcoy.es\/es\/se-cumplen-dos-anos-de-pandemia\/\" \/>\n<meta property=\"og:locale\" content=\"es_ES\" \/>\n<meta property=\"og:type\" content=\"article\" \/>\n<meta property=\"og:title\" content=\"Se cumplen dos a\u00f1os de pandemia - COPE Alcoy\" \/>\n<meta property=\"og:description\" content=\"El 15 de marzo de 2020 la crisis sanitaria del Coronavirus ya hab\u00eda estallado en Espa\u00f1a y afront\u00e1bamos el primer...\" \/>\n<meta property=\"og:url\" content=\"https:\/\/www.copealcoy.es\/es\/se-cumplen-dos-anos-de-pandemia\/\" \/>\n<meta property=\"og:site_name\" content=\"COPE Alcoy\" \/>\n<meta property=\"article:published_time\" content=\"2022-03-15T14:20:50+00:00\" \/>\n<meta property=\"article:modified_time\" content=\"2022-03-15T15:38:29+00:00\" \/>\n<meta property=\"og:image\" content=\"https:\/\/www.copealcoy.es\/wp-content\/uploads\/2020\/03\/10-Los-comercios-del-Passeig-del-Comtat-mantienen-la-puerta-cerrada-Foto-Gabriel-Pascual-1-scaled.jpg\" \/>\n\t<meta property=\"og:image:width\" content=\"2560\" \/>\n\t<meta property=\"og:image:height\" content=\"1732\" \/>\n\t<meta property=\"og:image:type\" content=\"image\/jpeg\" \/>\n<meta name=\"author\" content=\"Cope Alcoy\" \/>\n<meta name=\"twitter:label1\" content=\"Escrito por\" \/>\n\t<meta name=\"twitter:data1\" content=\"Cope Alcoy\" \/>\n\t<meta name=\"twitter:label2\" content=\"Tiempo de lectura\" \/>\n\t<meta name=\"twitter:data2\" content=\"3 minutos\" \/>\n<script type=\"application\/ld+json\" class=\"yoast-schema-graph\">{\"@context\":\"https:\\\/\\\/schema.org\",\"@graph\":[{\"@type\":\"Article\",\"@id\":\"https:\\\/\\\/www.copealcoy.es\\\/es\\\/se-cumplen-dos-anos-de-pandemia\\\/#article\",\"isPartOf\":{\"@id\":\"https:\\\/\\\/www.copealcoy.es\\\/es\\\/se-cumplen-dos-anos-de-pandemia\\\/\"},\"author\":{\"name\":\"Cope Alcoy\",\"@id\":\"https:\\\/\\\/www.copealcoy.es\\\/es\\\/#\\\/schema\\\/person\\\/e777c87fa024e57d40170af9df39882c\"},\"headline\":\"Se cumplen dos a\u00f1os de pandemia\",\"datePublished\":\"2022-03-15T14:20:50+00:00\",\"dateModified\":\"2022-03-15T15:38:29+00:00\",\"mainEntityOfPage\":{\"@id\":\"https:\\\/\\\/www.copealcoy.es\\\/es\\\/se-cumplen-dos-anos-de-pandemia\\\/\"},\"wordCount\":526,\"commentCount\":0,\"image\":{\"@id\":\"https:\\\/\\\/www.copealcoy.es\\\/es\\\/se-cumplen-dos-anos-de-pandemia\\\/#primaryimage\"},\"thumbnailUrl\":\"https:\\\/\\\/www.copealcoy.es\\\/wp-content\\\/uploads\\\/2020\\\/03\\\/10-Los-comercios-del-Passeig-del-Comtat-mantienen-la-puerta-cerrada-Foto-Gabriel-Pascual-1-scaled.jpg\",\"keywords\":[\"Alcoi\u00e0\",\"Comtat\",\"Coronavirus\",\"crisis sanitaria\",\"Departamento de Salud de Alcoy\",\"pandemia\"],\"articleSection\":[\"Actualidad\",\"Noticias\",\"Portada\"],\"inLanguage\":\"es\"},{\"@type\":\"WebPage\",\"@id\":\"https:\\\/\\\/www.copealcoy.es\\\/es\\\/se-cumplen-dos-anos-de-pandemia\\\/\",\"url\":\"https:\\\/\\\/www.copealcoy.es\\\/es\\\/se-cumplen-dos-anos-de-pandemia\\\/\",\"name\":\"Se cumplen dos a\u00f1os de pandemia - COPE Alcoy\",\"isPartOf\":{\"@id\":\"https:\\\/\\\/www.copealcoy.es\\\/es\\\/#website\"},\"primaryImageOfPage\":{\"@id\":\"https:\\\/\\\/www.copealcoy.es\\\/es\\\/se-cumplen-dos-anos-de-pandemia\\\/#primaryimage\"},\"image\":{\"@id\":\"https:\\\/\\\/www.copealcoy.es\\\/es\\\/se-cumplen-dos-anos-de-pandemia\\\/#primaryimage\"},\"thumbnailUrl\":\"https:\\\/\\\/www.copealcoy.es\\\/wp-content\\\/uploads\\\/2020\\\/03\\\/10-Los-comercios-del-Passeig-del-Comtat-mantienen-la-puerta-cerrada-Foto-Gabriel-Pascual-1-scaled.jpg\",\"datePublished\":\"2022-03-15T14:20:50+00:00\",\"dateModified\":\"2022-03-15T15:38:29+00:00\",\"author\":{\"@id\":\"https:\\\/\\\/www.copealcoy.es\\\/es\\\/#\\\/schema\\\/person\\\/e777c87fa024e57d40170af9df39882c\"},\"breadcrumb\":{\"@id\":\"https:\\\/\\\/www.copealcoy.es\\\/es\\\/se-cumplen-dos-anos-de-pandemia\\\/#breadcrumb\"},\"inLanguage\":\"es\",\"potentialAction\":[{\"@type\":\"ReadAction\",\"target\":[\"https:\\\/\\\/www.copealcoy.es\\\/es\\\/se-cumplen-dos-anos-de-pandemia\\\/\"]}]},{\"@type\":\"ImageObject\",\"inLanguage\":\"es\",\"@id\":\"https:\\\/\\\/www.copealcoy.es\\\/es\\\/se-cumplen-dos-anos-de-pandemia\\\/#primaryimage\",\"url\":\"https:\\\/\\\/www.copealcoy.es\\\/wp-content\\\/uploads\\\/2020\\\/03\\\/10-Los-comercios-del-Passeig-del-Comtat-mantienen-la-puerta-cerrada-Foto-Gabriel-Pascual-1-scaled.jpg\",\"contentUrl\":\"https:\\\/\\\/www.copealcoy.es\\\/wp-content\\\/uploads\\\/2020\\\/03\\\/10-Los-comercios-del-Passeig-del-Comtat-mantienen-la-puerta-cerrada-Foto-Gabriel-Pascual-1-scaled.jpg\",\"width\":2560,\"height\":1732,\"caption\":\"Aspecto que presentaba Cocentaina esta mediod\u00eda \\\/ Foto: G. Pascual\"},{\"@type\":\"BreadcrumbList\",\"@id\":\"https:\\\/\\\/www.copealcoy.es\\\/es\\\/se-cumplen-dos-anos-de-pandemia\\\/#breadcrumb\",\"itemListElement\":[{\"@type\":\"ListItem\",\"position\":1,\"name\":\"Portada\",\"item\":\"https:\\\/\\\/www.copealcoy.es\\\/es\\\/\"},{\"@type\":\"ListItem\",\"position\":2,\"name\":\"Se cumplen dos a\u00f1os de pandemia\"}]},{\"@type\":\"WebSite\",\"@id\":\"https:\\\/\\\/www.copealcoy.es\\\/es\\\/#website\",\"url\":\"https:\\\/\\\/www.copealcoy.es\\\/es\\\/\",\"name\":\"COPE Alcoy\",\"description\":\"Emisora COPE de radio local con emisi\u00f3n online. Pont de Sant Jordi 8-10 03803 Alcoy\",\"potentialAction\":[{\"@type\":\"SearchAction\",\"target\":{\"@type\":\"EntryPoint\",\"urlTemplate\":\"https:\\\/\\\/www.copealcoy.es\\\/es\\\/?s={search_term_string}\"},\"query-input\":{\"@type\":\"PropertyValueSpecification\",\"valueRequired\":true,\"valueName\":\"search_term_string\"}}],\"inLanguage\":\"es\"},{\"@type\":\"Person\",\"@id\":\"https:\\\/\\\/www.copealcoy.es\\\/es\\\/#\\\/schema\\\/person\\\/e777c87fa024e57d40170af9df39882c\",\"name\":\"Cope Alcoy\",\"image\":{\"@type\":\"ImageObject\",\"inLanguage\":\"es\",\"@id\":\"https:\\\/\\\/secure.gravatar.com\\\/avatar\\\/bb65d0283347e303893ba14f0692005417c1e0e690a325a4c5d8bb2b3943ee14?s=96&d=mm&r=g\",\"url\":\"https:\\\/\\\/secure.gravatar.com\\\/avatar\\\/bb65d0283347e303893ba14f0692005417c1e0e690a325a4c5d8bb2b3943ee14?s=96&d=mm&r=g\",\"contentUrl\":\"https:\\\/\\\/secure.gravatar.com\\\/avatar\\\/bb65d0283347e303893ba14f0692005417c1e0e690a325a4c5d8bb2b3943ee14?s=96&d=mm&r=g\",\"caption\":\"Cope Alcoy\"}}]}<\/script>\n<!-- \/ Yoast SEO plugin. -->","yoast_head_json":{"title":"Se cumplen dos a\u00f1os de pandemia - COPE Alcoy","robots":{"index":"index","follow":"follow","max-snippet":"max-snippet:-1","max-image-preview":"max-image-preview:large","max-video-preview":"max-video-preview:-1"},"canonical":"https:\/\/www.copealcoy.es\/es\/se-cumplen-dos-anos-de-pandemia\/","og_locale":"es_ES","og_type":"article","og_title":"Se cumplen dos a\u00f1os de pandemia - COPE Alcoy","og_description":"El 15 de marzo de 2020 la crisis sanitaria del Coronavirus ya hab\u00eda estallado en Espa\u00f1a y afront\u00e1bamos el primer...","og_url":"https:\/\/www.copealcoy.es\/es\/se-cumplen-dos-anos-de-pandemia\/","og_site_name":"COPE Alcoy","article_published_time":"2022-03-15T14:20:50+00:00","article_modified_time":"2022-03-15T15:38:29+00:00","og_image":[{"width":2560,"height":1732,"url":"https:\/\/www.copealcoy.es\/wp-content\/uploads\/2020\/03\/10-Los-comercios-del-Passeig-del-Comtat-mantienen-la-puerta-cerrada-Foto-Gabriel-Pascual-1-scaled.jpg","type":"image\/jpeg"}],"author":"Cope Alcoy","twitter_misc":{"Escrito por":"Cope Alcoy","Tiempo de lectura":"3 minutos"},"schema":{"@context":"https:\/\/schema.org","@graph":[{"@type":"Article","@id":"https:\/\/www.copealcoy.es\/es\/se-cumplen-dos-anos-de-pandemia\/#article","isPartOf":{"@id":"https:\/\/www.copealcoy.es\/es\/se-cumplen-dos-anos-de-pandemia\/"},"author":{"name":"Cope Alcoy","@id":"https:\/\/www.copealcoy.es\/es\/#\/schema\/person\/e777c87fa024e57d40170af9df39882c"},"headline":"Se cumplen dos a\u00f1os de pandemia","datePublished":"2022-03-15T14:20:50+00:00","dateModified":"2022-03-15T15:38:29+00:00","mainEntityOfPage":{"@id":"https:\/\/www.copealcoy.es\/es\/se-cumplen-dos-anos-de-pandemia\/"},"wordCount":526,"commentCount":0,"image":{"@id":"https:\/\/www.copealcoy.es\/es\/se-cumplen-dos-anos-de-pandemia\/#primaryimage"},"thumbnailUrl":"https:\/\/www.copealcoy.es\/wp-content\/uploads\/2020\/03\/10-Los-comercios-del-Passeig-del-Comtat-mantienen-la-puerta-cerrada-Foto-Gabriel-Pascual-1-scaled.jpg","keywords":["Alcoi\u00e0","Comtat","Coronavirus","crisis sanitaria","Departamento de Salud de Alcoy","pandemia"],"articleSection":["Actualidad","Noticias","Portada"],"inLanguage":"es"},{"@type":"WebPage","@id":"https:\/\/www.copealcoy.es\/es\/se-cumplen-dos-anos-de-pandemia\/","url":"https:\/\/www.copealcoy.es\/es\/se-cumplen-dos-anos-de-pandemia\/","name":"Se cumplen dos a\u00f1os de pandemia - COPE Alcoy","isPartOf":{"@id":"https:\/\/www.copealcoy.es\/es\/#website"},"primaryImageOfPage":{"@id":"https:\/\/www.copealcoy.es\/es\/se-cumplen-dos-anos-de-pandemia\/#primaryimage"},"image":{"@id":"https:\/\/www.copealcoy.es\/es\/se-cumplen-dos-anos-de-pandemia\/#primaryimage"},"thumbnailUrl":"https:\/\/www.copealcoy.es\/wp-content\/uploads\/2020\/03\/10-Los-comercios-del-Passeig-del-Comtat-mantienen-la-puerta-cerrada-Foto-Gabriel-Pascual-1-scaled.jpg","datePublished":"2022-03-15T14:20:50+00:00","dateModified":"2022-03-15T15:38:29+00:00","author":{"@id":"https:\/\/www.copealcoy.es\/es\/#\/schema\/person\/e777c87fa024e57d40170af9df39882c"},"breadcrumb":{"@id":"https:\/\/www.copealcoy.es\/es\/se-cumplen-dos-anos-de-pandemia\/#breadcrumb"},"inLanguage":"es","potentialAction":[{"@type":"ReadAction","target":["https:\/\/www.copealcoy.es\/es\/se-cumplen-dos-anos-de-pandemia\/"]}]},{"@type":"ImageObject","inLanguage":"es","@id":"https:\/\/www.copealcoy.es\/es\/se-cumplen-dos-anos-de-pandemia\/#primaryimage","url":"https:\/\/www.copealcoy.es\/wp-content\/uploads\/2020\/03\/10-Los-comercios-del-Passeig-del-Comtat-mantienen-la-puerta-cerrada-Foto-Gabriel-Pascual-1-scaled.jpg","contentUrl":"https:\/\/www.copealcoy.es\/wp-content\/uploads\/2020\/03\/10-Los-comercios-del-Passeig-del-Comtat-mantienen-la-puerta-cerrada-Foto-Gabriel-Pascual-1-scaled.jpg","width":2560,"height":1732,"caption":"Aspecto que presentaba Cocentaina esta mediod\u00eda \/ Foto: G. Pascual"},{"@type":"BreadcrumbList","@id":"https:\/\/www.copealcoy.es\/es\/se-cumplen-dos-anos-de-pandemia\/#breadcrumb","itemListElement":[{"@type":"ListItem","position":1,"name":"Portada","item":"https:\/\/www.copealcoy.es\/es\/"},{"@type":"ListItem","position":2,"name":"Se cumplen dos a\u00f1os de pandemia"}]},{"@type":"WebSite","@id":"https:\/\/www.copealcoy.es\/es\/#website","url":"https:\/\/www.copealcoy.es\/es\/","name":"COPE Alcoy","description":"Emisora COPE de radio local con emisi\u00f3n online. Pont de Sant Jordi 8-10 03803 Alcoy","potentialAction":[{"@type":"SearchAction","target":{"@type":"EntryPoint","urlTemplate":"https:\/\/www.copealcoy.es\/es\/?s={search_term_string}"},"query-input":{"@type":"PropertyValueSpecification","valueRequired":true,"valueName":"search_term_string"}}],"inLanguage":"es"},{"@type":"Person","@id":"https:\/\/www.copealcoy.es\/es\/#\/schema\/person\/e777c87fa024e57d40170af9df39882c","name":"Cope Alcoy","image":{"@type":"ImageObject","inLanguage":"es","@id":"https:\/\/secure.gravatar.com\/avatar\/bb65d0283347e303893ba14f0692005417c1e0e690a325a4c5d8bb2b3943ee14?s=96&d=mm&r=g","url":"https:\/\/secure.gravatar.com\/avatar\/bb65d0283347e303893ba14f0692005417c1e0e690a325a4c5d8bb2b3943ee14?s=96&d=mm&r=g","contentUrl":"https:\/\/secure.gravatar.com\/avatar\/bb65d0283347e303893ba14f0692005417c1e0e690a325a4c5d8bb2b3943ee14?s=96&d=mm&r=g","caption":"Cope Alcoy"}}]}},"_links":{"self":[{"href":"https:\/\/www.copealcoy.es\/es\/wp-json\/wp\/v2\/posts\/84969","targetHints":{"allow":["GET"]}}],"collection":[{"href":"https:\/\/www.copealcoy.es\/es\/wp-json\/wp\/v2\/posts"}],"about":[{"href":"https:\/\/www.copealcoy.es\/es\/wp-json\/wp\/v2\/types\/post"}],"author":[{"embeddable":true,"href":"https:\/\/www.copealcoy.es\/es\/wp-json\/wp\/v2\/users\/1"}],"replies":[{"embeddable":true,"href":"https:\/\/www.copealcoy.es\/es\/wp-json\/wp\/v2\/comments?post=84969"}],"version-history":[{"count":0,"href":"https:\/\/www.copealcoy.es\/es\/wp-json\/wp\/v2\/posts\/84969\/revisions"}],"wp:featuredmedia":[{"embeddable":true,"href":"https:\/\/www.copealcoy.es\/es\/wp-json\/wp\/v2\/media\/60845"}],"wp:attachment":[{"href":"https:\/\/www.copealcoy.es\/es\/wp-json\/wp\/v2\/media?parent=84969"}],"wp:term":[{"taxonomy":"category","embeddable":true,"href":"https:\/\/www.copealcoy.es\/es\/wp-json\/wp\/v2\/categories?post=84969"},{"taxonomy":"post_tag","embeddable":true,"href":"https:\/\/www.copealcoy.es\/es\/wp-json\/wp\/v2\/tags?post=84969"}],"curies":[{"name":"wp","href":"https:\/\/api.w.org\/{rel}","templated":true}]}}