{"id":84935,"date":"2022-03-14T16:29:30","date_gmt":"2022-03-14T15:29:30","guid":{"rendered":"https:\/\/www.copealcoy.es\/?p=84935"},"modified":"2022-03-14T16:42:09","modified_gmt":"2022-03-14T15:42:09","slug":"cocentaina-envia-la-seua-solidaritat-a-ucraina","status":"publish","type":"post","link":"https:\/\/www.copealcoy.es\/es\/cocentaina-envia-la-seua-solidaritat-a-ucraina\/","title":{"rendered":"Cocentaina envia la seua solidaritat a Ucra\u00efna"},"content":{"rendered":"<p style=\"text-align: justify;\">Els contestans i les contestanes han mostrat <strong>la seua solidaritat amb el poble ucra\u00efn\u00e9s<\/strong> portant <strong>ajuda material<\/strong> per fer-la arribar al pa\u00eds que est\u00e0 sofrint la terrible guerra. La Casa de la Joventut es va convertir dimarts i dijous passat en <strong>la zona de recollida de productes d\u2019higiene, alimentaci\u00f3, roba i material m\u00e8dic<\/strong>. D&#8217;aquesta forma,<strong> la Vila Comtal ha col\u00b7laborat en la gran recollida coordinada per la <span class=\"hiddenSpellError\">FVMP<\/span> i Generalitat Valenciana <\/strong>que iniciar\u00e0 el seu viatge amb dest\u00ed Ucra\u00efna, probablement, el 21 de mar\u00e7.<\/p>\n<p style=\"text-align: justify;\">Per classificar i empaquetar totes les donacions que ha portat la ciutadania, <strong>han estat mat\u00ed i vesprada els regidors i regidores de bona part dels partits pol\u00edtics<\/strong> de la Corporaci\u00f3 Municipal, Tamb\u00e9 per al dia de la carregada del cami\u00f3, l\u201911 de mar\u00e7, <strong>es va comptar amb la voluntarietat de la brigada d\u2019obres, els treballadors dels programes del LABORA, els ordenances de cultura i el seu coordinado<\/strong>r, aix\u00ed com <strong>algunes regidores<\/strong> &#8220;<em>la mostra de solidaritat dels ve\u00efns i ve\u00efnes del poble ha sigut extraordin\u00e0ria, la recollida de productes per a Ucra\u00efna ha superat totes les expectatives que ten\u00edem i aix\u00f2 ens emociona i ho agra\u00efm de cor. Esperem que prompte arribe tot al lloc i que puguem ajudar a pal\u00b7liar la necessitat que aquesta terror\u00edfica guerra est\u00e0 provocant a persones innocents<\/em>&#8220;, explicava al respecte l&#8217;alcaldessa de Cocentaina; <strong>Mireia Estepa<\/strong>.<\/p>\n<p style=\"text-align: justify;\">Des de l&#8217;Ajuntament de Cocentaina indiquen que <strong>continuen arribant al poble persones refugiades que ixen del conflicte a Ucra\u00efna<\/strong>. A m\u00e9s, indiquen, <strong>mantenen contacte amb persones ja instal\u00b7lades<\/strong> per posar-los al dia dels canvis de protocol que van produint-se en temes de documentaci\u00f3 per tal que tamb\u00e9 informen els compatriotes que posen un peu per primera vegada a la capital del Comtat.<\/p>\n","protected":false},"excerpt":{"rendered":"<p>Els contestans i les contestanes han mostrat la seua solidaritat amb el poble ucra\u00efn\u00e9s portant ajuda material per fer-la arribar&#8230;<\/p>\n","protected":false},"author":1,"featured_media":84936,"comment_status":"open","ping_status":"open","sticky":false,"template":"","format":"standard","meta":{"footnotes":""},"categories":[98,75],"tags":[132,12471,2213,173,12530],"class_list":["post-84935","post","type-post","status-publish","format-standard","has-post-thumbnail","hentry","category-comarcas","category-noticias","tag-cocentaina","tag-guerra","tag-material","tag-solidaridad","tag-ucraina"],"yoast_head":"<!-- This site is optimized with the Yoast SEO plugin v27.3 - https:\/\/yoast.com\/product\/yoast-seo-wordpress\/ -->\n<title>Cocentaina envia la seua solidaritat a Ucra\u00efna - COPE Alcoy<\/title>\n<meta name=\"robots\" content=\"index, follow, max-snippet:-1, max-image-preview:large, max-video-preview:-1\" \/>\n<link rel=\"canonical\" href=\"https:\/\/www.copealcoy.es\/es\/cocentaina-envia-la-seua-solidaritat-a-ucraina\/\" \/>\n<meta property=\"og:locale\" content=\"es_ES\" \/>\n<meta property=\"og:type\" content=\"article\" \/>\n<meta property=\"og:title\" content=\"Cocentaina envia la seua solidaritat a Ucra\u00efna - COPE Alcoy\" \/>\n<meta property=\"og:description\" content=\"Els contestans i les contestanes han mostrat la seua solidaritat amb el poble ucra\u00efn\u00e9s portant ajuda material per fer-la arribar...\" \/>\n<meta property=\"og:url\" content=\"https:\/\/www.copealcoy.es\/es\/cocentaina-envia-la-seua-solidaritat-a-ucraina\/\" \/>\n<meta property=\"og:site_name\" content=\"COPE Alcoy\" \/>\n<meta property=\"article:published_time\" content=\"2022-03-14T15:29:30+00:00\" \/>\n<meta property=\"article:modified_time\" content=\"2022-03-14T15:42:09+00:00\" \/>\n<meta property=\"og:image\" content=\"https:\/\/www.copealcoy.es\/wp-content\/uploads\/2022\/03\/20220311_110049-scaled.jpg\" \/>\n\t<meta property=\"og:image:width\" content=\"1260\" \/>\n\t<meta property=\"og:image:height\" content=\"1080\" \/>\n\t<meta property=\"og:image:type\" content=\"image\/jpeg\" \/>\n<meta name=\"author\" content=\"Cope Alcoy\" \/>\n<meta name=\"twitter:label1\" content=\"Escrito por\" \/>\n\t<meta name=\"twitter:data1\" content=\"Cope Alcoy\" \/>\n\t<meta name=\"twitter:label2\" content=\"Tiempo de lectura\" \/>\n\t<meta name=\"twitter:data2\" content=\"2 minutos\" \/>\n<script type=\"application\/ld+json\" class=\"yoast-schema-graph\">{\"@context\":\"https:\\\/\\\/schema.org\",\"@graph\":[{\"@type\":\"Article\",\"@id\":\"https:\\\/\\\/www.copealcoy.es\\\/es\\\/cocentaina-envia-la-seua-solidaritat-a-ucraina\\\/#article\",\"isPartOf\":{\"@id\":\"https:\\\/\\\/www.copealcoy.es\\\/es\\\/cocentaina-envia-la-seua-solidaritat-a-ucraina\\\/\"},\"author\":{\"name\":\"Cope Alcoy\",\"@id\":\"https:\\\/\\\/www.copealcoy.es\\\/es\\\/#\\\/schema\\\/person\\\/e777c87fa024e57d40170af9df39882c\"},\"headline\":\"Cocentaina envia la seua solidaritat a Ucra\u00efna\",\"datePublished\":\"2022-03-14T15:29:30+00:00\",\"dateModified\":\"2022-03-14T15:42:09+00:00\",\"mainEntityOfPage\":{\"@id\":\"https:\\\/\\\/www.copealcoy.es\\\/es\\\/cocentaina-envia-la-seua-solidaritat-a-ucraina\\\/\"},\"wordCount\":315,\"commentCount\":0,\"image\":{\"@id\":\"https:\\\/\\\/www.copealcoy.es\\\/es\\\/cocentaina-envia-la-seua-solidaritat-a-ucraina\\\/#primaryimage\"},\"thumbnailUrl\":\"https:\\\/\\\/www.copealcoy.es\\\/wp-content\\\/uploads\\\/2022\\\/03\\\/20220311_110049-scaled.jpg\",\"keywords\":[\"Cocentaina\",\"guerra\",\"Material\",\"Solidaridad\",\"Ucra\u00efna\"],\"articleSection\":[\"Comarcas\",\"Noticias\"],\"inLanguage\":\"es\"},{\"@type\":\"WebPage\",\"@id\":\"https:\\\/\\\/www.copealcoy.es\\\/es\\\/cocentaina-envia-la-seua-solidaritat-a-ucraina\\\/\",\"url\":\"https:\\\/\\\/www.copealcoy.es\\\/es\\\/cocentaina-envia-la-seua-solidaritat-a-ucraina\\\/\",\"name\":\"Cocentaina envia la seua solidaritat a Ucra\u00efna - COPE Alcoy\",\"isPartOf\":{\"@id\":\"https:\\\/\\\/www.copealcoy.es\\\/es\\\/#website\"},\"primaryImageOfPage\":{\"@id\":\"https:\\\/\\\/www.copealcoy.es\\\/es\\\/cocentaina-envia-la-seua-solidaritat-a-ucraina\\\/#primaryimage\"},\"image\":{\"@id\":\"https:\\\/\\\/www.copealcoy.es\\\/es\\\/cocentaina-envia-la-seua-solidaritat-a-ucraina\\\/#primaryimage\"},\"thumbnailUrl\":\"https:\\\/\\\/www.copealcoy.es\\\/wp-content\\\/uploads\\\/2022\\\/03\\\/20220311_110049-scaled.jpg\",\"datePublished\":\"2022-03-14T15:29:30+00:00\",\"dateModified\":\"2022-03-14T15:42:09+00:00\",\"author\":{\"@id\":\"https:\\\/\\\/www.copealcoy.es\\\/es\\\/#\\\/schema\\\/person\\\/e777c87fa024e57d40170af9df39882c\"},\"breadcrumb\":{\"@id\":\"https:\\\/\\\/www.copealcoy.es\\\/es\\\/cocentaina-envia-la-seua-solidaritat-a-ucraina\\\/#breadcrumb\"},\"inLanguage\":\"es\",\"potentialAction\":[{\"@type\":\"ReadAction\",\"target\":[\"https:\\\/\\\/www.copealcoy.es\\\/es\\\/cocentaina-envia-la-seua-solidaritat-a-ucraina\\\/\"]}]},{\"@type\":\"ImageObject\",\"inLanguage\":\"es\",\"@id\":\"https:\\\/\\\/www.copealcoy.es\\\/es\\\/cocentaina-envia-la-seua-solidaritat-a-ucraina\\\/#primaryimage\",\"url\":\"https:\\\/\\\/www.copealcoy.es\\\/wp-content\\\/uploads\\\/2022\\\/03\\\/20220311_110049-scaled.jpg\",\"contentUrl\":\"https:\\\/\\\/www.copealcoy.es\\\/wp-content\\\/uploads\\\/2022\\\/03\\\/20220311_110049-scaled.jpg\",\"width\":1260,\"height\":1080},{\"@type\":\"BreadcrumbList\",\"@id\":\"https:\\\/\\\/www.copealcoy.es\\\/es\\\/cocentaina-envia-la-seua-solidaritat-a-ucraina\\\/#breadcrumb\",\"itemListElement\":[{\"@type\":\"ListItem\",\"position\":1,\"name\":\"Portada\",\"item\":\"https:\\\/\\\/www.copealcoy.es\\\/es\\\/\"},{\"@type\":\"ListItem\",\"position\":2,\"name\":\"Cocentaina envia la seua solidaritat a Ucra\u00efna\"}]},{\"@type\":\"WebSite\",\"@id\":\"https:\\\/\\\/www.copealcoy.es\\\/es\\\/#website\",\"url\":\"https:\\\/\\\/www.copealcoy.es\\\/es\\\/\",\"name\":\"COPE Alcoy\",\"description\":\"Emisora COPE de radio local con emisi\u00f3n online. Pont de Sant Jordi 8-10 03803 Alcoy\",\"potentialAction\":[{\"@type\":\"SearchAction\",\"target\":{\"@type\":\"EntryPoint\",\"urlTemplate\":\"https:\\\/\\\/www.copealcoy.es\\\/es\\\/?s={search_term_string}\"},\"query-input\":{\"@type\":\"PropertyValueSpecification\",\"valueRequired\":true,\"valueName\":\"search_term_string\"}}],\"inLanguage\":\"es\"},{\"@type\":\"Person\",\"@id\":\"https:\\\/\\\/www.copealcoy.es\\\/es\\\/#\\\/schema\\\/person\\\/e777c87fa024e57d40170af9df39882c\",\"name\":\"Cope Alcoy\",\"image\":{\"@type\":\"ImageObject\",\"inLanguage\":\"es\",\"@id\":\"https:\\\/\\\/secure.gravatar.com\\\/avatar\\\/bb65d0283347e303893ba14f0692005417c1e0e690a325a4c5d8bb2b3943ee14?s=96&d=mm&r=g\",\"url\":\"https:\\\/\\\/secure.gravatar.com\\\/avatar\\\/bb65d0283347e303893ba14f0692005417c1e0e690a325a4c5d8bb2b3943ee14?s=96&d=mm&r=g\",\"contentUrl\":\"https:\\\/\\\/secure.gravatar.com\\\/avatar\\\/bb65d0283347e303893ba14f0692005417c1e0e690a325a4c5d8bb2b3943ee14?s=96&d=mm&r=g\",\"caption\":\"Cope Alcoy\"}}]}<\/script>\n<!-- \/ Yoast SEO plugin. -->","yoast_head_json":{"title":"Cocentaina envia la seua solidaritat a Ucra\u00efna - COPE Alcoy","robots":{"index":"index","follow":"follow","max-snippet":"max-snippet:-1","max-image-preview":"max-image-preview:large","max-video-preview":"max-video-preview:-1"},"canonical":"https:\/\/www.copealcoy.es\/es\/cocentaina-envia-la-seua-solidaritat-a-ucraina\/","og_locale":"es_ES","og_type":"article","og_title":"Cocentaina envia la seua solidaritat a Ucra\u00efna - COPE Alcoy","og_description":"Els contestans i les contestanes han mostrat la seua solidaritat amb el poble ucra\u00efn\u00e9s portant ajuda material per fer-la arribar...","og_url":"https:\/\/www.copealcoy.es\/es\/cocentaina-envia-la-seua-solidaritat-a-ucraina\/","og_site_name":"COPE Alcoy","article_published_time":"2022-03-14T15:29:30+00:00","article_modified_time":"2022-03-14T15:42:09+00:00","og_image":[{"width":1260,"height":1080,"url":"https:\/\/www.copealcoy.es\/wp-content\/uploads\/2022\/03\/20220311_110049-scaled.jpg","type":"image\/jpeg"}],"author":"Cope Alcoy","twitter_misc":{"Escrito por":"Cope Alcoy","Tiempo de lectura":"2 minutos"},"schema":{"@context":"https:\/\/schema.org","@graph":[{"@type":"Article","@id":"https:\/\/www.copealcoy.es\/es\/cocentaina-envia-la-seua-solidaritat-a-ucraina\/#article","isPartOf":{"@id":"https:\/\/www.copealcoy.es\/es\/cocentaina-envia-la-seua-solidaritat-a-ucraina\/"},"author":{"name":"Cope Alcoy","@id":"https:\/\/www.copealcoy.es\/es\/#\/schema\/person\/e777c87fa024e57d40170af9df39882c"},"headline":"Cocentaina envia la seua solidaritat a Ucra\u00efna","datePublished":"2022-03-14T15:29:30+00:00","dateModified":"2022-03-14T15:42:09+00:00","mainEntityOfPage":{"@id":"https:\/\/www.copealcoy.es\/es\/cocentaina-envia-la-seua-solidaritat-a-ucraina\/"},"wordCount":315,"commentCount":0,"image":{"@id":"https:\/\/www.copealcoy.es\/es\/cocentaina-envia-la-seua-solidaritat-a-ucraina\/#primaryimage"},"thumbnailUrl":"https:\/\/www.copealcoy.es\/wp-content\/uploads\/2022\/03\/20220311_110049-scaled.jpg","keywords":["Cocentaina","guerra","Material","Solidaridad","Ucra\u00efna"],"articleSection":["Comarcas","Noticias"],"inLanguage":"es"},{"@type":"WebPage","@id":"https:\/\/www.copealcoy.es\/es\/cocentaina-envia-la-seua-solidaritat-a-ucraina\/","url":"https:\/\/www.copealcoy.es\/es\/cocentaina-envia-la-seua-solidaritat-a-ucraina\/","name":"Cocentaina envia la seua solidaritat a Ucra\u00efna - COPE Alcoy","isPartOf":{"@id":"https:\/\/www.copealcoy.es\/es\/#website"},"primaryImageOfPage":{"@id":"https:\/\/www.copealcoy.es\/es\/cocentaina-envia-la-seua-solidaritat-a-ucraina\/#primaryimage"},"image":{"@id":"https:\/\/www.copealcoy.es\/es\/cocentaina-envia-la-seua-solidaritat-a-ucraina\/#primaryimage"},"thumbnailUrl":"https:\/\/www.copealcoy.es\/wp-content\/uploads\/2022\/03\/20220311_110049-scaled.jpg","datePublished":"2022-03-14T15:29:30+00:00","dateModified":"2022-03-14T15:42:09+00:00","author":{"@id":"https:\/\/www.copealcoy.es\/es\/#\/schema\/person\/e777c87fa024e57d40170af9df39882c"},"breadcrumb":{"@id":"https:\/\/www.copealcoy.es\/es\/cocentaina-envia-la-seua-solidaritat-a-ucraina\/#breadcrumb"},"inLanguage":"es","potentialAction":[{"@type":"ReadAction","target":["https:\/\/www.copealcoy.es\/es\/cocentaina-envia-la-seua-solidaritat-a-ucraina\/"]}]},{"@type":"ImageObject","inLanguage":"es","@id":"https:\/\/www.copealcoy.es\/es\/cocentaina-envia-la-seua-solidaritat-a-ucraina\/#primaryimage","url":"https:\/\/www.copealcoy.es\/wp-content\/uploads\/2022\/03\/20220311_110049-scaled.jpg","contentUrl":"https:\/\/www.copealcoy.es\/wp-content\/uploads\/2022\/03\/20220311_110049-scaled.jpg","width":1260,"height":1080},{"@type":"BreadcrumbList","@id":"https:\/\/www.copealcoy.es\/es\/cocentaina-envia-la-seua-solidaritat-a-ucraina\/#breadcrumb","itemListElement":[{"@type":"ListItem","position":1,"name":"Portada","item":"https:\/\/www.copealcoy.es\/es\/"},{"@type":"ListItem","position":2,"name":"Cocentaina envia la seua solidaritat a Ucra\u00efna"}]},{"@type":"WebSite","@id":"https:\/\/www.copealcoy.es\/es\/#website","url":"https:\/\/www.copealcoy.es\/es\/","name":"COPE Alcoy","description":"Emisora COPE de radio local con emisi\u00f3n online. Pont de Sant Jordi 8-10 03803 Alcoy","potentialAction":[{"@type":"SearchAction","target":{"@type":"EntryPoint","urlTemplate":"https:\/\/www.copealcoy.es\/es\/?s={search_term_string}"},"query-input":{"@type":"PropertyValueSpecification","valueRequired":true,"valueName":"search_term_string"}}],"inLanguage":"es"},{"@type":"Person","@id":"https:\/\/www.copealcoy.es\/es\/#\/schema\/person\/e777c87fa024e57d40170af9df39882c","name":"Cope Alcoy","image":{"@type":"ImageObject","inLanguage":"es","@id":"https:\/\/secure.gravatar.com\/avatar\/bb65d0283347e303893ba14f0692005417c1e0e690a325a4c5d8bb2b3943ee14?s=96&d=mm&r=g","url":"https:\/\/secure.gravatar.com\/avatar\/bb65d0283347e303893ba14f0692005417c1e0e690a325a4c5d8bb2b3943ee14?s=96&d=mm&r=g","contentUrl":"https:\/\/secure.gravatar.com\/avatar\/bb65d0283347e303893ba14f0692005417c1e0e690a325a4c5d8bb2b3943ee14?s=96&d=mm&r=g","caption":"Cope Alcoy"}}]}},"_links":{"self":[{"href":"https:\/\/www.copealcoy.es\/es\/wp-json\/wp\/v2\/posts\/84935","targetHints":{"allow":["GET"]}}],"collection":[{"href":"https:\/\/www.copealcoy.es\/es\/wp-json\/wp\/v2\/posts"}],"about":[{"href":"https:\/\/www.copealcoy.es\/es\/wp-json\/wp\/v2\/types\/post"}],"author":[{"embeddable":true,"href":"https:\/\/www.copealcoy.es\/es\/wp-json\/wp\/v2\/users\/1"}],"replies":[{"embeddable":true,"href":"https:\/\/www.copealcoy.es\/es\/wp-json\/wp\/v2\/comments?post=84935"}],"version-history":[{"count":0,"href":"https:\/\/www.copealcoy.es\/es\/wp-json\/wp\/v2\/posts\/84935\/revisions"}],"wp:featuredmedia":[{"embeddable":true,"href":"https:\/\/www.copealcoy.es\/es\/wp-json\/wp\/v2\/media\/84936"}],"wp:attachment":[{"href":"https:\/\/www.copealcoy.es\/es\/wp-json\/wp\/v2\/media?parent=84935"}],"wp:term":[{"taxonomy":"category","embeddable":true,"href":"https:\/\/www.copealcoy.es\/es\/wp-json\/wp\/v2\/categories?post=84935"},{"taxonomy":"post_tag","embeddable":true,"href":"https:\/\/www.copealcoy.es\/es\/wp-json\/wp\/v2\/tags?post=84935"}],"curies":[{"name":"wp","href":"https:\/\/api.w.org\/{rel}","templated":true}]}}