{"id":84894,"date":"2022-03-11T21:50:11","date_gmt":"2022-03-11T20:50:11","guid":{"rendered":"https:\/\/www.copealcoy.es\/?p=84894"},"modified":"2022-03-14T15:57:29","modified_gmt":"2022-03-14T14:57:29","slug":"alcoy-ya-tiene-presupuestos-para-2022","status":"publish","type":"post","link":"https:\/\/www.copealcoy.es\/es\/alcoy-ya-tiene-presupuestos-para-2022\/","title":{"rendered":"Alcoy ya tiene Presupuestos para 2022"},"content":{"rendered":"<p style=\"text-align: justify;\">El <strong>Pleno Extraordinario del Ayuntamiento de Alcoy<\/strong>, celebrado este viernes 11 de marzo, ha aprobado <strong>los Presupuestos Municipales para este 2022<\/strong>. Han salido adelante con <strong>el voto favorable del Gobierno Local del PSOE, Comprom\u00eds, Podem y el edil No Adscrito<\/strong> mientras que <strong>PP y VOX han votado en contra<\/strong> y <strong>se han abstenido Guanyar y Ciudadanos<\/strong>. La edil de Hacienda, <strong>Vanessa Molt\u00f3<\/strong>, recordaba al inicio de la sesi\u00f3n que las cuentas superan los 72\u20195 millones al mismo tiempo que prev\u00e9n unos 13\u20195 millones en inversiones entre las que tambi\u00e9n se contemplan los proyectos que se ejecutar\u00e1n a trav\u00e9s de los Fondos Next Generation de la Uni\u00f3 Europea que llegar\u00e1n a la ciudad:<\/p>\n<audio class=\"wp-audio-shortcode\" id=\"audio-84894-1\" preload=\"none\" style=\"width: 100%;\" controls=\"controls\"><source type=\"audio\/mpeg\" src=\"https:\/\/www.copealcoy.es\/wp-content\/uploads\/2022\/03\/2022.03.11-VANESSA-MOLTO-PRESUPUESTOS-MEDIODIA.mp3?_=1\" \/><a href=\"https:\/\/www.copealcoy.es\/wp-content\/uploads\/2022\/03\/2022.03.11-VANESSA-MOLTO-PRESUPUESTOS-MEDIODIA.mp3\">https:\/\/www.copealcoy.es\/wp-content\/uploads\/2022\/03\/2022.03.11-VANESSA-MOLTO-PRESUPUESTOS-MEDIODIA.mp3<\/a><\/audio>\n<p><strong>\u00a0<\/strong><\/p>\n<p style=\"text-align: justify;\">Podem Alcoi, Comprom\u00eds y el edil No Adscrito, como ya anunciaron ayer, <strong>han dado su respaldo a las cuentas<\/strong> al haberse incluido muchas de las propuestas que han presentado en materia de proyectos o mejoras en el mantenimiento de la ciudad. <strong>Cristian Santiago<\/strong> (portavoz de Podem), <strong>M\u00e0rius Ivorra<\/strong> (portavoz de Comprom\u00eds) y <strong>Marcos Mart\u00ednez<\/strong> (edil No Adscrito) justifican as\u00ed sus votos favorables:<\/p>\n<audio class=\"wp-audio-shortcode\" id=\"audio-84894-2\" preload=\"none\" style=\"width: 100%;\" controls=\"controls\"><source type=\"audio\/mpeg\" src=\"https:\/\/www.copealcoy.es\/wp-content\/uploads\/2022\/03\/2022.03.11-CRISTIAN-SANTIAGO-PRESUPUESTOS-MEDIODIA.mp3?_=2\" \/><a href=\"https:\/\/www.copealcoy.es\/wp-content\/uploads\/2022\/03\/2022.03.11-CRISTIAN-SANTIAGO-PRESUPUESTOS-MEDIODIA.mp3\">https:\/\/www.copealcoy.es\/wp-content\/uploads\/2022\/03\/2022.03.11-CRISTIAN-SANTIAGO-PRESUPUESTOS-MEDIODIA.mp3<\/a><\/audio>\n<audio class=\"wp-audio-shortcode\" id=\"audio-84894-3\" preload=\"none\" style=\"width: 100%;\" controls=\"controls\"><source type=\"audio\/mpeg\" src=\"https:\/\/www.copealcoy.es\/wp-content\/uploads\/2022\/03\/2022.03.11-MARIUS-IVORRA-PRESUPUESTOS-MEDIODIA.mp3?_=3\" \/><a href=\"https:\/\/www.copealcoy.es\/wp-content\/uploads\/2022\/03\/2022.03.11-MARIUS-IVORRA-PRESUPUESTOS-MEDIODIA.mp3\">https:\/\/www.copealcoy.es\/wp-content\/uploads\/2022\/03\/2022.03.11-MARIUS-IVORRA-PRESUPUESTOS-MEDIODIA.mp3<\/a><\/audio>\n<audio class=\"wp-audio-shortcode\" id=\"audio-84894-4\" preload=\"none\" style=\"width: 100%;\" controls=\"controls\"><source type=\"audio\/mpeg\" src=\"https:\/\/www.copealcoy.es\/wp-content\/uploads\/2022\/03\/2022.03.11-MARCOS-PRESUPUESTOS-MEDIODIA.mp3?_=4\" \/><a href=\"https:\/\/www.copealcoy.es\/wp-content\/uploads\/2022\/03\/2022.03.11-MARCOS-PRESUPUESTOS-MEDIODIA.mp3\">https:\/\/www.copealcoy.es\/wp-content\/uploads\/2022\/03\/2022.03.11-MARCOS-PRESUPUESTOS-MEDIODIA.mp3<\/a><\/audio>\n<p>&nbsp;<\/p>\n<p style=\"text-align: justify;\">Guanyar y Ciudadanos <strong>se han abstenido<\/strong>. Los primeros han denunciado que el Gobierno Local no ha tenido en cuenta algunas de sus propuestas que ellos han ido presentando en los diferentes plenos. Los segundos han reivindicado que echan en falta m\u00e1s apoyo a las pol\u00edticas industriales. As\u00ed lo han expresado <strong>Sandra Obiol <\/strong>(portavoz de Guanyar) y <strong>Rosa Garc\u00eda<\/strong> (portavoz de Ciudadanos):<\/p>\n<audio class=\"wp-audio-shortcode\" id=\"audio-84894-5\" preload=\"none\" style=\"width: 100%;\" controls=\"controls\"><source type=\"audio\/mpeg\" src=\"https:\/\/www.copealcoy.es\/wp-content\/uploads\/2022\/03\/2022.03.11-ROSA-GARCIA-PRESUPUESTOS-MEDIODIA.mp3?_=5\" \/><a href=\"https:\/\/www.copealcoy.es\/wp-content\/uploads\/2022\/03\/2022.03.11-ROSA-GARCIA-PRESUPUESTOS-MEDIODIA.mp3\">https:\/\/www.copealcoy.es\/wp-content\/uploads\/2022\/03\/2022.03.11-ROSA-GARCIA-PRESUPUESTOS-MEDIODIA.mp3<\/a><\/audio>\n<audio class=\"wp-audio-shortcode\" id=\"audio-84894-6\" preload=\"none\" style=\"width: 100%;\" controls=\"controls\"><source type=\"audio\/mpeg\" src=\"https:\/\/www.copealcoy.es\/wp-content\/uploads\/2022\/03\/2022.03.11-SANDRA-OBIOL-PRESUPUESTOS-MEDIODIA.mp3?_=6\" \/><a href=\"https:\/\/www.copealcoy.es\/wp-content\/uploads\/2022\/03\/2022.03.11-SANDRA-OBIOL-PRESUPUESTOS-MEDIODIA.mp3\">https:\/\/www.copealcoy.es\/wp-content\/uploads\/2022\/03\/2022.03.11-SANDRA-OBIOL-PRESUPUESTOS-MEDIODIA.mp3<\/a><\/audio>\n<p><strong>\u00a0<\/strong><\/p>\n<p style=\"text-align: justify;\">VOX y PP <strong>han rechazado el Presupuesto<\/strong> recordando que intervenci\u00f3n del Ayuntamiento ha advertido que las cuentas son irreales y pueden llevar al colapso econ\u00f3mico al Consistorio. Se ha rechazado tambi\u00e9n la enmienda a la totalidad que planteaba el PP para las cuentas. <strong>David Abad<\/strong> (portavoz de VOX) y <strong>Quique Ruiz<\/strong> (portavoz del PP) han destacado lo siguiente:<\/p>\n<audio class=\"wp-audio-shortcode\" id=\"audio-84894-7\" preload=\"none\" style=\"width: 100%;\" controls=\"controls\"><source type=\"audio\/mpeg\" src=\"https:\/\/www.copealcoy.es\/wp-content\/uploads\/2022\/03\/2022.03.11-DAVID-ABAD-PRESUPUESTOS-MEDIODIA.mp3?_=7\" \/><a href=\"https:\/\/www.copealcoy.es\/wp-content\/uploads\/2022\/03\/2022.03.11-DAVID-ABAD-PRESUPUESTOS-MEDIODIA.mp3\">https:\/\/www.copealcoy.es\/wp-content\/uploads\/2022\/03\/2022.03.11-DAVID-ABAD-PRESUPUESTOS-MEDIODIA.mp3<\/a><\/audio>\n<audio class=\"wp-audio-shortcode\" id=\"audio-84894-8\" preload=\"none\" style=\"width: 100%;\" controls=\"controls\"><source type=\"audio\/mpeg\" src=\"https:\/\/www.copealcoy.es\/wp-content\/uploads\/2022\/03\/2022.03.11-QUIQUE-RUIZ-PRESUPUESTOS-MEDIODIA.mp3?_=8\" \/><a href=\"https:\/\/www.copealcoy.es\/wp-content\/uploads\/2022\/03\/2022.03.11-QUIQUE-RUIZ-PRESUPUESTOS-MEDIODIA.mp3\">https:\/\/www.copealcoy.es\/wp-content\/uploads\/2022\/03\/2022.03.11-QUIQUE-RUIZ-PRESUPUESTOS-MEDIODIA.mp3<\/a><\/audio>\n<p>&nbsp;<\/p>\n<p style=\"text-align: justify;\">Finalmente el alcalde, <strong>Antonio Franc\u00e9s<\/strong>, ha agradecido a los grupos pol\u00edticos que han facilitado la aprobaci\u00f3n del Presupuesto. Tambi\u00e9n <strong>ha tendido la mano a los grupos pol\u00edticos de la Corporaci\u00f3n Local<\/strong> para trabajar conjuntamente, con el mayor consenso posible, de cara a lo que resta de legislatura:<\/p>\n<audio class=\"wp-audio-shortcode\" id=\"audio-84894-9\" preload=\"none\" style=\"width: 100%;\" controls=\"controls\"><source type=\"audio\/mpeg\" src=\"https:\/\/www.copealcoy.es\/wp-content\/uploads\/2022\/03\/2022.03.11-FRANCES-PRESUPUESTOS-MEDIODIA.mp3?_=9\" \/><a href=\"https:\/\/www.copealcoy.es\/wp-content\/uploads\/2022\/03\/2022.03.11-FRANCES-PRESUPUESTOS-MEDIODIA.mp3\">https:\/\/www.copealcoy.es\/wp-content\/uploads\/2022\/03\/2022.03.11-FRANCES-PRESUPUESTOS-MEDIODIA.mp3<\/a><\/audio>\n<p>&nbsp;<\/p>\n<p style=\"text-align: justify;\">Una vez aprobado, <strong>ahora arranca la tramitaci\u00f3n del Presupuesto<\/strong> para que entre en vigor en las pr\u00f3ximas semanas. De igual forma en el pleno de hoy <strong>ha salido adelante el Plan Estrat\u00e9gico de Subvenciones<\/strong> para el a\u00f1o 2022.<\/p>\n","protected":false},"excerpt":{"rendered":"<p>El Pleno Extraordinario del Ayuntamiento de Alcoy, celebrado este viernes 11 de marzo, ha aprobado los Presupuestos Municipales para este&#8230;<\/p>\n","protected":false},"author":1,"featured_media":84895,"comment_status":"open","ping_status":"open","sticky":false,"template":"","format":"standard","meta":{"footnotes":""},"categories":[6909,97,75,79],"tags":[11168,1494,276,229,1572],"class_list":["post-84894","post","type-post","status-publish","format-standard","has-post-thumbnail","hentry","category-actualidad","category-alcoy","category-noticias","category-politicayeconomia","tag-11168","tag-alcoy","tag-aprobacion","tag-ayuntamiento","tag-presupuestos-municipales"],"yoast_head":"<!-- This site is optimized with the Yoast SEO plugin v27.3 - https:\/\/yoast.com\/product\/yoast-seo-wordpress\/ -->\n<title>Alcoy ya tiene Presupuestos para 2022 - COPE Alcoy<\/title>\n<meta name=\"robots\" content=\"index, follow, max-snippet:-1, max-image-preview:large, max-video-preview:-1\" \/>\n<link rel=\"canonical\" href=\"https:\/\/www.copealcoy.es\/es\/alcoy-ya-tiene-presupuestos-para-2022\/\" \/>\n<meta property=\"og:locale\" content=\"es_ES\" \/>\n<meta property=\"og:type\" content=\"article\" \/>\n<meta property=\"og:title\" content=\"Alcoy ya tiene Presupuestos para 2022 - COPE Alcoy\" \/>\n<meta property=\"og:description\" content=\"El Pleno Extraordinario del Ayuntamiento de Alcoy, celebrado este viernes 11 de marzo, ha aprobado los Presupuestos Municipales para este...\" \/>\n<meta property=\"og:url\" content=\"https:\/\/www.copealcoy.es\/es\/alcoy-ya-tiene-presupuestos-para-2022\/\" \/>\n<meta property=\"og:site_name\" content=\"COPE Alcoy\" \/>\n<meta property=\"article:published_time\" content=\"2022-03-11T20:50:11+00:00\" \/>\n<meta property=\"article:modified_time\" content=\"2022-03-14T14:57:29+00:00\" \/>\n<meta property=\"og:image\" content=\"https:\/\/www.copealcoy.es\/wp-content\/uploads\/2022\/03\/275681619_7871588806200568_2166188648287860837_n.jpg\" \/>\n\t<meta property=\"og:image:width\" content=\"1024\" \/>\n\t<meta property=\"og:image:height\" content=\"768\" \/>\n\t<meta property=\"og:image:type\" content=\"image\/jpeg\" \/>\n<meta name=\"author\" content=\"Cope Alcoy\" \/>\n<meta name=\"twitter:label1\" content=\"Escrito por\" \/>\n\t<meta name=\"twitter:data1\" content=\"Cope Alcoy\" \/>\n\t<meta name=\"twitter:label2\" content=\"Tiempo de lectura\" \/>\n\t<meta name=\"twitter:data2\" content=\"2 minutos\" \/>\n<script type=\"application\/ld+json\" class=\"yoast-schema-graph\">{\"@context\":\"https:\\\/\\\/schema.org\",\"@graph\":[{\"@type\":\"Article\",\"@id\":\"https:\\\/\\\/www.copealcoy.es\\\/es\\\/alcoy-ya-tiene-presupuestos-para-2022\\\/#article\",\"isPartOf\":{\"@id\":\"https:\\\/\\\/www.copealcoy.es\\\/es\\\/alcoy-ya-tiene-presupuestos-para-2022\\\/\"},\"author\":{\"name\":\"Cope Alcoy\",\"@id\":\"https:\\\/\\\/www.copealcoy.es\\\/es\\\/#\\\/schema\\\/person\\\/e777c87fa024e57d40170af9df39882c\"},\"headline\":\"Alcoy ya tiene Presupuestos para 2022\",\"datePublished\":\"2022-03-11T20:50:11+00:00\",\"dateModified\":\"2022-03-14T14:57:29+00:00\",\"mainEntityOfPage\":{\"@id\":\"https:\\\/\\\/www.copealcoy.es\\\/es\\\/alcoy-ya-tiene-presupuestos-para-2022\\\/\"},\"wordCount\":507,\"commentCount\":0,\"image\":{\"@id\":\"https:\\\/\\\/www.copealcoy.es\\\/es\\\/alcoy-ya-tiene-presupuestos-para-2022\\\/#primaryimage\"},\"thumbnailUrl\":\"https:\\\/\\\/www.copealcoy.es\\\/wp-content\\\/uploads\\\/2022\\\/03\\\/275681619_7871588806200568_2166188648287860837_n.jpg\",\"keywords\":[\"2022\",\"Alcoy\",\"Aprobaci\u00f3n\",\"Ayuntamiento\",\"Presupuestos Municipales\"],\"articleSection\":[\"Actualidad\",\"Alcoy\",\"Noticias\",\"Pol\u00edtica y Econom\u00eda\"],\"inLanguage\":\"es\"},{\"@type\":\"WebPage\",\"@id\":\"https:\\\/\\\/www.copealcoy.es\\\/es\\\/alcoy-ya-tiene-presupuestos-para-2022\\\/\",\"url\":\"https:\\\/\\\/www.copealcoy.es\\\/es\\\/alcoy-ya-tiene-presupuestos-para-2022\\\/\",\"name\":\"Alcoy ya tiene Presupuestos para 2022 - COPE Alcoy\",\"isPartOf\":{\"@id\":\"https:\\\/\\\/www.copealcoy.es\\\/es\\\/#website\"},\"primaryImageOfPage\":{\"@id\":\"https:\\\/\\\/www.copealcoy.es\\\/es\\\/alcoy-ya-tiene-presupuestos-para-2022\\\/#primaryimage\"},\"image\":{\"@id\":\"https:\\\/\\\/www.copealcoy.es\\\/es\\\/alcoy-ya-tiene-presupuestos-para-2022\\\/#primaryimage\"},\"thumbnailUrl\":\"https:\\\/\\\/www.copealcoy.es\\\/wp-content\\\/uploads\\\/2022\\\/03\\\/275681619_7871588806200568_2166188648287860837_n.jpg\",\"datePublished\":\"2022-03-11T20:50:11+00:00\",\"dateModified\":\"2022-03-14T14:57:29+00:00\",\"author\":{\"@id\":\"https:\\\/\\\/www.copealcoy.es\\\/es\\\/#\\\/schema\\\/person\\\/e777c87fa024e57d40170af9df39882c\"},\"breadcrumb\":{\"@id\":\"https:\\\/\\\/www.copealcoy.es\\\/es\\\/alcoy-ya-tiene-presupuestos-para-2022\\\/#breadcrumb\"},\"inLanguage\":\"es\",\"potentialAction\":[{\"@type\":\"ReadAction\",\"target\":[\"https:\\\/\\\/www.copealcoy.es\\\/es\\\/alcoy-ya-tiene-presupuestos-para-2022\\\/\"]}]},{\"@type\":\"ImageObject\",\"inLanguage\":\"es\",\"@id\":\"https:\\\/\\\/www.copealcoy.es\\\/es\\\/alcoy-ya-tiene-presupuestos-para-2022\\\/#primaryimage\",\"url\":\"https:\\\/\\\/www.copealcoy.es\\\/wp-content\\\/uploads\\\/2022\\\/03\\\/275681619_7871588806200568_2166188648287860837_n.jpg\",\"contentUrl\":\"https:\\\/\\\/www.copealcoy.es\\\/wp-content\\\/uploads\\\/2022\\\/03\\\/275681619_7871588806200568_2166188648287860837_n.jpg\",\"width\":1024,\"height\":768},{\"@type\":\"BreadcrumbList\",\"@id\":\"https:\\\/\\\/www.copealcoy.es\\\/es\\\/alcoy-ya-tiene-presupuestos-para-2022\\\/#breadcrumb\",\"itemListElement\":[{\"@type\":\"ListItem\",\"position\":1,\"name\":\"Portada\",\"item\":\"https:\\\/\\\/www.copealcoy.es\\\/es\\\/\"},{\"@type\":\"ListItem\",\"position\":2,\"name\":\"Alcoy ya tiene Presupuestos para 2022\"}]},{\"@type\":\"WebSite\",\"@id\":\"https:\\\/\\\/www.copealcoy.es\\\/es\\\/#website\",\"url\":\"https:\\\/\\\/www.copealcoy.es\\\/es\\\/\",\"name\":\"COPE Alcoy\",\"description\":\"Emisora COPE de radio local con emisi\u00f3n online. Pont de Sant Jordi 8-10 03803 Alcoy\",\"potentialAction\":[{\"@type\":\"SearchAction\",\"target\":{\"@type\":\"EntryPoint\",\"urlTemplate\":\"https:\\\/\\\/www.copealcoy.es\\\/es\\\/?s={search_term_string}\"},\"query-input\":{\"@type\":\"PropertyValueSpecification\",\"valueRequired\":true,\"valueName\":\"search_term_string\"}}],\"inLanguage\":\"es\"},{\"@type\":\"Person\",\"@id\":\"https:\\\/\\\/www.copealcoy.es\\\/es\\\/#\\\/schema\\\/person\\\/e777c87fa024e57d40170af9df39882c\",\"name\":\"Cope Alcoy\",\"image\":{\"@type\":\"ImageObject\",\"inLanguage\":\"es\",\"@id\":\"https:\\\/\\\/secure.gravatar.com\\\/avatar\\\/bb65d0283347e303893ba14f0692005417c1e0e690a325a4c5d8bb2b3943ee14?s=96&d=mm&r=g\",\"url\":\"https:\\\/\\\/secure.gravatar.com\\\/avatar\\\/bb65d0283347e303893ba14f0692005417c1e0e690a325a4c5d8bb2b3943ee14?s=96&d=mm&r=g\",\"contentUrl\":\"https:\\\/\\\/secure.gravatar.com\\\/avatar\\\/bb65d0283347e303893ba14f0692005417c1e0e690a325a4c5d8bb2b3943ee14?s=96&d=mm&r=g\",\"caption\":\"Cope Alcoy\"}}]}<\/script>\n<!-- \/ Yoast SEO plugin. -->","yoast_head_json":{"title":"Alcoy ya tiene Presupuestos para 2022 - COPE Alcoy","robots":{"index":"index","follow":"follow","max-snippet":"max-snippet:-1","max-image-preview":"max-image-preview:large","max-video-preview":"max-video-preview:-1"},"canonical":"https:\/\/www.copealcoy.es\/es\/alcoy-ya-tiene-presupuestos-para-2022\/","og_locale":"es_ES","og_type":"article","og_title":"Alcoy ya tiene Presupuestos para 2022 - COPE Alcoy","og_description":"El Pleno Extraordinario del Ayuntamiento de Alcoy, celebrado este viernes 11 de marzo, ha aprobado los Presupuestos Municipales para este...","og_url":"https:\/\/www.copealcoy.es\/es\/alcoy-ya-tiene-presupuestos-para-2022\/","og_site_name":"COPE Alcoy","article_published_time":"2022-03-11T20:50:11+00:00","article_modified_time":"2022-03-14T14:57:29+00:00","og_image":[{"width":1024,"height":768,"url":"https:\/\/www.copealcoy.es\/wp-content\/uploads\/2022\/03\/275681619_7871588806200568_2166188648287860837_n.jpg","type":"image\/jpeg"}],"author":"Cope Alcoy","twitter_misc":{"Escrito por":"Cope Alcoy","Tiempo de lectura":"2 minutos"},"schema":{"@context":"https:\/\/schema.org","@graph":[{"@type":"Article","@id":"https:\/\/www.copealcoy.es\/es\/alcoy-ya-tiene-presupuestos-para-2022\/#article","isPartOf":{"@id":"https:\/\/www.copealcoy.es\/es\/alcoy-ya-tiene-presupuestos-para-2022\/"},"author":{"name":"Cope Alcoy","@id":"https:\/\/www.copealcoy.es\/es\/#\/schema\/person\/e777c87fa024e57d40170af9df39882c"},"headline":"Alcoy ya tiene Presupuestos para 2022","datePublished":"2022-03-11T20:50:11+00:00","dateModified":"2022-03-14T14:57:29+00:00","mainEntityOfPage":{"@id":"https:\/\/www.copealcoy.es\/es\/alcoy-ya-tiene-presupuestos-para-2022\/"},"wordCount":507,"commentCount":0,"image":{"@id":"https:\/\/www.copealcoy.es\/es\/alcoy-ya-tiene-presupuestos-para-2022\/#primaryimage"},"thumbnailUrl":"https:\/\/www.copealcoy.es\/wp-content\/uploads\/2022\/03\/275681619_7871588806200568_2166188648287860837_n.jpg","keywords":["2022","Alcoy","Aprobaci\u00f3n","Ayuntamiento","Presupuestos Municipales"],"articleSection":["Actualidad","Alcoy","Noticias","Pol\u00edtica y Econom\u00eda"],"inLanguage":"es"},{"@type":"WebPage","@id":"https:\/\/www.copealcoy.es\/es\/alcoy-ya-tiene-presupuestos-para-2022\/","url":"https:\/\/www.copealcoy.es\/es\/alcoy-ya-tiene-presupuestos-para-2022\/","name":"Alcoy ya tiene Presupuestos para 2022 - COPE Alcoy","isPartOf":{"@id":"https:\/\/www.copealcoy.es\/es\/#website"},"primaryImageOfPage":{"@id":"https:\/\/www.copealcoy.es\/es\/alcoy-ya-tiene-presupuestos-para-2022\/#primaryimage"},"image":{"@id":"https:\/\/www.copealcoy.es\/es\/alcoy-ya-tiene-presupuestos-para-2022\/#primaryimage"},"thumbnailUrl":"https:\/\/www.copealcoy.es\/wp-content\/uploads\/2022\/03\/275681619_7871588806200568_2166188648287860837_n.jpg","datePublished":"2022-03-11T20:50:11+00:00","dateModified":"2022-03-14T14:57:29+00:00","author":{"@id":"https:\/\/www.copealcoy.es\/es\/#\/schema\/person\/e777c87fa024e57d40170af9df39882c"},"breadcrumb":{"@id":"https:\/\/www.copealcoy.es\/es\/alcoy-ya-tiene-presupuestos-para-2022\/#breadcrumb"},"inLanguage":"es","potentialAction":[{"@type":"ReadAction","target":["https:\/\/www.copealcoy.es\/es\/alcoy-ya-tiene-presupuestos-para-2022\/"]}]},{"@type":"ImageObject","inLanguage":"es","@id":"https:\/\/www.copealcoy.es\/es\/alcoy-ya-tiene-presupuestos-para-2022\/#primaryimage","url":"https:\/\/www.copealcoy.es\/wp-content\/uploads\/2022\/03\/275681619_7871588806200568_2166188648287860837_n.jpg","contentUrl":"https:\/\/www.copealcoy.es\/wp-content\/uploads\/2022\/03\/275681619_7871588806200568_2166188648287860837_n.jpg","width":1024,"height":768},{"@type":"BreadcrumbList","@id":"https:\/\/www.copealcoy.es\/es\/alcoy-ya-tiene-presupuestos-para-2022\/#breadcrumb","itemListElement":[{"@type":"ListItem","position":1,"name":"Portada","item":"https:\/\/www.copealcoy.es\/es\/"},{"@type":"ListItem","position":2,"name":"Alcoy ya tiene Presupuestos para 2022"}]},{"@type":"WebSite","@id":"https:\/\/www.copealcoy.es\/es\/#website","url":"https:\/\/www.copealcoy.es\/es\/","name":"COPE Alcoy","description":"Emisora COPE de radio local con emisi\u00f3n online. Pont de Sant Jordi 8-10 03803 Alcoy","potentialAction":[{"@type":"SearchAction","target":{"@type":"EntryPoint","urlTemplate":"https:\/\/www.copealcoy.es\/es\/?s={search_term_string}"},"query-input":{"@type":"PropertyValueSpecification","valueRequired":true,"valueName":"search_term_string"}}],"inLanguage":"es"},{"@type":"Person","@id":"https:\/\/www.copealcoy.es\/es\/#\/schema\/person\/e777c87fa024e57d40170af9df39882c","name":"Cope Alcoy","image":{"@type":"ImageObject","inLanguage":"es","@id":"https:\/\/secure.gravatar.com\/avatar\/bb65d0283347e303893ba14f0692005417c1e0e690a325a4c5d8bb2b3943ee14?s=96&d=mm&r=g","url":"https:\/\/secure.gravatar.com\/avatar\/bb65d0283347e303893ba14f0692005417c1e0e690a325a4c5d8bb2b3943ee14?s=96&d=mm&r=g","contentUrl":"https:\/\/secure.gravatar.com\/avatar\/bb65d0283347e303893ba14f0692005417c1e0e690a325a4c5d8bb2b3943ee14?s=96&d=mm&r=g","caption":"Cope Alcoy"}}]}},"_links":{"self":[{"href":"https:\/\/www.copealcoy.es\/es\/wp-json\/wp\/v2\/posts\/84894","targetHints":{"allow":["GET"]}}],"collection":[{"href":"https:\/\/www.copealcoy.es\/es\/wp-json\/wp\/v2\/posts"}],"about":[{"href":"https:\/\/www.copealcoy.es\/es\/wp-json\/wp\/v2\/types\/post"}],"author":[{"embeddable":true,"href":"https:\/\/www.copealcoy.es\/es\/wp-json\/wp\/v2\/users\/1"}],"replies":[{"embeddable":true,"href":"https:\/\/www.copealcoy.es\/es\/wp-json\/wp\/v2\/comments?post=84894"}],"version-history":[{"count":0,"href":"https:\/\/www.copealcoy.es\/es\/wp-json\/wp\/v2\/posts\/84894\/revisions"}],"wp:featuredmedia":[{"embeddable":true,"href":"https:\/\/www.copealcoy.es\/es\/wp-json\/wp\/v2\/media\/84895"}],"wp:attachment":[{"href":"https:\/\/www.copealcoy.es\/es\/wp-json\/wp\/v2\/media?parent=84894"}],"wp:term":[{"taxonomy":"category","embeddable":true,"href":"https:\/\/www.copealcoy.es\/es\/wp-json\/wp\/v2\/categories?post=84894"},{"taxonomy":"post_tag","embeddable":true,"href":"https:\/\/www.copealcoy.es\/es\/wp-json\/wp\/v2\/tags?post=84894"}],"curies":[{"name":"wp","href":"https:\/\/api.w.org\/{rel}","templated":true}]}}