{"id":84872,"date":"2022-03-11T16:12:03","date_gmt":"2022-03-11T15:12:03","guid":{"rendered":"https:\/\/www.copealcoy.es\/?p=84872"},"modified":"2022-03-11T16:26:08","modified_gmt":"2022-03-11T15:26:08","slug":"la-contestana-veronica-canto-nova-presidenta-de-lavl","status":"publish","type":"post","link":"https:\/\/www.copealcoy.es\/es\/la-contestana-veronica-canto-nova-presidenta-de-lavl\/","title":{"rendered":"La contestana Ver\u00f2nica Cant\u00f3, nova Presidenta de l&#8217;AVL"},"content":{"rendered":"<p style=\"text-align: justify;\">El Ple extraordinari de l\u2019AVL, <strong>celebrat aquest mat\u00ed<\/strong>, ha elegit, per una \u00e0mplia majoria, <strong>la contestana Ver\u00f2nica Cant\u00f3<\/strong> com a <strong>presidenta d\u2019aquesta instituci\u00f3<\/strong>. En l\u2019actualitat <strong>ocupava el c\u00e0rrec de secret\u00e0ria<\/strong>, i en\u00a0aquestes eleccions es presentava com a <strong>\u00fanica candidata<\/strong> a la Presid\u00e8ncia de l\u2019Acad\u00e8mia Valenciana de la Llengua.<\/p>\n<p style=\"text-align: justify;\">Despr\u00e9s <strong>s\u2019han votat la resta de candidats<\/strong> a ocupar els c\u00e0rrecs que conformen la Junta de Govern. <strong>Joan Rafael Ramos<\/strong> ha sigut elegit, per la quasi totalitat dels vots, per a ocupar la Vicepresid\u00e8ncia, c\u00e0rrec que ja ocupava en l\u2019actualitat;<strong> Immaculada Cerd\u00e0<\/strong>, que en l\u2019anterior Junta de Govern ocupava el c\u00e0rrec de vocal, ha sigut elegida, per unanimitat, secret\u00e0ria de l\u2019AVL. Per a ocupar la primera vocalia ha sigut elegida, per unanimitat, <strong>Maria \u00c0ngels Franc\u00e9s<\/strong>, que entra per primera vegada en la Junta de Govern, i la segona vocalia l\u2019ocupar\u00e0 <strong>Artur <span class=\"hiddenSpellError\">Ahuir<\/span><\/strong>, que tamb\u00e9 ha sigut elegit per la quasi totalitat dels sufragis.<\/p>\n<p style=\"text-align: justify;\">La nova presidenta<strong> prendr\u00e0 possessi\u00f3 del c\u00e0rrec en data pr\u00f2xima i en acte solemne<\/strong>, tal com preveu <strong>la Llei<\/strong> de Creaci\u00f3 de l\u2019Acad\u00e8mia Valenciana de la Llengua.<\/p>\n","protected":false},"excerpt":{"rendered":"<p>El Ple extraordinari de l\u2019AVL, celebrat aquest mat\u00ed, ha elegit, per una \u00e0mplia majoria, la contestana Ver\u00f2nica Cant\u00f3 com a&#8230;<\/p>\n","protected":false},"author":1,"featured_media":84873,"comment_status":"open","ping_status":"open","sticky":false,"template":"","format":"standard","meta":{"footnotes":""},"categories":[98,75],"tags":[12069,12522,132,11225,12521],"class_list":["post-84872","post","type-post","status-publish","format-standard","has-post-thumbnail","hentry","category-comarcas","category-noticias","tag-academia-valenciana-de-la-llengua","tag-avl","tag-cocentaina","tag-presidenta","tag-veronica-canto"],"yoast_head":"<!-- This site is optimized with the Yoast SEO plugin v27.3 - https:\/\/yoast.com\/product\/yoast-seo-wordpress\/ -->\n<title>La contestana Ver\u00f2nica Cant\u00f3, nova Presidenta de l&#039;AVL - COPE Alcoy<\/title>\n<meta name=\"robots\" content=\"index, follow, max-snippet:-1, max-image-preview:large, max-video-preview:-1\" \/>\n<link rel=\"canonical\" href=\"https:\/\/www.copealcoy.es\/es\/la-contestana-veronica-canto-nova-presidenta-de-lavl\/\" \/>\n<meta property=\"og:locale\" content=\"es_ES\" \/>\n<meta property=\"og:type\" content=\"article\" \/>\n<meta property=\"og:title\" content=\"La contestana Ver\u00f2nica Cant\u00f3, nova Presidenta de l&#039;AVL - COPE Alcoy\" \/>\n<meta property=\"og:description\" content=\"El Ple extraordinari de l\u2019AVL, celebrat aquest mat\u00ed, ha elegit, per una \u00e0mplia majoria, la contestana Ver\u00f2nica Cant\u00f3 com a...\" \/>\n<meta property=\"og:url\" content=\"https:\/\/www.copealcoy.es\/es\/la-contestana-veronica-canto-nova-presidenta-de-lavl\/\" \/>\n<meta property=\"og:site_name\" content=\"COPE Alcoy\" \/>\n<meta property=\"article:published_time\" content=\"2022-03-11T15:12:03+00:00\" \/>\n<meta property=\"article:modified_time\" content=\"2022-03-11T15:26:08+00:00\" \/>\n<meta property=\"og:image\" content=\"https:\/\/www.copealcoy.es\/wp-content\/uploads\/2022\/03\/275566322_4443278402444983_2098879041357690282_n.jpg\" \/>\n\t<meta property=\"og:image:width\" content=\"960\" \/>\n\t<meta property=\"og:image:height\" content=\"640\" \/>\n\t<meta property=\"og:image:type\" content=\"image\/jpeg\" \/>\n<meta name=\"author\" content=\"Cope Alcoy\" \/>\n<meta name=\"twitter:label1\" content=\"Escrito por\" \/>\n\t<meta name=\"twitter:data1\" content=\"Cope Alcoy\" \/>\n\t<meta name=\"twitter:label2\" content=\"Tiempo de lectura\" \/>\n\t<meta name=\"twitter:data2\" content=\"1 minuto\" \/>\n<script type=\"application\/ld+json\" class=\"yoast-schema-graph\">{\"@context\":\"https:\\\/\\\/schema.org\",\"@graph\":[{\"@type\":\"Article\",\"@id\":\"https:\\\/\\\/www.copealcoy.es\\\/es\\\/la-contestana-veronica-canto-nova-presidenta-de-lavl\\\/#article\",\"isPartOf\":{\"@id\":\"https:\\\/\\\/www.copealcoy.es\\\/es\\\/la-contestana-veronica-canto-nova-presidenta-de-lavl\\\/\"},\"author\":{\"name\":\"Cope Alcoy\",\"@id\":\"https:\\\/\\\/www.copealcoy.es\\\/es\\\/#\\\/schema\\\/person\\\/e777c87fa024e57d40170af9df39882c\"},\"headline\":\"La contestana Ver\u00f2nica Cant\u00f3, nova Presidenta de l&#8217;AVL\",\"datePublished\":\"2022-03-11T15:12:03+00:00\",\"dateModified\":\"2022-03-11T15:26:08+00:00\",\"mainEntityOfPage\":{\"@id\":\"https:\\\/\\\/www.copealcoy.es\\\/es\\\/la-contestana-veronica-canto-nova-presidenta-de-lavl\\\/\"},\"wordCount\":214,\"commentCount\":0,\"image\":{\"@id\":\"https:\\\/\\\/www.copealcoy.es\\\/es\\\/la-contestana-veronica-canto-nova-presidenta-de-lavl\\\/#primaryimage\"},\"thumbnailUrl\":\"https:\\\/\\\/www.copealcoy.es\\\/wp-content\\\/uploads\\\/2022\\\/03\\\/275566322_4443278402444983_2098879041357690282_n.jpg\",\"keywords\":[\"Acad\u00e8mia Valenciana de la Llengua\",\"AVL\",\"Cocentaina\",\"Presidenta\",\"Ver\u00f2nica Cant\u00f3\"],\"articleSection\":[\"Comarcas\",\"Noticias\"],\"inLanguage\":\"es\"},{\"@type\":\"WebPage\",\"@id\":\"https:\\\/\\\/www.copealcoy.es\\\/es\\\/la-contestana-veronica-canto-nova-presidenta-de-lavl\\\/\",\"url\":\"https:\\\/\\\/www.copealcoy.es\\\/es\\\/la-contestana-veronica-canto-nova-presidenta-de-lavl\\\/\",\"name\":\"La contestana Ver\u00f2nica Cant\u00f3, nova Presidenta de l'AVL - COPE Alcoy\",\"isPartOf\":{\"@id\":\"https:\\\/\\\/www.copealcoy.es\\\/es\\\/#website\"},\"primaryImageOfPage\":{\"@id\":\"https:\\\/\\\/www.copealcoy.es\\\/es\\\/la-contestana-veronica-canto-nova-presidenta-de-lavl\\\/#primaryimage\"},\"image\":{\"@id\":\"https:\\\/\\\/www.copealcoy.es\\\/es\\\/la-contestana-veronica-canto-nova-presidenta-de-lavl\\\/#primaryimage\"},\"thumbnailUrl\":\"https:\\\/\\\/www.copealcoy.es\\\/wp-content\\\/uploads\\\/2022\\\/03\\\/275566322_4443278402444983_2098879041357690282_n.jpg\",\"datePublished\":\"2022-03-11T15:12:03+00:00\",\"dateModified\":\"2022-03-11T15:26:08+00:00\",\"author\":{\"@id\":\"https:\\\/\\\/www.copealcoy.es\\\/es\\\/#\\\/schema\\\/person\\\/e777c87fa024e57d40170af9df39882c\"},\"breadcrumb\":{\"@id\":\"https:\\\/\\\/www.copealcoy.es\\\/es\\\/la-contestana-veronica-canto-nova-presidenta-de-lavl\\\/#breadcrumb\"},\"inLanguage\":\"es\",\"potentialAction\":[{\"@type\":\"ReadAction\",\"target\":[\"https:\\\/\\\/www.copealcoy.es\\\/es\\\/la-contestana-veronica-canto-nova-presidenta-de-lavl\\\/\"]}]},{\"@type\":\"ImageObject\",\"inLanguage\":\"es\",\"@id\":\"https:\\\/\\\/www.copealcoy.es\\\/es\\\/la-contestana-veronica-canto-nova-presidenta-de-lavl\\\/#primaryimage\",\"url\":\"https:\\\/\\\/www.copealcoy.es\\\/wp-content\\\/uploads\\\/2022\\\/03\\\/275566322_4443278402444983_2098879041357690282_n.jpg\",\"contentUrl\":\"https:\\\/\\\/www.copealcoy.es\\\/wp-content\\\/uploads\\\/2022\\\/03\\\/275566322_4443278402444983_2098879041357690282_n.jpg\",\"width\":960,\"height\":640},{\"@type\":\"BreadcrumbList\",\"@id\":\"https:\\\/\\\/www.copealcoy.es\\\/es\\\/la-contestana-veronica-canto-nova-presidenta-de-lavl\\\/#breadcrumb\",\"itemListElement\":[{\"@type\":\"ListItem\",\"position\":1,\"name\":\"Portada\",\"item\":\"https:\\\/\\\/www.copealcoy.es\\\/es\\\/\"},{\"@type\":\"ListItem\",\"position\":2,\"name\":\"La contestana Ver\u00f2nica Cant\u00f3, nova Presidenta de l&#8217;AVL\"}]},{\"@type\":\"WebSite\",\"@id\":\"https:\\\/\\\/www.copealcoy.es\\\/es\\\/#website\",\"url\":\"https:\\\/\\\/www.copealcoy.es\\\/es\\\/\",\"name\":\"COPE Alcoy\",\"description\":\"Emisora COPE de radio local con emisi\u00f3n online. Pont de Sant Jordi 8-10 03803 Alcoy\",\"potentialAction\":[{\"@type\":\"SearchAction\",\"target\":{\"@type\":\"EntryPoint\",\"urlTemplate\":\"https:\\\/\\\/www.copealcoy.es\\\/es\\\/?s={search_term_string}\"},\"query-input\":{\"@type\":\"PropertyValueSpecification\",\"valueRequired\":true,\"valueName\":\"search_term_string\"}}],\"inLanguage\":\"es\"},{\"@type\":\"Person\",\"@id\":\"https:\\\/\\\/www.copealcoy.es\\\/es\\\/#\\\/schema\\\/person\\\/e777c87fa024e57d40170af9df39882c\",\"name\":\"Cope Alcoy\",\"image\":{\"@type\":\"ImageObject\",\"inLanguage\":\"es\",\"@id\":\"https:\\\/\\\/secure.gravatar.com\\\/avatar\\\/bb65d0283347e303893ba14f0692005417c1e0e690a325a4c5d8bb2b3943ee14?s=96&d=mm&r=g\",\"url\":\"https:\\\/\\\/secure.gravatar.com\\\/avatar\\\/bb65d0283347e303893ba14f0692005417c1e0e690a325a4c5d8bb2b3943ee14?s=96&d=mm&r=g\",\"contentUrl\":\"https:\\\/\\\/secure.gravatar.com\\\/avatar\\\/bb65d0283347e303893ba14f0692005417c1e0e690a325a4c5d8bb2b3943ee14?s=96&d=mm&r=g\",\"caption\":\"Cope Alcoy\"}}]}<\/script>\n<!-- \/ Yoast SEO plugin. -->","yoast_head_json":{"title":"La contestana Ver\u00f2nica Cant\u00f3, nova Presidenta de l'AVL - COPE Alcoy","robots":{"index":"index","follow":"follow","max-snippet":"max-snippet:-1","max-image-preview":"max-image-preview:large","max-video-preview":"max-video-preview:-1"},"canonical":"https:\/\/www.copealcoy.es\/es\/la-contestana-veronica-canto-nova-presidenta-de-lavl\/","og_locale":"es_ES","og_type":"article","og_title":"La contestana Ver\u00f2nica Cant\u00f3, nova Presidenta de l'AVL - COPE Alcoy","og_description":"El Ple extraordinari de l\u2019AVL, celebrat aquest mat\u00ed, ha elegit, per una \u00e0mplia majoria, la contestana Ver\u00f2nica Cant\u00f3 com a...","og_url":"https:\/\/www.copealcoy.es\/es\/la-contestana-veronica-canto-nova-presidenta-de-lavl\/","og_site_name":"COPE Alcoy","article_published_time":"2022-03-11T15:12:03+00:00","article_modified_time":"2022-03-11T15:26:08+00:00","og_image":[{"width":960,"height":640,"url":"https:\/\/www.copealcoy.es\/wp-content\/uploads\/2022\/03\/275566322_4443278402444983_2098879041357690282_n.jpg","type":"image\/jpeg"}],"author":"Cope Alcoy","twitter_misc":{"Escrito por":"Cope Alcoy","Tiempo de lectura":"1 minuto"},"schema":{"@context":"https:\/\/schema.org","@graph":[{"@type":"Article","@id":"https:\/\/www.copealcoy.es\/es\/la-contestana-veronica-canto-nova-presidenta-de-lavl\/#article","isPartOf":{"@id":"https:\/\/www.copealcoy.es\/es\/la-contestana-veronica-canto-nova-presidenta-de-lavl\/"},"author":{"name":"Cope Alcoy","@id":"https:\/\/www.copealcoy.es\/es\/#\/schema\/person\/e777c87fa024e57d40170af9df39882c"},"headline":"La contestana Ver\u00f2nica Cant\u00f3, nova Presidenta de l&#8217;AVL","datePublished":"2022-03-11T15:12:03+00:00","dateModified":"2022-03-11T15:26:08+00:00","mainEntityOfPage":{"@id":"https:\/\/www.copealcoy.es\/es\/la-contestana-veronica-canto-nova-presidenta-de-lavl\/"},"wordCount":214,"commentCount":0,"image":{"@id":"https:\/\/www.copealcoy.es\/es\/la-contestana-veronica-canto-nova-presidenta-de-lavl\/#primaryimage"},"thumbnailUrl":"https:\/\/www.copealcoy.es\/wp-content\/uploads\/2022\/03\/275566322_4443278402444983_2098879041357690282_n.jpg","keywords":["Acad\u00e8mia Valenciana de la Llengua","AVL","Cocentaina","Presidenta","Ver\u00f2nica Cant\u00f3"],"articleSection":["Comarcas","Noticias"],"inLanguage":"es"},{"@type":"WebPage","@id":"https:\/\/www.copealcoy.es\/es\/la-contestana-veronica-canto-nova-presidenta-de-lavl\/","url":"https:\/\/www.copealcoy.es\/es\/la-contestana-veronica-canto-nova-presidenta-de-lavl\/","name":"La contestana Ver\u00f2nica Cant\u00f3, nova Presidenta de l'AVL - COPE Alcoy","isPartOf":{"@id":"https:\/\/www.copealcoy.es\/es\/#website"},"primaryImageOfPage":{"@id":"https:\/\/www.copealcoy.es\/es\/la-contestana-veronica-canto-nova-presidenta-de-lavl\/#primaryimage"},"image":{"@id":"https:\/\/www.copealcoy.es\/es\/la-contestana-veronica-canto-nova-presidenta-de-lavl\/#primaryimage"},"thumbnailUrl":"https:\/\/www.copealcoy.es\/wp-content\/uploads\/2022\/03\/275566322_4443278402444983_2098879041357690282_n.jpg","datePublished":"2022-03-11T15:12:03+00:00","dateModified":"2022-03-11T15:26:08+00:00","author":{"@id":"https:\/\/www.copealcoy.es\/es\/#\/schema\/person\/e777c87fa024e57d40170af9df39882c"},"breadcrumb":{"@id":"https:\/\/www.copealcoy.es\/es\/la-contestana-veronica-canto-nova-presidenta-de-lavl\/#breadcrumb"},"inLanguage":"es","potentialAction":[{"@type":"ReadAction","target":["https:\/\/www.copealcoy.es\/es\/la-contestana-veronica-canto-nova-presidenta-de-lavl\/"]}]},{"@type":"ImageObject","inLanguage":"es","@id":"https:\/\/www.copealcoy.es\/es\/la-contestana-veronica-canto-nova-presidenta-de-lavl\/#primaryimage","url":"https:\/\/www.copealcoy.es\/wp-content\/uploads\/2022\/03\/275566322_4443278402444983_2098879041357690282_n.jpg","contentUrl":"https:\/\/www.copealcoy.es\/wp-content\/uploads\/2022\/03\/275566322_4443278402444983_2098879041357690282_n.jpg","width":960,"height":640},{"@type":"BreadcrumbList","@id":"https:\/\/www.copealcoy.es\/es\/la-contestana-veronica-canto-nova-presidenta-de-lavl\/#breadcrumb","itemListElement":[{"@type":"ListItem","position":1,"name":"Portada","item":"https:\/\/www.copealcoy.es\/es\/"},{"@type":"ListItem","position":2,"name":"La contestana Ver\u00f2nica Cant\u00f3, nova Presidenta de l&#8217;AVL"}]},{"@type":"WebSite","@id":"https:\/\/www.copealcoy.es\/es\/#website","url":"https:\/\/www.copealcoy.es\/es\/","name":"COPE Alcoy","description":"Emisora COPE de radio local con emisi\u00f3n online. Pont de Sant Jordi 8-10 03803 Alcoy","potentialAction":[{"@type":"SearchAction","target":{"@type":"EntryPoint","urlTemplate":"https:\/\/www.copealcoy.es\/es\/?s={search_term_string}"},"query-input":{"@type":"PropertyValueSpecification","valueRequired":true,"valueName":"search_term_string"}}],"inLanguage":"es"},{"@type":"Person","@id":"https:\/\/www.copealcoy.es\/es\/#\/schema\/person\/e777c87fa024e57d40170af9df39882c","name":"Cope Alcoy","image":{"@type":"ImageObject","inLanguage":"es","@id":"https:\/\/secure.gravatar.com\/avatar\/bb65d0283347e303893ba14f0692005417c1e0e690a325a4c5d8bb2b3943ee14?s=96&d=mm&r=g","url":"https:\/\/secure.gravatar.com\/avatar\/bb65d0283347e303893ba14f0692005417c1e0e690a325a4c5d8bb2b3943ee14?s=96&d=mm&r=g","contentUrl":"https:\/\/secure.gravatar.com\/avatar\/bb65d0283347e303893ba14f0692005417c1e0e690a325a4c5d8bb2b3943ee14?s=96&d=mm&r=g","caption":"Cope Alcoy"}}]}},"_links":{"self":[{"href":"https:\/\/www.copealcoy.es\/es\/wp-json\/wp\/v2\/posts\/84872","targetHints":{"allow":["GET"]}}],"collection":[{"href":"https:\/\/www.copealcoy.es\/es\/wp-json\/wp\/v2\/posts"}],"about":[{"href":"https:\/\/www.copealcoy.es\/es\/wp-json\/wp\/v2\/types\/post"}],"author":[{"embeddable":true,"href":"https:\/\/www.copealcoy.es\/es\/wp-json\/wp\/v2\/users\/1"}],"replies":[{"embeddable":true,"href":"https:\/\/www.copealcoy.es\/es\/wp-json\/wp\/v2\/comments?post=84872"}],"version-history":[{"count":0,"href":"https:\/\/www.copealcoy.es\/es\/wp-json\/wp\/v2\/posts\/84872\/revisions"}],"wp:featuredmedia":[{"embeddable":true,"href":"https:\/\/www.copealcoy.es\/es\/wp-json\/wp\/v2\/media\/84873"}],"wp:attachment":[{"href":"https:\/\/www.copealcoy.es\/es\/wp-json\/wp\/v2\/media?parent=84872"}],"wp:term":[{"taxonomy":"category","embeddable":true,"href":"https:\/\/www.copealcoy.es\/es\/wp-json\/wp\/v2\/categories?post=84872"},{"taxonomy":"post_tag","embeddable":true,"href":"https:\/\/www.copealcoy.es\/es\/wp-json\/wp\/v2\/tags?post=84872"}],"curies":[{"name":"wp","href":"https:\/\/api.w.org\/{rel}","templated":true}]}}