{"id":84848,"date":"2022-03-11T08:22:41","date_gmt":"2022-03-11T07:22:41","guid":{"rendered":"https:\/\/www.copealcoy.es\/?p=84848"},"modified":"2022-03-11T09:43:44","modified_gmt":"2022-03-11T08:43:44","slug":"la-festa-del-llibre-torna-de-nou-a-muro","status":"publish","type":"post","link":"https:\/\/www.copealcoy.es\/es\/la-festa-del-llibre-torna-de-nou-a-muro\/","title":{"rendered":"La Festa del Llibre torna de nou a Muro"},"content":{"rendered":"<p style=\"text-align: justify;\">Muro ha presentat <strong>la XVII edici\u00f3 de la Festa del Llibre<\/strong>, un esdeveniment que <strong>torna a celebrar-se enguany a principis de la primavera<\/strong>. Ser\u00e0 <strong>entre el 24 de mar\u00e7 i el 3 d&#8217;abril<\/strong> segons ha comunicat el Consistori.<\/p>\n<p style=\"text-align: justify;\">El <strong>plat fort<\/strong> del cicle literari tornen a ser <strong>les confer\u00e8ncies<\/strong>. En aquesta ocasi\u00f3\u00a0<strong>passaran\u00a0per Muro<\/strong> Gemma Molt\u00f3 i Helga P\u00e9rez per tal de presentar \u201cLa literatura il\u00b7lustrada: zoo\u00a0il\u00b7lustrat\u201d,\u00a0<span class=\"hiddenSpellError\">Nieves<\/span>\u00a0<span class=\"hiddenSpellError\">Concostrina<\/span>\u00a0amb \u201c<span class=\"hiddenSpellError\">Cualquier<\/span>\u00a0<span class=\"hiddenSpellError\">Tiempo<\/span>\u00a0<span class=\"hiddenSpellError\">pasado<\/span>\u00a0<span class=\"hiddenSpellError\">fue<\/span>\u00a0anterior\u201d i Marta\u00a0<span class=\"hiddenSpellError\">Robles<\/span>\u00a0amb \u201cLa\u00a0<span class=\"hiddenSpellError\">novela<\/span>\u00a0negra del\u00a0<span class=\"hiddenSpellError\">siglo<\/span>\u00a0XXI,\u00a0<span class=\"hiddenGrammarError\">el espejo<\/span>\u00a0de la\u00a0<span class=\"hiddenSpellError\">sociedad<\/span>\u201d. Tamb\u00e9 estaran Ferran Garcia \u2013 Oliver amb la pon\u00e8ncia \u201cLa b\u00e8stia en qu\u00e8 cavalquem: el dietari enfront del pas del temps\u201d, Juli\u00a0<span class=\"hiddenSpellError\">Capilla<\/span>\u00a0oferir\u00e0 \u201cI per qu\u00e8 cal llegir? El fant\u00e0stic m\u00f3n dels llibres, la literatura i la paraula\u201d i\u00a0<span class=\"hiddenSpellError\">Gonzalo<\/span>\u00a0<span class=\"hiddenGreenError\">Giner<\/span>\u00a0abordar\u00e0 diferents\u00a0q\u00fcestions\u00a0amb la xarrada \u201cUna\u00a0<span class=\"hiddenSpellError\">historia<\/span>\u00a0en la\u00a0<span class=\"hiddenSpellError\">cautivadora<\/span>\u00a0<span class=\"hiddenSpellError\">\u00c1frica<\/span>\u201d. Totes aquestes propostes <strong>tindran aforament limitat<\/strong> i s\u2019haur\u00e0 de telefonar a la Biblioteca per poder-hi\u00a0assistir.<\/p>\n<p style=\"text-align: justify;\">La Festa del Llibre <strong>es completa amb activitats escolars, teatre, tallers o una Mostra de Llibreries Locals<\/strong> en la vesprada de l&#8217;1 d&#8217;abril aix\u00ed com un ample ventall d&#8217; <strong>exposicions culturals<\/strong>. La\u00a0<strong>programaci\u00f3\u00a0completa<\/strong> <a href=\"http:\/\/www.vilademuro.net\/wp-content\/uploads\/2022\/03\/PROGRAMACIO-I-ACTIVITATS-FESTA-LLIBRE-2022.pdf\"><span style=\"color: #0000ff;\"><strong>la pots consultar ac\u00ed<\/strong><\/span><\/a>. Finalment el 2 d&#8217;abril<strong> un concert de &#8216;<span class=\"hiddenSpellError\">Luar<\/span>\u00a0Na\u00a0<span class=\"hiddenSpellError\">Lubre&#8217;<\/span> <\/strong>al Centre Cultural tancar\u00e0 aquest esdeveniment.<\/p>\n","protected":false},"excerpt":{"rendered":"<p>Muro ha presentat la XVII edici\u00f3 de la Festa del Llibre, un esdeveniment que torna a celebrar-se enguany a principis&#8230;<\/p>\n","protected":false},"author":1,"featured_media":84849,"comment_status":"open","ping_status":"open","sticky":false,"template":"","format":"standard","meta":{"footnotes":""},"categories":[6909,98,75,125],"tags":[626,1052,135,9625],"class_list":["post-84848","post","type-post","status-publish","format-standard","has-post-thumbnail","hentry","category-actualidad","category-comarcas","category-noticias","category-portada","tag-certamen","tag-festa-del-llibre","tag-muro","tag-presentacio"],"yoast_head":"<!-- This site is optimized with the Yoast SEO plugin v27.3 - https:\/\/yoast.com\/product\/yoast-seo-wordpress\/ -->\n<title>La Festa del Llibre torna de nou a Muro - COPE Alcoy<\/title>\n<meta name=\"robots\" content=\"index, follow, max-snippet:-1, max-image-preview:large, max-video-preview:-1\" \/>\n<link rel=\"canonical\" href=\"https:\/\/www.copealcoy.es\/es\/la-festa-del-llibre-torna-de-nou-a-muro\/\" \/>\n<meta property=\"og:locale\" content=\"es_ES\" \/>\n<meta property=\"og:type\" content=\"article\" \/>\n<meta property=\"og:title\" content=\"La Festa del Llibre torna de nou a Muro - COPE Alcoy\" \/>\n<meta property=\"og:description\" content=\"Muro ha presentat la XVII edici\u00f3 de la Festa del Llibre, un esdeveniment que torna a celebrar-se enguany a principis...\" \/>\n<meta property=\"og:url\" content=\"https:\/\/www.copealcoy.es\/es\/la-festa-del-llibre-torna-de-nou-a-muro\/\" \/>\n<meta property=\"og:site_name\" content=\"COPE Alcoy\" \/>\n<meta property=\"article:published_time\" content=\"2022-03-11T07:22:41+00:00\" \/>\n<meta property=\"article:modified_time\" content=\"2022-03-11T08:43:44+00:00\" \/>\n<meta property=\"og:image\" content=\"https:\/\/www.copealcoy.es\/wp-content\/uploads\/2022\/03\/WhatsApp-Image-2022-03-10-at-12.31.04-PM-640x480-1.jpg\" \/>\n\t<meta property=\"og:image:width\" content=\"640\" \/>\n\t<meta property=\"og:image:height\" content=\"480\" \/>\n\t<meta property=\"og:image:type\" content=\"image\/jpeg\" \/>\n<meta name=\"author\" content=\"Cope Alcoy\" \/>\n<meta name=\"twitter:label1\" content=\"Escrito por\" \/>\n\t<meta name=\"twitter:data1\" content=\"Cope Alcoy\" \/>\n\t<meta name=\"twitter:label2\" content=\"Tiempo de lectura\" \/>\n\t<meta name=\"twitter:data2\" content=\"1 minuto\" \/>\n<script type=\"application\/ld+json\" class=\"yoast-schema-graph\">{\"@context\":\"https:\\\/\\\/schema.org\",\"@graph\":[{\"@type\":\"Article\",\"@id\":\"https:\\\/\\\/www.copealcoy.es\\\/es\\\/la-festa-del-llibre-torna-de-nou-a-muro\\\/#article\",\"isPartOf\":{\"@id\":\"https:\\\/\\\/www.copealcoy.es\\\/es\\\/la-festa-del-llibre-torna-de-nou-a-muro\\\/\"},\"author\":{\"name\":\"Cope Alcoy\",\"@id\":\"https:\\\/\\\/www.copealcoy.es\\\/es\\\/#\\\/schema\\\/person\\\/e777c87fa024e57d40170af9df39882c\"},\"headline\":\"La Festa del Llibre torna de nou a Muro\",\"datePublished\":\"2022-03-11T07:22:41+00:00\",\"dateModified\":\"2022-03-11T08:43:44+00:00\",\"mainEntityOfPage\":{\"@id\":\"https:\\\/\\\/www.copealcoy.es\\\/es\\\/la-festa-del-llibre-torna-de-nou-a-muro\\\/\"},\"wordCount\":234,\"commentCount\":0,\"image\":{\"@id\":\"https:\\\/\\\/www.copealcoy.es\\\/es\\\/la-festa-del-llibre-torna-de-nou-a-muro\\\/#primaryimage\"},\"thumbnailUrl\":\"https:\\\/\\\/www.copealcoy.es\\\/wp-content\\\/uploads\\\/2022\\\/03\\\/WhatsApp-Image-2022-03-10-at-12.31.04-PM-640x480-1.jpg\",\"keywords\":[\"Certamen\",\"Festa del Llibre\",\"Muro\",\"Presentaci\u00f3\"],\"articleSection\":[\"Actualidad\",\"Comarcas\",\"Noticias\",\"Portada\"],\"inLanguage\":\"es\"},{\"@type\":\"WebPage\",\"@id\":\"https:\\\/\\\/www.copealcoy.es\\\/es\\\/la-festa-del-llibre-torna-de-nou-a-muro\\\/\",\"url\":\"https:\\\/\\\/www.copealcoy.es\\\/es\\\/la-festa-del-llibre-torna-de-nou-a-muro\\\/\",\"name\":\"La Festa del Llibre torna de nou a Muro - COPE Alcoy\",\"isPartOf\":{\"@id\":\"https:\\\/\\\/www.copealcoy.es\\\/es\\\/#website\"},\"primaryImageOfPage\":{\"@id\":\"https:\\\/\\\/www.copealcoy.es\\\/es\\\/la-festa-del-llibre-torna-de-nou-a-muro\\\/#primaryimage\"},\"image\":{\"@id\":\"https:\\\/\\\/www.copealcoy.es\\\/es\\\/la-festa-del-llibre-torna-de-nou-a-muro\\\/#primaryimage\"},\"thumbnailUrl\":\"https:\\\/\\\/www.copealcoy.es\\\/wp-content\\\/uploads\\\/2022\\\/03\\\/WhatsApp-Image-2022-03-10-at-12.31.04-PM-640x480-1.jpg\",\"datePublished\":\"2022-03-11T07:22:41+00:00\",\"dateModified\":\"2022-03-11T08:43:44+00:00\",\"author\":{\"@id\":\"https:\\\/\\\/www.copealcoy.es\\\/es\\\/#\\\/schema\\\/person\\\/e777c87fa024e57d40170af9df39882c\"},\"breadcrumb\":{\"@id\":\"https:\\\/\\\/www.copealcoy.es\\\/es\\\/la-festa-del-llibre-torna-de-nou-a-muro\\\/#breadcrumb\"},\"inLanguage\":\"es\",\"potentialAction\":[{\"@type\":\"ReadAction\",\"target\":[\"https:\\\/\\\/www.copealcoy.es\\\/es\\\/la-festa-del-llibre-torna-de-nou-a-muro\\\/\"]}]},{\"@type\":\"ImageObject\",\"inLanguage\":\"es\",\"@id\":\"https:\\\/\\\/www.copealcoy.es\\\/es\\\/la-festa-del-llibre-torna-de-nou-a-muro\\\/#primaryimage\",\"url\":\"https:\\\/\\\/www.copealcoy.es\\\/wp-content\\\/uploads\\\/2022\\\/03\\\/WhatsApp-Image-2022-03-10-at-12.31.04-PM-640x480-1.jpg\",\"contentUrl\":\"https:\\\/\\\/www.copealcoy.es\\\/wp-content\\\/uploads\\\/2022\\\/03\\\/WhatsApp-Image-2022-03-10-at-12.31.04-PM-640x480-1.jpg\",\"width\":640,\"height\":480},{\"@type\":\"BreadcrumbList\",\"@id\":\"https:\\\/\\\/www.copealcoy.es\\\/es\\\/la-festa-del-llibre-torna-de-nou-a-muro\\\/#breadcrumb\",\"itemListElement\":[{\"@type\":\"ListItem\",\"position\":1,\"name\":\"Portada\",\"item\":\"https:\\\/\\\/www.copealcoy.es\\\/es\\\/\"},{\"@type\":\"ListItem\",\"position\":2,\"name\":\"La Festa del Llibre torna de nou a Muro\"}]},{\"@type\":\"WebSite\",\"@id\":\"https:\\\/\\\/www.copealcoy.es\\\/es\\\/#website\",\"url\":\"https:\\\/\\\/www.copealcoy.es\\\/es\\\/\",\"name\":\"COPE Alcoy\",\"description\":\"Emisora COPE de radio local con emisi\u00f3n online. Pont de Sant Jordi 8-10 03803 Alcoy\",\"potentialAction\":[{\"@type\":\"SearchAction\",\"target\":{\"@type\":\"EntryPoint\",\"urlTemplate\":\"https:\\\/\\\/www.copealcoy.es\\\/es\\\/?s={search_term_string}\"},\"query-input\":{\"@type\":\"PropertyValueSpecification\",\"valueRequired\":true,\"valueName\":\"search_term_string\"}}],\"inLanguage\":\"es\"},{\"@type\":\"Person\",\"@id\":\"https:\\\/\\\/www.copealcoy.es\\\/es\\\/#\\\/schema\\\/person\\\/e777c87fa024e57d40170af9df39882c\",\"name\":\"Cope Alcoy\",\"image\":{\"@type\":\"ImageObject\",\"inLanguage\":\"es\",\"@id\":\"https:\\\/\\\/secure.gravatar.com\\\/avatar\\\/bb65d0283347e303893ba14f0692005417c1e0e690a325a4c5d8bb2b3943ee14?s=96&d=mm&r=g\",\"url\":\"https:\\\/\\\/secure.gravatar.com\\\/avatar\\\/bb65d0283347e303893ba14f0692005417c1e0e690a325a4c5d8bb2b3943ee14?s=96&d=mm&r=g\",\"contentUrl\":\"https:\\\/\\\/secure.gravatar.com\\\/avatar\\\/bb65d0283347e303893ba14f0692005417c1e0e690a325a4c5d8bb2b3943ee14?s=96&d=mm&r=g\",\"caption\":\"Cope Alcoy\"}}]}<\/script>\n<!-- \/ Yoast SEO plugin. -->","yoast_head_json":{"title":"La Festa del Llibre torna de nou a Muro - COPE Alcoy","robots":{"index":"index","follow":"follow","max-snippet":"max-snippet:-1","max-image-preview":"max-image-preview:large","max-video-preview":"max-video-preview:-1"},"canonical":"https:\/\/www.copealcoy.es\/es\/la-festa-del-llibre-torna-de-nou-a-muro\/","og_locale":"es_ES","og_type":"article","og_title":"La Festa del Llibre torna de nou a Muro - COPE Alcoy","og_description":"Muro ha presentat la XVII edici\u00f3 de la Festa del Llibre, un esdeveniment que torna a celebrar-se enguany a principis...","og_url":"https:\/\/www.copealcoy.es\/es\/la-festa-del-llibre-torna-de-nou-a-muro\/","og_site_name":"COPE Alcoy","article_published_time":"2022-03-11T07:22:41+00:00","article_modified_time":"2022-03-11T08:43:44+00:00","og_image":[{"width":640,"height":480,"url":"https:\/\/www.copealcoy.es\/wp-content\/uploads\/2022\/03\/WhatsApp-Image-2022-03-10-at-12.31.04-PM-640x480-1.jpg","type":"image\/jpeg"}],"author":"Cope Alcoy","twitter_misc":{"Escrito por":"Cope Alcoy","Tiempo de lectura":"1 minuto"},"schema":{"@context":"https:\/\/schema.org","@graph":[{"@type":"Article","@id":"https:\/\/www.copealcoy.es\/es\/la-festa-del-llibre-torna-de-nou-a-muro\/#article","isPartOf":{"@id":"https:\/\/www.copealcoy.es\/es\/la-festa-del-llibre-torna-de-nou-a-muro\/"},"author":{"name":"Cope Alcoy","@id":"https:\/\/www.copealcoy.es\/es\/#\/schema\/person\/e777c87fa024e57d40170af9df39882c"},"headline":"La Festa del Llibre torna de nou a Muro","datePublished":"2022-03-11T07:22:41+00:00","dateModified":"2022-03-11T08:43:44+00:00","mainEntityOfPage":{"@id":"https:\/\/www.copealcoy.es\/es\/la-festa-del-llibre-torna-de-nou-a-muro\/"},"wordCount":234,"commentCount":0,"image":{"@id":"https:\/\/www.copealcoy.es\/es\/la-festa-del-llibre-torna-de-nou-a-muro\/#primaryimage"},"thumbnailUrl":"https:\/\/www.copealcoy.es\/wp-content\/uploads\/2022\/03\/WhatsApp-Image-2022-03-10-at-12.31.04-PM-640x480-1.jpg","keywords":["Certamen","Festa del Llibre","Muro","Presentaci\u00f3"],"articleSection":["Actualidad","Comarcas","Noticias","Portada"],"inLanguage":"es"},{"@type":"WebPage","@id":"https:\/\/www.copealcoy.es\/es\/la-festa-del-llibre-torna-de-nou-a-muro\/","url":"https:\/\/www.copealcoy.es\/es\/la-festa-del-llibre-torna-de-nou-a-muro\/","name":"La Festa del Llibre torna de nou a Muro - COPE Alcoy","isPartOf":{"@id":"https:\/\/www.copealcoy.es\/es\/#website"},"primaryImageOfPage":{"@id":"https:\/\/www.copealcoy.es\/es\/la-festa-del-llibre-torna-de-nou-a-muro\/#primaryimage"},"image":{"@id":"https:\/\/www.copealcoy.es\/es\/la-festa-del-llibre-torna-de-nou-a-muro\/#primaryimage"},"thumbnailUrl":"https:\/\/www.copealcoy.es\/wp-content\/uploads\/2022\/03\/WhatsApp-Image-2022-03-10-at-12.31.04-PM-640x480-1.jpg","datePublished":"2022-03-11T07:22:41+00:00","dateModified":"2022-03-11T08:43:44+00:00","author":{"@id":"https:\/\/www.copealcoy.es\/es\/#\/schema\/person\/e777c87fa024e57d40170af9df39882c"},"breadcrumb":{"@id":"https:\/\/www.copealcoy.es\/es\/la-festa-del-llibre-torna-de-nou-a-muro\/#breadcrumb"},"inLanguage":"es","potentialAction":[{"@type":"ReadAction","target":["https:\/\/www.copealcoy.es\/es\/la-festa-del-llibre-torna-de-nou-a-muro\/"]}]},{"@type":"ImageObject","inLanguage":"es","@id":"https:\/\/www.copealcoy.es\/es\/la-festa-del-llibre-torna-de-nou-a-muro\/#primaryimage","url":"https:\/\/www.copealcoy.es\/wp-content\/uploads\/2022\/03\/WhatsApp-Image-2022-03-10-at-12.31.04-PM-640x480-1.jpg","contentUrl":"https:\/\/www.copealcoy.es\/wp-content\/uploads\/2022\/03\/WhatsApp-Image-2022-03-10-at-12.31.04-PM-640x480-1.jpg","width":640,"height":480},{"@type":"BreadcrumbList","@id":"https:\/\/www.copealcoy.es\/es\/la-festa-del-llibre-torna-de-nou-a-muro\/#breadcrumb","itemListElement":[{"@type":"ListItem","position":1,"name":"Portada","item":"https:\/\/www.copealcoy.es\/es\/"},{"@type":"ListItem","position":2,"name":"La Festa del Llibre torna de nou a Muro"}]},{"@type":"WebSite","@id":"https:\/\/www.copealcoy.es\/es\/#website","url":"https:\/\/www.copealcoy.es\/es\/","name":"COPE Alcoy","description":"Emisora COPE de radio local con emisi\u00f3n online. Pont de Sant Jordi 8-10 03803 Alcoy","potentialAction":[{"@type":"SearchAction","target":{"@type":"EntryPoint","urlTemplate":"https:\/\/www.copealcoy.es\/es\/?s={search_term_string}"},"query-input":{"@type":"PropertyValueSpecification","valueRequired":true,"valueName":"search_term_string"}}],"inLanguage":"es"},{"@type":"Person","@id":"https:\/\/www.copealcoy.es\/es\/#\/schema\/person\/e777c87fa024e57d40170af9df39882c","name":"Cope Alcoy","image":{"@type":"ImageObject","inLanguage":"es","@id":"https:\/\/secure.gravatar.com\/avatar\/bb65d0283347e303893ba14f0692005417c1e0e690a325a4c5d8bb2b3943ee14?s=96&d=mm&r=g","url":"https:\/\/secure.gravatar.com\/avatar\/bb65d0283347e303893ba14f0692005417c1e0e690a325a4c5d8bb2b3943ee14?s=96&d=mm&r=g","contentUrl":"https:\/\/secure.gravatar.com\/avatar\/bb65d0283347e303893ba14f0692005417c1e0e690a325a4c5d8bb2b3943ee14?s=96&d=mm&r=g","caption":"Cope Alcoy"}}]}},"_links":{"self":[{"href":"https:\/\/www.copealcoy.es\/es\/wp-json\/wp\/v2\/posts\/84848","targetHints":{"allow":["GET"]}}],"collection":[{"href":"https:\/\/www.copealcoy.es\/es\/wp-json\/wp\/v2\/posts"}],"about":[{"href":"https:\/\/www.copealcoy.es\/es\/wp-json\/wp\/v2\/types\/post"}],"author":[{"embeddable":true,"href":"https:\/\/www.copealcoy.es\/es\/wp-json\/wp\/v2\/users\/1"}],"replies":[{"embeddable":true,"href":"https:\/\/www.copealcoy.es\/es\/wp-json\/wp\/v2\/comments?post=84848"}],"version-history":[{"count":0,"href":"https:\/\/www.copealcoy.es\/es\/wp-json\/wp\/v2\/posts\/84848\/revisions"}],"wp:featuredmedia":[{"embeddable":true,"href":"https:\/\/www.copealcoy.es\/es\/wp-json\/wp\/v2\/media\/84849"}],"wp:attachment":[{"href":"https:\/\/www.copealcoy.es\/es\/wp-json\/wp\/v2\/media?parent=84848"}],"wp:term":[{"taxonomy":"category","embeddable":true,"href":"https:\/\/www.copealcoy.es\/es\/wp-json\/wp\/v2\/categories?post=84848"},{"taxonomy":"post_tag","embeddable":true,"href":"https:\/\/www.copealcoy.es\/es\/wp-json\/wp\/v2\/tags?post=84848"}],"curies":[{"name":"wp","href":"https:\/\/api.w.org\/{rel}","templated":true}]}}