{"id":84804,"date":"2022-03-10T16:15:23","date_gmt":"2022-03-10T15:15:23","guid":{"rendered":"https:\/\/www.copealcoy.es\/?p=84804"},"modified":"2022-03-10T16:52:28","modified_gmt":"2022-03-10T15:52:28","slug":"compromis-podem-y-el-edil-no-adscrito-dicen-si","status":"publish","type":"post","link":"https:\/\/www.copealcoy.es\/es\/compromis-podem-y-el-edil-no-adscrito-dicen-si\/","title":{"rendered":"Comprom\u00eds, Podem y el edil No Adscrito dicen si"},"content":{"rendered":"<p style=\"text-align: justify;\">El <strong>Gobierno Municipal del PSOE<\/strong> tiene garantizado <strong>el apoyo en los Presupuestos Municipales de Alcoy para este 2022<\/strong>, unas cuentas que se debatir\u00e1n en <strong>el Pleno Extraordinario previsto para ma\u00f1ana viernes a partir de las 09:30h<\/strong>. <strong>Podem Alcoi, Comprom\u00eds y el edil No Adscrito<\/strong>, Marcos Mart\u00ednez, han dado su respaldo y han destacado hoy jueves que <strong>los socialistas han incorporado muchas de las propuestas que han planteado<\/strong> cada una de las formaciones.<\/p>\n<p style=\"text-align: justify;\">Desde <strong>la formaci\u00f3n morada<\/strong> han se\u00f1alado que todo lo que han propuesto para las citadas cuentas <strong>supone cerca de 1\u20198 millones de euros<\/strong>. Entre las iniciativas incluidas, destacan, 1\u20192 millones para la reurbanizaci\u00f3n integral de la Zona Alta de la ciudad, 200.000 euros para adecuar los Pol\u00edgonos o Impulsar un Plan con acciones contra el cambio clim\u00e1tico y 50.000 para adquirir una \u2018casa de dos claus\u2019 en la calle Sant Francesc que quedar\u00eda concebido como un espacio muse\u00edstico. <strong>Cristian Santiago<\/strong>, Portavoz del partido, ha matizado que <strong>el compromiso adquirido con el equipo de Antonio Franc\u00e9s<\/strong> supone acercar\u00a0 m\u00e1s a los socialistas a las pol\u00edticas que defienden desde Podem Alcoi:<\/p>\n<audio class=\"wp-audio-shortcode\" id=\"audio-84804-1\" preload=\"none\" style=\"width: 100%;\" controls=\"controls\"><source type=\"audio\/mpeg\" src=\"https:\/\/www.copealcoy.es\/wp-content\/uploads\/2022\/03\/2022.03.09-CRISTIAN-SANTIAGO-PRESUPUESTOS-MEDIODI\u0301A.mp3?_=1\" \/><a href=\"https:\/\/www.copealcoy.es\/wp-content\/uploads\/2022\/03\/2022.03.09-CRISTIAN-SANTIAGO-PRESUPUESTOS-MEDIODI\u0301A.mp3\">https:\/\/www.copealcoy.es\/wp-content\/uploads\/2022\/03\/2022.03.09-CRISTIAN-SANTIAGO-PRESUPUESTOS-MEDIODI\u0301A.mp3<\/a><\/audio>\n<p>&nbsp;<\/p>\n<p style=\"text-align: justify;\">Por su parte <strong>Comprom\u00eds, ha aplaudido<\/strong> que se hayan tenido en cuenta buena parte de sus propuestas. En este sentido se han referido, entre otras cuestiones, al Plan de Rehabilitaci\u00f3n de Viviendas destinadas al alquiler denominado <em>Rehabita II,<\/em> mejorar la comunicaci\u00f3n entre Ayuntamiento y vecinos, m\u00e1s apuesta por eficiencia energ\u00e9tica, medidas para combatir la soledad no deseada, ampliar la oferta de conciertos en la programaci\u00f3n cultural del verano o la creaci\u00f3n de l\u2019&#8217;Espai Petit&#8217; dirigido a acercar la cultura los j\u00f3venes. <strong>M\u00e0rius Ivorra<\/strong>, portavoz del partido, ha indicado que en la negociaci\u00f3n tambi\u00e9n se ha tenido en cuenta <strong>un nuevo sistema para otorgar las subvenciones municipales<\/strong>:<\/p>\n<audio class=\"wp-audio-shortcode\" id=\"audio-84804-2\" preload=\"none\" style=\"width: 100%;\" controls=\"controls\"><source type=\"audio\/mpeg\" src=\"https:\/\/www.copealcoy.es\/wp-content\/uploads\/2022\/03\/2022.03.09-MA\u0300RIUS-IVORRA-PRESUPUESTOS-MEDIODI\u0301A.mp3?_=2\" \/><a href=\"https:\/\/www.copealcoy.es\/wp-content\/uploads\/2022\/03\/2022.03.09-MA\u0300RIUS-IVORRA-PRESUPUESTOS-MEDIODI\u0301A.mp3\">https:\/\/www.copealcoy.es\/wp-content\/uploads\/2022\/03\/2022.03.09-MA\u0300RIUS-IVORRA-PRESUPUESTOS-MEDIODI\u0301A.mp3<\/a><\/audio>\n<p>&nbsp;<\/p>\n<p style=\"text-align: justify;\">Finalmente <strong>el edil No Adscrito<\/strong> ha asegurado su voto afirmativo a las cuentas <strong>al haberse tenido en cuenta muchas de sus reivindicaciones<\/strong>. Estas, seg\u00fan ha dicho <strong>Marcos Mart\u00ednez<\/strong>, van encaminadas a reforzar el apoyo econ\u00f3mico para el <strong>mantenimiento de la ciudad<\/strong> con la ejecuci\u00f3n de importantes proyectos:<\/p>\n<audio class=\"wp-audio-shortcode\" id=\"audio-84804-3\" preload=\"none\" style=\"width: 100%;\" controls=\"controls\"><source type=\"audio\/mpeg\" src=\"https:\/\/www.copealcoy.es\/wp-content\/uploads\/2022\/03\/20220110-M-Martinez-pressupost.mp3?_=3\" \/><a href=\"https:\/\/www.copealcoy.es\/wp-content\/uploads\/2022\/03\/20220110-M-Martinez-pressupost.mp3\">https:\/\/www.copealcoy.es\/wp-content\/uploads\/2022\/03\/20220110-M-Martinez-pressupost.mp3<\/a><\/audio>\n<p style=\"text-align: justify;\">El alcalde de Alcoy, <strong>Antonio Franc\u00e9s<\/strong>, ha agradecido <strong>el respaldo de Comprom\u00eds, Podem y el edil No Adscrito<\/strong> a la hora de facilitar la aprobaci\u00f3n del Presupuesto de 2022. Adem\u00e1s ha recordado que las cuentas que se refrendar\u00e1n ma\u00f1ana <strong>contemplan el esfuerzo inversor m\u00e1s alto de los \u00faltimos a\u00f1os<\/strong>. Tambi\u00e9n la edil de Hacienda; <strong>Vanessa Molt\u00f3<\/strong>, ha hecho referencia a las inversiones que se ejecutar\u00e1n:<\/p>\n<audio class=\"wp-audio-shortcode\" id=\"audio-84804-4\" preload=\"none\" style=\"width: 100%;\" controls=\"controls\"><source type=\"audio\/mpeg\" src=\"https:\/\/www.copealcoy.es\/wp-content\/uploads\/2022\/03\/2022.03.09-FRANCE\u0301S-PRESUPUESTOS-MEDIODI\u0301A.mp3?_=4\" \/><a href=\"https:\/\/www.copealcoy.es\/wp-content\/uploads\/2022\/03\/2022.03.09-FRANCE\u0301S-PRESUPUESTOS-MEDIODI\u0301A.mp3\">https:\/\/www.copealcoy.es\/wp-content\/uploads\/2022\/03\/2022.03.09-FRANCE\u0301S-PRESUPUESTOS-MEDIODI\u0301A.mp3<\/a><\/audio>\n<audio class=\"wp-audio-shortcode\" id=\"audio-84804-5\" preload=\"none\" style=\"width: 100%;\" controls=\"controls\"><source type=\"audio\/ogg\" src=\"https:\/\/www.copealcoy.es\/wp-content\/uploads\/2022\/03\/VANESSA-MOLTO-PRESUPUESTOS-MARCOS-MARTINEZ-20220310.ogg?_=5\" \/><a href=\"https:\/\/www.copealcoy.es\/wp-content\/uploads\/2022\/03\/VANESSA-MOLTO-PRESUPUESTOS-MARCOS-MARTINEZ-20220310.ogg\">https:\/\/www.copealcoy.es\/wp-content\/uploads\/2022\/03\/VANESSA-MOLTO-PRESUPUESTOS-MARCOS-MARTINEZ-20220310.ogg<\/a><\/audio>\n<p>&nbsp;<\/p>\n<p style=\"text-align: justify;\">Recordar que el Presupuesto roza los 72\u20195 millones y se incrementa<strong>\u00a0en un 4\u201912% con respecto al a\u00f1o anterior<\/strong><strong>. <\/strong>Adem\u00e1s, se contemplan 13\u20195 millones <strong>para inversiones<\/strong>.<\/p>\n","protected":false},"excerpt":{"rendered":"<p>El Gobierno Municipal del PSOE tiene garantizado el apoyo en los Presupuestos Municipales de Alcoy para este 2022, unas cuentas&#8230;<\/p>\n","protected":false},"author":1,"featured_media":76821,"comment_status":"open","ping_status":"open","sticky":false,"template":"","format":"standard","meta":{"footnotes":""},"categories":[6909,75,125],"tags":[1494,1243,276,152,12514,2386,12515],"class_list":["post-84804","post","type-post","status-publish","format-standard","has-post-thumbnail","hentry","category-actualidad","category-noticias","category-portada","tag-alcoy","tag-apoyo","tag-aprobacion","tag-compromis","tag-no-adscrito","tag-podem","tag-presupuesto-2022"],"yoast_head":"<!-- This site is optimized with the Yoast SEO plugin v27.3 - https:\/\/yoast.com\/product\/yoast-seo-wordpress\/ -->\n<title>Comprom\u00eds, Podem y el edil No Adscrito dicen si - COPE Alcoy<\/title>\n<meta name=\"robots\" content=\"index, follow, max-snippet:-1, max-image-preview:large, max-video-preview:-1\" \/>\n<link rel=\"canonical\" href=\"https:\/\/www.copealcoy.es\/es\/compromis-podem-y-el-edil-no-adscrito-dicen-si\/\" \/>\n<meta property=\"og:locale\" content=\"es_ES\" \/>\n<meta property=\"og:type\" content=\"article\" \/>\n<meta property=\"og:title\" content=\"Comprom\u00eds, Podem y el edil No Adscrito dicen si - COPE Alcoy\" \/>\n<meta property=\"og:description\" content=\"El Gobierno Municipal del PSOE tiene garantizado el apoyo en los Presupuestos Municipales de Alcoy para este 2022, unas cuentas...\" \/>\n<meta property=\"og:url\" content=\"https:\/\/www.copealcoy.es\/es\/compromis-podem-y-el-edil-no-adscrito-dicen-si\/\" \/>\n<meta property=\"og:site_name\" content=\"COPE Alcoy\" \/>\n<meta property=\"article:published_time\" content=\"2022-03-10T15:15:23+00:00\" \/>\n<meta property=\"article:modified_time\" content=\"2022-03-10T15:52:28+00:00\" \/>\n<meta property=\"og:image\" content=\"https:\/\/www.copealcoy.es\/wp-content\/uploads\/2021\/08\/ajuntament-2-e1629909036832.jpg\" \/>\n\t<meta property=\"og:image:width\" content=\"960\" \/>\n\t<meta property=\"og:image:height\" content=\"532\" \/>\n\t<meta property=\"og:image:type\" content=\"image\/jpeg\" \/>\n<meta name=\"author\" content=\"Cope Alcoy\" \/>\n<meta name=\"twitter:label1\" content=\"Escrito por\" \/>\n\t<meta name=\"twitter:data1\" content=\"Cope Alcoy\" \/>\n\t<meta name=\"twitter:label2\" content=\"Tiempo de lectura\" \/>\n\t<meta name=\"twitter:data2\" content=\"2 minutos\" \/>\n<script type=\"application\/ld+json\" class=\"yoast-schema-graph\">{\"@context\":\"https:\\\/\\\/schema.org\",\"@graph\":[{\"@type\":\"Article\",\"@id\":\"https:\\\/\\\/www.copealcoy.es\\\/es\\\/compromis-podem-y-el-edil-no-adscrito-dicen-si\\\/#article\",\"isPartOf\":{\"@id\":\"https:\\\/\\\/www.copealcoy.es\\\/es\\\/compromis-podem-y-el-edil-no-adscrito-dicen-si\\\/\"},\"author\":{\"name\":\"Cope Alcoy\",\"@id\":\"https:\\\/\\\/www.copealcoy.es\\\/es\\\/#\\\/schema\\\/person\\\/e777c87fa024e57d40170af9df39882c\"},\"headline\":\"Comprom\u00eds, Podem y el edil No Adscrito dicen si\",\"datePublished\":\"2022-03-10T15:15:23+00:00\",\"dateModified\":\"2022-03-10T15:52:28+00:00\",\"mainEntityOfPage\":{\"@id\":\"https:\\\/\\\/www.copealcoy.es\\\/es\\\/compromis-podem-y-el-edil-no-adscrito-dicen-si\\\/\"},\"wordCount\":531,\"commentCount\":0,\"image\":{\"@id\":\"https:\\\/\\\/www.copealcoy.es\\\/es\\\/compromis-podem-y-el-edil-no-adscrito-dicen-si\\\/#primaryimage\"},\"thumbnailUrl\":\"https:\\\/\\\/www.copealcoy.es\\\/wp-content\\\/uploads\\\/2021\\\/08\\\/ajuntament-2-e1629909036832.jpg\",\"keywords\":[\"Alcoy\",\"apoyo\",\"Aprobaci\u00f3n\",\"Comprom\u00eds\",\"No Adscrito\",\"Podem\",\"Presupuesto 2022\"],\"articleSection\":[\"Actualidad\",\"Noticias\",\"Portada\"],\"inLanguage\":\"es\"},{\"@type\":\"WebPage\",\"@id\":\"https:\\\/\\\/www.copealcoy.es\\\/es\\\/compromis-podem-y-el-edil-no-adscrito-dicen-si\\\/\",\"url\":\"https:\\\/\\\/www.copealcoy.es\\\/es\\\/compromis-podem-y-el-edil-no-adscrito-dicen-si\\\/\",\"name\":\"Comprom\u00eds, Podem y el edil No Adscrito dicen si - COPE Alcoy\",\"isPartOf\":{\"@id\":\"https:\\\/\\\/www.copealcoy.es\\\/es\\\/#website\"},\"primaryImageOfPage\":{\"@id\":\"https:\\\/\\\/www.copealcoy.es\\\/es\\\/compromis-podem-y-el-edil-no-adscrito-dicen-si\\\/#primaryimage\"},\"image\":{\"@id\":\"https:\\\/\\\/www.copealcoy.es\\\/es\\\/compromis-podem-y-el-edil-no-adscrito-dicen-si\\\/#primaryimage\"},\"thumbnailUrl\":\"https:\\\/\\\/www.copealcoy.es\\\/wp-content\\\/uploads\\\/2021\\\/08\\\/ajuntament-2-e1629909036832.jpg\",\"datePublished\":\"2022-03-10T15:15:23+00:00\",\"dateModified\":\"2022-03-10T15:52:28+00:00\",\"author\":{\"@id\":\"https:\\\/\\\/www.copealcoy.es\\\/es\\\/#\\\/schema\\\/person\\\/e777c87fa024e57d40170af9df39882c\"},\"breadcrumb\":{\"@id\":\"https:\\\/\\\/www.copealcoy.es\\\/es\\\/compromis-podem-y-el-edil-no-adscrito-dicen-si\\\/#breadcrumb\"},\"inLanguage\":\"es\",\"potentialAction\":[{\"@type\":\"ReadAction\",\"target\":[\"https:\\\/\\\/www.copealcoy.es\\\/es\\\/compromis-podem-y-el-edil-no-adscrito-dicen-si\\\/\"]}]},{\"@type\":\"ImageObject\",\"inLanguage\":\"es\",\"@id\":\"https:\\\/\\\/www.copealcoy.es\\\/es\\\/compromis-podem-y-el-edil-no-adscrito-dicen-si\\\/#primaryimage\",\"url\":\"https:\\\/\\\/www.copealcoy.es\\\/wp-content\\\/uploads\\\/2021\\\/08\\\/ajuntament-2-e1629909036832.jpg\",\"contentUrl\":\"https:\\\/\\\/www.copealcoy.es\\\/wp-content\\\/uploads\\\/2021\\\/08\\\/ajuntament-2-e1629909036832.jpg\",\"width\":960,\"height\":532},{\"@type\":\"BreadcrumbList\",\"@id\":\"https:\\\/\\\/www.copealcoy.es\\\/es\\\/compromis-podem-y-el-edil-no-adscrito-dicen-si\\\/#breadcrumb\",\"itemListElement\":[{\"@type\":\"ListItem\",\"position\":1,\"name\":\"Portada\",\"item\":\"https:\\\/\\\/www.copealcoy.es\\\/es\\\/\"},{\"@type\":\"ListItem\",\"position\":2,\"name\":\"Comprom\u00eds, Podem y el edil No Adscrito dicen si\"}]},{\"@type\":\"WebSite\",\"@id\":\"https:\\\/\\\/www.copealcoy.es\\\/es\\\/#website\",\"url\":\"https:\\\/\\\/www.copealcoy.es\\\/es\\\/\",\"name\":\"COPE Alcoy\",\"description\":\"Emisora COPE de radio local con emisi\u00f3n online. Pont de Sant Jordi 8-10 03803 Alcoy\",\"potentialAction\":[{\"@type\":\"SearchAction\",\"target\":{\"@type\":\"EntryPoint\",\"urlTemplate\":\"https:\\\/\\\/www.copealcoy.es\\\/es\\\/?s={search_term_string}\"},\"query-input\":{\"@type\":\"PropertyValueSpecification\",\"valueRequired\":true,\"valueName\":\"search_term_string\"}}],\"inLanguage\":\"es\"},{\"@type\":\"Person\",\"@id\":\"https:\\\/\\\/www.copealcoy.es\\\/es\\\/#\\\/schema\\\/person\\\/e777c87fa024e57d40170af9df39882c\",\"name\":\"Cope Alcoy\",\"image\":{\"@type\":\"ImageObject\",\"inLanguage\":\"es\",\"@id\":\"https:\\\/\\\/secure.gravatar.com\\\/avatar\\\/bb65d0283347e303893ba14f0692005417c1e0e690a325a4c5d8bb2b3943ee14?s=96&d=mm&r=g\",\"url\":\"https:\\\/\\\/secure.gravatar.com\\\/avatar\\\/bb65d0283347e303893ba14f0692005417c1e0e690a325a4c5d8bb2b3943ee14?s=96&d=mm&r=g\",\"contentUrl\":\"https:\\\/\\\/secure.gravatar.com\\\/avatar\\\/bb65d0283347e303893ba14f0692005417c1e0e690a325a4c5d8bb2b3943ee14?s=96&d=mm&r=g\",\"caption\":\"Cope Alcoy\"}}]}<\/script>\n<!-- \/ Yoast SEO plugin. -->","yoast_head_json":{"title":"Comprom\u00eds, Podem y el edil No Adscrito dicen si - COPE Alcoy","robots":{"index":"index","follow":"follow","max-snippet":"max-snippet:-1","max-image-preview":"max-image-preview:large","max-video-preview":"max-video-preview:-1"},"canonical":"https:\/\/www.copealcoy.es\/es\/compromis-podem-y-el-edil-no-adscrito-dicen-si\/","og_locale":"es_ES","og_type":"article","og_title":"Comprom\u00eds, Podem y el edil No Adscrito dicen si - COPE Alcoy","og_description":"El Gobierno Municipal del PSOE tiene garantizado el apoyo en los Presupuestos Municipales de Alcoy para este 2022, unas cuentas...","og_url":"https:\/\/www.copealcoy.es\/es\/compromis-podem-y-el-edil-no-adscrito-dicen-si\/","og_site_name":"COPE Alcoy","article_published_time":"2022-03-10T15:15:23+00:00","article_modified_time":"2022-03-10T15:52:28+00:00","og_image":[{"width":960,"height":532,"url":"https:\/\/www.copealcoy.es\/wp-content\/uploads\/2021\/08\/ajuntament-2-e1629909036832.jpg","type":"image\/jpeg"}],"author":"Cope Alcoy","twitter_misc":{"Escrito por":"Cope Alcoy","Tiempo de lectura":"2 minutos"},"schema":{"@context":"https:\/\/schema.org","@graph":[{"@type":"Article","@id":"https:\/\/www.copealcoy.es\/es\/compromis-podem-y-el-edil-no-adscrito-dicen-si\/#article","isPartOf":{"@id":"https:\/\/www.copealcoy.es\/es\/compromis-podem-y-el-edil-no-adscrito-dicen-si\/"},"author":{"name":"Cope Alcoy","@id":"https:\/\/www.copealcoy.es\/es\/#\/schema\/person\/e777c87fa024e57d40170af9df39882c"},"headline":"Comprom\u00eds, Podem y el edil No Adscrito dicen si","datePublished":"2022-03-10T15:15:23+00:00","dateModified":"2022-03-10T15:52:28+00:00","mainEntityOfPage":{"@id":"https:\/\/www.copealcoy.es\/es\/compromis-podem-y-el-edil-no-adscrito-dicen-si\/"},"wordCount":531,"commentCount":0,"image":{"@id":"https:\/\/www.copealcoy.es\/es\/compromis-podem-y-el-edil-no-adscrito-dicen-si\/#primaryimage"},"thumbnailUrl":"https:\/\/www.copealcoy.es\/wp-content\/uploads\/2021\/08\/ajuntament-2-e1629909036832.jpg","keywords":["Alcoy","apoyo","Aprobaci\u00f3n","Comprom\u00eds","No Adscrito","Podem","Presupuesto 2022"],"articleSection":["Actualidad","Noticias","Portada"],"inLanguage":"es"},{"@type":"WebPage","@id":"https:\/\/www.copealcoy.es\/es\/compromis-podem-y-el-edil-no-adscrito-dicen-si\/","url":"https:\/\/www.copealcoy.es\/es\/compromis-podem-y-el-edil-no-adscrito-dicen-si\/","name":"Comprom\u00eds, Podem y el edil No Adscrito dicen si - COPE Alcoy","isPartOf":{"@id":"https:\/\/www.copealcoy.es\/es\/#website"},"primaryImageOfPage":{"@id":"https:\/\/www.copealcoy.es\/es\/compromis-podem-y-el-edil-no-adscrito-dicen-si\/#primaryimage"},"image":{"@id":"https:\/\/www.copealcoy.es\/es\/compromis-podem-y-el-edil-no-adscrito-dicen-si\/#primaryimage"},"thumbnailUrl":"https:\/\/www.copealcoy.es\/wp-content\/uploads\/2021\/08\/ajuntament-2-e1629909036832.jpg","datePublished":"2022-03-10T15:15:23+00:00","dateModified":"2022-03-10T15:52:28+00:00","author":{"@id":"https:\/\/www.copealcoy.es\/es\/#\/schema\/person\/e777c87fa024e57d40170af9df39882c"},"breadcrumb":{"@id":"https:\/\/www.copealcoy.es\/es\/compromis-podem-y-el-edil-no-adscrito-dicen-si\/#breadcrumb"},"inLanguage":"es","potentialAction":[{"@type":"ReadAction","target":["https:\/\/www.copealcoy.es\/es\/compromis-podem-y-el-edil-no-adscrito-dicen-si\/"]}]},{"@type":"ImageObject","inLanguage":"es","@id":"https:\/\/www.copealcoy.es\/es\/compromis-podem-y-el-edil-no-adscrito-dicen-si\/#primaryimage","url":"https:\/\/www.copealcoy.es\/wp-content\/uploads\/2021\/08\/ajuntament-2-e1629909036832.jpg","contentUrl":"https:\/\/www.copealcoy.es\/wp-content\/uploads\/2021\/08\/ajuntament-2-e1629909036832.jpg","width":960,"height":532},{"@type":"BreadcrumbList","@id":"https:\/\/www.copealcoy.es\/es\/compromis-podem-y-el-edil-no-adscrito-dicen-si\/#breadcrumb","itemListElement":[{"@type":"ListItem","position":1,"name":"Portada","item":"https:\/\/www.copealcoy.es\/es\/"},{"@type":"ListItem","position":2,"name":"Comprom\u00eds, Podem y el edil No Adscrito dicen si"}]},{"@type":"WebSite","@id":"https:\/\/www.copealcoy.es\/es\/#website","url":"https:\/\/www.copealcoy.es\/es\/","name":"COPE Alcoy","description":"Emisora COPE de radio local con emisi\u00f3n online. Pont de Sant Jordi 8-10 03803 Alcoy","potentialAction":[{"@type":"SearchAction","target":{"@type":"EntryPoint","urlTemplate":"https:\/\/www.copealcoy.es\/es\/?s={search_term_string}"},"query-input":{"@type":"PropertyValueSpecification","valueRequired":true,"valueName":"search_term_string"}}],"inLanguage":"es"},{"@type":"Person","@id":"https:\/\/www.copealcoy.es\/es\/#\/schema\/person\/e777c87fa024e57d40170af9df39882c","name":"Cope Alcoy","image":{"@type":"ImageObject","inLanguage":"es","@id":"https:\/\/secure.gravatar.com\/avatar\/bb65d0283347e303893ba14f0692005417c1e0e690a325a4c5d8bb2b3943ee14?s=96&d=mm&r=g","url":"https:\/\/secure.gravatar.com\/avatar\/bb65d0283347e303893ba14f0692005417c1e0e690a325a4c5d8bb2b3943ee14?s=96&d=mm&r=g","contentUrl":"https:\/\/secure.gravatar.com\/avatar\/bb65d0283347e303893ba14f0692005417c1e0e690a325a4c5d8bb2b3943ee14?s=96&d=mm&r=g","caption":"Cope Alcoy"}}]}},"_links":{"self":[{"href":"https:\/\/www.copealcoy.es\/es\/wp-json\/wp\/v2\/posts\/84804","targetHints":{"allow":["GET"]}}],"collection":[{"href":"https:\/\/www.copealcoy.es\/es\/wp-json\/wp\/v2\/posts"}],"about":[{"href":"https:\/\/www.copealcoy.es\/es\/wp-json\/wp\/v2\/types\/post"}],"author":[{"embeddable":true,"href":"https:\/\/www.copealcoy.es\/es\/wp-json\/wp\/v2\/users\/1"}],"replies":[{"embeddable":true,"href":"https:\/\/www.copealcoy.es\/es\/wp-json\/wp\/v2\/comments?post=84804"}],"version-history":[{"count":0,"href":"https:\/\/www.copealcoy.es\/es\/wp-json\/wp\/v2\/posts\/84804\/revisions"}],"wp:featuredmedia":[{"embeddable":true,"href":"https:\/\/www.copealcoy.es\/es\/wp-json\/wp\/v2\/media\/76821"}],"wp:attachment":[{"href":"https:\/\/www.copealcoy.es\/es\/wp-json\/wp\/v2\/media?parent=84804"}],"wp:term":[{"taxonomy":"category","embeddable":true,"href":"https:\/\/www.copealcoy.es\/es\/wp-json\/wp\/v2\/categories?post=84804"},{"taxonomy":"post_tag","embeddable":true,"href":"https:\/\/www.copealcoy.es\/es\/wp-json\/wp\/v2\/tags?post=84804"}],"curies":[{"name":"wp","href":"https:\/\/api.w.org\/{rel}","templated":true}]}}