{"id":84797,"date":"2022-03-10T10:18:19","date_gmt":"2022-03-10T09:18:19","guid":{"rendered":"https:\/\/www.copealcoy.es\/?p=84797"},"modified":"2022-03-10T17:02:49","modified_gmt":"2022-03-10T16:02:49","slug":"aclaran-por-que-no-pueden-colocarse-pancartas-en-el-ayuntamiento","status":"publish","type":"post","link":"https:\/\/www.copealcoy.es\/es\/aclaran-por-que-no-pueden-colocarse-pancartas-en-el-ayuntamiento\/","title":{"rendered":"Aclaran por qu\u00e9 no pueden colocarse pancartas en el Ayuntamiento"},"content":{"rendered":"<p style=\"text-align: justify;\">El Gobierno Local del PSOE asegura que <strong>la homologaci\u00f3n y el plan especial de protecci\u00f3n del casco hist\u00f3rico<\/strong> no permite<strong> la colocaci\u00f3n de ning\u00fan tipo de cartel o anuncio en edificios como el Ayuntamiento<\/strong>. La normativa contempla <strong>una serie de excepciones<\/strong> en los lugares espec\u00edficos destinados a la publicidad o carteleras.<\/p>\n<p style=\"text-align: justify;\">Es la respuesta que da el ejecutivo a <strong>las criticas del Col.lectiu 8 de Mar\u00e7<\/strong> por no haberse permitido la colocaci\u00f3n de <strong>una pancarta reivindicativa<\/strong>, alusiva al D\u00eda Internacional de la Mujer, el pasado martes en el balc\u00f3n del mismo Ayuntamiento. Desde el Gobierno indican que adem\u00e1s de esta normativa local,\u00a0para cumplir con el Reglamento de Bienes de las Entidades Locales de nivel auton\u00f3mico, <strong>si alguna asociaci\u00f3n quiere colocar alg\u00fan tipo de pancarta o banderola en un edificio municipal<\/strong> tendr\u00e1 que\u00a0 solicitarlo por escrito. Eso s\u00ed,\u00a0 <strong>deber\u00e1 tener en cuenta que no se podr\u00e1 colocar ni en el Centro<\/strong>, que cuenta con el plan de protecci\u00f3n;<strong> ni en ning\u00fan edificio municipal<\/strong> que est\u00e9 en el cat\u00e1logo de edificios protegidos. No obstante, el Ayuntamiento anuncia que <strong>dispondr\u00e1 de unos nuevos emplazamientos de publicidad est\u00e1tica<\/strong> y podr\u00e1 ofrecer a las entidades colocar all\u00ed los anuncios de inter\u00e9s general &#8220;<em>como m\u00e1xima instituci\u00f3n local, somos los primeros que debemos cumplir con la normativa vigente. Si queremos que la ciudadan\u00eda respete las ordenanzas hemos de dar ejemplo e informar de ello. Adem\u00e1s, tal como hemos indicado en muchas ocasiones para nosotros el Centro Hist\u00f3rico tienen un gran valor que debemos proteger, cumpliendo precisamente con su plan de protecci\u00f3n<\/em>&#8220;, afirma el edil de Seguridad; <strong>Ra\u00fcl Llopis<\/strong>.<\/p>\n<p style=\"text-align: justify;\">La normativa vigente, y todos <strong>los aspectos que contempla la misma<\/strong>, lo puedes consultar<a href=\"https:\/\/alcoi.org\/export\/sites\/default\/es\/areas\/urbanismo\/transparencia\/descargas_planeam\/HOMOLOGACION-Y-PLAN-ESPECIAL-DE-PROTECCION-Y-CONSERVACION-DE-TODA-EL-AREA-DEL-NUCLEO-ANTIGUO-PLAN-DE-REFORMA-INTERIOR-DEL-SECTOR-1.pdf\"><strong><span style=\"color: #0000ff;\"> aqu\u00ed<\/span><\/strong><\/a>. Tambi\u00e9n <strong>puedes visualizar<\/strong> <a href=\"https:\/\/alcoi.org\/export\/sites\/default\/es\/areas\/urbanismo\/ordenanzas\/descarga\/ORDENANZA-PUBLICIDAD.pdf\"><strong><span style=\"color: #0000ff;\">la ordenanza<\/span><\/strong><\/a> a la que hace referencia el Gobierno Local.<\/p>\n","protected":false},"excerpt":{"rendered":"<p>El Gobierno Local del PSOE asegura que la homologaci\u00f3n y el plan especial de protecci\u00f3n del casco hist\u00f3rico no permite&#8230;<\/p>\n","protected":false},"author":1,"featured_media":84806,"comment_status":"open","ping_status":"open","sticky":false,"template":"","format":"standard","meta":{"footnotes":""},"categories":[6909,97,75,79,125],"tags":[1494,229,10431,5119,12513],"class_list":["post-84797","post","type-post","status-publish","format-standard","has-post-thumbnail","hentry","category-actualidad","category-alcoy","category-noticias","category-politicayeconomia","category-portada","tag-alcoy","tag-ayuntamiento","tag-fachada","tag-normativa","tag-pancartas"],"yoast_head":"<!-- This site is optimized with the Yoast SEO plugin v27.3 - https:\/\/yoast.com\/product\/yoast-seo-wordpress\/ -->\n<title>Aclaran por qu\u00e9 no pueden colocarse pancartas en el Ayuntamiento - COPE Alcoy<\/title>\n<meta name=\"robots\" content=\"index, follow, max-snippet:-1, max-image-preview:large, max-video-preview:-1\" \/>\n<link rel=\"canonical\" href=\"https:\/\/www.copealcoy.es\/es\/aclaran-por-que-no-pueden-colocarse-pancartas-en-el-ayuntamiento\/\" \/>\n<meta property=\"og:locale\" content=\"es_ES\" \/>\n<meta property=\"og:type\" content=\"article\" \/>\n<meta property=\"og:title\" content=\"Aclaran por qu\u00e9 no pueden colocarse pancartas en el Ayuntamiento - COPE Alcoy\" \/>\n<meta property=\"og:description\" content=\"El Gobierno Local del PSOE asegura que la homologaci\u00f3n y el plan especial de protecci\u00f3n del casco hist\u00f3rico no permite...\" \/>\n<meta property=\"og:url\" content=\"https:\/\/www.copealcoy.es\/es\/aclaran-por-que-no-pueden-colocarse-pancartas-en-el-ayuntamiento\/\" \/>\n<meta property=\"og:site_name\" content=\"COPE Alcoy\" \/>\n<meta property=\"article:published_time\" content=\"2022-03-10T09:18:19+00:00\" \/>\n<meta property=\"article:modified_time\" content=\"2022-03-10T16:02:49+00:00\" \/>\n<meta property=\"og:image\" content=\"https:\/\/www.copealcoy.es\/wp-content\/uploads\/2022\/03\/274966485_265676975743686_3234251995642574503_n.jpg\" \/>\n\t<meta property=\"og:image:width\" content=\"899\" \/>\n\t<meta property=\"og:image:height\" content=\"536\" \/>\n\t<meta property=\"og:image:type\" content=\"image\/jpeg\" \/>\n<meta name=\"author\" content=\"Cope Alcoy\" \/>\n<meta name=\"twitter:label1\" content=\"Escrito por\" \/>\n\t<meta name=\"twitter:data1\" content=\"Cope Alcoy\" \/>\n\t<meta name=\"twitter:label2\" content=\"Tiempo de lectura\" \/>\n\t<meta name=\"twitter:data2\" content=\"2 minutos\" \/>\n<script type=\"application\/ld+json\" class=\"yoast-schema-graph\">{\"@context\":\"https:\\\/\\\/schema.org\",\"@graph\":[{\"@type\":\"Article\",\"@id\":\"https:\\\/\\\/www.copealcoy.es\\\/es\\\/aclaran-por-que-no-pueden-colocarse-pancartas-en-el-ayuntamiento\\\/#article\",\"isPartOf\":{\"@id\":\"https:\\\/\\\/www.copealcoy.es\\\/es\\\/aclaran-por-que-no-pueden-colocarse-pancartas-en-el-ayuntamiento\\\/\"},\"author\":{\"name\":\"Cope Alcoy\",\"@id\":\"https:\\\/\\\/www.copealcoy.es\\\/es\\\/#\\\/schema\\\/person\\\/e777c87fa024e57d40170af9df39882c\"},\"headline\":\"Aclaran por qu\u00e9 no pueden colocarse pancartas en el Ayuntamiento\",\"datePublished\":\"2022-03-10T09:18:19+00:00\",\"dateModified\":\"2022-03-10T16:02:49+00:00\",\"mainEntityOfPage\":{\"@id\":\"https:\\\/\\\/www.copealcoy.es\\\/es\\\/aclaran-por-que-no-pueden-colocarse-pancartas-en-el-ayuntamiento\\\/\"},\"wordCount\":326,\"commentCount\":0,\"image\":{\"@id\":\"https:\\\/\\\/www.copealcoy.es\\\/es\\\/aclaran-por-que-no-pueden-colocarse-pancartas-en-el-ayuntamiento\\\/#primaryimage\"},\"thumbnailUrl\":\"https:\\\/\\\/www.copealcoy.es\\\/wp-content\\\/uploads\\\/2022\\\/03\\\/274966485_265676975743686_3234251995642574503_n.jpg\",\"keywords\":[\"Alcoy\",\"Ayuntamiento\",\"fachada\",\"normativa\",\"pancartas\"],\"articleSection\":[\"Actualidad\",\"Alcoy\",\"Noticias\",\"Pol\u00edtica y Econom\u00eda\",\"Portada\"],\"inLanguage\":\"es\"},{\"@type\":\"WebPage\",\"@id\":\"https:\\\/\\\/www.copealcoy.es\\\/es\\\/aclaran-por-que-no-pueden-colocarse-pancartas-en-el-ayuntamiento\\\/\",\"url\":\"https:\\\/\\\/www.copealcoy.es\\\/es\\\/aclaran-por-que-no-pueden-colocarse-pancartas-en-el-ayuntamiento\\\/\",\"name\":\"Aclaran por qu\u00e9 no pueden colocarse pancartas en el Ayuntamiento - COPE Alcoy\",\"isPartOf\":{\"@id\":\"https:\\\/\\\/www.copealcoy.es\\\/es\\\/#website\"},\"primaryImageOfPage\":{\"@id\":\"https:\\\/\\\/www.copealcoy.es\\\/es\\\/aclaran-por-que-no-pueden-colocarse-pancartas-en-el-ayuntamiento\\\/#primaryimage\"},\"image\":{\"@id\":\"https:\\\/\\\/www.copealcoy.es\\\/es\\\/aclaran-por-que-no-pueden-colocarse-pancartas-en-el-ayuntamiento\\\/#primaryimage\"},\"thumbnailUrl\":\"https:\\\/\\\/www.copealcoy.es\\\/wp-content\\\/uploads\\\/2022\\\/03\\\/274966485_265676975743686_3234251995642574503_n.jpg\",\"datePublished\":\"2022-03-10T09:18:19+00:00\",\"dateModified\":\"2022-03-10T16:02:49+00:00\",\"author\":{\"@id\":\"https:\\\/\\\/www.copealcoy.es\\\/es\\\/#\\\/schema\\\/person\\\/e777c87fa024e57d40170af9df39882c\"},\"breadcrumb\":{\"@id\":\"https:\\\/\\\/www.copealcoy.es\\\/es\\\/aclaran-por-que-no-pueden-colocarse-pancartas-en-el-ayuntamiento\\\/#breadcrumb\"},\"inLanguage\":\"es\",\"potentialAction\":[{\"@type\":\"ReadAction\",\"target\":[\"https:\\\/\\\/www.copealcoy.es\\\/es\\\/aclaran-por-que-no-pueden-colocarse-pancartas-en-el-ayuntamiento\\\/\"]}]},{\"@type\":\"ImageObject\",\"inLanguage\":\"es\",\"@id\":\"https:\\\/\\\/www.copealcoy.es\\\/es\\\/aclaran-por-que-no-pueden-colocarse-pancartas-en-el-ayuntamiento\\\/#primaryimage\",\"url\":\"https:\\\/\\\/www.copealcoy.es\\\/wp-content\\\/uploads\\\/2022\\\/03\\\/274966485_265676975743686_3234251995642574503_n.jpg\",\"contentUrl\":\"https:\\\/\\\/www.copealcoy.es\\\/wp-content\\\/uploads\\\/2022\\\/03\\\/274966485_265676975743686_3234251995642574503_n.jpg\",\"width\":899,\"height\":536},{\"@type\":\"BreadcrumbList\",\"@id\":\"https:\\\/\\\/www.copealcoy.es\\\/es\\\/aclaran-por-que-no-pueden-colocarse-pancartas-en-el-ayuntamiento\\\/#breadcrumb\",\"itemListElement\":[{\"@type\":\"ListItem\",\"position\":1,\"name\":\"Portada\",\"item\":\"https:\\\/\\\/www.copealcoy.es\\\/es\\\/\"},{\"@type\":\"ListItem\",\"position\":2,\"name\":\"Aclaran por qu\u00e9 no pueden colocarse pancartas en el Ayuntamiento\"}]},{\"@type\":\"WebSite\",\"@id\":\"https:\\\/\\\/www.copealcoy.es\\\/es\\\/#website\",\"url\":\"https:\\\/\\\/www.copealcoy.es\\\/es\\\/\",\"name\":\"COPE Alcoy\",\"description\":\"Emisora COPE de radio local con emisi\u00f3n online. Pont de Sant Jordi 8-10 03803 Alcoy\",\"potentialAction\":[{\"@type\":\"SearchAction\",\"target\":{\"@type\":\"EntryPoint\",\"urlTemplate\":\"https:\\\/\\\/www.copealcoy.es\\\/es\\\/?s={search_term_string}\"},\"query-input\":{\"@type\":\"PropertyValueSpecification\",\"valueRequired\":true,\"valueName\":\"search_term_string\"}}],\"inLanguage\":\"es\"},{\"@type\":\"Person\",\"@id\":\"https:\\\/\\\/www.copealcoy.es\\\/es\\\/#\\\/schema\\\/person\\\/e777c87fa024e57d40170af9df39882c\",\"name\":\"Cope Alcoy\",\"image\":{\"@type\":\"ImageObject\",\"inLanguage\":\"es\",\"@id\":\"https:\\\/\\\/secure.gravatar.com\\\/avatar\\\/bb65d0283347e303893ba14f0692005417c1e0e690a325a4c5d8bb2b3943ee14?s=96&d=mm&r=g\",\"url\":\"https:\\\/\\\/secure.gravatar.com\\\/avatar\\\/bb65d0283347e303893ba14f0692005417c1e0e690a325a4c5d8bb2b3943ee14?s=96&d=mm&r=g\",\"contentUrl\":\"https:\\\/\\\/secure.gravatar.com\\\/avatar\\\/bb65d0283347e303893ba14f0692005417c1e0e690a325a4c5d8bb2b3943ee14?s=96&d=mm&r=g\",\"caption\":\"Cope Alcoy\"}}]}<\/script>\n<!-- \/ Yoast SEO plugin. -->","yoast_head_json":{"title":"Aclaran por qu\u00e9 no pueden colocarse pancartas en el Ayuntamiento - COPE Alcoy","robots":{"index":"index","follow":"follow","max-snippet":"max-snippet:-1","max-image-preview":"max-image-preview:large","max-video-preview":"max-video-preview:-1"},"canonical":"https:\/\/www.copealcoy.es\/es\/aclaran-por-que-no-pueden-colocarse-pancartas-en-el-ayuntamiento\/","og_locale":"es_ES","og_type":"article","og_title":"Aclaran por qu\u00e9 no pueden colocarse pancartas en el Ayuntamiento - COPE Alcoy","og_description":"El Gobierno Local del PSOE asegura que la homologaci\u00f3n y el plan especial de protecci\u00f3n del casco hist\u00f3rico no permite...","og_url":"https:\/\/www.copealcoy.es\/es\/aclaran-por-que-no-pueden-colocarse-pancartas-en-el-ayuntamiento\/","og_site_name":"COPE Alcoy","article_published_time":"2022-03-10T09:18:19+00:00","article_modified_time":"2022-03-10T16:02:49+00:00","og_image":[{"width":899,"height":536,"url":"https:\/\/www.copealcoy.es\/wp-content\/uploads\/2022\/03\/274966485_265676975743686_3234251995642574503_n.jpg","type":"image\/jpeg"}],"author":"Cope Alcoy","twitter_misc":{"Escrito por":"Cope Alcoy","Tiempo de lectura":"2 minutos"},"schema":{"@context":"https:\/\/schema.org","@graph":[{"@type":"Article","@id":"https:\/\/www.copealcoy.es\/es\/aclaran-por-que-no-pueden-colocarse-pancartas-en-el-ayuntamiento\/#article","isPartOf":{"@id":"https:\/\/www.copealcoy.es\/es\/aclaran-por-que-no-pueden-colocarse-pancartas-en-el-ayuntamiento\/"},"author":{"name":"Cope Alcoy","@id":"https:\/\/www.copealcoy.es\/es\/#\/schema\/person\/e777c87fa024e57d40170af9df39882c"},"headline":"Aclaran por qu\u00e9 no pueden colocarse pancartas en el Ayuntamiento","datePublished":"2022-03-10T09:18:19+00:00","dateModified":"2022-03-10T16:02:49+00:00","mainEntityOfPage":{"@id":"https:\/\/www.copealcoy.es\/es\/aclaran-por-que-no-pueden-colocarse-pancartas-en-el-ayuntamiento\/"},"wordCount":326,"commentCount":0,"image":{"@id":"https:\/\/www.copealcoy.es\/es\/aclaran-por-que-no-pueden-colocarse-pancartas-en-el-ayuntamiento\/#primaryimage"},"thumbnailUrl":"https:\/\/www.copealcoy.es\/wp-content\/uploads\/2022\/03\/274966485_265676975743686_3234251995642574503_n.jpg","keywords":["Alcoy","Ayuntamiento","fachada","normativa","pancartas"],"articleSection":["Actualidad","Alcoy","Noticias","Pol\u00edtica y Econom\u00eda","Portada"],"inLanguage":"es"},{"@type":"WebPage","@id":"https:\/\/www.copealcoy.es\/es\/aclaran-por-que-no-pueden-colocarse-pancartas-en-el-ayuntamiento\/","url":"https:\/\/www.copealcoy.es\/es\/aclaran-por-que-no-pueden-colocarse-pancartas-en-el-ayuntamiento\/","name":"Aclaran por qu\u00e9 no pueden colocarse pancartas en el Ayuntamiento - COPE Alcoy","isPartOf":{"@id":"https:\/\/www.copealcoy.es\/es\/#website"},"primaryImageOfPage":{"@id":"https:\/\/www.copealcoy.es\/es\/aclaran-por-que-no-pueden-colocarse-pancartas-en-el-ayuntamiento\/#primaryimage"},"image":{"@id":"https:\/\/www.copealcoy.es\/es\/aclaran-por-que-no-pueden-colocarse-pancartas-en-el-ayuntamiento\/#primaryimage"},"thumbnailUrl":"https:\/\/www.copealcoy.es\/wp-content\/uploads\/2022\/03\/274966485_265676975743686_3234251995642574503_n.jpg","datePublished":"2022-03-10T09:18:19+00:00","dateModified":"2022-03-10T16:02:49+00:00","author":{"@id":"https:\/\/www.copealcoy.es\/es\/#\/schema\/person\/e777c87fa024e57d40170af9df39882c"},"breadcrumb":{"@id":"https:\/\/www.copealcoy.es\/es\/aclaran-por-que-no-pueden-colocarse-pancartas-en-el-ayuntamiento\/#breadcrumb"},"inLanguage":"es","potentialAction":[{"@type":"ReadAction","target":["https:\/\/www.copealcoy.es\/es\/aclaran-por-que-no-pueden-colocarse-pancartas-en-el-ayuntamiento\/"]}]},{"@type":"ImageObject","inLanguage":"es","@id":"https:\/\/www.copealcoy.es\/es\/aclaran-por-que-no-pueden-colocarse-pancartas-en-el-ayuntamiento\/#primaryimage","url":"https:\/\/www.copealcoy.es\/wp-content\/uploads\/2022\/03\/274966485_265676975743686_3234251995642574503_n.jpg","contentUrl":"https:\/\/www.copealcoy.es\/wp-content\/uploads\/2022\/03\/274966485_265676975743686_3234251995642574503_n.jpg","width":899,"height":536},{"@type":"BreadcrumbList","@id":"https:\/\/www.copealcoy.es\/es\/aclaran-por-que-no-pueden-colocarse-pancartas-en-el-ayuntamiento\/#breadcrumb","itemListElement":[{"@type":"ListItem","position":1,"name":"Portada","item":"https:\/\/www.copealcoy.es\/es\/"},{"@type":"ListItem","position":2,"name":"Aclaran por qu\u00e9 no pueden colocarse pancartas en el Ayuntamiento"}]},{"@type":"WebSite","@id":"https:\/\/www.copealcoy.es\/es\/#website","url":"https:\/\/www.copealcoy.es\/es\/","name":"COPE Alcoy","description":"Emisora COPE de radio local con emisi\u00f3n online. Pont de Sant Jordi 8-10 03803 Alcoy","potentialAction":[{"@type":"SearchAction","target":{"@type":"EntryPoint","urlTemplate":"https:\/\/www.copealcoy.es\/es\/?s={search_term_string}"},"query-input":{"@type":"PropertyValueSpecification","valueRequired":true,"valueName":"search_term_string"}}],"inLanguage":"es"},{"@type":"Person","@id":"https:\/\/www.copealcoy.es\/es\/#\/schema\/person\/e777c87fa024e57d40170af9df39882c","name":"Cope Alcoy","image":{"@type":"ImageObject","inLanguage":"es","@id":"https:\/\/secure.gravatar.com\/avatar\/bb65d0283347e303893ba14f0692005417c1e0e690a325a4c5d8bb2b3943ee14?s=96&d=mm&r=g","url":"https:\/\/secure.gravatar.com\/avatar\/bb65d0283347e303893ba14f0692005417c1e0e690a325a4c5d8bb2b3943ee14?s=96&d=mm&r=g","contentUrl":"https:\/\/secure.gravatar.com\/avatar\/bb65d0283347e303893ba14f0692005417c1e0e690a325a4c5d8bb2b3943ee14?s=96&d=mm&r=g","caption":"Cope Alcoy"}}]}},"_links":{"self":[{"href":"https:\/\/www.copealcoy.es\/es\/wp-json\/wp\/v2\/posts\/84797","targetHints":{"allow":["GET"]}}],"collection":[{"href":"https:\/\/www.copealcoy.es\/es\/wp-json\/wp\/v2\/posts"}],"about":[{"href":"https:\/\/www.copealcoy.es\/es\/wp-json\/wp\/v2\/types\/post"}],"author":[{"embeddable":true,"href":"https:\/\/www.copealcoy.es\/es\/wp-json\/wp\/v2\/users\/1"}],"replies":[{"embeddable":true,"href":"https:\/\/www.copealcoy.es\/es\/wp-json\/wp\/v2\/comments?post=84797"}],"version-history":[{"count":0,"href":"https:\/\/www.copealcoy.es\/es\/wp-json\/wp\/v2\/posts\/84797\/revisions"}],"wp:featuredmedia":[{"embeddable":true,"href":"https:\/\/www.copealcoy.es\/es\/wp-json\/wp\/v2\/media\/84806"}],"wp:attachment":[{"href":"https:\/\/www.copealcoy.es\/es\/wp-json\/wp\/v2\/media?parent=84797"}],"wp:term":[{"taxonomy":"category","embeddable":true,"href":"https:\/\/www.copealcoy.es\/es\/wp-json\/wp\/v2\/categories?post=84797"},{"taxonomy":"post_tag","embeddable":true,"href":"https:\/\/www.copealcoy.es\/es\/wp-json\/wp\/v2\/tags?post=84797"}],"curies":[{"name":"wp","href":"https:\/\/api.w.org\/{rel}","templated":true}]}}