{"id":84784,"date":"2022-03-09T20:42:36","date_gmt":"2022-03-09T19:42:36","guid":{"rendered":"https:\/\/www.copealcoy.es\/?p=84784"},"modified":"2022-03-09T20:58:50","modified_gmt":"2022-03-09T19:58:50","slug":"el-pp-pide-que-se-agilice-la-aprobacion-del-nuevo-pgou-de-alcoy","status":"publish","type":"post","link":"https:\/\/www.copealcoy.es\/es\/el-pp-pide-que-se-agilice-la-aprobacion-del-nuevo-pgou-de-alcoy\/","title":{"rendered":"El PP pide que se agilice la aprobaci\u00f3n del nuevo PGOU de Alcoy"},"content":{"rendered":"<p style=\"text-align: justify;\">El <strong>Partido Popular de Alcoy<\/strong> reclama al Gobierno Local del PSOE que <strong>de m\u00e1xima prioridad al nuevo Plan General de Ordenaci\u00f3n Urbana de la ciudad<\/strong> y que atienda<strong> las demandas del sector empresarial<\/strong>. Los populares recuerdan que la pasada semana<strong> FEDAC manifest\u00f3\u00a0su preocupaci\u00f3n por el prolongado retraso que est\u00e1 sufriendo la tramitaci\u00f3n del documento<\/strong> por parte de la Generalitat Valenciana.<\/p>\n<p style=\"text-align: justify;\">La formaci\u00f3n pol\u00edtica recuerda que\u00a0<strong>9 de los 14 informes sectoriales emitidos hasta la fecha son contrarios a su aprobaci\u00f3n<\/strong> y exigen cambios y modificaciones. Adem\u00e1s matizan que<strong> el Plan tiene pendientes de recibir otros 4 informes sectoriales<\/strong> &#8220;<em>la aprobaci\u00f3n del plan debe ser prioritaria para el Ayuntamiento de Alcoy, que todav\u00eda debe enviar mucha informaci\u00f3n a la Generalitat para obtener su visto bueno. Exigimos al PSOE que remita de urgencia la documentaci\u00f3n necesaria para corregir los defectos del plan que han detectado hasta nueve informes de la Generalitat<\/em>&#8220;, afirma la edil; <strong>Lirios Garc\u00eda<\/strong>.<\/p>\n<p style=\"text-align: justify;\">El PP recuerda la necesidad de <strong>ofrecer soluciones urgentes a la falta de suelo industrial <\/strong>que tiene ahora mismo Alcoy. Finalmente, califican de justificada <strong>la preocupaci\u00f3n de los empresarios<\/strong> &#8220;<em>mientras el PSOE mantiene bloqueada la aprobaci\u00f3n del plan, Alcoy ha perdido el 18,8% de sus industrias desde 2012<\/em>&#8220;, concluyen.<\/p>\n","protected":false},"excerpt":{"rendered":"<p>El Partido Popular de Alcoy reclama al Gobierno Local del PSOE que de m\u00e1xima prioridad al nuevo Plan General de&#8230;<\/p>\n","protected":false},"author":1,"featured_media":69679,"comment_status":"open","ping_status":"open","sticky":false,"template":"","format":"standard","meta":{"footnotes":""},"categories":[6909,97,75,79],"tags":[1494,276,7038,275,2036,227,274],"class_list":["post-84784","post","type-post","status-publish","format-standard","has-post-thumbnail","hentry","category-actualidad","category-alcoy","category-noticias","category-politicayeconomia","tag-alcoy","tag-aprobacion","tag-lirios-garcia","tag-pgou","tag-plan-general","tag-pp","tag-retraso"],"yoast_head":"<!-- This site is optimized with the Yoast SEO plugin v27.3 - https:\/\/yoast.com\/product\/yoast-seo-wordpress\/ -->\n<title>El PP pide que se agilice la aprobaci\u00f3n del nuevo PGOU de Alcoy - COPE Alcoy<\/title>\n<meta name=\"robots\" content=\"index, follow, max-snippet:-1, max-image-preview:large, max-video-preview:-1\" \/>\n<link rel=\"canonical\" href=\"https:\/\/www.copealcoy.es\/es\/el-pp-pide-que-se-agilice-la-aprobacion-del-nuevo-pgou-de-alcoy\/\" \/>\n<meta property=\"og:locale\" content=\"es_ES\" \/>\n<meta property=\"og:type\" content=\"article\" \/>\n<meta property=\"og:title\" content=\"El PP pide que se agilice la aprobaci\u00f3n del nuevo PGOU de Alcoy - COPE Alcoy\" \/>\n<meta property=\"og:description\" content=\"El Partido Popular de Alcoy reclama al Gobierno Local del PSOE que de m\u00e1xima prioridad al nuevo Plan General de...\" \/>\n<meta property=\"og:url\" content=\"https:\/\/www.copealcoy.es\/es\/el-pp-pide-que-se-agilice-la-aprobacion-del-nuevo-pgou-de-alcoy\/\" \/>\n<meta property=\"og:site_name\" content=\"COPE Alcoy\" \/>\n<meta property=\"article:published_time\" content=\"2022-03-09T19:42:36+00:00\" \/>\n<meta property=\"article:modified_time\" content=\"2022-03-09T19:58:50+00:00\" \/>\n<meta property=\"og:image\" content=\"https:\/\/www.copealcoy.es\/wp-content\/uploads\/2021\/01\/Poli\u0301gono-Alcoy-7-e1639501498886.png\" \/>\n\t<meta property=\"og:image:width\" content=\"640\" \/>\n\t<meta property=\"og:image:height\" content=\"360\" \/>\n\t<meta property=\"og:image:type\" content=\"image\/png\" \/>\n<meta name=\"author\" content=\"Cope Alcoy\" \/>\n<meta name=\"twitter:label1\" content=\"Escrito por\" \/>\n\t<meta name=\"twitter:data1\" content=\"Cope Alcoy\" \/>\n\t<meta name=\"twitter:label2\" content=\"Tiempo de lectura\" \/>\n\t<meta name=\"twitter:data2\" content=\"1 minuto\" \/>\n<script type=\"application\/ld+json\" class=\"yoast-schema-graph\">{\"@context\":\"https:\\\/\\\/schema.org\",\"@graph\":[{\"@type\":\"Article\",\"@id\":\"https:\\\/\\\/www.copealcoy.es\\\/es\\\/el-pp-pide-que-se-agilice-la-aprobacion-del-nuevo-pgou-de-alcoy\\\/#article\",\"isPartOf\":{\"@id\":\"https:\\\/\\\/www.copealcoy.es\\\/es\\\/el-pp-pide-que-se-agilice-la-aprobacion-del-nuevo-pgou-de-alcoy\\\/\"},\"author\":{\"name\":\"Cope Alcoy\",\"@id\":\"https:\\\/\\\/www.copealcoy.es\\\/es\\\/#\\\/schema\\\/person\\\/e777c87fa024e57d40170af9df39882c\"},\"headline\":\"El PP pide que se agilice la aprobaci\u00f3n del nuevo PGOU de Alcoy\",\"datePublished\":\"2022-03-09T19:42:36+00:00\",\"dateModified\":\"2022-03-09T19:58:50+00:00\",\"mainEntityOfPage\":{\"@id\":\"https:\\\/\\\/www.copealcoy.es\\\/es\\\/el-pp-pide-que-se-agilice-la-aprobacion-del-nuevo-pgou-de-alcoy\\\/\"},\"wordCount\":228,\"commentCount\":0,\"image\":{\"@id\":\"https:\\\/\\\/www.copealcoy.es\\\/es\\\/el-pp-pide-que-se-agilice-la-aprobacion-del-nuevo-pgou-de-alcoy\\\/#primaryimage\"},\"thumbnailUrl\":\"https:\\\/\\\/www.copealcoy.es\\\/wp-content\\\/uploads\\\/2021\\\/01\\\/Poli\u0301gono-Alcoy-7-e1639501498886.png\",\"keywords\":[\"Alcoy\",\"Aprobaci\u00f3n\",\"Lirios Garc\u00eda\",\"PGOU\",\"Plan General\",\"PP\",\"Retraso\"],\"articleSection\":[\"Actualidad\",\"Alcoy\",\"Noticias\",\"Pol\u00edtica y Econom\u00eda\"],\"inLanguage\":\"es\"},{\"@type\":\"WebPage\",\"@id\":\"https:\\\/\\\/www.copealcoy.es\\\/es\\\/el-pp-pide-que-se-agilice-la-aprobacion-del-nuevo-pgou-de-alcoy\\\/\",\"url\":\"https:\\\/\\\/www.copealcoy.es\\\/es\\\/el-pp-pide-que-se-agilice-la-aprobacion-del-nuevo-pgou-de-alcoy\\\/\",\"name\":\"El PP pide que se agilice la aprobaci\u00f3n del nuevo PGOU de Alcoy - COPE Alcoy\",\"isPartOf\":{\"@id\":\"https:\\\/\\\/www.copealcoy.es\\\/es\\\/#website\"},\"primaryImageOfPage\":{\"@id\":\"https:\\\/\\\/www.copealcoy.es\\\/es\\\/el-pp-pide-que-se-agilice-la-aprobacion-del-nuevo-pgou-de-alcoy\\\/#primaryimage\"},\"image\":{\"@id\":\"https:\\\/\\\/www.copealcoy.es\\\/es\\\/el-pp-pide-que-se-agilice-la-aprobacion-del-nuevo-pgou-de-alcoy\\\/#primaryimage\"},\"thumbnailUrl\":\"https:\\\/\\\/www.copealcoy.es\\\/wp-content\\\/uploads\\\/2021\\\/01\\\/Poli\u0301gono-Alcoy-7-e1639501498886.png\",\"datePublished\":\"2022-03-09T19:42:36+00:00\",\"dateModified\":\"2022-03-09T19:58:50+00:00\",\"author\":{\"@id\":\"https:\\\/\\\/www.copealcoy.es\\\/es\\\/#\\\/schema\\\/person\\\/e777c87fa024e57d40170af9df39882c\"},\"breadcrumb\":{\"@id\":\"https:\\\/\\\/www.copealcoy.es\\\/es\\\/el-pp-pide-que-se-agilice-la-aprobacion-del-nuevo-pgou-de-alcoy\\\/#breadcrumb\"},\"inLanguage\":\"es\",\"potentialAction\":[{\"@type\":\"ReadAction\",\"target\":[\"https:\\\/\\\/www.copealcoy.es\\\/es\\\/el-pp-pide-que-se-agilice-la-aprobacion-del-nuevo-pgou-de-alcoy\\\/\"]}]},{\"@type\":\"ImageObject\",\"inLanguage\":\"es\",\"@id\":\"https:\\\/\\\/www.copealcoy.es\\\/es\\\/el-pp-pide-que-se-agilice-la-aprobacion-del-nuevo-pgou-de-alcoy\\\/#primaryimage\",\"url\":\"https:\\\/\\\/www.copealcoy.es\\\/wp-content\\\/uploads\\\/2021\\\/01\\\/Poli\u0301gono-Alcoy-7-e1639501498886.png\",\"contentUrl\":\"https:\\\/\\\/www.copealcoy.es\\\/wp-content\\\/uploads\\\/2021\\\/01\\\/Poli\u0301gono-Alcoy-7-e1639501498886.png\",\"width\":640,\"height\":360},{\"@type\":\"BreadcrumbList\",\"@id\":\"https:\\\/\\\/www.copealcoy.es\\\/es\\\/el-pp-pide-que-se-agilice-la-aprobacion-del-nuevo-pgou-de-alcoy\\\/#breadcrumb\",\"itemListElement\":[{\"@type\":\"ListItem\",\"position\":1,\"name\":\"Portada\",\"item\":\"https:\\\/\\\/www.copealcoy.es\\\/es\\\/\"},{\"@type\":\"ListItem\",\"position\":2,\"name\":\"El PP pide que se agilice la aprobaci\u00f3n del nuevo PGOU de Alcoy\"}]},{\"@type\":\"WebSite\",\"@id\":\"https:\\\/\\\/www.copealcoy.es\\\/es\\\/#website\",\"url\":\"https:\\\/\\\/www.copealcoy.es\\\/es\\\/\",\"name\":\"COPE Alcoy\",\"description\":\"Emisora COPE de radio local con emisi\u00f3n online. Pont de Sant Jordi 8-10 03803 Alcoy\",\"potentialAction\":[{\"@type\":\"SearchAction\",\"target\":{\"@type\":\"EntryPoint\",\"urlTemplate\":\"https:\\\/\\\/www.copealcoy.es\\\/es\\\/?s={search_term_string}\"},\"query-input\":{\"@type\":\"PropertyValueSpecification\",\"valueRequired\":true,\"valueName\":\"search_term_string\"}}],\"inLanguage\":\"es\"},{\"@type\":\"Person\",\"@id\":\"https:\\\/\\\/www.copealcoy.es\\\/es\\\/#\\\/schema\\\/person\\\/e777c87fa024e57d40170af9df39882c\",\"name\":\"Cope Alcoy\",\"image\":{\"@type\":\"ImageObject\",\"inLanguage\":\"es\",\"@id\":\"https:\\\/\\\/secure.gravatar.com\\\/avatar\\\/bb65d0283347e303893ba14f0692005417c1e0e690a325a4c5d8bb2b3943ee14?s=96&d=mm&r=g\",\"url\":\"https:\\\/\\\/secure.gravatar.com\\\/avatar\\\/bb65d0283347e303893ba14f0692005417c1e0e690a325a4c5d8bb2b3943ee14?s=96&d=mm&r=g\",\"contentUrl\":\"https:\\\/\\\/secure.gravatar.com\\\/avatar\\\/bb65d0283347e303893ba14f0692005417c1e0e690a325a4c5d8bb2b3943ee14?s=96&d=mm&r=g\",\"caption\":\"Cope Alcoy\"}}]}<\/script>\n<!-- \/ Yoast SEO plugin. -->","yoast_head_json":{"title":"El PP pide que se agilice la aprobaci\u00f3n del nuevo PGOU de Alcoy - COPE Alcoy","robots":{"index":"index","follow":"follow","max-snippet":"max-snippet:-1","max-image-preview":"max-image-preview:large","max-video-preview":"max-video-preview:-1"},"canonical":"https:\/\/www.copealcoy.es\/es\/el-pp-pide-que-se-agilice-la-aprobacion-del-nuevo-pgou-de-alcoy\/","og_locale":"es_ES","og_type":"article","og_title":"El PP pide que se agilice la aprobaci\u00f3n del nuevo PGOU de Alcoy - COPE Alcoy","og_description":"El Partido Popular de Alcoy reclama al Gobierno Local del PSOE que de m\u00e1xima prioridad al nuevo Plan General de...","og_url":"https:\/\/www.copealcoy.es\/es\/el-pp-pide-que-se-agilice-la-aprobacion-del-nuevo-pgou-de-alcoy\/","og_site_name":"COPE Alcoy","article_published_time":"2022-03-09T19:42:36+00:00","article_modified_time":"2022-03-09T19:58:50+00:00","og_image":[{"width":640,"height":360,"url":"https:\/\/www.copealcoy.es\/wp-content\/uploads\/2021\/01\/Poli\u0301gono-Alcoy-7-e1639501498886.png","type":"image\/png"}],"author":"Cope Alcoy","twitter_misc":{"Escrito por":"Cope Alcoy","Tiempo de lectura":"1 minuto"},"schema":{"@context":"https:\/\/schema.org","@graph":[{"@type":"Article","@id":"https:\/\/www.copealcoy.es\/es\/el-pp-pide-que-se-agilice-la-aprobacion-del-nuevo-pgou-de-alcoy\/#article","isPartOf":{"@id":"https:\/\/www.copealcoy.es\/es\/el-pp-pide-que-se-agilice-la-aprobacion-del-nuevo-pgou-de-alcoy\/"},"author":{"name":"Cope Alcoy","@id":"https:\/\/www.copealcoy.es\/es\/#\/schema\/person\/e777c87fa024e57d40170af9df39882c"},"headline":"El PP pide que se agilice la aprobaci\u00f3n del nuevo PGOU de Alcoy","datePublished":"2022-03-09T19:42:36+00:00","dateModified":"2022-03-09T19:58:50+00:00","mainEntityOfPage":{"@id":"https:\/\/www.copealcoy.es\/es\/el-pp-pide-que-se-agilice-la-aprobacion-del-nuevo-pgou-de-alcoy\/"},"wordCount":228,"commentCount":0,"image":{"@id":"https:\/\/www.copealcoy.es\/es\/el-pp-pide-que-se-agilice-la-aprobacion-del-nuevo-pgou-de-alcoy\/#primaryimage"},"thumbnailUrl":"https:\/\/www.copealcoy.es\/wp-content\/uploads\/2021\/01\/Poli\u0301gono-Alcoy-7-e1639501498886.png","keywords":["Alcoy","Aprobaci\u00f3n","Lirios Garc\u00eda","PGOU","Plan General","PP","Retraso"],"articleSection":["Actualidad","Alcoy","Noticias","Pol\u00edtica y Econom\u00eda"],"inLanguage":"es"},{"@type":"WebPage","@id":"https:\/\/www.copealcoy.es\/es\/el-pp-pide-que-se-agilice-la-aprobacion-del-nuevo-pgou-de-alcoy\/","url":"https:\/\/www.copealcoy.es\/es\/el-pp-pide-que-se-agilice-la-aprobacion-del-nuevo-pgou-de-alcoy\/","name":"El PP pide que se agilice la aprobaci\u00f3n del nuevo PGOU de Alcoy - COPE Alcoy","isPartOf":{"@id":"https:\/\/www.copealcoy.es\/es\/#website"},"primaryImageOfPage":{"@id":"https:\/\/www.copealcoy.es\/es\/el-pp-pide-que-se-agilice-la-aprobacion-del-nuevo-pgou-de-alcoy\/#primaryimage"},"image":{"@id":"https:\/\/www.copealcoy.es\/es\/el-pp-pide-que-se-agilice-la-aprobacion-del-nuevo-pgou-de-alcoy\/#primaryimage"},"thumbnailUrl":"https:\/\/www.copealcoy.es\/wp-content\/uploads\/2021\/01\/Poli\u0301gono-Alcoy-7-e1639501498886.png","datePublished":"2022-03-09T19:42:36+00:00","dateModified":"2022-03-09T19:58:50+00:00","author":{"@id":"https:\/\/www.copealcoy.es\/es\/#\/schema\/person\/e777c87fa024e57d40170af9df39882c"},"breadcrumb":{"@id":"https:\/\/www.copealcoy.es\/es\/el-pp-pide-que-se-agilice-la-aprobacion-del-nuevo-pgou-de-alcoy\/#breadcrumb"},"inLanguage":"es","potentialAction":[{"@type":"ReadAction","target":["https:\/\/www.copealcoy.es\/es\/el-pp-pide-que-se-agilice-la-aprobacion-del-nuevo-pgou-de-alcoy\/"]}]},{"@type":"ImageObject","inLanguage":"es","@id":"https:\/\/www.copealcoy.es\/es\/el-pp-pide-que-se-agilice-la-aprobacion-del-nuevo-pgou-de-alcoy\/#primaryimage","url":"https:\/\/www.copealcoy.es\/wp-content\/uploads\/2021\/01\/Poli\u0301gono-Alcoy-7-e1639501498886.png","contentUrl":"https:\/\/www.copealcoy.es\/wp-content\/uploads\/2021\/01\/Poli\u0301gono-Alcoy-7-e1639501498886.png","width":640,"height":360},{"@type":"BreadcrumbList","@id":"https:\/\/www.copealcoy.es\/es\/el-pp-pide-que-se-agilice-la-aprobacion-del-nuevo-pgou-de-alcoy\/#breadcrumb","itemListElement":[{"@type":"ListItem","position":1,"name":"Portada","item":"https:\/\/www.copealcoy.es\/es\/"},{"@type":"ListItem","position":2,"name":"El PP pide que se agilice la aprobaci\u00f3n del nuevo PGOU de Alcoy"}]},{"@type":"WebSite","@id":"https:\/\/www.copealcoy.es\/es\/#website","url":"https:\/\/www.copealcoy.es\/es\/","name":"COPE Alcoy","description":"Emisora COPE de radio local con emisi\u00f3n online. Pont de Sant Jordi 8-10 03803 Alcoy","potentialAction":[{"@type":"SearchAction","target":{"@type":"EntryPoint","urlTemplate":"https:\/\/www.copealcoy.es\/es\/?s={search_term_string}"},"query-input":{"@type":"PropertyValueSpecification","valueRequired":true,"valueName":"search_term_string"}}],"inLanguage":"es"},{"@type":"Person","@id":"https:\/\/www.copealcoy.es\/es\/#\/schema\/person\/e777c87fa024e57d40170af9df39882c","name":"Cope Alcoy","image":{"@type":"ImageObject","inLanguage":"es","@id":"https:\/\/secure.gravatar.com\/avatar\/bb65d0283347e303893ba14f0692005417c1e0e690a325a4c5d8bb2b3943ee14?s=96&d=mm&r=g","url":"https:\/\/secure.gravatar.com\/avatar\/bb65d0283347e303893ba14f0692005417c1e0e690a325a4c5d8bb2b3943ee14?s=96&d=mm&r=g","contentUrl":"https:\/\/secure.gravatar.com\/avatar\/bb65d0283347e303893ba14f0692005417c1e0e690a325a4c5d8bb2b3943ee14?s=96&d=mm&r=g","caption":"Cope Alcoy"}}]}},"_links":{"self":[{"href":"https:\/\/www.copealcoy.es\/es\/wp-json\/wp\/v2\/posts\/84784","targetHints":{"allow":["GET"]}}],"collection":[{"href":"https:\/\/www.copealcoy.es\/es\/wp-json\/wp\/v2\/posts"}],"about":[{"href":"https:\/\/www.copealcoy.es\/es\/wp-json\/wp\/v2\/types\/post"}],"author":[{"embeddable":true,"href":"https:\/\/www.copealcoy.es\/es\/wp-json\/wp\/v2\/users\/1"}],"replies":[{"embeddable":true,"href":"https:\/\/www.copealcoy.es\/es\/wp-json\/wp\/v2\/comments?post=84784"}],"version-history":[{"count":0,"href":"https:\/\/www.copealcoy.es\/es\/wp-json\/wp\/v2\/posts\/84784\/revisions"}],"wp:featuredmedia":[{"embeddable":true,"href":"https:\/\/www.copealcoy.es\/es\/wp-json\/wp\/v2\/media\/69679"}],"wp:attachment":[{"href":"https:\/\/www.copealcoy.es\/es\/wp-json\/wp\/v2\/media?parent=84784"}],"wp:term":[{"taxonomy":"category","embeddable":true,"href":"https:\/\/www.copealcoy.es\/es\/wp-json\/wp\/v2\/categories?post=84784"},{"taxonomy":"post_tag","embeddable":true,"href":"https:\/\/www.copealcoy.es\/es\/wp-json\/wp\/v2\/tags?post=84784"}],"curies":[{"name":"wp","href":"https:\/\/api.w.org\/{rel}","templated":true}]}}