{"id":84743,"date":"2022-03-08T21:18:11","date_gmt":"2022-03-08T20:18:11","guid":{"rendered":"https:\/\/www.copealcoy.es\/?p=84743"},"modified":"2022-03-09T12:19:20","modified_gmt":"2022-03-09T11:19:20","slug":"la-manifestacion-del-8m-tine-de-morado-las-calles-de-alcoy","status":"publish","type":"post","link":"https:\/\/www.copealcoy.es\/es\/la-manifestacion-del-8m-tine-de-morado-las-calles-de-alcoy\/","title":{"rendered":"La manifestaci\u00f3n del 8M ti\u00f1e de morado las calles de Alcoy"},"content":{"rendered":"<p style=\"text-align: justify;\">Las <strong>calles del Centro de Alcoy<\/strong> se han te\u00f1ido de color morado durante <strong>la manifestaci\u00f3n feminista<\/strong> que ha tenido lugar esta tarde. Ha sido el acto que ha culminado <strong>la programaci\u00f3n central del 8M<\/strong> y la misma <strong>ha arrancado pasadas las siete de la tarde<\/strong> desde la Plaza de Espa\u00f1a tras la lectura del manifiesto.<\/p>\n<p style=\"text-align: justify;\">La marcha <strong>ha recorrido la tradicional &#8216;Volta als Ponts&#8217;<\/strong> y en la misma algunas de las participantes portaban pancartas <strong>contra las violencias hacia las mujeres o haciendo referencia al D\u00eda Internacional de la Mujer<\/strong> que se conmemora en esta jornada. Adem\u00e1s no han faltado <strong>las proclamas bajo el lema &#8216;Visca la lluita feminista&#8217;<\/strong> mientras que al paso por el Pont de Sant Jordi <strong>se ha cantado la canci\u00f3n &#8216;Ay Mam\u00e1&#8217;<\/strong> con la que Rigoberta Bandini concurri\u00f3 en la \u00faltima edici\u00f3n del Benidorm Fest. Tambi\u00e9n en este vial se ha ejecutado<strong> una sentada<\/strong> en memoria de las mujeres asesinadas.<\/p>\n<p style=\"text-align: justify;\">De esta forma ha concluido un d\u00eda en el que durante la ma\u00f1ana <strong>se han desarrollado varias actividades<\/strong> a cargo de los escolares alcoyanos en La Bandeja. All\u00ed <a href=\"https:\/\/www.copealcoy.es\/la-manifestacion-del-8m-tine-de-morado-las-calles-de-alcoy\/\"><span style=\"color: #0000ff;\"><strong>tambi\u00e9n se ha le\u00eddo el manifiesto<\/strong> <\/span><\/a>a mediod\u00eda en presencia de la Corporaci\u00f3n Municipal de la ciudad.<\/p>\n","protected":false},"excerpt":{"rendered":"<p>Las calles del Centro de Alcoy se han te\u00f1ido de color morado durante la manifestaci\u00f3n feminista que ha tenido lugar&#8230;<\/p>\n","protected":false},"author":1,"featured_media":84744,"comment_status":"open","ping_status":"open","sticky":false,"template":"","format":"standard","meta":{"footnotes":""},"categories":[6909,75,79,125],"tags":[10962,1494,295,10967,3815],"class_list":["post-84743","post","type-post","status-publish","format-standard","has-post-thumbnail","hentry","category-actualidad","category-noticias","category-politicayeconomia","category-portada","tag-8m","tag-alcoy","tag-centro","tag-dia-internacional-de-la-mujer","tag-manifestacion"],"yoast_head":"<!-- This site is optimized with the Yoast SEO plugin v27.3 - https:\/\/yoast.com\/product\/yoast-seo-wordpress\/ -->\n<title>La manifestaci\u00f3n del 8M ti\u00f1e de morado las calles de Alcoy - COPE Alcoy<\/title>\n<meta name=\"robots\" content=\"index, follow, max-snippet:-1, max-image-preview:large, max-video-preview:-1\" \/>\n<link rel=\"canonical\" href=\"https:\/\/www.copealcoy.es\/es\/la-manifestacion-del-8m-tine-de-morado-las-calles-de-alcoy\/\" \/>\n<meta property=\"og:locale\" content=\"es_ES\" \/>\n<meta property=\"og:type\" content=\"article\" \/>\n<meta property=\"og:title\" content=\"La manifestaci\u00f3n del 8M ti\u00f1e de morado las calles de Alcoy - COPE Alcoy\" \/>\n<meta property=\"og:description\" content=\"Las calles del Centro de Alcoy se han te\u00f1ido de color morado durante la manifestaci\u00f3n feminista que ha tenido lugar...\" \/>\n<meta property=\"og:url\" content=\"https:\/\/www.copealcoy.es\/es\/la-manifestacion-del-8m-tine-de-morado-las-calles-de-alcoy\/\" \/>\n<meta property=\"og:site_name\" content=\"COPE Alcoy\" \/>\n<meta property=\"article:published_time\" content=\"2022-03-08T20:18:11+00:00\" \/>\n<meta property=\"article:modified_time\" content=\"2022-03-09T11:19:20+00:00\" \/>\n<meta property=\"og:image\" content=\"https:\/\/www.copealcoy.es\/wp-content\/uploads\/2022\/03\/275475306_7859772274048888_8535211689666332873_n.jpg\" \/>\n\t<meta property=\"og:image:width\" content=\"2048\" \/>\n\t<meta property=\"og:image:height\" content=\"1536\" \/>\n\t<meta property=\"og:image:type\" content=\"image\/jpeg\" \/>\n<meta name=\"author\" content=\"Cope Alcoy\" \/>\n<meta name=\"twitter:label1\" content=\"Escrito por\" \/>\n\t<meta name=\"twitter:data1\" content=\"Cope Alcoy\" \/>\n\t<meta name=\"twitter:label2\" content=\"Tiempo de lectura\" \/>\n\t<meta name=\"twitter:data2\" content=\"1 minuto\" \/>\n<script type=\"application\/ld+json\" class=\"yoast-schema-graph\">{\"@context\":\"https:\\\/\\\/schema.org\",\"@graph\":[{\"@type\":\"Article\",\"@id\":\"https:\\\/\\\/www.copealcoy.es\\\/es\\\/la-manifestacion-del-8m-tine-de-morado-las-calles-de-alcoy\\\/#article\",\"isPartOf\":{\"@id\":\"https:\\\/\\\/www.copealcoy.es\\\/es\\\/la-manifestacion-del-8m-tine-de-morado-las-calles-de-alcoy\\\/\"},\"author\":{\"name\":\"Cope Alcoy\",\"@id\":\"https:\\\/\\\/www.copealcoy.es\\\/es\\\/#\\\/schema\\\/person\\\/e777c87fa024e57d40170af9df39882c\"},\"headline\":\"La manifestaci\u00f3n del 8M ti\u00f1e de morado las calles de Alcoy\",\"datePublished\":\"2022-03-08T20:18:11+00:00\",\"dateModified\":\"2022-03-09T11:19:20+00:00\",\"mainEntityOfPage\":{\"@id\":\"https:\\\/\\\/www.copealcoy.es\\\/es\\\/la-manifestacion-del-8m-tine-de-morado-las-calles-de-alcoy\\\/\"},\"wordCount\":226,\"commentCount\":0,\"image\":{\"@id\":\"https:\\\/\\\/www.copealcoy.es\\\/es\\\/la-manifestacion-del-8m-tine-de-morado-las-calles-de-alcoy\\\/#primaryimage\"},\"thumbnailUrl\":\"https:\\\/\\\/www.copealcoy.es\\\/wp-content\\\/uploads\\\/2022\\\/03\\\/275475306_7859772274048888_8535211689666332873_n.jpg\",\"keywords\":[\"8M\",\"Alcoy\",\"Centro\",\"D\u00eda Internacional de la Mujer\",\"Manifestaci\u00f3n\"],\"articleSection\":[\"Actualidad\",\"Noticias\",\"Pol\u00edtica y Econom\u00eda\",\"Portada\"],\"inLanguage\":\"es\"},{\"@type\":\"WebPage\",\"@id\":\"https:\\\/\\\/www.copealcoy.es\\\/es\\\/la-manifestacion-del-8m-tine-de-morado-las-calles-de-alcoy\\\/\",\"url\":\"https:\\\/\\\/www.copealcoy.es\\\/es\\\/la-manifestacion-del-8m-tine-de-morado-las-calles-de-alcoy\\\/\",\"name\":\"La manifestaci\u00f3n del 8M ti\u00f1e de morado las calles de Alcoy - COPE Alcoy\",\"isPartOf\":{\"@id\":\"https:\\\/\\\/www.copealcoy.es\\\/es\\\/#website\"},\"primaryImageOfPage\":{\"@id\":\"https:\\\/\\\/www.copealcoy.es\\\/es\\\/la-manifestacion-del-8m-tine-de-morado-las-calles-de-alcoy\\\/#primaryimage\"},\"image\":{\"@id\":\"https:\\\/\\\/www.copealcoy.es\\\/es\\\/la-manifestacion-del-8m-tine-de-morado-las-calles-de-alcoy\\\/#primaryimage\"},\"thumbnailUrl\":\"https:\\\/\\\/www.copealcoy.es\\\/wp-content\\\/uploads\\\/2022\\\/03\\\/275475306_7859772274048888_8535211689666332873_n.jpg\",\"datePublished\":\"2022-03-08T20:18:11+00:00\",\"dateModified\":\"2022-03-09T11:19:20+00:00\",\"author\":{\"@id\":\"https:\\\/\\\/www.copealcoy.es\\\/es\\\/#\\\/schema\\\/person\\\/e777c87fa024e57d40170af9df39882c\"},\"breadcrumb\":{\"@id\":\"https:\\\/\\\/www.copealcoy.es\\\/es\\\/la-manifestacion-del-8m-tine-de-morado-las-calles-de-alcoy\\\/#breadcrumb\"},\"inLanguage\":\"es\",\"potentialAction\":[{\"@type\":\"ReadAction\",\"target\":[\"https:\\\/\\\/www.copealcoy.es\\\/es\\\/la-manifestacion-del-8m-tine-de-morado-las-calles-de-alcoy\\\/\"]}]},{\"@type\":\"ImageObject\",\"inLanguage\":\"es\",\"@id\":\"https:\\\/\\\/www.copealcoy.es\\\/es\\\/la-manifestacion-del-8m-tine-de-morado-las-calles-de-alcoy\\\/#primaryimage\",\"url\":\"https:\\\/\\\/www.copealcoy.es\\\/wp-content\\\/uploads\\\/2022\\\/03\\\/275475306_7859772274048888_8535211689666332873_n.jpg\",\"contentUrl\":\"https:\\\/\\\/www.copealcoy.es\\\/wp-content\\\/uploads\\\/2022\\\/03\\\/275475306_7859772274048888_8535211689666332873_n.jpg\",\"width\":2048,\"height\":1536},{\"@type\":\"BreadcrumbList\",\"@id\":\"https:\\\/\\\/www.copealcoy.es\\\/es\\\/la-manifestacion-del-8m-tine-de-morado-las-calles-de-alcoy\\\/#breadcrumb\",\"itemListElement\":[{\"@type\":\"ListItem\",\"position\":1,\"name\":\"Portada\",\"item\":\"https:\\\/\\\/www.copealcoy.es\\\/es\\\/\"},{\"@type\":\"ListItem\",\"position\":2,\"name\":\"La manifestaci\u00f3n del 8M ti\u00f1e de morado las calles de Alcoy\"}]},{\"@type\":\"WebSite\",\"@id\":\"https:\\\/\\\/www.copealcoy.es\\\/es\\\/#website\",\"url\":\"https:\\\/\\\/www.copealcoy.es\\\/es\\\/\",\"name\":\"COPE Alcoy\",\"description\":\"Emisora COPE de radio local con emisi\u00f3n online. Pont de Sant Jordi 8-10 03803 Alcoy\",\"potentialAction\":[{\"@type\":\"SearchAction\",\"target\":{\"@type\":\"EntryPoint\",\"urlTemplate\":\"https:\\\/\\\/www.copealcoy.es\\\/es\\\/?s={search_term_string}\"},\"query-input\":{\"@type\":\"PropertyValueSpecification\",\"valueRequired\":true,\"valueName\":\"search_term_string\"}}],\"inLanguage\":\"es\"},{\"@type\":\"Person\",\"@id\":\"https:\\\/\\\/www.copealcoy.es\\\/es\\\/#\\\/schema\\\/person\\\/e777c87fa024e57d40170af9df39882c\",\"name\":\"Cope Alcoy\",\"image\":{\"@type\":\"ImageObject\",\"inLanguage\":\"es\",\"@id\":\"https:\\\/\\\/secure.gravatar.com\\\/avatar\\\/bb65d0283347e303893ba14f0692005417c1e0e690a325a4c5d8bb2b3943ee14?s=96&d=mm&r=g\",\"url\":\"https:\\\/\\\/secure.gravatar.com\\\/avatar\\\/bb65d0283347e303893ba14f0692005417c1e0e690a325a4c5d8bb2b3943ee14?s=96&d=mm&r=g\",\"contentUrl\":\"https:\\\/\\\/secure.gravatar.com\\\/avatar\\\/bb65d0283347e303893ba14f0692005417c1e0e690a325a4c5d8bb2b3943ee14?s=96&d=mm&r=g\",\"caption\":\"Cope Alcoy\"}}]}<\/script>\n<!-- \/ Yoast SEO plugin. -->","yoast_head_json":{"title":"La manifestaci\u00f3n del 8M ti\u00f1e de morado las calles de Alcoy - COPE Alcoy","robots":{"index":"index","follow":"follow","max-snippet":"max-snippet:-1","max-image-preview":"max-image-preview:large","max-video-preview":"max-video-preview:-1"},"canonical":"https:\/\/www.copealcoy.es\/es\/la-manifestacion-del-8m-tine-de-morado-las-calles-de-alcoy\/","og_locale":"es_ES","og_type":"article","og_title":"La manifestaci\u00f3n del 8M ti\u00f1e de morado las calles de Alcoy - COPE Alcoy","og_description":"Las calles del Centro de Alcoy se han te\u00f1ido de color morado durante la manifestaci\u00f3n feminista que ha tenido lugar...","og_url":"https:\/\/www.copealcoy.es\/es\/la-manifestacion-del-8m-tine-de-morado-las-calles-de-alcoy\/","og_site_name":"COPE Alcoy","article_published_time":"2022-03-08T20:18:11+00:00","article_modified_time":"2022-03-09T11:19:20+00:00","og_image":[{"width":2048,"height":1536,"url":"https:\/\/www.copealcoy.es\/wp-content\/uploads\/2022\/03\/275475306_7859772274048888_8535211689666332873_n.jpg","type":"image\/jpeg"}],"author":"Cope Alcoy","twitter_misc":{"Escrito por":"Cope Alcoy","Tiempo de lectura":"1 minuto"},"schema":{"@context":"https:\/\/schema.org","@graph":[{"@type":"Article","@id":"https:\/\/www.copealcoy.es\/es\/la-manifestacion-del-8m-tine-de-morado-las-calles-de-alcoy\/#article","isPartOf":{"@id":"https:\/\/www.copealcoy.es\/es\/la-manifestacion-del-8m-tine-de-morado-las-calles-de-alcoy\/"},"author":{"name":"Cope Alcoy","@id":"https:\/\/www.copealcoy.es\/es\/#\/schema\/person\/e777c87fa024e57d40170af9df39882c"},"headline":"La manifestaci\u00f3n del 8M ti\u00f1e de morado las calles de Alcoy","datePublished":"2022-03-08T20:18:11+00:00","dateModified":"2022-03-09T11:19:20+00:00","mainEntityOfPage":{"@id":"https:\/\/www.copealcoy.es\/es\/la-manifestacion-del-8m-tine-de-morado-las-calles-de-alcoy\/"},"wordCount":226,"commentCount":0,"image":{"@id":"https:\/\/www.copealcoy.es\/es\/la-manifestacion-del-8m-tine-de-morado-las-calles-de-alcoy\/#primaryimage"},"thumbnailUrl":"https:\/\/www.copealcoy.es\/wp-content\/uploads\/2022\/03\/275475306_7859772274048888_8535211689666332873_n.jpg","keywords":["8M","Alcoy","Centro","D\u00eda Internacional de la Mujer","Manifestaci\u00f3n"],"articleSection":["Actualidad","Noticias","Pol\u00edtica y Econom\u00eda","Portada"],"inLanguage":"es"},{"@type":"WebPage","@id":"https:\/\/www.copealcoy.es\/es\/la-manifestacion-del-8m-tine-de-morado-las-calles-de-alcoy\/","url":"https:\/\/www.copealcoy.es\/es\/la-manifestacion-del-8m-tine-de-morado-las-calles-de-alcoy\/","name":"La manifestaci\u00f3n del 8M ti\u00f1e de morado las calles de Alcoy - COPE Alcoy","isPartOf":{"@id":"https:\/\/www.copealcoy.es\/es\/#website"},"primaryImageOfPage":{"@id":"https:\/\/www.copealcoy.es\/es\/la-manifestacion-del-8m-tine-de-morado-las-calles-de-alcoy\/#primaryimage"},"image":{"@id":"https:\/\/www.copealcoy.es\/es\/la-manifestacion-del-8m-tine-de-morado-las-calles-de-alcoy\/#primaryimage"},"thumbnailUrl":"https:\/\/www.copealcoy.es\/wp-content\/uploads\/2022\/03\/275475306_7859772274048888_8535211689666332873_n.jpg","datePublished":"2022-03-08T20:18:11+00:00","dateModified":"2022-03-09T11:19:20+00:00","author":{"@id":"https:\/\/www.copealcoy.es\/es\/#\/schema\/person\/e777c87fa024e57d40170af9df39882c"},"breadcrumb":{"@id":"https:\/\/www.copealcoy.es\/es\/la-manifestacion-del-8m-tine-de-morado-las-calles-de-alcoy\/#breadcrumb"},"inLanguage":"es","potentialAction":[{"@type":"ReadAction","target":["https:\/\/www.copealcoy.es\/es\/la-manifestacion-del-8m-tine-de-morado-las-calles-de-alcoy\/"]}]},{"@type":"ImageObject","inLanguage":"es","@id":"https:\/\/www.copealcoy.es\/es\/la-manifestacion-del-8m-tine-de-morado-las-calles-de-alcoy\/#primaryimage","url":"https:\/\/www.copealcoy.es\/wp-content\/uploads\/2022\/03\/275475306_7859772274048888_8535211689666332873_n.jpg","contentUrl":"https:\/\/www.copealcoy.es\/wp-content\/uploads\/2022\/03\/275475306_7859772274048888_8535211689666332873_n.jpg","width":2048,"height":1536},{"@type":"BreadcrumbList","@id":"https:\/\/www.copealcoy.es\/es\/la-manifestacion-del-8m-tine-de-morado-las-calles-de-alcoy\/#breadcrumb","itemListElement":[{"@type":"ListItem","position":1,"name":"Portada","item":"https:\/\/www.copealcoy.es\/es\/"},{"@type":"ListItem","position":2,"name":"La manifestaci\u00f3n del 8M ti\u00f1e de morado las calles de Alcoy"}]},{"@type":"WebSite","@id":"https:\/\/www.copealcoy.es\/es\/#website","url":"https:\/\/www.copealcoy.es\/es\/","name":"COPE Alcoy","description":"Emisora COPE de radio local con emisi\u00f3n online. Pont de Sant Jordi 8-10 03803 Alcoy","potentialAction":[{"@type":"SearchAction","target":{"@type":"EntryPoint","urlTemplate":"https:\/\/www.copealcoy.es\/es\/?s={search_term_string}"},"query-input":{"@type":"PropertyValueSpecification","valueRequired":true,"valueName":"search_term_string"}}],"inLanguage":"es"},{"@type":"Person","@id":"https:\/\/www.copealcoy.es\/es\/#\/schema\/person\/e777c87fa024e57d40170af9df39882c","name":"Cope Alcoy","image":{"@type":"ImageObject","inLanguage":"es","@id":"https:\/\/secure.gravatar.com\/avatar\/bb65d0283347e303893ba14f0692005417c1e0e690a325a4c5d8bb2b3943ee14?s=96&d=mm&r=g","url":"https:\/\/secure.gravatar.com\/avatar\/bb65d0283347e303893ba14f0692005417c1e0e690a325a4c5d8bb2b3943ee14?s=96&d=mm&r=g","contentUrl":"https:\/\/secure.gravatar.com\/avatar\/bb65d0283347e303893ba14f0692005417c1e0e690a325a4c5d8bb2b3943ee14?s=96&d=mm&r=g","caption":"Cope Alcoy"}}]}},"_links":{"self":[{"href":"https:\/\/www.copealcoy.es\/es\/wp-json\/wp\/v2\/posts\/84743","targetHints":{"allow":["GET"]}}],"collection":[{"href":"https:\/\/www.copealcoy.es\/es\/wp-json\/wp\/v2\/posts"}],"about":[{"href":"https:\/\/www.copealcoy.es\/es\/wp-json\/wp\/v2\/types\/post"}],"author":[{"embeddable":true,"href":"https:\/\/www.copealcoy.es\/es\/wp-json\/wp\/v2\/users\/1"}],"replies":[{"embeddable":true,"href":"https:\/\/www.copealcoy.es\/es\/wp-json\/wp\/v2\/comments?post=84743"}],"version-history":[{"count":0,"href":"https:\/\/www.copealcoy.es\/es\/wp-json\/wp\/v2\/posts\/84743\/revisions"}],"wp:featuredmedia":[{"embeddable":true,"href":"https:\/\/www.copealcoy.es\/es\/wp-json\/wp\/v2\/media\/84744"}],"wp:attachment":[{"href":"https:\/\/www.copealcoy.es\/es\/wp-json\/wp\/v2\/media?parent=84743"}],"wp:term":[{"taxonomy":"category","embeddable":true,"href":"https:\/\/www.copealcoy.es\/es\/wp-json\/wp\/v2\/categories?post=84743"},{"taxonomy":"post_tag","embeddable":true,"href":"https:\/\/www.copealcoy.es\/es\/wp-json\/wp\/v2\/tags?post=84743"}],"curies":[{"name":"wp","href":"https:\/\/api.w.org\/{rel}","templated":true}]}}