{"id":84650,"date":"2022-03-07T11:16:08","date_gmt":"2022-03-07T10:16:08","guid":{"rendered":"https:\/\/www.copealcoy.es\/?p=84650"},"modified":"2022-03-07T11:40:04","modified_gmt":"2022-03-07T10:40:04","slug":"muro-rebutja-la-violencia-sexual-contra-les-dones","status":"publish","type":"post","link":"https:\/\/www.copealcoy.es\/es\/muro-rebutja-la-violencia-sexual-contra-les-dones\/","title":{"rendered":"Muro rebutja la viol\u00e8ncia sexual contra les dones"},"content":{"rendered":"<p style=\"text-align: justify;\">La <strong>Pla\u00e7a del\u00a0<span class=\"hiddenSpellError\">Matzem<\/span>\u00a0de Muro<\/strong> va acollir el passat dissabte<strong> una concentraci\u00f3 de rebuig a l&#8217;agressi\u00f3 sexual<\/strong> <strong>que va patir una menor<\/strong> durant el Carnestoltes celebrat el dia 26 de febrer. Fou <strong>abans de la &#8216;Cursa de la Dona&#8217;,<\/strong> que tamb\u00e9 s&#8217;havia previst per al 5 de mar\u00e7, dins dels actes organitzats al poble amb motiu del Dia de la Dona.<\/p>\n<p style=\"text-align: justify;\">Des de l&#8217;Ajuntament d&#8217;aquest municipi del Comtat <strong>han condemnat els fets<\/strong> i han recordat que el Consistori <strong>ha estat en tot moment defensant a la v\u00edctima<\/strong> aix\u00ed com <strong>preservant la seua intimitat<\/strong>. L&#8217;alcalde, Gabriel Tom\u00e0s, ha anunciat tamb\u00e9 que<strong> estudiar\u00e0 accions legals contra tots aquells que aquest cap de setmana han demanat la seua dimissi\u00f3<\/strong> &#8220;<em>tant Gabriel Tom\u00e0s com a persona, i com a alcalde, condemnar\u00e0 sempre qualsevol classe de viol\u00e8ncia. Totes les viol\u00e8ncies s\u00f3n un greu problema per a la nostra societat i des d&#8217;aquest Govern Municipal estarem ac\u00ed sempre per a fer-li front, condemnar les agressions i posar tots els recursos municipals per a erradicar aquestes conductes<\/em>&#8220;, ha manifestat.<\/p>\n<p style=\"text-align: justify;\">Aquestes afirmacions de Tom\u00e0s venen despr\u00e9s que en els \u00faltims dies <strong>alguns ve\u00efns de Muro demanaren que dimitira per haver dit a R\u00e0dio\u00a0<span class=\"hiddenSpellError\">\u00c9lite<\/span><\/strong> que, fets com l&#8217;ocorregut durant el Carnestoltes a Muro, &#8220;<em>solen passar quan mescles festa, alcohol i joventut<\/em>&#8220;. La cantant de Beniarr\u00e9s, <span class=\"hiddenSpellError\">Samantha<\/span>, tamb\u00e9 <strong>va censurar en xarxes<\/strong> les declaracions de Gabriel Tom\u00e0s.<\/p>\n","protected":false},"excerpt":{"rendered":"<p>La Pla\u00e7a del\u00a0Matzem\u00a0de Muro va acollir el passat dissabte una concentraci\u00f3 de rebuig a l&#8217;agressi\u00f3 sexual que va patir una&#8230;<\/p>\n","protected":false},"author":1,"featured_media":84651,"comment_status":"open","ping_status":"open","sticky":false,"template":"","format":"standard","meta":{"footnotes":""},"categories":[98,75],"tags":[12498,10822,12497,135,12499],"class_list":["post-84650","post","type-post","status-publish","format-standard","has-post-thumbnail","hentry","category-comarcas","category-noticias","tag-agressio-sexual","tag-carnestoltes","tag-concentracio","tag-muro","tag-rebuig"],"yoast_head":"<!-- This site is optimized with the Yoast SEO plugin v27.3 - https:\/\/yoast.com\/product\/yoast-seo-wordpress\/ -->\n<title>Muro rebutja la viol\u00e8ncia sexual contra les dones - COPE Alcoy<\/title>\n<meta name=\"robots\" content=\"index, follow, max-snippet:-1, max-image-preview:large, max-video-preview:-1\" \/>\n<link rel=\"canonical\" href=\"https:\/\/www.copealcoy.es\/es\/muro-rebutja-la-violencia-sexual-contra-les-dones\/\" \/>\n<meta property=\"og:locale\" content=\"es_ES\" \/>\n<meta property=\"og:type\" content=\"article\" \/>\n<meta property=\"og:title\" content=\"Muro rebutja la viol\u00e8ncia sexual contra les dones - COPE Alcoy\" \/>\n<meta property=\"og:description\" content=\"La Pla\u00e7a del\u00a0Matzem\u00a0de Muro va acollir el passat dissabte una concentraci\u00f3 de rebuig a l&#8217;agressi\u00f3 sexual que va patir una...\" \/>\n<meta property=\"og:url\" content=\"https:\/\/www.copealcoy.es\/es\/muro-rebutja-la-violencia-sexual-contra-les-dones\/\" \/>\n<meta property=\"og:site_name\" content=\"COPE Alcoy\" \/>\n<meta property=\"article:published_time\" content=\"2022-03-07T10:16:08+00:00\" \/>\n<meta property=\"article:modified_time\" content=\"2022-03-07T10:40:04+00:00\" \/>\n<meta property=\"og:image\" content=\"https:\/\/www.copealcoy.es\/wp-content\/uploads\/2022\/03\/timThumb.jpg\" \/>\n\t<meta property=\"og:image:width\" content=\"800\" \/>\n\t<meta property=\"og:image:height\" content=\"600\" \/>\n\t<meta property=\"og:image:type\" content=\"image\/jpeg\" \/>\n<meta name=\"author\" content=\"Cope Alcoy\" \/>\n<meta name=\"twitter:label1\" content=\"Escrito por\" \/>\n\t<meta name=\"twitter:data1\" content=\"Cope Alcoy\" \/>\n\t<meta name=\"twitter:label2\" content=\"Tiempo de lectura\" \/>\n\t<meta name=\"twitter:data2\" content=\"2 minutos\" \/>\n<script type=\"application\/ld+json\" class=\"yoast-schema-graph\">{\"@context\":\"https:\\\/\\\/schema.org\",\"@graph\":[{\"@type\":\"Article\",\"@id\":\"https:\\\/\\\/www.copealcoy.es\\\/es\\\/muro-rebutja-la-violencia-sexual-contra-les-dones\\\/#article\",\"isPartOf\":{\"@id\":\"https:\\\/\\\/www.copealcoy.es\\\/es\\\/muro-rebutja-la-violencia-sexual-contra-les-dones\\\/\"},\"author\":{\"name\":\"Cope Alcoy\",\"@id\":\"https:\\\/\\\/www.copealcoy.es\\\/es\\\/#\\\/schema\\\/person\\\/e777c87fa024e57d40170af9df39882c\"},\"headline\":\"Muro rebutja la viol\u00e8ncia sexual contra les dones\",\"datePublished\":\"2022-03-07T10:16:08+00:00\",\"dateModified\":\"2022-03-07T10:40:04+00:00\",\"mainEntityOfPage\":{\"@id\":\"https:\\\/\\\/www.copealcoy.es\\\/es\\\/muro-rebutja-la-violencia-sexual-contra-les-dones\\\/\"},\"wordCount\":256,\"commentCount\":0,\"image\":{\"@id\":\"https:\\\/\\\/www.copealcoy.es\\\/es\\\/muro-rebutja-la-violencia-sexual-contra-les-dones\\\/#primaryimage\"},\"thumbnailUrl\":\"https:\\\/\\\/www.copealcoy.es\\\/wp-content\\\/uploads\\\/2022\\\/03\\\/timThumb.jpg\",\"keywords\":[\"agressi\u00f3 sexual\",\"Carnestoltes\",\"concentraci\u00f3\",\"Muro\",\"rebuig\"],\"articleSection\":[\"Comarcas\",\"Noticias\"],\"inLanguage\":\"es\"},{\"@type\":\"WebPage\",\"@id\":\"https:\\\/\\\/www.copealcoy.es\\\/es\\\/muro-rebutja-la-violencia-sexual-contra-les-dones\\\/\",\"url\":\"https:\\\/\\\/www.copealcoy.es\\\/es\\\/muro-rebutja-la-violencia-sexual-contra-les-dones\\\/\",\"name\":\"Muro rebutja la viol\u00e8ncia sexual contra les dones - COPE Alcoy\",\"isPartOf\":{\"@id\":\"https:\\\/\\\/www.copealcoy.es\\\/es\\\/#website\"},\"primaryImageOfPage\":{\"@id\":\"https:\\\/\\\/www.copealcoy.es\\\/es\\\/muro-rebutja-la-violencia-sexual-contra-les-dones\\\/#primaryimage\"},\"image\":{\"@id\":\"https:\\\/\\\/www.copealcoy.es\\\/es\\\/muro-rebutja-la-violencia-sexual-contra-les-dones\\\/#primaryimage\"},\"thumbnailUrl\":\"https:\\\/\\\/www.copealcoy.es\\\/wp-content\\\/uploads\\\/2022\\\/03\\\/timThumb.jpg\",\"datePublished\":\"2022-03-07T10:16:08+00:00\",\"dateModified\":\"2022-03-07T10:40:04+00:00\",\"author\":{\"@id\":\"https:\\\/\\\/www.copealcoy.es\\\/es\\\/#\\\/schema\\\/person\\\/e777c87fa024e57d40170af9df39882c\"},\"breadcrumb\":{\"@id\":\"https:\\\/\\\/www.copealcoy.es\\\/es\\\/muro-rebutja-la-violencia-sexual-contra-les-dones\\\/#breadcrumb\"},\"inLanguage\":\"es\",\"potentialAction\":[{\"@type\":\"ReadAction\",\"target\":[\"https:\\\/\\\/www.copealcoy.es\\\/es\\\/muro-rebutja-la-violencia-sexual-contra-les-dones\\\/\"]}]},{\"@type\":\"ImageObject\",\"inLanguage\":\"es\",\"@id\":\"https:\\\/\\\/www.copealcoy.es\\\/es\\\/muro-rebutja-la-violencia-sexual-contra-les-dones\\\/#primaryimage\",\"url\":\"https:\\\/\\\/www.copealcoy.es\\\/wp-content\\\/uploads\\\/2022\\\/03\\\/timThumb.jpg\",\"contentUrl\":\"https:\\\/\\\/www.copealcoy.es\\\/wp-content\\\/uploads\\\/2022\\\/03\\\/timThumb.jpg\",\"width\":800,\"height\":600},{\"@type\":\"BreadcrumbList\",\"@id\":\"https:\\\/\\\/www.copealcoy.es\\\/es\\\/muro-rebutja-la-violencia-sexual-contra-les-dones\\\/#breadcrumb\",\"itemListElement\":[{\"@type\":\"ListItem\",\"position\":1,\"name\":\"Portada\",\"item\":\"https:\\\/\\\/www.copealcoy.es\\\/es\\\/\"},{\"@type\":\"ListItem\",\"position\":2,\"name\":\"Muro rebutja la viol\u00e8ncia sexual contra les dones\"}]},{\"@type\":\"WebSite\",\"@id\":\"https:\\\/\\\/www.copealcoy.es\\\/es\\\/#website\",\"url\":\"https:\\\/\\\/www.copealcoy.es\\\/es\\\/\",\"name\":\"COPE Alcoy\",\"description\":\"Emisora COPE de radio local con emisi\u00f3n online. Pont de Sant Jordi 8-10 03803 Alcoy\",\"potentialAction\":[{\"@type\":\"SearchAction\",\"target\":{\"@type\":\"EntryPoint\",\"urlTemplate\":\"https:\\\/\\\/www.copealcoy.es\\\/es\\\/?s={search_term_string}\"},\"query-input\":{\"@type\":\"PropertyValueSpecification\",\"valueRequired\":true,\"valueName\":\"search_term_string\"}}],\"inLanguage\":\"es\"},{\"@type\":\"Person\",\"@id\":\"https:\\\/\\\/www.copealcoy.es\\\/es\\\/#\\\/schema\\\/person\\\/e777c87fa024e57d40170af9df39882c\",\"name\":\"Cope Alcoy\",\"image\":{\"@type\":\"ImageObject\",\"inLanguage\":\"es\",\"@id\":\"https:\\\/\\\/secure.gravatar.com\\\/avatar\\\/bb65d0283347e303893ba14f0692005417c1e0e690a325a4c5d8bb2b3943ee14?s=96&d=mm&r=g\",\"url\":\"https:\\\/\\\/secure.gravatar.com\\\/avatar\\\/bb65d0283347e303893ba14f0692005417c1e0e690a325a4c5d8bb2b3943ee14?s=96&d=mm&r=g\",\"contentUrl\":\"https:\\\/\\\/secure.gravatar.com\\\/avatar\\\/bb65d0283347e303893ba14f0692005417c1e0e690a325a4c5d8bb2b3943ee14?s=96&d=mm&r=g\",\"caption\":\"Cope Alcoy\"}}]}<\/script>\n<!-- \/ Yoast SEO plugin. -->","yoast_head_json":{"title":"Muro rebutja la viol\u00e8ncia sexual contra les dones - COPE Alcoy","robots":{"index":"index","follow":"follow","max-snippet":"max-snippet:-1","max-image-preview":"max-image-preview:large","max-video-preview":"max-video-preview:-1"},"canonical":"https:\/\/www.copealcoy.es\/es\/muro-rebutja-la-violencia-sexual-contra-les-dones\/","og_locale":"es_ES","og_type":"article","og_title":"Muro rebutja la viol\u00e8ncia sexual contra les dones - COPE Alcoy","og_description":"La Pla\u00e7a del\u00a0Matzem\u00a0de Muro va acollir el passat dissabte una concentraci\u00f3 de rebuig a l&#8217;agressi\u00f3 sexual que va patir una...","og_url":"https:\/\/www.copealcoy.es\/es\/muro-rebutja-la-violencia-sexual-contra-les-dones\/","og_site_name":"COPE Alcoy","article_published_time":"2022-03-07T10:16:08+00:00","article_modified_time":"2022-03-07T10:40:04+00:00","og_image":[{"width":800,"height":600,"url":"https:\/\/www.copealcoy.es\/wp-content\/uploads\/2022\/03\/timThumb.jpg","type":"image\/jpeg"}],"author":"Cope Alcoy","twitter_misc":{"Escrito por":"Cope Alcoy","Tiempo de lectura":"2 minutos"},"schema":{"@context":"https:\/\/schema.org","@graph":[{"@type":"Article","@id":"https:\/\/www.copealcoy.es\/es\/muro-rebutja-la-violencia-sexual-contra-les-dones\/#article","isPartOf":{"@id":"https:\/\/www.copealcoy.es\/es\/muro-rebutja-la-violencia-sexual-contra-les-dones\/"},"author":{"name":"Cope Alcoy","@id":"https:\/\/www.copealcoy.es\/es\/#\/schema\/person\/e777c87fa024e57d40170af9df39882c"},"headline":"Muro rebutja la viol\u00e8ncia sexual contra les dones","datePublished":"2022-03-07T10:16:08+00:00","dateModified":"2022-03-07T10:40:04+00:00","mainEntityOfPage":{"@id":"https:\/\/www.copealcoy.es\/es\/muro-rebutja-la-violencia-sexual-contra-les-dones\/"},"wordCount":256,"commentCount":0,"image":{"@id":"https:\/\/www.copealcoy.es\/es\/muro-rebutja-la-violencia-sexual-contra-les-dones\/#primaryimage"},"thumbnailUrl":"https:\/\/www.copealcoy.es\/wp-content\/uploads\/2022\/03\/timThumb.jpg","keywords":["agressi\u00f3 sexual","Carnestoltes","concentraci\u00f3","Muro","rebuig"],"articleSection":["Comarcas","Noticias"],"inLanguage":"es"},{"@type":"WebPage","@id":"https:\/\/www.copealcoy.es\/es\/muro-rebutja-la-violencia-sexual-contra-les-dones\/","url":"https:\/\/www.copealcoy.es\/es\/muro-rebutja-la-violencia-sexual-contra-les-dones\/","name":"Muro rebutja la viol\u00e8ncia sexual contra les dones - COPE Alcoy","isPartOf":{"@id":"https:\/\/www.copealcoy.es\/es\/#website"},"primaryImageOfPage":{"@id":"https:\/\/www.copealcoy.es\/es\/muro-rebutja-la-violencia-sexual-contra-les-dones\/#primaryimage"},"image":{"@id":"https:\/\/www.copealcoy.es\/es\/muro-rebutja-la-violencia-sexual-contra-les-dones\/#primaryimage"},"thumbnailUrl":"https:\/\/www.copealcoy.es\/wp-content\/uploads\/2022\/03\/timThumb.jpg","datePublished":"2022-03-07T10:16:08+00:00","dateModified":"2022-03-07T10:40:04+00:00","author":{"@id":"https:\/\/www.copealcoy.es\/es\/#\/schema\/person\/e777c87fa024e57d40170af9df39882c"},"breadcrumb":{"@id":"https:\/\/www.copealcoy.es\/es\/muro-rebutja-la-violencia-sexual-contra-les-dones\/#breadcrumb"},"inLanguage":"es","potentialAction":[{"@type":"ReadAction","target":["https:\/\/www.copealcoy.es\/es\/muro-rebutja-la-violencia-sexual-contra-les-dones\/"]}]},{"@type":"ImageObject","inLanguage":"es","@id":"https:\/\/www.copealcoy.es\/es\/muro-rebutja-la-violencia-sexual-contra-les-dones\/#primaryimage","url":"https:\/\/www.copealcoy.es\/wp-content\/uploads\/2022\/03\/timThumb.jpg","contentUrl":"https:\/\/www.copealcoy.es\/wp-content\/uploads\/2022\/03\/timThumb.jpg","width":800,"height":600},{"@type":"BreadcrumbList","@id":"https:\/\/www.copealcoy.es\/es\/muro-rebutja-la-violencia-sexual-contra-les-dones\/#breadcrumb","itemListElement":[{"@type":"ListItem","position":1,"name":"Portada","item":"https:\/\/www.copealcoy.es\/es\/"},{"@type":"ListItem","position":2,"name":"Muro rebutja la viol\u00e8ncia sexual contra les dones"}]},{"@type":"WebSite","@id":"https:\/\/www.copealcoy.es\/es\/#website","url":"https:\/\/www.copealcoy.es\/es\/","name":"COPE Alcoy","description":"Emisora COPE de radio local con emisi\u00f3n online. Pont de Sant Jordi 8-10 03803 Alcoy","potentialAction":[{"@type":"SearchAction","target":{"@type":"EntryPoint","urlTemplate":"https:\/\/www.copealcoy.es\/es\/?s={search_term_string}"},"query-input":{"@type":"PropertyValueSpecification","valueRequired":true,"valueName":"search_term_string"}}],"inLanguage":"es"},{"@type":"Person","@id":"https:\/\/www.copealcoy.es\/es\/#\/schema\/person\/e777c87fa024e57d40170af9df39882c","name":"Cope Alcoy","image":{"@type":"ImageObject","inLanguage":"es","@id":"https:\/\/secure.gravatar.com\/avatar\/bb65d0283347e303893ba14f0692005417c1e0e690a325a4c5d8bb2b3943ee14?s=96&d=mm&r=g","url":"https:\/\/secure.gravatar.com\/avatar\/bb65d0283347e303893ba14f0692005417c1e0e690a325a4c5d8bb2b3943ee14?s=96&d=mm&r=g","contentUrl":"https:\/\/secure.gravatar.com\/avatar\/bb65d0283347e303893ba14f0692005417c1e0e690a325a4c5d8bb2b3943ee14?s=96&d=mm&r=g","caption":"Cope Alcoy"}}]}},"_links":{"self":[{"href":"https:\/\/www.copealcoy.es\/es\/wp-json\/wp\/v2\/posts\/84650","targetHints":{"allow":["GET"]}}],"collection":[{"href":"https:\/\/www.copealcoy.es\/es\/wp-json\/wp\/v2\/posts"}],"about":[{"href":"https:\/\/www.copealcoy.es\/es\/wp-json\/wp\/v2\/types\/post"}],"author":[{"embeddable":true,"href":"https:\/\/www.copealcoy.es\/es\/wp-json\/wp\/v2\/users\/1"}],"replies":[{"embeddable":true,"href":"https:\/\/www.copealcoy.es\/es\/wp-json\/wp\/v2\/comments?post=84650"}],"version-history":[{"count":0,"href":"https:\/\/www.copealcoy.es\/es\/wp-json\/wp\/v2\/posts\/84650\/revisions"}],"wp:featuredmedia":[{"embeddable":true,"href":"https:\/\/www.copealcoy.es\/es\/wp-json\/wp\/v2\/media\/84651"}],"wp:attachment":[{"href":"https:\/\/www.copealcoy.es\/es\/wp-json\/wp\/v2\/media?parent=84650"}],"wp:term":[{"taxonomy":"category","embeddable":true,"href":"https:\/\/www.copealcoy.es\/es\/wp-json\/wp\/v2\/categories?post=84650"},{"taxonomy":"post_tag","embeddable":true,"href":"https:\/\/www.copealcoy.es\/es\/wp-json\/wp\/v2\/tags?post=84650"}],"curies":[{"name":"wp","href":"https:\/\/api.w.org\/{rel}","templated":true}]}}