{"id":8448,"date":"2014-11-25T16:20:59","date_gmt":"2014-11-25T16:20:59","guid":{"rendered":"http:\/\/copealcoi.es\/new\/?p=8448"},"modified":"2014-11-26T20:37:54","modified_gmt":"2014-11-26T20:37:54","slug":"unas-jornadas-para-difundir-la-navidad-alcoyana","status":"publish","type":"post","link":"https:\/\/www.copealcoy.es\/es\/unas-jornadas-para-difundir-la-navidad-alcoyana\/","title":{"rendered":"Unas jornadas para difundir la navidad alcoyana"},"content":{"rendered":"<p style=\"text-align: justify;\">El \u00e1rea de Cultura del Ayuntamiento de Alcoy est\u00e1 preparando unas jornadas para promocionar la navidad alcoyana y as\u00ed seguir reclamando apoyos de cara a su declaraci\u00f3n como Patrimonio Inmaterial de la Humanidad. As\u00ed lo anunci\u00f3 el lunes en el Pleno Municipal el edil, Paco Agull\u00f3, tras ser preguntado por el PP sobre las gestiones que el Gobierno Local est\u00e1 haciendo para conseguir este conocimiento. Agull\u00f3 respondi\u00f3 que el proceso sigue su curso habitual y explic\u00f3 que del 15 al 18 de noviembre se realizar\u00e1n estas actividades que consistir\u00e1n en charlas a cargo de destacados ponentes.<\/p>\n<p style=\"text-align: justify;\">En este sentido el concejal de Cultura explic\u00f3 que el ciclo de conferencias lo abri\u00e1 el profesor de Sociolog\u00eda de la Universidad de Valencia, Antonio Ari\u00f1o, y seguidamente participar\u00e1 el profesor de Historia \u00a0Juan Giner, que disertar\u00e1 sobre la tradici\u00f3n pesebrista en Espa\u00f1a. Por \u00faltimo se analizar\u00e1 la m\u00fasica que acompa\u00f1a a la navidad alcoyana por parte de\u00a0 \u00c0ngel Llu\u00eds Ferrando y se profundizar\u00e1 en costumbres de la comarca como les Festes d&#8217; Hivern d&#8217; Ibi y la peculiaridad dels Enfarinats.<\/p>\n<p style=\"text-align: justify;\">Con estas acciones, seg\u00fan detall\u00f3 el Ejcutivo, se pretende completar ese expediente para conseguir la declaraci\u00f3n por parte de la UNESCO de Patrimonio de la Humanidad. Recordar, por \u00faltimo, que el PP se interes\u00f3 por la retransmisi\u00f3n de la Cabalgata por televisi\u00f3n y sobre ello se inform\u00f3 que se est\u00e1 negociando con dos empresas alcoyanas.<\/p>\n","protected":false},"excerpt":{"rendered":"<p>El \u00e1rea de Cultura del Ayuntamiento de Alcoy est\u00e1 preparando unas jornadas para promocionar la navidad alcoyana y as\u00ed seguir&#8230;<\/p>\n","protected":false},"author":1,"featured_media":8449,"comment_status":"open","ping_status":"open","sticky":false,"template":"","format":"standard","meta":{"footnotes":""},"categories":[78,75],"tags":[1494,175,174,176,177],"class_list":["post-8448","post","type-post","status-publish","format-standard","has-post-thumbnail","hentry","category-fiestaycultura","category-noticias","tag-alcoy","tag-humanidad","tag-navidad","tag-patrimonio","tag-unesco"],"yoast_head":"<!-- This site is optimized with the Yoast SEO plugin v27.3 - https:\/\/yoast.com\/product\/yoast-seo-wordpress\/ -->\n<title>Unas jornadas para difundir la navidad alcoyana - COPE Alcoy<\/title>\n<meta name=\"robots\" content=\"index, follow, max-snippet:-1, max-image-preview:large, max-video-preview:-1\" \/>\n<link rel=\"canonical\" href=\"https:\/\/www.copealcoy.es\/es\/unas-jornadas-para-difundir-la-navidad-alcoyana\/\" \/>\n<meta property=\"og:locale\" content=\"es_ES\" \/>\n<meta property=\"og:type\" content=\"article\" \/>\n<meta property=\"og:title\" content=\"Unas jornadas para difundir la navidad alcoyana - COPE Alcoy\" \/>\n<meta property=\"og:description\" content=\"El \u00e1rea de Cultura del Ayuntamiento de Alcoy est\u00e1 preparando unas jornadas para promocionar la navidad alcoyana y as\u00ed seguir...\" \/>\n<meta property=\"og:url\" content=\"https:\/\/www.copealcoy.es\/es\/unas-jornadas-para-difundir-la-navidad-alcoyana\/\" \/>\n<meta property=\"og:site_name\" content=\"COPE Alcoy\" \/>\n<meta property=\"article:published_time\" content=\"2014-11-25T16:20:59+00:00\" \/>\n<meta property=\"article:modified_time\" content=\"2014-11-26T20:37:54+00:00\" \/>\n<meta property=\"og:image\" content=\"https:\/\/www.copealcoy.es\/wp-content\/uploads\/2014\/11\/image30.jpg\" \/>\n\t<meta property=\"og:image:width\" content=\"2048\" \/>\n\t<meta property=\"og:image:height\" content=\"1365\" \/>\n\t<meta property=\"og:image:type\" content=\"image\/jpeg\" \/>\n<meta name=\"author\" content=\"Cope Alcoy\" \/>\n<meta name=\"twitter:label1\" content=\"Escrito por\" \/>\n\t<meta name=\"twitter:data1\" content=\"Cope Alcoy\" \/>\n\t<meta name=\"twitter:label2\" content=\"Tiempo de lectura\" \/>\n\t<meta name=\"twitter:data2\" content=\"1 minuto\" \/>\n<script type=\"application\/ld+json\" class=\"yoast-schema-graph\">{\"@context\":\"https:\\\/\\\/schema.org\",\"@graph\":[{\"@type\":\"Article\",\"@id\":\"https:\\\/\\\/www.copealcoy.es\\\/es\\\/unas-jornadas-para-difundir-la-navidad-alcoyana\\\/#article\",\"isPartOf\":{\"@id\":\"https:\\\/\\\/www.copealcoy.es\\\/es\\\/unas-jornadas-para-difundir-la-navidad-alcoyana\\\/\"},\"author\":{\"name\":\"Cope Alcoy\",\"@id\":\"https:\\\/\\\/www.copealcoy.es\\\/es\\\/#\\\/schema\\\/person\\\/e777c87fa024e57d40170af9df39882c\"},\"headline\":\"Unas jornadas para difundir la navidad alcoyana\",\"datePublished\":\"2014-11-25T16:20:59+00:00\",\"dateModified\":\"2014-11-26T20:37:54+00:00\",\"mainEntityOfPage\":{\"@id\":\"https:\\\/\\\/www.copealcoy.es\\\/es\\\/unas-jornadas-para-difundir-la-navidad-alcoyana\\\/\"},\"wordCount\":251,\"commentCount\":0,\"image\":{\"@id\":\"https:\\\/\\\/www.copealcoy.es\\\/es\\\/unas-jornadas-para-difundir-la-navidad-alcoyana\\\/#primaryimage\"},\"thumbnailUrl\":\"https:\\\/\\\/www.copealcoy.es\\\/wp-content\\\/uploads\\\/2014\\\/11\\\/image30.jpg\",\"keywords\":[\"Alcoy\",\"Humanidad\",\"Navidad\",\"Patrimonio\",\"UNESCO\"],\"articleSection\":[\"Fiesta y Cultura\",\"Noticias\"],\"inLanguage\":\"es\"},{\"@type\":\"WebPage\",\"@id\":\"https:\\\/\\\/www.copealcoy.es\\\/es\\\/unas-jornadas-para-difundir-la-navidad-alcoyana\\\/\",\"url\":\"https:\\\/\\\/www.copealcoy.es\\\/es\\\/unas-jornadas-para-difundir-la-navidad-alcoyana\\\/\",\"name\":\"Unas jornadas para difundir la navidad alcoyana - COPE Alcoy\",\"isPartOf\":{\"@id\":\"https:\\\/\\\/www.copealcoy.es\\\/es\\\/#website\"},\"primaryImageOfPage\":{\"@id\":\"https:\\\/\\\/www.copealcoy.es\\\/es\\\/unas-jornadas-para-difundir-la-navidad-alcoyana\\\/#primaryimage\"},\"image\":{\"@id\":\"https:\\\/\\\/www.copealcoy.es\\\/es\\\/unas-jornadas-para-difundir-la-navidad-alcoyana\\\/#primaryimage\"},\"thumbnailUrl\":\"https:\\\/\\\/www.copealcoy.es\\\/wp-content\\\/uploads\\\/2014\\\/11\\\/image30.jpg\",\"datePublished\":\"2014-11-25T16:20:59+00:00\",\"dateModified\":\"2014-11-26T20:37:54+00:00\",\"author\":{\"@id\":\"https:\\\/\\\/www.copealcoy.es\\\/es\\\/#\\\/schema\\\/person\\\/e777c87fa024e57d40170af9df39882c\"},\"breadcrumb\":{\"@id\":\"https:\\\/\\\/www.copealcoy.es\\\/es\\\/unas-jornadas-para-difundir-la-navidad-alcoyana\\\/#breadcrumb\"},\"inLanguage\":\"es\",\"potentialAction\":[{\"@type\":\"ReadAction\",\"target\":[\"https:\\\/\\\/www.copealcoy.es\\\/es\\\/unas-jornadas-para-difundir-la-navidad-alcoyana\\\/\"]}]},{\"@type\":\"ImageObject\",\"inLanguage\":\"es\",\"@id\":\"https:\\\/\\\/www.copealcoy.es\\\/es\\\/unas-jornadas-para-difundir-la-navidad-alcoyana\\\/#primaryimage\",\"url\":\"https:\\\/\\\/www.copealcoy.es\\\/wp-content\\\/uploads\\\/2014\\\/11\\\/image30.jpg\",\"contentUrl\":\"https:\\\/\\\/www.copealcoy.es\\\/wp-content\\\/uploads\\\/2014\\\/11\\\/image30.jpg\",\"width\":1620,\"height\":1080},{\"@type\":\"BreadcrumbList\",\"@id\":\"https:\\\/\\\/www.copealcoy.es\\\/es\\\/unas-jornadas-para-difundir-la-navidad-alcoyana\\\/#breadcrumb\",\"itemListElement\":[{\"@type\":\"ListItem\",\"position\":1,\"name\":\"Portada\",\"item\":\"https:\\\/\\\/www.copealcoy.es\\\/es\\\/\"},{\"@type\":\"ListItem\",\"position\":2,\"name\":\"Unas jornadas para difundir la navidad alcoyana\"}]},{\"@type\":\"WebSite\",\"@id\":\"https:\\\/\\\/www.copealcoy.es\\\/es\\\/#website\",\"url\":\"https:\\\/\\\/www.copealcoy.es\\\/es\\\/\",\"name\":\"COPE Alcoy\",\"description\":\"Emisora COPE de radio local con emisi\u00f3n online. Pont de Sant Jordi 8-10 03803 Alcoy\",\"potentialAction\":[{\"@type\":\"SearchAction\",\"target\":{\"@type\":\"EntryPoint\",\"urlTemplate\":\"https:\\\/\\\/www.copealcoy.es\\\/es\\\/?s={search_term_string}\"},\"query-input\":{\"@type\":\"PropertyValueSpecification\",\"valueRequired\":true,\"valueName\":\"search_term_string\"}}],\"inLanguage\":\"es\"},{\"@type\":\"Person\",\"@id\":\"https:\\\/\\\/www.copealcoy.es\\\/es\\\/#\\\/schema\\\/person\\\/e777c87fa024e57d40170af9df39882c\",\"name\":\"Cope Alcoy\",\"image\":{\"@type\":\"ImageObject\",\"inLanguage\":\"es\",\"@id\":\"https:\\\/\\\/secure.gravatar.com\\\/avatar\\\/bb65d0283347e303893ba14f0692005417c1e0e690a325a4c5d8bb2b3943ee14?s=96&d=mm&r=g\",\"url\":\"https:\\\/\\\/secure.gravatar.com\\\/avatar\\\/bb65d0283347e303893ba14f0692005417c1e0e690a325a4c5d8bb2b3943ee14?s=96&d=mm&r=g\",\"contentUrl\":\"https:\\\/\\\/secure.gravatar.com\\\/avatar\\\/bb65d0283347e303893ba14f0692005417c1e0e690a325a4c5d8bb2b3943ee14?s=96&d=mm&r=g\",\"caption\":\"Cope Alcoy\"}}]}<\/script>\n<!-- \/ Yoast SEO plugin. -->","yoast_head_json":{"title":"Unas jornadas para difundir la navidad alcoyana - COPE Alcoy","robots":{"index":"index","follow":"follow","max-snippet":"max-snippet:-1","max-image-preview":"max-image-preview:large","max-video-preview":"max-video-preview:-1"},"canonical":"https:\/\/www.copealcoy.es\/es\/unas-jornadas-para-difundir-la-navidad-alcoyana\/","og_locale":"es_ES","og_type":"article","og_title":"Unas jornadas para difundir la navidad alcoyana - COPE Alcoy","og_description":"El \u00e1rea de Cultura del Ayuntamiento de Alcoy est\u00e1 preparando unas jornadas para promocionar la navidad alcoyana y as\u00ed seguir...","og_url":"https:\/\/www.copealcoy.es\/es\/unas-jornadas-para-difundir-la-navidad-alcoyana\/","og_site_name":"COPE Alcoy","article_published_time":"2014-11-25T16:20:59+00:00","article_modified_time":"2014-11-26T20:37:54+00:00","og_image":[{"width":2048,"height":1365,"url":"https:\/\/www.copealcoy.es\/wp-content\/uploads\/2014\/11\/image30.jpg","type":"image\/jpeg"}],"author":"Cope Alcoy","twitter_misc":{"Escrito por":"Cope Alcoy","Tiempo de lectura":"1 minuto"},"schema":{"@context":"https:\/\/schema.org","@graph":[{"@type":"Article","@id":"https:\/\/www.copealcoy.es\/es\/unas-jornadas-para-difundir-la-navidad-alcoyana\/#article","isPartOf":{"@id":"https:\/\/www.copealcoy.es\/es\/unas-jornadas-para-difundir-la-navidad-alcoyana\/"},"author":{"name":"Cope Alcoy","@id":"https:\/\/www.copealcoy.es\/es\/#\/schema\/person\/e777c87fa024e57d40170af9df39882c"},"headline":"Unas jornadas para difundir la navidad alcoyana","datePublished":"2014-11-25T16:20:59+00:00","dateModified":"2014-11-26T20:37:54+00:00","mainEntityOfPage":{"@id":"https:\/\/www.copealcoy.es\/es\/unas-jornadas-para-difundir-la-navidad-alcoyana\/"},"wordCount":251,"commentCount":0,"image":{"@id":"https:\/\/www.copealcoy.es\/es\/unas-jornadas-para-difundir-la-navidad-alcoyana\/#primaryimage"},"thumbnailUrl":"https:\/\/www.copealcoy.es\/wp-content\/uploads\/2014\/11\/image30.jpg","keywords":["Alcoy","Humanidad","Navidad","Patrimonio","UNESCO"],"articleSection":["Fiesta y Cultura","Noticias"],"inLanguage":"es"},{"@type":"WebPage","@id":"https:\/\/www.copealcoy.es\/es\/unas-jornadas-para-difundir-la-navidad-alcoyana\/","url":"https:\/\/www.copealcoy.es\/es\/unas-jornadas-para-difundir-la-navidad-alcoyana\/","name":"Unas jornadas para difundir la navidad alcoyana - COPE Alcoy","isPartOf":{"@id":"https:\/\/www.copealcoy.es\/es\/#website"},"primaryImageOfPage":{"@id":"https:\/\/www.copealcoy.es\/es\/unas-jornadas-para-difundir-la-navidad-alcoyana\/#primaryimage"},"image":{"@id":"https:\/\/www.copealcoy.es\/es\/unas-jornadas-para-difundir-la-navidad-alcoyana\/#primaryimage"},"thumbnailUrl":"https:\/\/www.copealcoy.es\/wp-content\/uploads\/2014\/11\/image30.jpg","datePublished":"2014-11-25T16:20:59+00:00","dateModified":"2014-11-26T20:37:54+00:00","author":{"@id":"https:\/\/www.copealcoy.es\/es\/#\/schema\/person\/e777c87fa024e57d40170af9df39882c"},"breadcrumb":{"@id":"https:\/\/www.copealcoy.es\/es\/unas-jornadas-para-difundir-la-navidad-alcoyana\/#breadcrumb"},"inLanguage":"es","potentialAction":[{"@type":"ReadAction","target":["https:\/\/www.copealcoy.es\/es\/unas-jornadas-para-difundir-la-navidad-alcoyana\/"]}]},{"@type":"ImageObject","inLanguage":"es","@id":"https:\/\/www.copealcoy.es\/es\/unas-jornadas-para-difundir-la-navidad-alcoyana\/#primaryimage","url":"https:\/\/www.copealcoy.es\/wp-content\/uploads\/2014\/11\/image30.jpg","contentUrl":"https:\/\/www.copealcoy.es\/wp-content\/uploads\/2014\/11\/image30.jpg","width":1620,"height":1080},{"@type":"BreadcrumbList","@id":"https:\/\/www.copealcoy.es\/es\/unas-jornadas-para-difundir-la-navidad-alcoyana\/#breadcrumb","itemListElement":[{"@type":"ListItem","position":1,"name":"Portada","item":"https:\/\/www.copealcoy.es\/es\/"},{"@type":"ListItem","position":2,"name":"Unas jornadas para difundir la navidad alcoyana"}]},{"@type":"WebSite","@id":"https:\/\/www.copealcoy.es\/es\/#website","url":"https:\/\/www.copealcoy.es\/es\/","name":"COPE Alcoy","description":"Emisora COPE de radio local con emisi\u00f3n online. Pont de Sant Jordi 8-10 03803 Alcoy","potentialAction":[{"@type":"SearchAction","target":{"@type":"EntryPoint","urlTemplate":"https:\/\/www.copealcoy.es\/es\/?s={search_term_string}"},"query-input":{"@type":"PropertyValueSpecification","valueRequired":true,"valueName":"search_term_string"}}],"inLanguage":"es"},{"@type":"Person","@id":"https:\/\/www.copealcoy.es\/es\/#\/schema\/person\/e777c87fa024e57d40170af9df39882c","name":"Cope Alcoy","image":{"@type":"ImageObject","inLanguage":"es","@id":"https:\/\/secure.gravatar.com\/avatar\/bb65d0283347e303893ba14f0692005417c1e0e690a325a4c5d8bb2b3943ee14?s=96&d=mm&r=g","url":"https:\/\/secure.gravatar.com\/avatar\/bb65d0283347e303893ba14f0692005417c1e0e690a325a4c5d8bb2b3943ee14?s=96&d=mm&r=g","contentUrl":"https:\/\/secure.gravatar.com\/avatar\/bb65d0283347e303893ba14f0692005417c1e0e690a325a4c5d8bb2b3943ee14?s=96&d=mm&r=g","caption":"Cope Alcoy"}}]}},"_links":{"self":[{"href":"https:\/\/www.copealcoy.es\/es\/wp-json\/wp\/v2\/posts\/8448","targetHints":{"allow":["GET"]}}],"collection":[{"href":"https:\/\/www.copealcoy.es\/es\/wp-json\/wp\/v2\/posts"}],"about":[{"href":"https:\/\/www.copealcoy.es\/es\/wp-json\/wp\/v2\/types\/post"}],"author":[{"embeddable":true,"href":"https:\/\/www.copealcoy.es\/es\/wp-json\/wp\/v2\/users\/1"}],"replies":[{"embeddable":true,"href":"https:\/\/www.copealcoy.es\/es\/wp-json\/wp\/v2\/comments?post=8448"}],"version-history":[{"count":0,"href":"https:\/\/www.copealcoy.es\/es\/wp-json\/wp\/v2\/posts\/8448\/revisions"}],"wp:featuredmedia":[{"embeddable":true,"href":"https:\/\/www.copealcoy.es\/es\/wp-json\/wp\/v2\/media\/8449"}],"wp:attachment":[{"href":"https:\/\/www.copealcoy.es\/es\/wp-json\/wp\/v2\/media?parent=8448"}],"wp:term":[{"taxonomy":"category","embeddable":true,"href":"https:\/\/www.copealcoy.es\/es\/wp-json\/wp\/v2\/categories?post=8448"},{"taxonomy":"post_tag","embeddable":true,"href":"https:\/\/www.copealcoy.es\/es\/wp-json\/wp\/v2\/tags?post=8448"}],"curies":[{"name":"wp","href":"https:\/\/api.w.org\/{rel}","templated":true}]}}