{"id":84469,"date":"2022-03-02T16:06:50","date_gmt":"2022-03-02T15:06:50","guid":{"rendered":"https:\/\/www.copealcoy.es\/?p=84469"},"modified":"2022-03-02T16:36:18","modified_gmt":"2022-03-02T15:36:18","slug":"la-cuaresma-arranca-con-el-miercoles-de-ceniza","status":"publish","type":"post","link":"https:\/\/www.copealcoy.es\/es\/la-cuaresma-arranca-con-el-miercoles-de-ceniza\/","title":{"rendered":"La Cuaresma arranca con el Mi\u00e9rcoles de Ceniza"},"content":{"rendered":"<p style=\"text-align: justify;\">El <strong>fin de las celebraciones del Carnaval<\/strong> ha dado paso a que en este 2 de marzo <strong>sea Mi\u00e9rcoles de Ceniza<\/strong>, la jornada que <strong>marca el inicio de la Cuaresma<\/strong>. A partir de hoy <strong>arranca un periodo de cuarenta d\u00edas<\/strong> abierto a la oraci\u00f3n, la reflexi\u00f3n, la penitencia o el ayuno y la abstinencia. Es el camino de preparaci\u00f3n hacia la Semana Santa que culminar\u00e1 con el Domingo de Pascua de Resurrecci\u00f3n del pr\u00f3ximo 17 de abril.<\/p>\n<p style=\"text-align: justify;\">Las Parroquias de Alcoy <strong>acogen desde esta ma\u00f1ana las habituales eucarist\u00edas del d\u00eda de hoy<\/strong> con la habitual<strong> imposici\u00f3n de ceniza<\/strong>. Adem\u00e1s este a\u00f1o <strong>se ha previsto una oraci\u00f3n por la paz<\/strong> ante la situaci\u00f3n que se est\u00e1 viviendo en Ucrania a ra\u00edz de la invasi\u00f3n rusa. Ser\u00e1 antes de<strong> la misa vespertina<\/strong> seg\u00fan ha asegurado en COPE ALCOY <strong>Don Jos\u00e9 Lu\u00eds Llopis<\/strong>, titular de las parroquias del Centro:<\/p>\n<audio class=\"wp-audio-shortcode\" id=\"audio-84469-1\" preload=\"none\" style=\"width: 100%;\" controls=\"controls\"><source type=\"audio\/mpeg\" src=\"https:\/\/www.copealcoy.es\/wp-content\/uploads\/2022\/03\/2022.03.02-LLOPIS-MIE\u0301RCOLES-DE-CENIZA-MEDIODI\u0301A.mp3?_=1\" \/><a href=\"https:\/\/www.copealcoy.es\/wp-content\/uploads\/2022\/03\/2022.03.02-LLOPIS-MIE\u0301RCOLES-DE-CENIZA-MEDIODI\u0301A.mp3\">https:\/\/www.copealcoy.es\/wp-content\/uploads\/2022\/03\/2022.03.02-LLOPIS-MIE\u0301RCOLES-DE-CENIZA-MEDIODI\u0301A.mp3<\/a><\/audio>\n<p>&nbsp;<\/p>\n<p style=\"text-align: justify;\">Recordar que la Iglesia conserva el ritual de la ceniza desde el siglo XI como <strong>signo de la actitud del coraz\u00f3n penitente, que cada bautizado est\u00e1 llamado a asumir en la Cuaresma<\/strong>. Se impone el Mi\u00e9rcoles de la Ceniza durante o despu\u00e9s de la celebraci\u00f3n de la Misa, al pronunciar la frase: \u201c<strong>Convi\u00e9rtete y cree en el Evangelio<\/strong>\u201d. De acuerdo a las instrucciones del Misal Romano,\u00a0<strong>las cenizas se obtienen t\u00edpicamente de las palmas del Domingo de Ramos del a\u00f1o anterior. <\/strong>Las cenizas nos recuerdan<strong> el origen del hombre, <\/strong>simbolizan el pecado y la fragilidad al igual que recuerdan que nada somos ante Dios.<\/p>\n","protected":false},"excerpt":{"rendered":"<p>El fin de las celebraciones del Carnaval ha dado paso a que en este 2 de marzo sea Mi\u00e9rcoles de&#8230;<\/p>\n","protected":false},"author":1,"featured_media":84470,"comment_status":"open","ping_status":"open","sticky":false,"template":"","format":"standard","meta":{"footnotes":""},"categories":[6909,97,78,75],"tags":[1494,3791,3777,745],"class_list":["post-84469","post","type-post","status-publish","format-standard","has-post-thumbnail","hentry","category-actualidad","category-alcoy","category-fiestaycultura","category-noticias","tag-alcoy","tag-cuaresma","tag-miercoles-de-ceniza","tag-semana-santa"],"yoast_head":"<!-- This site is optimized with the Yoast SEO plugin v27.3 - https:\/\/yoast.com\/product\/yoast-seo-wordpress\/ -->\n<title>La Cuaresma arranca con el Mi\u00e9rcoles de Ceniza - COPE Alcoy<\/title>\n<meta name=\"robots\" content=\"index, follow, max-snippet:-1, max-image-preview:large, max-video-preview:-1\" \/>\n<link rel=\"canonical\" href=\"https:\/\/www.copealcoy.es\/es\/la-cuaresma-arranca-con-el-miercoles-de-ceniza\/\" \/>\n<meta property=\"og:locale\" content=\"es_ES\" \/>\n<meta property=\"og:type\" content=\"article\" \/>\n<meta property=\"og:title\" content=\"La Cuaresma arranca con el Mi\u00e9rcoles de Ceniza - COPE Alcoy\" \/>\n<meta property=\"og:description\" content=\"El fin de las celebraciones del Carnaval ha dado paso a que en este 2 de marzo sea Mi\u00e9rcoles de...\" \/>\n<meta property=\"og:url\" content=\"https:\/\/www.copealcoy.es\/es\/la-cuaresma-arranca-con-el-miercoles-de-ceniza\/\" \/>\n<meta property=\"og:site_name\" content=\"COPE Alcoy\" \/>\n<meta property=\"article:published_time\" content=\"2022-03-02T15:06:50+00:00\" \/>\n<meta property=\"article:modified_time\" content=\"2022-03-02T15:36:18+00:00\" \/>\n<meta property=\"og:image\" content=\"https:\/\/www.copealcoy.es\/wp-content\/uploads\/2022\/03\/unnamed-1-scaled-e1646235358619.jpg\" \/>\n\t<meta property=\"og:image:width\" content=\"640\" \/>\n\t<meta property=\"og:image:height\" content=\"389\" \/>\n\t<meta property=\"og:image:type\" content=\"image\/jpeg\" \/>\n<meta name=\"author\" content=\"Cope Alcoy\" \/>\n<meta name=\"twitter:label1\" content=\"Escrito por\" \/>\n\t<meta name=\"twitter:data1\" content=\"Cope Alcoy\" \/>\n\t<meta name=\"twitter:label2\" content=\"Tiempo de lectura\" \/>\n\t<meta name=\"twitter:data2\" content=\"2 minutos\" \/>\n<script type=\"application\/ld+json\" class=\"yoast-schema-graph\">{\"@context\":\"https:\\\/\\\/schema.org\",\"@graph\":[{\"@type\":\"Article\",\"@id\":\"https:\\\/\\\/www.copealcoy.es\\\/es\\\/la-cuaresma-arranca-con-el-miercoles-de-ceniza\\\/#article\",\"isPartOf\":{\"@id\":\"https:\\\/\\\/www.copealcoy.es\\\/es\\\/la-cuaresma-arranca-con-el-miercoles-de-ceniza\\\/\"},\"author\":{\"name\":\"Cope Alcoy\",\"@id\":\"https:\\\/\\\/www.copealcoy.es\\\/es\\\/#\\\/schema\\\/person\\\/e777c87fa024e57d40170af9df39882c\"},\"headline\":\"La Cuaresma arranca con el Mi\u00e9rcoles de Ceniza\",\"datePublished\":\"2022-03-02T15:06:50+00:00\",\"dateModified\":\"2022-03-02T15:36:18+00:00\",\"mainEntityOfPage\":{\"@id\":\"https:\\\/\\\/www.copealcoy.es\\\/es\\\/la-cuaresma-arranca-con-el-miercoles-de-ceniza\\\/\"},\"wordCount\":297,\"commentCount\":0,\"image\":{\"@id\":\"https:\\\/\\\/www.copealcoy.es\\\/es\\\/la-cuaresma-arranca-con-el-miercoles-de-ceniza\\\/#primaryimage\"},\"thumbnailUrl\":\"https:\\\/\\\/www.copealcoy.es\\\/wp-content\\\/uploads\\\/2022\\\/03\\\/unnamed-1-scaled-e1646235358619.jpg\",\"keywords\":[\"Alcoy\",\"Cuaresma\",\"Mi\u00e9rcoles de Ceniza\",\"Semana Santa\"],\"articleSection\":[\"Actualidad\",\"Alcoy\",\"Fiesta y Cultura\",\"Noticias\"],\"inLanguage\":\"es\"},{\"@type\":\"WebPage\",\"@id\":\"https:\\\/\\\/www.copealcoy.es\\\/es\\\/la-cuaresma-arranca-con-el-miercoles-de-ceniza\\\/\",\"url\":\"https:\\\/\\\/www.copealcoy.es\\\/es\\\/la-cuaresma-arranca-con-el-miercoles-de-ceniza\\\/\",\"name\":\"La Cuaresma arranca con el Mi\u00e9rcoles de Ceniza - COPE Alcoy\",\"isPartOf\":{\"@id\":\"https:\\\/\\\/www.copealcoy.es\\\/es\\\/#website\"},\"primaryImageOfPage\":{\"@id\":\"https:\\\/\\\/www.copealcoy.es\\\/es\\\/la-cuaresma-arranca-con-el-miercoles-de-ceniza\\\/#primaryimage\"},\"image\":{\"@id\":\"https:\\\/\\\/www.copealcoy.es\\\/es\\\/la-cuaresma-arranca-con-el-miercoles-de-ceniza\\\/#primaryimage\"},\"thumbnailUrl\":\"https:\\\/\\\/www.copealcoy.es\\\/wp-content\\\/uploads\\\/2022\\\/03\\\/unnamed-1-scaled-e1646235358619.jpg\",\"datePublished\":\"2022-03-02T15:06:50+00:00\",\"dateModified\":\"2022-03-02T15:36:18+00:00\",\"author\":{\"@id\":\"https:\\\/\\\/www.copealcoy.es\\\/es\\\/#\\\/schema\\\/person\\\/e777c87fa024e57d40170af9df39882c\"},\"breadcrumb\":{\"@id\":\"https:\\\/\\\/www.copealcoy.es\\\/es\\\/la-cuaresma-arranca-con-el-miercoles-de-ceniza\\\/#breadcrumb\"},\"inLanguage\":\"es\",\"potentialAction\":[{\"@type\":\"ReadAction\",\"target\":[\"https:\\\/\\\/www.copealcoy.es\\\/es\\\/la-cuaresma-arranca-con-el-miercoles-de-ceniza\\\/\"]}]},{\"@type\":\"ImageObject\",\"inLanguage\":\"es\",\"@id\":\"https:\\\/\\\/www.copealcoy.es\\\/es\\\/la-cuaresma-arranca-con-el-miercoles-de-ceniza\\\/#primaryimage\",\"url\":\"https:\\\/\\\/www.copealcoy.es\\\/wp-content\\\/uploads\\\/2022\\\/03\\\/unnamed-1-scaled-e1646235358619.jpg\",\"contentUrl\":\"https:\\\/\\\/www.copealcoy.es\\\/wp-content\\\/uploads\\\/2022\\\/03\\\/unnamed-1-scaled-e1646235358619.jpg\",\"width\":640,\"height\":389},{\"@type\":\"BreadcrumbList\",\"@id\":\"https:\\\/\\\/www.copealcoy.es\\\/es\\\/la-cuaresma-arranca-con-el-miercoles-de-ceniza\\\/#breadcrumb\",\"itemListElement\":[{\"@type\":\"ListItem\",\"position\":1,\"name\":\"Portada\",\"item\":\"https:\\\/\\\/www.copealcoy.es\\\/es\\\/\"},{\"@type\":\"ListItem\",\"position\":2,\"name\":\"La Cuaresma arranca con el Mi\u00e9rcoles de Ceniza\"}]},{\"@type\":\"WebSite\",\"@id\":\"https:\\\/\\\/www.copealcoy.es\\\/es\\\/#website\",\"url\":\"https:\\\/\\\/www.copealcoy.es\\\/es\\\/\",\"name\":\"COPE Alcoy\",\"description\":\"Emisora COPE de radio local con emisi\u00f3n online. Pont de Sant Jordi 8-10 03803 Alcoy\",\"potentialAction\":[{\"@type\":\"SearchAction\",\"target\":{\"@type\":\"EntryPoint\",\"urlTemplate\":\"https:\\\/\\\/www.copealcoy.es\\\/es\\\/?s={search_term_string}\"},\"query-input\":{\"@type\":\"PropertyValueSpecification\",\"valueRequired\":true,\"valueName\":\"search_term_string\"}}],\"inLanguage\":\"es\"},{\"@type\":\"Person\",\"@id\":\"https:\\\/\\\/www.copealcoy.es\\\/es\\\/#\\\/schema\\\/person\\\/e777c87fa024e57d40170af9df39882c\",\"name\":\"Cope Alcoy\",\"image\":{\"@type\":\"ImageObject\",\"inLanguage\":\"es\",\"@id\":\"https:\\\/\\\/secure.gravatar.com\\\/avatar\\\/bb65d0283347e303893ba14f0692005417c1e0e690a325a4c5d8bb2b3943ee14?s=96&d=mm&r=g\",\"url\":\"https:\\\/\\\/secure.gravatar.com\\\/avatar\\\/bb65d0283347e303893ba14f0692005417c1e0e690a325a4c5d8bb2b3943ee14?s=96&d=mm&r=g\",\"contentUrl\":\"https:\\\/\\\/secure.gravatar.com\\\/avatar\\\/bb65d0283347e303893ba14f0692005417c1e0e690a325a4c5d8bb2b3943ee14?s=96&d=mm&r=g\",\"caption\":\"Cope Alcoy\"}}]}<\/script>\n<!-- \/ Yoast SEO plugin. -->","yoast_head_json":{"title":"La Cuaresma arranca con el Mi\u00e9rcoles de Ceniza - COPE Alcoy","robots":{"index":"index","follow":"follow","max-snippet":"max-snippet:-1","max-image-preview":"max-image-preview:large","max-video-preview":"max-video-preview:-1"},"canonical":"https:\/\/www.copealcoy.es\/es\/la-cuaresma-arranca-con-el-miercoles-de-ceniza\/","og_locale":"es_ES","og_type":"article","og_title":"La Cuaresma arranca con el Mi\u00e9rcoles de Ceniza - COPE Alcoy","og_description":"El fin de las celebraciones del Carnaval ha dado paso a que en este 2 de marzo sea Mi\u00e9rcoles de...","og_url":"https:\/\/www.copealcoy.es\/es\/la-cuaresma-arranca-con-el-miercoles-de-ceniza\/","og_site_name":"COPE Alcoy","article_published_time":"2022-03-02T15:06:50+00:00","article_modified_time":"2022-03-02T15:36:18+00:00","og_image":[{"width":640,"height":389,"url":"https:\/\/www.copealcoy.es\/wp-content\/uploads\/2022\/03\/unnamed-1-scaled-e1646235358619.jpg","type":"image\/jpeg"}],"author":"Cope Alcoy","twitter_misc":{"Escrito por":"Cope Alcoy","Tiempo de lectura":"2 minutos"},"schema":{"@context":"https:\/\/schema.org","@graph":[{"@type":"Article","@id":"https:\/\/www.copealcoy.es\/es\/la-cuaresma-arranca-con-el-miercoles-de-ceniza\/#article","isPartOf":{"@id":"https:\/\/www.copealcoy.es\/es\/la-cuaresma-arranca-con-el-miercoles-de-ceniza\/"},"author":{"name":"Cope Alcoy","@id":"https:\/\/www.copealcoy.es\/es\/#\/schema\/person\/e777c87fa024e57d40170af9df39882c"},"headline":"La Cuaresma arranca con el Mi\u00e9rcoles de Ceniza","datePublished":"2022-03-02T15:06:50+00:00","dateModified":"2022-03-02T15:36:18+00:00","mainEntityOfPage":{"@id":"https:\/\/www.copealcoy.es\/es\/la-cuaresma-arranca-con-el-miercoles-de-ceniza\/"},"wordCount":297,"commentCount":0,"image":{"@id":"https:\/\/www.copealcoy.es\/es\/la-cuaresma-arranca-con-el-miercoles-de-ceniza\/#primaryimage"},"thumbnailUrl":"https:\/\/www.copealcoy.es\/wp-content\/uploads\/2022\/03\/unnamed-1-scaled-e1646235358619.jpg","keywords":["Alcoy","Cuaresma","Mi\u00e9rcoles de Ceniza","Semana Santa"],"articleSection":["Actualidad","Alcoy","Fiesta y Cultura","Noticias"],"inLanguage":"es"},{"@type":"WebPage","@id":"https:\/\/www.copealcoy.es\/es\/la-cuaresma-arranca-con-el-miercoles-de-ceniza\/","url":"https:\/\/www.copealcoy.es\/es\/la-cuaresma-arranca-con-el-miercoles-de-ceniza\/","name":"La Cuaresma arranca con el Mi\u00e9rcoles de Ceniza - COPE Alcoy","isPartOf":{"@id":"https:\/\/www.copealcoy.es\/es\/#website"},"primaryImageOfPage":{"@id":"https:\/\/www.copealcoy.es\/es\/la-cuaresma-arranca-con-el-miercoles-de-ceniza\/#primaryimage"},"image":{"@id":"https:\/\/www.copealcoy.es\/es\/la-cuaresma-arranca-con-el-miercoles-de-ceniza\/#primaryimage"},"thumbnailUrl":"https:\/\/www.copealcoy.es\/wp-content\/uploads\/2022\/03\/unnamed-1-scaled-e1646235358619.jpg","datePublished":"2022-03-02T15:06:50+00:00","dateModified":"2022-03-02T15:36:18+00:00","author":{"@id":"https:\/\/www.copealcoy.es\/es\/#\/schema\/person\/e777c87fa024e57d40170af9df39882c"},"breadcrumb":{"@id":"https:\/\/www.copealcoy.es\/es\/la-cuaresma-arranca-con-el-miercoles-de-ceniza\/#breadcrumb"},"inLanguage":"es","potentialAction":[{"@type":"ReadAction","target":["https:\/\/www.copealcoy.es\/es\/la-cuaresma-arranca-con-el-miercoles-de-ceniza\/"]}]},{"@type":"ImageObject","inLanguage":"es","@id":"https:\/\/www.copealcoy.es\/es\/la-cuaresma-arranca-con-el-miercoles-de-ceniza\/#primaryimage","url":"https:\/\/www.copealcoy.es\/wp-content\/uploads\/2022\/03\/unnamed-1-scaled-e1646235358619.jpg","contentUrl":"https:\/\/www.copealcoy.es\/wp-content\/uploads\/2022\/03\/unnamed-1-scaled-e1646235358619.jpg","width":640,"height":389},{"@type":"BreadcrumbList","@id":"https:\/\/www.copealcoy.es\/es\/la-cuaresma-arranca-con-el-miercoles-de-ceniza\/#breadcrumb","itemListElement":[{"@type":"ListItem","position":1,"name":"Portada","item":"https:\/\/www.copealcoy.es\/es\/"},{"@type":"ListItem","position":2,"name":"La Cuaresma arranca con el Mi\u00e9rcoles de Ceniza"}]},{"@type":"WebSite","@id":"https:\/\/www.copealcoy.es\/es\/#website","url":"https:\/\/www.copealcoy.es\/es\/","name":"COPE Alcoy","description":"Emisora COPE de radio local con emisi\u00f3n online. Pont de Sant Jordi 8-10 03803 Alcoy","potentialAction":[{"@type":"SearchAction","target":{"@type":"EntryPoint","urlTemplate":"https:\/\/www.copealcoy.es\/es\/?s={search_term_string}"},"query-input":{"@type":"PropertyValueSpecification","valueRequired":true,"valueName":"search_term_string"}}],"inLanguage":"es"},{"@type":"Person","@id":"https:\/\/www.copealcoy.es\/es\/#\/schema\/person\/e777c87fa024e57d40170af9df39882c","name":"Cope Alcoy","image":{"@type":"ImageObject","inLanguage":"es","@id":"https:\/\/secure.gravatar.com\/avatar\/bb65d0283347e303893ba14f0692005417c1e0e690a325a4c5d8bb2b3943ee14?s=96&d=mm&r=g","url":"https:\/\/secure.gravatar.com\/avatar\/bb65d0283347e303893ba14f0692005417c1e0e690a325a4c5d8bb2b3943ee14?s=96&d=mm&r=g","contentUrl":"https:\/\/secure.gravatar.com\/avatar\/bb65d0283347e303893ba14f0692005417c1e0e690a325a4c5d8bb2b3943ee14?s=96&d=mm&r=g","caption":"Cope Alcoy"}}]}},"_links":{"self":[{"href":"https:\/\/www.copealcoy.es\/es\/wp-json\/wp\/v2\/posts\/84469","targetHints":{"allow":["GET"]}}],"collection":[{"href":"https:\/\/www.copealcoy.es\/es\/wp-json\/wp\/v2\/posts"}],"about":[{"href":"https:\/\/www.copealcoy.es\/es\/wp-json\/wp\/v2\/types\/post"}],"author":[{"embeddable":true,"href":"https:\/\/www.copealcoy.es\/es\/wp-json\/wp\/v2\/users\/1"}],"replies":[{"embeddable":true,"href":"https:\/\/www.copealcoy.es\/es\/wp-json\/wp\/v2\/comments?post=84469"}],"version-history":[{"count":0,"href":"https:\/\/www.copealcoy.es\/es\/wp-json\/wp\/v2\/posts\/84469\/revisions"}],"wp:featuredmedia":[{"embeddable":true,"href":"https:\/\/www.copealcoy.es\/es\/wp-json\/wp\/v2\/media\/84470"}],"wp:attachment":[{"href":"https:\/\/www.copealcoy.es\/es\/wp-json\/wp\/v2\/media?parent=84469"}],"wp:term":[{"taxonomy":"category","embeddable":true,"href":"https:\/\/www.copealcoy.es\/es\/wp-json\/wp\/v2\/categories?post=84469"},{"taxonomy":"post_tag","embeddable":true,"href":"https:\/\/www.copealcoy.es\/es\/wp-json\/wp\/v2\/tags?post=84469"}],"curies":[{"name":"wp","href":"https:\/\/api.w.org\/{rel}","templated":true}]}}