{"id":84462,"date":"2022-03-02T15:51:33","date_gmt":"2022-03-02T14:51:33","guid":{"rendered":"https:\/\/www.copealcoy.es\/?p=84462"},"modified":"2022-03-02T16:37:22","modified_gmt":"2022-03-02T15:37:22","slug":"castalla-elimina-la-tasa-de-ocupacion-para-los-puestos-de-la-feria-de-san-isidro","status":"publish","type":"post","link":"https:\/\/www.copealcoy.es\/es\/castalla-elimina-la-tasa-de-ocupacion-para-los-puestos-de-la-feria-de-san-isidro\/","title":{"rendered":"Castalla elimina la tasa de ocupaci\u00f3n para los puestos de la Feria de San Isidro"},"content":{"rendered":"<p style=\"text-align: justify;\">El Ayuntamiento de Castalla <strong>se encuentra ya inmerso en la preparaci\u00f3n de la Feria de San Isidro de este a\u00f1o 2022<\/strong>. Desde el Consistorio <strong>han publicado los pliegos de condiciones<\/strong> para <strong>licitar diferentes servicios<\/strong> relacionados con el evento por un total de\u00a0 92.974,04 euros.<\/p>\n<p style=\"text-align: justify;\">En este sentido hay que destacar que <strong>se han establecido varios lotes<\/strong> para stands modulares destinados a sectores de exposici\u00f3n espec\u00edficos, stands de estructuras institucionales; WC m\u00f3dulos sanitarios, seguridad y vigilancia, Mercado Medieval, &#8216;Correfocs&#8217; y trabajos de electricidad y alumbrado. El citado pliego contempla adem\u00e1s que <strong>el montaje y desmontaje de cada lote se debe realizar entre los d\u00edas 12 y 17 de mayo de 2022<\/strong> para que as\u00ed est\u00e9 todo listo de cara a los d\u00edas de la Feria &#8220;<em>celebrar un evento de gran nivel y atractivo para toda la comarca y los pueblos de alrededor. La Feria debe ser un motor econ\u00f3mico, tur\u00edstico y cultural para nuestra ciudad y estamos todos trabajando con este objetivo, para modernizarla y dar un salto de calidad&#8221;<\/em> afirma el alcalde; <strong>Antonio Bernabeu<\/strong>. Al margen de esto, <strong>el Pleno aprob\u00f3 recientemente una importante medida de cara a San Isidro para incentivar la participaci\u00f3n en la Feria<\/strong> &#8220;<em>todos los expositores y puestos que vengan a participar en la Feria de San Isidro de Castalla y ocupen un espacio en la v\u00eda p\u00fablica no van a pagar ninguna tasa este a\u00f1o, porque la ordenanza est\u00e1 derogada<\/em>&#8221; destaca la edil de Hacienda; <strong>Gema S\u00e1nchez<\/strong>.<\/p>\n<p style=\"text-align: justify;\">La presente edici\u00f3n <strong>contar\u00e1 con un presupuesto total de 130.000 euros<\/strong> para su desarrollo y montaje. esto, seg\u00fan la informaci\u00f3n facilitada,<strong> supone un incremento de 40.000 euros<\/strong> respecto al 2019, el \u00faltimo a\u00f1o en que se pudo celebrar.<\/p>\n","protected":false},"excerpt":{"rendered":"<p>El Ayuntamiento de Castalla se encuentra ya inmerso en la preparaci\u00f3n de la Feria de San Isidro de este a\u00f1o&#8230;<\/p>\n","protected":false},"author":1,"featured_media":84463,"comment_status":"open","ping_status":"open","sticky":false,"template":"","format":"standard","meta":{"footnotes":""},"categories":[98,75],"tags":[1619,4091,12485,12484],"class_list":["post-84462","post","type-post","status-publish","format-standard","has-post-thumbnail","hentry","category-comarcas","category-noticias","tag-castalla","tag-feria-de-san-isidro","tag-puestos","tag-tasa-de-ocupacion"],"yoast_head":"<!-- This site is optimized with the Yoast SEO plugin v27.3 - https:\/\/yoast.com\/product\/yoast-seo-wordpress\/ -->\n<title>Castalla elimina la tasa de ocupaci\u00f3n para los puestos de la Feria de San Isidro - COPE Alcoy<\/title>\n<meta name=\"robots\" content=\"index, follow, max-snippet:-1, max-image-preview:large, max-video-preview:-1\" \/>\n<link rel=\"canonical\" href=\"https:\/\/www.copealcoy.es\/es\/castalla-elimina-la-tasa-de-ocupacion-para-los-puestos-de-la-feria-de-san-isidro\/\" \/>\n<meta property=\"og:locale\" content=\"es_ES\" \/>\n<meta property=\"og:type\" content=\"article\" \/>\n<meta property=\"og:title\" content=\"Castalla elimina la tasa de ocupaci\u00f3n para los puestos de la Feria de San Isidro - COPE Alcoy\" \/>\n<meta property=\"og:description\" content=\"El Ayuntamiento de Castalla se encuentra ya inmerso en la preparaci\u00f3n de la Feria de San Isidro de este a\u00f1o...\" \/>\n<meta property=\"og:url\" content=\"https:\/\/www.copealcoy.es\/es\/castalla-elimina-la-tasa-de-ocupacion-para-los-puestos-de-la-feria-de-san-isidro\/\" \/>\n<meta property=\"og:site_name\" content=\"COPE Alcoy\" \/>\n<meta property=\"article:published_time\" content=\"2022-03-02T14:51:33+00:00\" \/>\n<meta property=\"article:modified_time\" content=\"2022-03-02T15:37:22+00:00\" \/>\n<meta property=\"og:image\" content=\"https:\/\/www.copealcoy.es\/wp-content\/uploads\/2022\/03\/Castalla-NdP-Pliego-Feria-San-Isidro-1-1024x768-1.jpg\" \/>\n\t<meta property=\"og:image:width\" content=\"1024\" \/>\n\t<meta property=\"og:image:height\" content=\"768\" \/>\n\t<meta property=\"og:image:type\" content=\"image\/jpeg\" \/>\n<meta name=\"author\" content=\"Cope Alcoy\" \/>\n<meta name=\"twitter:label1\" content=\"Escrito por\" \/>\n\t<meta name=\"twitter:data1\" content=\"Cope Alcoy\" \/>\n\t<meta name=\"twitter:label2\" content=\"Tiempo de lectura\" \/>\n\t<meta name=\"twitter:data2\" content=\"2 minutos\" \/>\n<script type=\"application\/ld+json\" class=\"yoast-schema-graph\">{\"@context\":\"https:\\\/\\\/schema.org\",\"@graph\":[{\"@type\":\"Article\",\"@id\":\"https:\\\/\\\/www.copealcoy.es\\\/es\\\/castalla-elimina-la-tasa-de-ocupacion-para-los-puestos-de-la-feria-de-san-isidro\\\/#article\",\"isPartOf\":{\"@id\":\"https:\\\/\\\/www.copealcoy.es\\\/es\\\/castalla-elimina-la-tasa-de-ocupacion-para-los-puestos-de-la-feria-de-san-isidro\\\/\"},\"author\":{\"name\":\"Cope Alcoy\",\"@id\":\"https:\\\/\\\/www.copealcoy.es\\\/es\\\/#\\\/schema\\\/person\\\/e777c87fa024e57d40170af9df39882c\"},\"headline\":\"Castalla elimina la tasa de ocupaci\u00f3n para los puestos de la Feria de San Isidro\",\"datePublished\":\"2022-03-02T14:51:33+00:00\",\"dateModified\":\"2022-03-02T15:37:22+00:00\",\"mainEntityOfPage\":{\"@id\":\"https:\\\/\\\/www.copealcoy.es\\\/es\\\/castalla-elimina-la-tasa-de-ocupacion-para-los-puestos-de-la-feria-de-san-isidro\\\/\"},\"wordCount\":307,\"commentCount\":0,\"image\":{\"@id\":\"https:\\\/\\\/www.copealcoy.es\\\/es\\\/castalla-elimina-la-tasa-de-ocupacion-para-los-puestos-de-la-feria-de-san-isidro\\\/#primaryimage\"},\"thumbnailUrl\":\"https:\\\/\\\/www.copealcoy.es\\\/wp-content\\\/uploads\\\/2022\\\/03\\\/Castalla-NdP-Pliego-Feria-San-Isidro-1-1024x768-1.jpg\",\"keywords\":[\"Castalla\",\"Feria de San Isidro\",\"puestos\",\"tasa de ocupaci\u00f3n\"],\"articleSection\":[\"Comarcas\",\"Noticias\"],\"inLanguage\":\"es\"},{\"@type\":\"WebPage\",\"@id\":\"https:\\\/\\\/www.copealcoy.es\\\/es\\\/castalla-elimina-la-tasa-de-ocupacion-para-los-puestos-de-la-feria-de-san-isidro\\\/\",\"url\":\"https:\\\/\\\/www.copealcoy.es\\\/es\\\/castalla-elimina-la-tasa-de-ocupacion-para-los-puestos-de-la-feria-de-san-isidro\\\/\",\"name\":\"Castalla elimina la tasa de ocupaci\u00f3n para los puestos de la Feria de San Isidro - COPE Alcoy\",\"isPartOf\":{\"@id\":\"https:\\\/\\\/www.copealcoy.es\\\/es\\\/#website\"},\"primaryImageOfPage\":{\"@id\":\"https:\\\/\\\/www.copealcoy.es\\\/es\\\/castalla-elimina-la-tasa-de-ocupacion-para-los-puestos-de-la-feria-de-san-isidro\\\/#primaryimage\"},\"image\":{\"@id\":\"https:\\\/\\\/www.copealcoy.es\\\/es\\\/castalla-elimina-la-tasa-de-ocupacion-para-los-puestos-de-la-feria-de-san-isidro\\\/#primaryimage\"},\"thumbnailUrl\":\"https:\\\/\\\/www.copealcoy.es\\\/wp-content\\\/uploads\\\/2022\\\/03\\\/Castalla-NdP-Pliego-Feria-San-Isidro-1-1024x768-1.jpg\",\"datePublished\":\"2022-03-02T14:51:33+00:00\",\"dateModified\":\"2022-03-02T15:37:22+00:00\",\"author\":{\"@id\":\"https:\\\/\\\/www.copealcoy.es\\\/es\\\/#\\\/schema\\\/person\\\/e777c87fa024e57d40170af9df39882c\"},\"breadcrumb\":{\"@id\":\"https:\\\/\\\/www.copealcoy.es\\\/es\\\/castalla-elimina-la-tasa-de-ocupacion-para-los-puestos-de-la-feria-de-san-isidro\\\/#breadcrumb\"},\"inLanguage\":\"es\",\"potentialAction\":[{\"@type\":\"ReadAction\",\"target\":[\"https:\\\/\\\/www.copealcoy.es\\\/es\\\/castalla-elimina-la-tasa-de-ocupacion-para-los-puestos-de-la-feria-de-san-isidro\\\/\"]}]},{\"@type\":\"ImageObject\",\"inLanguage\":\"es\",\"@id\":\"https:\\\/\\\/www.copealcoy.es\\\/es\\\/castalla-elimina-la-tasa-de-ocupacion-para-los-puestos-de-la-feria-de-san-isidro\\\/#primaryimage\",\"url\":\"https:\\\/\\\/www.copealcoy.es\\\/wp-content\\\/uploads\\\/2022\\\/03\\\/Castalla-NdP-Pliego-Feria-San-Isidro-1-1024x768-1.jpg\",\"contentUrl\":\"https:\\\/\\\/www.copealcoy.es\\\/wp-content\\\/uploads\\\/2022\\\/03\\\/Castalla-NdP-Pliego-Feria-San-Isidro-1-1024x768-1.jpg\",\"width\":1024,\"height\":768},{\"@type\":\"BreadcrumbList\",\"@id\":\"https:\\\/\\\/www.copealcoy.es\\\/es\\\/castalla-elimina-la-tasa-de-ocupacion-para-los-puestos-de-la-feria-de-san-isidro\\\/#breadcrumb\",\"itemListElement\":[{\"@type\":\"ListItem\",\"position\":1,\"name\":\"Portada\",\"item\":\"https:\\\/\\\/www.copealcoy.es\\\/es\\\/\"},{\"@type\":\"ListItem\",\"position\":2,\"name\":\"Castalla elimina la tasa de ocupaci\u00f3n para los puestos de la Feria de San Isidro\"}]},{\"@type\":\"WebSite\",\"@id\":\"https:\\\/\\\/www.copealcoy.es\\\/es\\\/#website\",\"url\":\"https:\\\/\\\/www.copealcoy.es\\\/es\\\/\",\"name\":\"COPE Alcoy\",\"description\":\"Emisora COPE de radio local con emisi\u00f3n online. Pont de Sant Jordi 8-10 03803 Alcoy\",\"potentialAction\":[{\"@type\":\"SearchAction\",\"target\":{\"@type\":\"EntryPoint\",\"urlTemplate\":\"https:\\\/\\\/www.copealcoy.es\\\/es\\\/?s={search_term_string}\"},\"query-input\":{\"@type\":\"PropertyValueSpecification\",\"valueRequired\":true,\"valueName\":\"search_term_string\"}}],\"inLanguage\":\"es\"},{\"@type\":\"Person\",\"@id\":\"https:\\\/\\\/www.copealcoy.es\\\/es\\\/#\\\/schema\\\/person\\\/e777c87fa024e57d40170af9df39882c\",\"name\":\"Cope Alcoy\",\"image\":{\"@type\":\"ImageObject\",\"inLanguage\":\"es\",\"@id\":\"https:\\\/\\\/secure.gravatar.com\\\/avatar\\\/bb65d0283347e303893ba14f0692005417c1e0e690a325a4c5d8bb2b3943ee14?s=96&d=mm&r=g\",\"url\":\"https:\\\/\\\/secure.gravatar.com\\\/avatar\\\/bb65d0283347e303893ba14f0692005417c1e0e690a325a4c5d8bb2b3943ee14?s=96&d=mm&r=g\",\"contentUrl\":\"https:\\\/\\\/secure.gravatar.com\\\/avatar\\\/bb65d0283347e303893ba14f0692005417c1e0e690a325a4c5d8bb2b3943ee14?s=96&d=mm&r=g\",\"caption\":\"Cope Alcoy\"}}]}<\/script>\n<!-- \/ Yoast SEO plugin. -->","yoast_head_json":{"title":"Castalla elimina la tasa de ocupaci\u00f3n para los puestos de la Feria de San Isidro - COPE Alcoy","robots":{"index":"index","follow":"follow","max-snippet":"max-snippet:-1","max-image-preview":"max-image-preview:large","max-video-preview":"max-video-preview:-1"},"canonical":"https:\/\/www.copealcoy.es\/es\/castalla-elimina-la-tasa-de-ocupacion-para-los-puestos-de-la-feria-de-san-isidro\/","og_locale":"es_ES","og_type":"article","og_title":"Castalla elimina la tasa de ocupaci\u00f3n para los puestos de la Feria de San Isidro - COPE Alcoy","og_description":"El Ayuntamiento de Castalla se encuentra ya inmerso en la preparaci\u00f3n de la Feria de San Isidro de este a\u00f1o...","og_url":"https:\/\/www.copealcoy.es\/es\/castalla-elimina-la-tasa-de-ocupacion-para-los-puestos-de-la-feria-de-san-isidro\/","og_site_name":"COPE Alcoy","article_published_time":"2022-03-02T14:51:33+00:00","article_modified_time":"2022-03-02T15:37:22+00:00","og_image":[{"width":1024,"height":768,"url":"https:\/\/www.copealcoy.es\/wp-content\/uploads\/2022\/03\/Castalla-NdP-Pliego-Feria-San-Isidro-1-1024x768-1.jpg","type":"image\/jpeg"}],"author":"Cope Alcoy","twitter_misc":{"Escrito por":"Cope Alcoy","Tiempo de lectura":"2 minutos"},"schema":{"@context":"https:\/\/schema.org","@graph":[{"@type":"Article","@id":"https:\/\/www.copealcoy.es\/es\/castalla-elimina-la-tasa-de-ocupacion-para-los-puestos-de-la-feria-de-san-isidro\/#article","isPartOf":{"@id":"https:\/\/www.copealcoy.es\/es\/castalla-elimina-la-tasa-de-ocupacion-para-los-puestos-de-la-feria-de-san-isidro\/"},"author":{"name":"Cope Alcoy","@id":"https:\/\/www.copealcoy.es\/es\/#\/schema\/person\/e777c87fa024e57d40170af9df39882c"},"headline":"Castalla elimina la tasa de ocupaci\u00f3n para los puestos de la Feria de San Isidro","datePublished":"2022-03-02T14:51:33+00:00","dateModified":"2022-03-02T15:37:22+00:00","mainEntityOfPage":{"@id":"https:\/\/www.copealcoy.es\/es\/castalla-elimina-la-tasa-de-ocupacion-para-los-puestos-de-la-feria-de-san-isidro\/"},"wordCount":307,"commentCount":0,"image":{"@id":"https:\/\/www.copealcoy.es\/es\/castalla-elimina-la-tasa-de-ocupacion-para-los-puestos-de-la-feria-de-san-isidro\/#primaryimage"},"thumbnailUrl":"https:\/\/www.copealcoy.es\/wp-content\/uploads\/2022\/03\/Castalla-NdP-Pliego-Feria-San-Isidro-1-1024x768-1.jpg","keywords":["Castalla","Feria de San Isidro","puestos","tasa de ocupaci\u00f3n"],"articleSection":["Comarcas","Noticias"],"inLanguage":"es"},{"@type":"WebPage","@id":"https:\/\/www.copealcoy.es\/es\/castalla-elimina-la-tasa-de-ocupacion-para-los-puestos-de-la-feria-de-san-isidro\/","url":"https:\/\/www.copealcoy.es\/es\/castalla-elimina-la-tasa-de-ocupacion-para-los-puestos-de-la-feria-de-san-isidro\/","name":"Castalla elimina la tasa de ocupaci\u00f3n para los puestos de la Feria de San Isidro - COPE Alcoy","isPartOf":{"@id":"https:\/\/www.copealcoy.es\/es\/#website"},"primaryImageOfPage":{"@id":"https:\/\/www.copealcoy.es\/es\/castalla-elimina-la-tasa-de-ocupacion-para-los-puestos-de-la-feria-de-san-isidro\/#primaryimage"},"image":{"@id":"https:\/\/www.copealcoy.es\/es\/castalla-elimina-la-tasa-de-ocupacion-para-los-puestos-de-la-feria-de-san-isidro\/#primaryimage"},"thumbnailUrl":"https:\/\/www.copealcoy.es\/wp-content\/uploads\/2022\/03\/Castalla-NdP-Pliego-Feria-San-Isidro-1-1024x768-1.jpg","datePublished":"2022-03-02T14:51:33+00:00","dateModified":"2022-03-02T15:37:22+00:00","author":{"@id":"https:\/\/www.copealcoy.es\/es\/#\/schema\/person\/e777c87fa024e57d40170af9df39882c"},"breadcrumb":{"@id":"https:\/\/www.copealcoy.es\/es\/castalla-elimina-la-tasa-de-ocupacion-para-los-puestos-de-la-feria-de-san-isidro\/#breadcrumb"},"inLanguage":"es","potentialAction":[{"@type":"ReadAction","target":["https:\/\/www.copealcoy.es\/es\/castalla-elimina-la-tasa-de-ocupacion-para-los-puestos-de-la-feria-de-san-isidro\/"]}]},{"@type":"ImageObject","inLanguage":"es","@id":"https:\/\/www.copealcoy.es\/es\/castalla-elimina-la-tasa-de-ocupacion-para-los-puestos-de-la-feria-de-san-isidro\/#primaryimage","url":"https:\/\/www.copealcoy.es\/wp-content\/uploads\/2022\/03\/Castalla-NdP-Pliego-Feria-San-Isidro-1-1024x768-1.jpg","contentUrl":"https:\/\/www.copealcoy.es\/wp-content\/uploads\/2022\/03\/Castalla-NdP-Pliego-Feria-San-Isidro-1-1024x768-1.jpg","width":1024,"height":768},{"@type":"BreadcrumbList","@id":"https:\/\/www.copealcoy.es\/es\/castalla-elimina-la-tasa-de-ocupacion-para-los-puestos-de-la-feria-de-san-isidro\/#breadcrumb","itemListElement":[{"@type":"ListItem","position":1,"name":"Portada","item":"https:\/\/www.copealcoy.es\/es\/"},{"@type":"ListItem","position":2,"name":"Castalla elimina la tasa de ocupaci\u00f3n para los puestos de la Feria de San Isidro"}]},{"@type":"WebSite","@id":"https:\/\/www.copealcoy.es\/es\/#website","url":"https:\/\/www.copealcoy.es\/es\/","name":"COPE Alcoy","description":"Emisora COPE de radio local con emisi\u00f3n online. Pont de Sant Jordi 8-10 03803 Alcoy","potentialAction":[{"@type":"SearchAction","target":{"@type":"EntryPoint","urlTemplate":"https:\/\/www.copealcoy.es\/es\/?s={search_term_string}"},"query-input":{"@type":"PropertyValueSpecification","valueRequired":true,"valueName":"search_term_string"}}],"inLanguage":"es"},{"@type":"Person","@id":"https:\/\/www.copealcoy.es\/es\/#\/schema\/person\/e777c87fa024e57d40170af9df39882c","name":"Cope Alcoy","image":{"@type":"ImageObject","inLanguage":"es","@id":"https:\/\/secure.gravatar.com\/avatar\/bb65d0283347e303893ba14f0692005417c1e0e690a325a4c5d8bb2b3943ee14?s=96&d=mm&r=g","url":"https:\/\/secure.gravatar.com\/avatar\/bb65d0283347e303893ba14f0692005417c1e0e690a325a4c5d8bb2b3943ee14?s=96&d=mm&r=g","contentUrl":"https:\/\/secure.gravatar.com\/avatar\/bb65d0283347e303893ba14f0692005417c1e0e690a325a4c5d8bb2b3943ee14?s=96&d=mm&r=g","caption":"Cope Alcoy"}}]}},"_links":{"self":[{"href":"https:\/\/www.copealcoy.es\/es\/wp-json\/wp\/v2\/posts\/84462","targetHints":{"allow":["GET"]}}],"collection":[{"href":"https:\/\/www.copealcoy.es\/es\/wp-json\/wp\/v2\/posts"}],"about":[{"href":"https:\/\/www.copealcoy.es\/es\/wp-json\/wp\/v2\/types\/post"}],"author":[{"embeddable":true,"href":"https:\/\/www.copealcoy.es\/es\/wp-json\/wp\/v2\/users\/1"}],"replies":[{"embeddable":true,"href":"https:\/\/www.copealcoy.es\/es\/wp-json\/wp\/v2\/comments?post=84462"}],"version-history":[{"count":0,"href":"https:\/\/www.copealcoy.es\/es\/wp-json\/wp\/v2\/posts\/84462\/revisions"}],"wp:featuredmedia":[{"embeddable":true,"href":"https:\/\/www.copealcoy.es\/es\/wp-json\/wp\/v2\/media\/84463"}],"wp:attachment":[{"href":"https:\/\/www.copealcoy.es\/es\/wp-json\/wp\/v2\/media?parent=84462"}],"wp:term":[{"taxonomy":"category","embeddable":true,"href":"https:\/\/www.copealcoy.es\/es\/wp-json\/wp\/v2\/categories?post=84462"},{"taxonomy":"post_tag","embeddable":true,"href":"https:\/\/www.copealcoy.es\/es\/wp-json\/wp\/v2\/tags?post=84462"}],"curies":[{"name":"wp","href":"https:\/\/api.w.org\/{rel}","templated":true}]}}