{"id":84446,"date":"2022-03-02T15:26:48","date_gmt":"2022-03-02T14:26:48","guid":{"rendered":"https:\/\/www.copealcoy.es\/?p=84446"},"modified":"2022-03-02T15:33:06","modified_gmt":"2022-03-02T14:33:06","slug":"la-generalitat-valenciana-dara-ayuda-integral-a-las-personas-que-lleguen-de-ucrania","status":"publish","type":"post","link":"https:\/\/www.copealcoy.es\/es\/la-generalitat-valenciana-dara-ayuda-integral-a-las-personas-que-lleguen-de-ucrania\/","title":{"rendered":"La Generalitat Valenciana dar\u00e1 ayuda integral a las personas que lleguen de Ucrania"},"content":{"rendered":"<p style=\"text-align: justify;\">Lo prioritario para <strong>el Gobierno valenciano es atender a todos aquellos que por su cuenta o a a trav\u00e9s de diferentes ONG&#8217;s y detectar sus necesidades<\/strong>: vivienda, atenci\u00f3n sanitaria o educaci\u00f3n M\u00f3nica Oltra ha coordinado este dispositivo que ya activado la Generalitat. El operativo ser\u00e1 coordinado y organizado por\u00a0<strong>la Vicepresidencia y Conselleria de Igualdad y Pol\u00edticas inclusivas,M\u00f3nica Oltra<\/strong>\u00a0que tiene la competencia en personas desplazadsa y refugiadas.<\/p>\n<p style=\"text-align: justify;\">&#8220;<em>Vamos a organizar esa solidaridad. Ahora mismo es una explosi\u00f3n de solidaridad pero se ha de organizar a trav\u00e9s de los canales que oficialmente vamos a poner en marcha y centralizar desde la conselleria<\/em>&#8220;, ha aclarado.<\/p>\n<p style=\"text-align: justify;\">Tambi\u00e9n es necesario, seg\u00fan Oltra, <strong>organizar la atenci\u00f3n a las personas que vengan a la Comunitat<\/strong> por ellas mismas, porque han cogido un coche y han huido del pa\u00eds y ya est\u00e1n llegando.<\/p>\n<p style=\"text-align: justify;\">&#8220;<em>Necesitamos saber qui\u00e9nes son, qu\u00e9 necesidades tienen, detectar la situaci\u00f3n y\u00a0atender y los recursos y prestaciones que podamos tener, desde la Renta Valenciana de Inclusi\u00f3n al acompa\u00f1amiento en la tramitaci\u00f3n del estatuto de protecci\u00f3n internacional por ser una persona refugiada o la petici\u00f3n de asilo, o el acceso a la justicia gratuita\u00a0para las cuestiones que puedan plantear de extranjer\u00eda<\/em>&#8220;, ha dicho.<\/p>\n<p>Tambi\u00e9n ofrecerles\u00a0<strong>recursos sociales para escolarizar a los menores y, en este sentido, ha dicho que Educaci\u00f3n<\/strong>\u00a0ya ha activado el protocolo para la escolarizaci\u00f3n de estos ni\u00f1os y ni\u00f1as.<\/p>\n<p>En el aspecto sanitario,\u00a0<strong>la Conselleria de Sanidad ha activado, a trav\u00e9s de la Atenci\u00f3n Primaria, la expedici\u00f3n prioritaria de tarjetas SIP\u00a0<\/strong>para que tengan acceso a la sanidad universal.<\/p>\n<p><span style=\"color: #0000ff;\"><strong>L\u00edneas de cr\u00e9dito para empresas<\/strong><\/span><\/p>\n<p style=\"text-align: justify;\">Otra l\u00ednea de actuaci\u00f3n abierta por el Gobierno valenciano tambi\u00e9n va a dar apoyo a las empresas que debido al conflicto b\u00e9lico tienen facturas que saben no van a cobrar, o material vendido que finalmente no se va a ejecutar. Al respecto,\u00a0<strong>el Gobierno valenciano va habilitar a trav\u00e9s del IVF una linea de cr\u00e9dito de 10 millones, atendiendo as\u00ed las demandas de los empresarios y agentes sociales que hoy se han reunido con el President de la Generalitat, Ximo Puig<\/strong>\u00a0para hacer un an\u00e1lisis de la guerra desde el punto de vista econ\u00f3mico y empresarial.<\/p>\n<p style=\"text-align: justify;\">El President ha se\u00f1alado que <strong>la relaci\u00f3n comercial de la Comunitat con Rusia era en 2021 de 260 millones de euros en exportaciones valencianas a ese pa\u00eds y de 377 millones en importaciones, y con Ucrania de 92&#8217;5 millones en exportaciones<\/strong>\u00a0y de 245 millones en importaciones valencianas desde all\u00ed, unos mercados que ahora est\u00e1n paralizados.<\/p>\n<p>Entre <strong>los sectores productivos valencianos m\u00e1s afectados<\/strong> ha citado la cer\u00e1mica, ya que &#8220;<em>el 70 % de las arcillas para el porcel\u00e1nico<\/em>&#8221; ven\u00eda de Ucrania; el calzado, pues en los \u00faltimos tiempos hab\u00edan aumentado las exportaciones a Rusia; o el autom\u00f3vil, pero ha indicado que al final toda la econom\u00eda mundial acabar\u00e1 afectada.<\/p>\n<p style=\"text-align: justify;\">Puig ha reclamado adem\u00e1s al Gobierno de Espa\u00f1a<strong> acciones para que el elevado precio de la energ\u00eda no agrave la situaci\u00f3n de las empresas y que se disminuya al m\u00ednimo la fiscalidad de los costes energ\u00e9ticos,\u00a0<\/strong>y ha defendido la necesidad de buscar nuevos mercados para la exportaci\u00f3n y la exportaci\u00f3n y para las materias primas.<\/p>\n","protected":false},"excerpt":{"rendered":"<p>Lo prioritario para el Gobierno valenciano es atender a todos aquellos que por su cuenta o a a trav\u00e9s de&#8230;<\/p>\n","protected":false},"author":1,"featured_media":80513,"comment_status":"open","ping_status":"open","sticky":false,"template":"","format":"standard","meta":{"footnotes":""},"categories":[6909,75,79],"tags":[7575,7281,12481,994,7477],"class_list":["post-84446","post","type-post","status-publish","format-standard","has-post-thumbnail","hentry","category-actualidad","category-noticias","category-politicayeconomia","tag-ayuda","tag-coronavirus","tag-crisis-humanitaria","tag-generalitat-valenciana","tag-pandemia"],"yoast_head":"<!-- This site is optimized with the Yoast SEO plugin v27.3 - https:\/\/yoast.com\/product\/yoast-seo-wordpress\/ -->\n<title>La Generalitat Valenciana dar\u00e1 ayuda integral a las personas que lleguen de Ucrania - COPE Alcoy<\/title>\n<meta name=\"robots\" content=\"index, follow, max-snippet:-1, max-image-preview:large, max-video-preview:-1\" \/>\n<link rel=\"canonical\" href=\"https:\/\/www.copealcoy.es\/es\/la-generalitat-valenciana-dara-ayuda-integral-a-las-personas-que-lleguen-de-ucrania\/\" \/>\n<meta property=\"og:locale\" content=\"es_ES\" \/>\n<meta property=\"og:type\" content=\"article\" \/>\n<meta property=\"og:title\" content=\"La Generalitat Valenciana dar\u00e1 ayuda integral a las personas que lleguen de Ucrania - COPE Alcoy\" \/>\n<meta property=\"og:description\" content=\"Lo prioritario para el Gobierno valenciano es atender a todos aquellos que por su cuenta o a a trav\u00e9s de...\" \/>\n<meta property=\"og:url\" content=\"https:\/\/www.copealcoy.es\/es\/la-generalitat-valenciana-dara-ayuda-integral-a-las-personas-que-lleguen-de-ucrania\/\" \/>\n<meta property=\"og:site_name\" content=\"COPE Alcoy\" \/>\n<meta property=\"article:published_time\" content=\"2022-03-02T14:26:48+00:00\" \/>\n<meta property=\"article:modified_time\" content=\"2022-03-02T14:33:06+00:00\" \/>\n<meta property=\"og:image\" content=\"https:\/\/www.copealcoy.es\/wp-content\/uploads\/2021\/11\/1605552083271.jpg\" \/>\n\t<meta property=\"og:image:width\" content=\"976\" \/>\n\t<meta property=\"og:image:height\" content=\"488\" \/>\n\t<meta property=\"og:image:type\" content=\"image\/jpeg\" \/>\n<meta name=\"author\" content=\"Cope Alcoy\" \/>\n<meta name=\"twitter:label1\" content=\"Escrito por\" \/>\n\t<meta name=\"twitter:data1\" content=\"Cope Alcoy\" \/>\n\t<meta name=\"twitter:label2\" content=\"Tiempo de lectura\" \/>\n\t<meta name=\"twitter:data2\" content=\"3 minutos\" \/>\n<script type=\"application\/ld+json\" class=\"yoast-schema-graph\">{\"@context\":\"https:\\\/\\\/schema.org\",\"@graph\":[{\"@type\":\"Article\",\"@id\":\"https:\\\/\\\/www.copealcoy.es\\\/es\\\/la-generalitat-valenciana-dara-ayuda-integral-a-las-personas-que-lleguen-de-ucrania\\\/#article\",\"isPartOf\":{\"@id\":\"https:\\\/\\\/www.copealcoy.es\\\/es\\\/la-generalitat-valenciana-dara-ayuda-integral-a-las-personas-que-lleguen-de-ucrania\\\/\"},\"author\":{\"name\":\"Cope Alcoy\",\"@id\":\"https:\\\/\\\/www.copealcoy.es\\\/es\\\/#\\\/schema\\\/person\\\/e777c87fa024e57d40170af9df39882c\"},\"headline\":\"La Generalitat Valenciana dar\u00e1 ayuda integral a las personas que lleguen de Ucrania\",\"datePublished\":\"2022-03-02T14:26:48+00:00\",\"dateModified\":\"2022-03-02T14:33:06+00:00\",\"mainEntityOfPage\":{\"@id\":\"https:\\\/\\\/www.copealcoy.es\\\/es\\\/la-generalitat-valenciana-dara-ayuda-integral-a-las-personas-que-lleguen-de-ucrania\\\/\"},\"wordCount\":591,\"commentCount\":0,\"image\":{\"@id\":\"https:\\\/\\\/www.copealcoy.es\\\/es\\\/la-generalitat-valenciana-dara-ayuda-integral-a-las-personas-que-lleguen-de-ucrania\\\/#primaryimage\"},\"thumbnailUrl\":\"https:\\\/\\\/www.copealcoy.es\\\/wp-content\\\/uploads\\\/2021\\\/11\\\/1605552083271.jpg\",\"keywords\":[\"ayuda\",\"Coronavirus\",\"crisis humanitaria\",\"Generalitat Valenciana\",\"pandemia\"],\"articleSection\":[\"Actualidad\",\"Noticias\",\"Pol\u00edtica y Econom\u00eda\"],\"inLanguage\":\"es\"},{\"@type\":\"WebPage\",\"@id\":\"https:\\\/\\\/www.copealcoy.es\\\/es\\\/la-generalitat-valenciana-dara-ayuda-integral-a-las-personas-que-lleguen-de-ucrania\\\/\",\"url\":\"https:\\\/\\\/www.copealcoy.es\\\/es\\\/la-generalitat-valenciana-dara-ayuda-integral-a-las-personas-que-lleguen-de-ucrania\\\/\",\"name\":\"La Generalitat Valenciana dar\u00e1 ayuda integral a las personas que lleguen de Ucrania - COPE Alcoy\",\"isPartOf\":{\"@id\":\"https:\\\/\\\/www.copealcoy.es\\\/es\\\/#website\"},\"primaryImageOfPage\":{\"@id\":\"https:\\\/\\\/www.copealcoy.es\\\/es\\\/la-generalitat-valenciana-dara-ayuda-integral-a-las-personas-que-lleguen-de-ucrania\\\/#primaryimage\"},\"image\":{\"@id\":\"https:\\\/\\\/www.copealcoy.es\\\/es\\\/la-generalitat-valenciana-dara-ayuda-integral-a-las-personas-que-lleguen-de-ucrania\\\/#primaryimage\"},\"thumbnailUrl\":\"https:\\\/\\\/www.copealcoy.es\\\/wp-content\\\/uploads\\\/2021\\\/11\\\/1605552083271.jpg\",\"datePublished\":\"2022-03-02T14:26:48+00:00\",\"dateModified\":\"2022-03-02T14:33:06+00:00\",\"author\":{\"@id\":\"https:\\\/\\\/www.copealcoy.es\\\/es\\\/#\\\/schema\\\/person\\\/e777c87fa024e57d40170af9df39882c\"},\"breadcrumb\":{\"@id\":\"https:\\\/\\\/www.copealcoy.es\\\/es\\\/la-generalitat-valenciana-dara-ayuda-integral-a-las-personas-que-lleguen-de-ucrania\\\/#breadcrumb\"},\"inLanguage\":\"es\",\"potentialAction\":[{\"@type\":\"ReadAction\",\"target\":[\"https:\\\/\\\/www.copealcoy.es\\\/es\\\/la-generalitat-valenciana-dara-ayuda-integral-a-las-personas-que-lleguen-de-ucrania\\\/\"]}]},{\"@type\":\"ImageObject\",\"inLanguage\":\"es\",\"@id\":\"https:\\\/\\\/www.copealcoy.es\\\/es\\\/la-generalitat-valenciana-dara-ayuda-integral-a-las-personas-que-lleguen-de-ucrania\\\/#primaryimage\",\"url\":\"https:\\\/\\\/www.copealcoy.es\\\/wp-content\\\/uploads\\\/2021\\\/11\\\/1605552083271.jpg\",\"contentUrl\":\"https:\\\/\\\/www.copealcoy.es\\\/wp-content\\\/uploads\\\/2021\\\/11\\\/1605552083271.jpg\",\"width\":976,\"height\":488},{\"@type\":\"BreadcrumbList\",\"@id\":\"https:\\\/\\\/www.copealcoy.es\\\/es\\\/la-generalitat-valenciana-dara-ayuda-integral-a-las-personas-que-lleguen-de-ucrania\\\/#breadcrumb\",\"itemListElement\":[{\"@type\":\"ListItem\",\"position\":1,\"name\":\"Portada\",\"item\":\"https:\\\/\\\/www.copealcoy.es\\\/es\\\/\"},{\"@type\":\"ListItem\",\"position\":2,\"name\":\"La Generalitat Valenciana dar\u00e1 ayuda integral a las personas que lleguen de Ucrania\"}]},{\"@type\":\"WebSite\",\"@id\":\"https:\\\/\\\/www.copealcoy.es\\\/es\\\/#website\",\"url\":\"https:\\\/\\\/www.copealcoy.es\\\/es\\\/\",\"name\":\"COPE Alcoy\",\"description\":\"Emisora COPE de radio local con emisi\u00f3n online. Pont de Sant Jordi 8-10 03803 Alcoy\",\"potentialAction\":[{\"@type\":\"SearchAction\",\"target\":{\"@type\":\"EntryPoint\",\"urlTemplate\":\"https:\\\/\\\/www.copealcoy.es\\\/es\\\/?s={search_term_string}\"},\"query-input\":{\"@type\":\"PropertyValueSpecification\",\"valueRequired\":true,\"valueName\":\"search_term_string\"}}],\"inLanguage\":\"es\"},{\"@type\":\"Person\",\"@id\":\"https:\\\/\\\/www.copealcoy.es\\\/es\\\/#\\\/schema\\\/person\\\/e777c87fa024e57d40170af9df39882c\",\"name\":\"Cope Alcoy\",\"image\":{\"@type\":\"ImageObject\",\"inLanguage\":\"es\",\"@id\":\"https:\\\/\\\/secure.gravatar.com\\\/avatar\\\/bb65d0283347e303893ba14f0692005417c1e0e690a325a4c5d8bb2b3943ee14?s=96&d=mm&r=g\",\"url\":\"https:\\\/\\\/secure.gravatar.com\\\/avatar\\\/bb65d0283347e303893ba14f0692005417c1e0e690a325a4c5d8bb2b3943ee14?s=96&d=mm&r=g\",\"contentUrl\":\"https:\\\/\\\/secure.gravatar.com\\\/avatar\\\/bb65d0283347e303893ba14f0692005417c1e0e690a325a4c5d8bb2b3943ee14?s=96&d=mm&r=g\",\"caption\":\"Cope Alcoy\"}}]}<\/script>\n<!-- \/ Yoast SEO plugin. -->","yoast_head_json":{"title":"La Generalitat Valenciana dar\u00e1 ayuda integral a las personas que lleguen de Ucrania - COPE Alcoy","robots":{"index":"index","follow":"follow","max-snippet":"max-snippet:-1","max-image-preview":"max-image-preview:large","max-video-preview":"max-video-preview:-1"},"canonical":"https:\/\/www.copealcoy.es\/es\/la-generalitat-valenciana-dara-ayuda-integral-a-las-personas-que-lleguen-de-ucrania\/","og_locale":"es_ES","og_type":"article","og_title":"La Generalitat Valenciana dar\u00e1 ayuda integral a las personas que lleguen de Ucrania - COPE Alcoy","og_description":"Lo prioritario para el Gobierno valenciano es atender a todos aquellos que por su cuenta o a a trav\u00e9s de...","og_url":"https:\/\/www.copealcoy.es\/es\/la-generalitat-valenciana-dara-ayuda-integral-a-las-personas-que-lleguen-de-ucrania\/","og_site_name":"COPE Alcoy","article_published_time":"2022-03-02T14:26:48+00:00","article_modified_time":"2022-03-02T14:33:06+00:00","og_image":[{"width":976,"height":488,"url":"https:\/\/www.copealcoy.es\/wp-content\/uploads\/2021\/11\/1605552083271.jpg","type":"image\/jpeg"}],"author":"Cope Alcoy","twitter_misc":{"Escrito por":"Cope Alcoy","Tiempo de lectura":"3 minutos"},"schema":{"@context":"https:\/\/schema.org","@graph":[{"@type":"Article","@id":"https:\/\/www.copealcoy.es\/es\/la-generalitat-valenciana-dara-ayuda-integral-a-las-personas-que-lleguen-de-ucrania\/#article","isPartOf":{"@id":"https:\/\/www.copealcoy.es\/es\/la-generalitat-valenciana-dara-ayuda-integral-a-las-personas-que-lleguen-de-ucrania\/"},"author":{"name":"Cope Alcoy","@id":"https:\/\/www.copealcoy.es\/es\/#\/schema\/person\/e777c87fa024e57d40170af9df39882c"},"headline":"La Generalitat Valenciana dar\u00e1 ayuda integral a las personas que lleguen de Ucrania","datePublished":"2022-03-02T14:26:48+00:00","dateModified":"2022-03-02T14:33:06+00:00","mainEntityOfPage":{"@id":"https:\/\/www.copealcoy.es\/es\/la-generalitat-valenciana-dara-ayuda-integral-a-las-personas-que-lleguen-de-ucrania\/"},"wordCount":591,"commentCount":0,"image":{"@id":"https:\/\/www.copealcoy.es\/es\/la-generalitat-valenciana-dara-ayuda-integral-a-las-personas-que-lleguen-de-ucrania\/#primaryimage"},"thumbnailUrl":"https:\/\/www.copealcoy.es\/wp-content\/uploads\/2021\/11\/1605552083271.jpg","keywords":["ayuda","Coronavirus","crisis humanitaria","Generalitat Valenciana","pandemia"],"articleSection":["Actualidad","Noticias","Pol\u00edtica y Econom\u00eda"],"inLanguage":"es"},{"@type":"WebPage","@id":"https:\/\/www.copealcoy.es\/es\/la-generalitat-valenciana-dara-ayuda-integral-a-las-personas-que-lleguen-de-ucrania\/","url":"https:\/\/www.copealcoy.es\/es\/la-generalitat-valenciana-dara-ayuda-integral-a-las-personas-que-lleguen-de-ucrania\/","name":"La Generalitat Valenciana dar\u00e1 ayuda integral a las personas que lleguen de Ucrania - COPE Alcoy","isPartOf":{"@id":"https:\/\/www.copealcoy.es\/es\/#website"},"primaryImageOfPage":{"@id":"https:\/\/www.copealcoy.es\/es\/la-generalitat-valenciana-dara-ayuda-integral-a-las-personas-que-lleguen-de-ucrania\/#primaryimage"},"image":{"@id":"https:\/\/www.copealcoy.es\/es\/la-generalitat-valenciana-dara-ayuda-integral-a-las-personas-que-lleguen-de-ucrania\/#primaryimage"},"thumbnailUrl":"https:\/\/www.copealcoy.es\/wp-content\/uploads\/2021\/11\/1605552083271.jpg","datePublished":"2022-03-02T14:26:48+00:00","dateModified":"2022-03-02T14:33:06+00:00","author":{"@id":"https:\/\/www.copealcoy.es\/es\/#\/schema\/person\/e777c87fa024e57d40170af9df39882c"},"breadcrumb":{"@id":"https:\/\/www.copealcoy.es\/es\/la-generalitat-valenciana-dara-ayuda-integral-a-las-personas-que-lleguen-de-ucrania\/#breadcrumb"},"inLanguage":"es","potentialAction":[{"@type":"ReadAction","target":["https:\/\/www.copealcoy.es\/es\/la-generalitat-valenciana-dara-ayuda-integral-a-las-personas-que-lleguen-de-ucrania\/"]}]},{"@type":"ImageObject","inLanguage":"es","@id":"https:\/\/www.copealcoy.es\/es\/la-generalitat-valenciana-dara-ayuda-integral-a-las-personas-que-lleguen-de-ucrania\/#primaryimage","url":"https:\/\/www.copealcoy.es\/wp-content\/uploads\/2021\/11\/1605552083271.jpg","contentUrl":"https:\/\/www.copealcoy.es\/wp-content\/uploads\/2021\/11\/1605552083271.jpg","width":976,"height":488},{"@type":"BreadcrumbList","@id":"https:\/\/www.copealcoy.es\/es\/la-generalitat-valenciana-dara-ayuda-integral-a-las-personas-que-lleguen-de-ucrania\/#breadcrumb","itemListElement":[{"@type":"ListItem","position":1,"name":"Portada","item":"https:\/\/www.copealcoy.es\/es\/"},{"@type":"ListItem","position":2,"name":"La Generalitat Valenciana dar\u00e1 ayuda integral a las personas que lleguen de Ucrania"}]},{"@type":"WebSite","@id":"https:\/\/www.copealcoy.es\/es\/#website","url":"https:\/\/www.copealcoy.es\/es\/","name":"COPE Alcoy","description":"Emisora COPE de radio local con emisi\u00f3n online. Pont de Sant Jordi 8-10 03803 Alcoy","potentialAction":[{"@type":"SearchAction","target":{"@type":"EntryPoint","urlTemplate":"https:\/\/www.copealcoy.es\/es\/?s={search_term_string}"},"query-input":{"@type":"PropertyValueSpecification","valueRequired":true,"valueName":"search_term_string"}}],"inLanguage":"es"},{"@type":"Person","@id":"https:\/\/www.copealcoy.es\/es\/#\/schema\/person\/e777c87fa024e57d40170af9df39882c","name":"Cope Alcoy","image":{"@type":"ImageObject","inLanguage":"es","@id":"https:\/\/secure.gravatar.com\/avatar\/bb65d0283347e303893ba14f0692005417c1e0e690a325a4c5d8bb2b3943ee14?s=96&d=mm&r=g","url":"https:\/\/secure.gravatar.com\/avatar\/bb65d0283347e303893ba14f0692005417c1e0e690a325a4c5d8bb2b3943ee14?s=96&d=mm&r=g","contentUrl":"https:\/\/secure.gravatar.com\/avatar\/bb65d0283347e303893ba14f0692005417c1e0e690a325a4c5d8bb2b3943ee14?s=96&d=mm&r=g","caption":"Cope Alcoy"}}]}},"_links":{"self":[{"href":"https:\/\/www.copealcoy.es\/es\/wp-json\/wp\/v2\/posts\/84446","targetHints":{"allow":["GET"]}}],"collection":[{"href":"https:\/\/www.copealcoy.es\/es\/wp-json\/wp\/v2\/posts"}],"about":[{"href":"https:\/\/www.copealcoy.es\/es\/wp-json\/wp\/v2\/types\/post"}],"author":[{"embeddable":true,"href":"https:\/\/www.copealcoy.es\/es\/wp-json\/wp\/v2\/users\/1"}],"replies":[{"embeddable":true,"href":"https:\/\/www.copealcoy.es\/es\/wp-json\/wp\/v2\/comments?post=84446"}],"version-history":[{"count":0,"href":"https:\/\/www.copealcoy.es\/es\/wp-json\/wp\/v2\/posts\/84446\/revisions"}],"wp:featuredmedia":[{"embeddable":true,"href":"https:\/\/www.copealcoy.es\/es\/wp-json\/wp\/v2\/media\/80513"}],"wp:attachment":[{"href":"https:\/\/www.copealcoy.es\/es\/wp-json\/wp\/v2\/media?parent=84446"}],"wp:term":[{"taxonomy":"category","embeddable":true,"href":"https:\/\/www.copealcoy.es\/es\/wp-json\/wp\/v2\/categories?post=84446"},{"taxonomy":"post_tag","embeddable":true,"href":"https:\/\/www.copealcoy.es\/es\/wp-json\/wp\/v2\/tags?post=84446"}],"curies":[{"name":"wp","href":"https:\/\/api.w.org\/{rel}","templated":true}]}}