{"id":84409,"date":"2022-03-01T16:40:27","date_gmt":"2022-03-01T15:40:27","guid":{"rendered":"https:\/\/www.copealcoy.es\/?p=84409"},"modified":"2022-03-01T16:51:23","modified_gmt":"2022-03-01T15:51:23","slug":"benasau-ofrece-su-albergue-para-acoger-refugiados","status":"publish","type":"post","link":"https:\/\/www.copealcoy.es\/es\/benasau-ofrece-su-albergue-para-acoger-refugiados\/","title":{"rendered":"Benasau ofrece su albergue para acoger refugiados"},"content":{"rendered":"<p style=\"text-align: justify;\">El Ayuntamiento de Benasau ha ofrecido su albergue para acoger a los refugiados que pudieran llegar a la Comunitat Valenciana en las pr\u00f3ximas semanas. El espacio est\u00e1 completamente listo y reparado para ser utilizado de inmediato.<\/p>\n<p style=\"text-align: justify;\">La propuesta ha sido trasladada a la Generalitat Valenciana, Uni\u00f3n Europea y Cooperaci\u00f3n as\u00ed como al Ministerio de Exteriores. Con este anuncio se quiere que <strong>se tengan en cuenta las plazas ofrecidas <\/strong>en la planificaci\u00f3n de acogidas y ayuda humanitaria &#8220;<em>la coordinaci\u00f3n entre administraciones es fundamental para paliar esta grave situaci\u00f3n de crisis humanitaria, por lo que\u00a0la solidaridad del Ayuntamiento de Benasau es una peque\u00f1a aportaci\u00f3n pero un importante recurso para familias refugiadas ucranianas, que pudieran necesitarlo al ser acogidas por Espa\u00f1a<\/em>&#8220;, afirma el alcalde; <strong>Ra\u00fal Dalmau<\/strong>.<\/p>\n<p style=\"text-align: justify;\">Recordar que el citado <strong>albergue es de titularidad municipal y<\/strong>, seg\u00fan ha informado el Consistorio de esta localidad del Comtat,\u00a0<strong> su capacidad oscila entre las 20 y 25 plazas.\u00a0<\/strong><\/p>\n","protected":false},"excerpt":{"rendered":"<p>El Ayuntamiento de Benasau ha ofrecido su albergue para acoger a los refugiados que pudieran llegar a la Comunitat Valenciana&#8230;<\/p>\n","protected":false},"author":1,"featured_media":84410,"comment_status":"open","ping_status":"open","sticky":false,"template":"","format":"standard","meta":{"footnotes":""},"categories":[98,75],"tags":[1382,2851,9537,1383,12466],"class_list":["post-84409","post","type-post","status-publish","format-standard","has-post-thumbnail","hentry","category-comarcas","category-noticias","tag-acogida","tag-benasau","tag-raul-dalmau","tag-refugiados","tag-ucrania"],"yoast_head":"<!-- This site is optimized with the Yoast SEO plugin v27.3 - https:\/\/yoast.com\/product\/yoast-seo-wordpress\/ -->\n<title>Benasau ofrece su albergue para acoger refugiados - COPE Alcoy<\/title>\n<meta name=\"robots\" content=\"index, follow, max-snippet:-1, max-image-preview:large, max-video-preview:-1\" \/>\n<link rel=\"canonical\" href=\"https:\/\/www.copealcoy.es\/es\/benasau-ofrece-su-albergue-para-acoger-refugiados\/\" \/>\n<meta property=\"og:locale\" content=\"es_ES\" \/>\n<meta property=\"og:type\" content=\"article\" \/>\n<meta property=\"og:title\" content=\"Benasau ofrece su albergue para acoger refugiados - COPE Alcoy\" \/>\n<meta property=\"og:description\" content=\"El Ayuntamiento de Benasau ha ofrecido su albergue para acoger a los refugiados que pudieran llegar a la Comunitat Valenciana...\" \/>\n<meta property=\"og:url\" content=\"https:\/\/www.copealcoy.es\/es\/benasau-ofrece-su-albergue-para-acoger-refugiados\/\" \/>\n<meta property=\"og:site_name\" content=\"COPE Alcoy\" \/>\n<meta property=\"article:published_time\" content=\"2022-03-01T15:40:27+00:00\" \/>\n<meta property=\"article:modified_time\" content=\"2022-03-01T15:51:23+00:00\" \/>\n<meta property=\"og:image\" content=\"https:\/\/www.copealcoy.es\/wp-content\/uploads\/2022\/03\/albergue-benasau.jpg\" \/>\n\t<meta property=\"og:image:width\" content=\"820\" \/>\n\t<meta property=\"og:image:height\" content=\"615\" \/>\n\t<meta property=\"og:image:type\" content=\"image\/jpeg\" \/>\n<meta name=\"author\" content=\"Cope Alcoy\" \/>\n<meta name=\"twitter:label1\" content=\"Escrito por\" \/>\n\t<meta name=\"twitter:data1\" content=\"Cope Alcoy\" \/>\n\t<meta name=\"twitter:label2\" content=\"Tiempo de lectura\" \/>\n\t<meta name=\"twitter:data2\" content=\"1 minuto\" \/>\n<script type=\"application\/ld+json\" class=\"yoast-schema-graph\">{\"@context\":\"https:\\\/\\\/schema.org\",\"@graph\":[{\"@type\":\"Article\",\"@id\":\"https:\\\/\\\/www.copealcoy.es\\\/es\\\/benasau-ofrece-su-albergue-para-acoger-refugiados\\\/#article\",\"isPartOf\":{\"@id\":\"https:\\\/\\\/www.copealcoy.es\\\/es\\\/benasau-ofrece-su-albergue-para-acoger-refugiados\\\/\"},\"author\":{\"name\":\"Cope Alcoy\",\"@id\":\"https:\\\/\\\/www.copealcoy.es\\\/es\\\/#\\\/schema\\\/person\\\/e777c87fa024e57d40170af9df39882c\"},\"headline\":\"Benasau ofrece su albergue para acoger refugiados\",\"datePublished\":\"2022-03-01T15:40:27+00:00\",\"dateModified\":\"2022-03-01T15:51:23+00:00\",\"mainEntityOfPage\":{\"@id\":\"https:\\\/\\\/www.copealcoy.es\\\/es\\\/benasau-ofrece-su-albergue-para-acoger-refugiados\\\/\"},\"wordCount\":169,\"commentCount\":0,\"image\":{\"@id\":\"https:\\\/\\\/www.copealcoy.es\\\/es\\\/benasau-ofrece-su-albergue-para-acoger-refugiados\\\/#primaryimage\"},\"thumbnailUrl\":\"https:\\\/\\\/www.copealcoy.es\\\/wp-content\\\/uploads\\\/2022\\\/03\\\/albergue-benasau.jpg\",\"keywords\":[\"acogida\",\"Benasau\",\"Ra\u00fcl Dalmau\",\"refugiados\",\"Ucrania\"],\"articleSection\":[\"Comarcas\",\"Noticias\"],\"inLanguage\":\"es\"},{\"@type\":\"WebPage\",\"@id\":\"https:\\\/\\\/www.copealcoy.es\\\/es\\\/benasau-ofrece-su-albergue-para-acoger-refugiados\\\/\",\"url\":\"https:\\\/\\\/www.copealcoy.es\\\/es\\\/benasau-ofrece-su-albergue-para-acoger-refugiados\\\/\",\"name\":\"Benasau ofrece su albergue para acoger refugiados - COPE Alcoy\",\"isPartOf\":{\"@id\":\"https:\\\/\\\/www.copealcoy.es\\\/es\\\/#website\"},\"primaryImageOfPage\":{\"@id\":\"https:\\\/\\\/www.copealcoy.es\\\/es\\\/benasau-ofrece-su-albergue-para-acoger-refugiados\\\/#primaryimage\"},\"image\":{\"@id\":\"https:\\\/\\\/www.copealcoy.es\\\/es\\\/benasau-ofrece-su-albergue-para-acoger-refugiados\\\/#primaryimage\"},\"thumbnailUrl\":\"https:\\\/\\\/www.copealcoy.es\\\/wp-content\\\/uploads\\\/2022\\\/03\\\/albergue-benasau.jpg\",\"datePublished\":\"2022-03-01T15:40:27+00:00\",\"dateModified\":\"2022-03-01T15:51:23+00:00\",\"author\":{\"@id\":\"https:\\\/\\\/www.copealcoy.es\\\/es\\\/#\\\/schema\\\/person\\\/e777c87fa024e57d40170af9df39882c\"},\"breadcrumb\":{\"@id\":\"https:\\\/\\\/www.copealcoy.es\\\/es\\\/benasau-ofrece-su-albergue-para-acoger-refugiados\\\/#breadcrumb\"},\"inLanguage\":\"es\",\"potentialAction\":[{\"@type\":\"ReadAction\",\"target\":[\"https:\\\/\\\/www.copealcoy.es\\\/es\\\/benasau-ofrece-su-albergue-para-acoger-refugiados\\\/\"]}]},{\"@type\":\"ImageObject\",\"inLanguage\":\"es\",\"@id\":\"https:\\\/\\\/www.copealcoy.es\\\/es\\\/benasau-ofrece-su-albergue-para-acoger-refugiados\\\/#primaryimage\",\"url\":\"https:\\\/\\\/www.copealcoy.es\\\/wp-content\\\/uploads\\\/2022\\\/03\\\/albergue-benasau.jpg\",\"contentUrl\":\"https:\\\/\\\/www.copealcoy.es\\\/wp-content\\\/uploads\\\/2022\\\/03\\\/albergue-benasau.jpg\",\"width\":820,\"height\":615},{\"@type\":\"BreadcrumbList\",\"@id\":\"https:\\\/\\\/www.copealcoy.es\\\/es\\\/benasau-ofrece-su-albergue-para-acoger-refugiados\\\/#breadcrumb\",\"itemListElement\":[{\"@type\":\"ListItem\",\"position\":1,\"name\":\"Portada\",\"item\":\"https:\\\/\\\/www.copealcoy.es\\\/es\\\/\"},{\"@type\":\"ListItem\",\"position\":2,\"name\":\"Benasau ofrece su albergue para acoger refugiados\"}]},{\"@type\":\"WebSite\",\"@id\":\"https:\\\/\\\/www.copealcoy.es\\\/es\\\/#website\",\"url\":\"https:\\\/\\\/www.copealcoy.es\\\/es\\\/\",\"name\":\"COPE Alcoy\",\"description\":\"Emisora COPE de radio local con emisi\u00f3n online. Pont de Sant Jordi 8-10 03803 Alcoy\",\"potentialAction\":[{\"@type\":\"SearchAction\",\"target\":{\"@type\":\"EntryPoint\",\"urlTemplate\":\"https:\\\/\\\/www.copealcoy.es\\\/es\\\/?s={search_term_string}\"},\"query-input\":{\"@type\":\"PropertyValueSpecification\",\"valueRequired\":true,\"valueName\":\"search_term_string\"}}],\"inLanguage\":\"es\"},{\"@type\":\"Person\",\"@id\":\"https:\\\/\\\/www.copealcoy.es\\\/es\\\/#\\\/schema\\\/person\\\/e777c87fa024e57d40170af9df39882c\",\"name\":\"Cope Alcoy\",\"image\":{\"@type\":\"ImageObject\",\"inLanguage\":\"es\",\"@id\":\"https:\\\/\\\/secure.gravatar.com\\\/avatar\\\/bb65d0283347e303893ba14f0692005417c1e0e690a325a4c5d8bb2b3943ee14?s=96&d=mm&r=g\",\"url\":\"https:\\\/\\\/secure.gravatar.com\\\/avatar\\\/bb65d0283347e303893ba14f0692005417c1e0e690a325a4c5d8bb2b3943ee14?s=96&d=mm&r=g\",\"contentUrl\":\"https:\\\/\\\/secure.gravatar.com\\\/avatar\\\/bb65d0283347e303893ba14f0692005417c1e0e690a325a4c5d8bb2b3943ee14?s=96&d=mm&r=g\",\"caption\":\"Cope Alcoy\"}}]}<\/script>\n<!-- \/ Yoast SEO plugin. -->","yoast_head_json":{"title":"Benasau ofrece su albergue para acoger refugiados - COPE Alcoy","robots":{"index":"index","follow":"follow","max-snippet":"max-snippet:-1","max-image-preview":"max-image-preview:large","max-video-preview":"max-video-preview:-1"},"canonical":"https:\/\/www.copealcoy.es\/es\/benasau-ofrece-su-albergue-para-acoger-refugiados\/","og_locale":"es_ES","og_type":"article","og_title":"Benasau ofrece su albergue para acoger refugiados - COPE Alcoy","og_description":"El Ayuntamiento de Benasau ha ofrecido su albergue para acoger a los refugiados que pudieran llegar a la Comunitat Valenciana...","og_url":"https:\/\/www.copealcoy.es\/es\/benasau-ofrece-su-albergue-para-acoger-refugiados\/","og_site_name":"COPE Alcoy","article_published_time":"2022-03-01T15:40:27+00:00","article_modified_time":"2022-03-01T15:51:23+00:00","og_image":[{"width":820,"height":615,"url":"https:\/\/www.copealcoy.es\/wp-content\/uploads\/2022\/03\/albergue-benasau.jpg","type":"image\/jpeg"}],"author":"Cope Alcoy","twitter_misc":{"Escrito por":"Cope Alcoy","Tiempo de lectura":"1 minuto"},"schema":{"@context":"https:\/\/schema.org","@graph":[{"@type":"Article","@id":"https:\/\/www.copealcoy.es\/es\/benasau-ofrece-su-albergue-para-acoger-refugiados\/#article","isPartOf":{"@id":"https:\/\/www.copealcoy.es\/es\/benasau-ofrece-su-albergue-para-acoger-refugiados\/"},"author":{"name":"Cope Alcoy","@id":"https:\/\/www.copealcoy.es\/es\/#\/schema\/person\/e777c87fa024e57d40170af9df39882c"},"headline":"Benasau ofrece su albergue para acoger refugiados","datePublished":"2022-03-01T15:40:27+00:00","dateModified":"2022-03-01T15:51:23+00:00","mainEntityOfPage":{"@id":"https:\/\/www.copealcoy.es\/es\/benasau-ofrece-su-albergue-para-acoger-refugiados\/"},"wordCount":169,"commentCount":0,"image":{"@id":"https:\/\/www.copealcoy.es\/es\/benasau-ofrece-su-albergue-para-acoger-refugiados\/#primaryimage"},"thumbnailUrl":"https:\/\/www.copealcoy.es\/wp-content\/uploads\/2022\/03\/albergue-benasau.jpg","keywords":["acogida","Benasau","Ra\u00fcl Dalmau","refugiados","Ucrania"],"articleSection":["Comarcas","Noticias"],"inLanguage":"es"},{"@type":"WebPage","@id":"https:\/\/www.copealcoy.es\/es\/benasau-ofrece-su-albergue-para-acoger-refugiados\/","url":"https:\/\/www.copealcoy.es\/es\/benasau-ofrece-su-albergue-para-acoger-refugiados\/","name":"Benasau ofrece su albergue para acoger refugiados - COPE Alcoy","isPartOf":{"@id":"https:\/\/www.copealcoy.es\/es\/#website"},"primaryImageOfPage":{"@id":"https:\/\/www.copealcoy.es\/es\/benasau-ofrece-su-albergue-para-acoger-refugiados\/#primaryimage"},"image":{"@id":"https:\/\/www.copealcoy.es\/es\/benasau-ofrece-su-albergue-para-acoger-refugiados\/#primaryimage"},"thumbnailUrl":"https:\/\/www.copealcoy.es\/wp-content\/uploads\/2022\/03\/albergue-benasau.jpg","datePublished":"2022-03-01T15:40:27+00:00","dateModified":"2022-03-01T15:51:23+00:00","author":{"@id":"https:\/\/www.copealcoy.es\/es\/#\/schema\/person\/e777c87fa024e57d40170af9df39882c"},"breadcrumb":{"@id":"https:\/\/www.copealcoy.es\/es\/benasau-ofrece-su-albergue-para-acoger-refugiados\/#breadcrumb"},"inLanguage":"es","potentialAction":[{"@type":"ReadAction","target":["https:\/\/www.copealcoy.es\/es\/benasau-ofrece-su-albergue-para-acoger-refugiados\/"]}]},{"@type":"ImageObject","inLanguage":"es","@id":"https:\/\/www.copealcoy.es\/es\/benasau-ofrece-su-albergue-para-acoger-refugiados\/#primaryimage","url":"https:\/\/www.copealcoy.es\/wp-content\/uploads\/2022\/03\/albergue-benasau.jpg","contentUrl":"https:\/\/www.copealcoy.es\/wp-content\/uploads\/2022\/03\/albergue-benasau.jpg","width":820,"height":615},{"@type":"BreadcrumbList","@id":"https:\/\/www.copealcoy.es\/es\/benasau-ofrece-su-albergue-para-acoger-refugiados\/#breadcrumb","itemListElement":[{"@type":"ListItem","position":1,"name":"Portada","item":"https:\/\/www.copealcoy.es\/es\/"},{"@type":"ListItem","position":2,"name":"Benasau ofrece su albergue para acoger refugiados"}]},{"@type":"WebSite","@id":"https:\/\/www.copealcoy.es\/es\/#website","url":"https:\/\/www.copealcoy.es\/es\/","name":"COPE Alcoy","description":"Emisora COPE de radio local con emisi\u00f3n online. Pont de Sant Jordi 8-10 03803 Alcoy","potentialAction":[{"@type":"SearchAction","target":{"@type":"EntryPoint","urlTemplate":"https:\/\/www.copealcoy.es\/es\/?s={search_term_string}"},"query-input":{"@type":"PropertyValueSpecification","valueRequired":true,"valueName":"search_term_string"}}],"inLanguage":"es"},{"@type":"Person","@id":"https:\/\/www.copealcoy.es\/es\/#\/schema\/person\/e777c87fa024e57d40170af9df39882c","name":"Cope Alcoy","image":{"@type":"ImageObject","inLanguage":"es","@id":"https:\/\/secure.gravatar.com\/avatar\/bb65d0283347e303893ba14f0692005417c1e0e690a325a4c5d8bb2b3943ee14?s=96&d=mm&r=g","url":"https:\/\/secure.gravatar.com\/avatar\/bb65d0283347e303893ba14f0692005417c1e0e690a325a4c5d8bb2b3943ee14?s=96&d=mm&r=g","contentUrl":"https:\/\/secure.gravatar.com\/avatar\/bb65d0283347e303893ba14f0692005417c1e0e690a325a4c5d8bb2b3943ee14?s=96&d=mm&r=g","caption":"Cope Alcoy"}}]}},"_links":{"self":[{"href":"https:\/\/www.copealcoy.es\/es\/wp-json\/wp\/v2\/posts\/84409","targetHints":{"allow":["GET"]}}],"collection":[{"href":"https:\/\/www.copealcoy.es\/es\/wp-json\/wp\/v2\/posts"}],"about":[{"href":"https:\/\/www.copealcoy.es\/es\/wp-json\/wp\/v2\/types\/post"}],"author":[{"embeddable":true,"href":"https:\/\/www.copealcoy.es\/es\/wp-json\/wp\/v2\/users\/1"}],"replies":[{"embeddable":true,"href":"https:\/\/www.copealcoy.es\/es\/wp-json\/wp\/v2\/comments?post=84409"}],"version-history":[{"count":0,"href":"https:\/\/www.copealcoy.es\/es\/wp-json\/wp\/v2\/posts\/84409\/revisions"}],"wp:featuredmedia":[{"embeddable":true,"href":"https:\/\/www.copealcoy.es\/es\/wp-json\/wp\/v2\/media\/84410"}],"wp:attachment":[{"href":"https:\/\/www.copealcoy.es\/es\/wp-json\/wp\/v2\/media?parent=84409"}],"wp:term":[{"taxonomy":"category","embeddable":true,"href":"https:\/\/www.copealcoy.es\/es\/wp-json\/wp\/v2\/categories?post=84409"},{"taxonomy":"post_tag","embeddable":true,"href":"https:\/\/www.copealcoy.es\/es\/wp-json\/wp\/v2\/tags?post=84409"}],"curies":[{"name":"wp","href":"https:\/\/api.w.org\/{rel}","templated":true}]}}