{"id":84382,"date":"2022-02-28T21:22:08","date_gmt":"2022-02-28T20:22:08","guid":{"rendered":"https:\/\/www.copealcoy.es\/?p=84382"},"modified":"2022-03-01T11:46:12","modified_gmt":"2022-03-01T10:46:12","slug":"alcoy-tambien-dice-no-a-la-guerra","status":"publish","type":"post","link":"https:\/\/www.copealcoy.es\/es\/alcoy-tambien-dice-no-a-la-guerra\/","title":{"rendered":"Alcoy tambi\u00e9n dice &#8216;No a la guerra&#8217;"},"content":{"rendered":"<p style=\"text-align: justify;\">Numerosos alcoyanos y vecinos de las comarcas de l&#8217;Alcoi\u00e0 y el Comtat <strong>se ha concentrado esta tarde en la Plaza de Espa\u00f1a<\/strong> para <strong>decir &#8216;No a la guerra&#8217;<\/strong> y <strong>condenar los ataques que Rusia est\u00e1 perpetrando sobre Ucrania<\/strong> desde la pasada semana. La manifestaci\u00f3n ha tenido lugar <strong>pasadas las siete de la tarde<\/strong> y en la misma <strong>se han visto varias pancartas<\/strong> con lemas en contra de la mencionada intervenci\u00f3n militar rusa o de las pol\u00edticas del Presidente Putin.<\/p>\n<p style=\"text-align: justify;\">En la concentraci\u00f3n<strong> se ha le\u00eddo adem\u00e1s un manifiesto<\/strong> por parte de representantes de Col\u00b7lectiu per la Cultura de Pau i No Viol\u00e8ncia del Comtat i l&#8217;Alcoi\u00e0 (COCUPANCA). En el texto<strong> se hac\u00eda referencia a desmilitarilizar la sociedad, reducci\u00f3n del gasto industrial armament\u00edstico o que los pa\u00edses no inviertan en armas<\/strong> &#8220;<em>los grupos y toda la gente que estamos aqu\u00ed, en la plaza, est\u00e1 en contra de todas las guerras y condena el militarismo, venga de donde venda, de Rusia o de la OTAN, ahora, rechazamos los bombardeos del gobierno de Putin a Ucrania y nos solidarizamos con el pueblo ucraniano, v\u00edctima de un nuevo episodio militarist<\/em>a&#8221;, han dicho.<\/p>\n<p style=\"text-align: justify;\">La protesta ha finalizado con <strong>un fuerte aplauso y gritos de &#8216;No a la guerra&#8217;<\/strong>. Un nutrido grupo de <strong>ucranianos residentes en Alcoy y Cocentaina<\/strong> han acudido tambi\u00e9n a la concentraci\u00f3n con banderas de su pa\u00eds. Con enorme emoci\u00f3n, e incluso l\u00e1grimas en los ojos, han dicho alto y claro: Gracias Espa\u00f1a.<\/p>\n","protected":false},"excerpt":{"rendered":"<p>Numerosos alcoyanos y vecinos de las comarcas de l&#8217;Alcoi\u00e0 y el Comtat se ha concentrado esta tarde en la Plaza&#8230;<\/p>\n","protected":false},"author":1,"featured_media":84383,"comment_status":"open","ping_status":"open","sticky":false,"template":"","format":"standard","meta":{"footnotes":""},"categories":[6909,97,75,79,125],"tags":[1494,172,12471,2026,12468,12466],"class_list":["post-84382","post","type-post","status-publish","format-standard","has-post-thumbnail","hentry","category-actualidad","category-alcoy","category-noticias","category-politicayeconomia","category-portada","tag-alcoy","tag-concentracion","tag-guerra","tag-plaza-de-espana","tag-rusia","tag-ucrania"],"yoast_head":"<!-- This site is optimized with the Yoast SEO plugin v27.3 - https:\/\/yoast.com\/product\/yoast-seo-wordpress\/ -->\n<title>Alcoy tambi\u00e9n dice &#039;No a la guerra&#039; - COPE Alcoy<\/title>\n<meta name=\"robots\" content=\"index, follow, max-snippet:-1, max-image-preview:large, max-video-preview:-1\" \/>\n<link rel=\"canonical\" href=\"https:\/\/www.copealcoy.es\/es\/alcoy-tambien-dice-no-a-la-guerra\/\" \/>\n<meta property=\"og:locale\" content=\"es_ES\" \/>\n<meta property=\"og:type\" content=\"article\" \/>\n<meta property=\"og:title\" content=\"Alcoy tambi\u00e9n dice &#039;No a la guerra&#039; - COPE Alcoy\" \/>\n<meta property=\"og:description\" content=\"Numerosos alcoyanos y vecinos de las comarcas de l&#8217;Alcoi\u00e0 y el Comtat se ha concentrado esta tarde en la Plaza...\" \/>\n<meta property=\"og:url\" content=\"https:\/\/www.copealcoy.es\/es\/alcoy-tambien-dice-no-a-la-guerra\/\" \/>\n<meta property=\"og:site_name\" content=\"COPE Alcoy\" \/>\n<meta property=\"article:published_time\" content=\"2022-02-28T20:22:08+00:00\" \/>\n<meta property=\"article:modified_time\" content=\"2022-03-01T10:46:12+00:00\" \/>\n<meta property=\"og:image\" content=\"https:\/\/www.copealcoy.es\/wp-content\/uploads\/2022\/02\/unnamed-1-1-scaled.jpg\" \/>\n\t<meta property=\"og:image:width\" content=\"2560\" \/>\n\t<meta property=\"og:image:height\" content=\"1709\" \/>\n\t<meta property=\"og:image:type\" content=\"image\/jpeg\" \/>\n<meta name=\"author\" content=\"Cope Alcoy\" \/>\n<meta name=\"twitter:label1\" content=\"Escrito por\" \/>\n\t<meta name=\"twitter:data1\" content=\"Cope Alcoy\" \/>\n\t<meta name=\"twitter:label2\" content=\"Tiempo de lectura\" \/>\n\t<meta name=\"twitter:data2\" content=\"2 minutos\" \/>\n<script type=\"application\/ld+json\" class=\"yoast-schema-graph\">{\"@context\":\"https:\\\/\\\/schema.org\",\"@graph\":[{\"@type\":\"Article\",\"@id\":\"https:\\\/\\\/www.copealcoy.es\\\/es\\\/alcoy-tambien-dice-no-a-la-guerra\\\/#article\",\"isPartOf\":{\"@id\":\"https:\\\/\\\/www.copealcoy.es\\\/es\\\/alcoy-tambien-dice-no-a-la-guerra\\\/\"},\"author\":{\"name\":\"Cope Alcoy\",\"@id\":\"https:\\\/\\\/www.copealcoy.es\\\/es\\\/#\\\/schema\\\/person\\\/e777c87fa024e57d40170af9df39882c\"},\"headline\":\"Alcoy tambi\u00e9n dice &#8216;No a la guerra&#8217;\",\"datePublished\":\"2022-02-28T20:22:08+00:00\",\"dateModified\":\"2022-03-01T10:46:12+00:00\",\"mainEntityOfPage\":{\"@id\":\"https:\\\/\\\/www.copealcoy.es\\\/es\\\/alcoy-tambien-dice-no-a-la-guerra\\\/\"},\"wordCount\":270,\"commentCount\":0,\"image\":{\"@id\":\"https:\\\/\\\/www.copealcoy.es\\\/es\\\/alcoy-tambien-dice-no-a-la-guerra\\\/#primaryimage\"},\"thumbnailUrl\":\"https:\\\/\\\/www.copealcoy.es\\\/wp-content\\\/uploads\\\/2022\\\/02\\\/unnamed-1-1-scaled.jpg\",\"keywords\":[\"Alcoy\",\"Concentraci\u00f3n\",\"guerra\",\"Plaza de Espa\u00f1a\",\"Rusia\",\"Ucrania\"],\"articleSection\":[\"Actualidad\",\"Alcoy\",\"Noticias\",\"Pol\u00edtica y Econom\u00eda\",\"Portada\"],\"inLanguage\":\"es\"},{\"@type\":\"WebPage\",\"@id\":\"https:\\\/\\\/www.copealcoy.es\\\/es\\\/alcoy-tambien-dice-no-a-la-guerra\\\/\",\"url\":\"https:\\\/\\\/www.copealcoy.es\\\/es\\\/alcoy-tambien-dice-no-a-la-guerra\\\/\",\"name\":\"Alcoy tambi\u00e9n dice 'No a la guerra' - COPE Alcoy\",\"isPartOf\":{\"@id\":\"https:\\\/\\\/www.copealcoy.es\\\/es\\\/#website\"},\"primaryImageOfPage\":{\"@id\":\"https:\\\/\\\/www.copealcoy.es\\\/es\\\/alcoy-tambien-dice-no-a-la-guerra\\\/#primaryimage\"},\"image\":{\"@id\":\"https:\\\/\\\/www.copealcoy.es\\\/es\\\/alcoy-tambien-dice-no-a-la-guerra\\\/#primaryimage\"},\"thumbnailUrl\":\"https:\\\/\\\/www.copealcoy.es\\\/wp-content\\\/uploads\\\/2022\\\/02\\\/unnamed-1-1-scaled.jpg\",\"datePublished\":\"2022-02-28T20:22:08+00:00\",\"dateModified\":\"2022-03-01T10:46:12+00:00\",\"author\":{\"@id\":\"https:\\\/\\\/www.copealcoy.es\\\/es\\\/#\\\/schema\\\/person\\\/e777c87fa024e57d40170af9df39882c\"},\"breadcrumb\":{\"@id\":\"https:\\\/\\\/www.copealcoy.es\\\/es\\\/alcoy-tambien-dice-no-a-la-guerra\\\/#breadcrumb\"},\"inLanguage\":\"es\",\"potentialAction\":[{\"@type\":\"ReadAction\",\"target\":[\"https:\\\/\\\/www.copealcoy.es\\\/es\\\/alcoy-tambien-dice-no-a-la-guerra\\\/\"]}]},{\"@type\":\"ImageObject\",\"inLanguage\":\"es\",\"@id\":\"https:\\\/\\\/www.copealcoy.es\\\/es\\\/alcoy-tambien-dice-no-a-la-guerra\\\/#primaryimage\",\"url\":\"https:\\\/\\\/www.copealcoy.es\\\/wp-content\\\/uploads\\\/2022\\\/02\\\/unnamed-1-1-scaled.jpg\",\"contentUrl\":\"https:\\\/\\\/www.copealcoy.es\\\/wp-content\\\/uploads\\\/2022\\\/02\\\/unnamed-1-1-scaled.jpg\",\"width\":2560,\"height\":1709},{\"@type\":\"BreadcrumbList\",\"@id\":\"https:\\\/\\\/www.copealcoy.es\\\/es\\\/alcoy-tambien-dice-no-a-la-guerra\\\/#breadcrumb\",\"itemListElement\":[{\"@type\":\"ListItem\",\"position\":1,\"name\":\"Portada\",\"item\":\"https:\\\/\\\/www.copealcoy.es\\\/es\\\/\"},{\"@type\":\"ListItem\",\"position\":2,\"name\":\"Alcoy tambi\u00e9n dice &#8216;No a la guerra&#8217;\"}]},{\"@type\":\"WebSite\",\"@id\":\"https:\\\/\\\/www.copealcoy.es\\\/es\\\/#website\",\"url\":\"https:\\\/\\\/www.copealcoy.es\\\/es\\\/\",\"name\":\"COPE Alcoy\",\"description\":\"Emisora COPE de radio local con emisi\u00f3n online. Pont de Sant Jordi 8-10 03803 Alcoy\",\"potentialAction\":[{\"@type\":\"SearchAction\",\"target\":{\"@type\":\"EntryPoint\",\"urlTemplate\":\"https:\\\/\\\/www.copealcoy.es\\\/es\\\/?s={search_term_string}\"},\"query-input\":{\"@type\":\"PropertyValueSpecification\",\"valueRequired\":true,\"valueName\":\"search_term_string\"}}],\"inLanguage\":\"es\"},{\"@type\":\"Person\",\"@id\":\"https:\\\/\\\/www.copealcoy.es\\\/es\\\/#\\\/schema\\\/person\\\/e777c87fa024e57d40170af9df39882c\",\"name\":\"Cope Alcoy\",\"image\":{\"@type\":\"ImageObject\",\"inLanguage\":\"es\",\"@id\":\"https:\\\/\\\/secure.gravatar.com\\\/avatar\\\/bb65d0283347e303893ba14f0692005417c1e0e690a325a4c5d8bb2b3943ee14?s=96&d=mm&r=g\",\"url\":\"https:\\\/\\\/secure.gravatar.com\\\/avatar\\\/bb65d0283347e303893ba14f0692005417c1e0e690a325a4c5d8bb2b3943ee14?s=96&d=mm&r=g\",\"contentUrl\":\"https:\\\/\\\/secure.gravatar.com\\\/avatar\\\/bb65d0283347e303893ba14f0692005417c1e0e690a325a4c5d8bb2b3943ee14?s=96&d=mm&r=g\",\"caption\":\"Cope Alcoy\"}}]}<\/script>\n<!-- \/ Yoast SEO plugin. -->","yoast_head_json":{"title":"Alcoy tambi\u00e9n dice 'No a la guerra' - COPE Alcoy","robots":{"index":"index","follow":"follow","max-snippet":"max-snippet:-1","max-image-preview":"max-image-preview:large","max-video-preview":"max-video-preview:-1"},"canonical":"https:\/\/www.copealcoy.es\/es\/alcoy-tambien-dice-no-a-la-guerra\/","og_locale":"es_ES","og_type":"article","og_title":"Alcoy tambi\u00e9n dice 'No a la guerra' - COPE Alcoy","og_description":"Numerosos alcoyanos y vecinos de las comarcas de l&#8217;Alcoi\u00e0 y el Comtat se ha concentrado esta tarde en la Plaza...","og_url":"https:\/\/www.copealcoy.es\/es\/alcoy-tambien-dice-no-a-la-guerra\/","og_site_name":"COPE Alcoy","article_published_time":"2022-02-28T20:22:08+00:00","article_modified_time":"2022-03-01T10:46:12+00:00","og_image":[{"width":2560,"height":1709,"url":"https:\/\/www.copealcoy.es\/wp-content\/uploads\/2022\/02\/unnamed-1-1-scaled.jpg","type":"image\/jpeg"}],"author":"Cope Alcoy","twitter_misc":{"Escrito por":"Cope Alcoy","Tiempo de lectura":"2 minutos"},"schema":{"@context":"https:\/\/schema.org","@graph":[{"@type":"Article","@id":"https:\/\/www.copealcoy.es\/es\/alcoy-tambien-dice-no-a-la-guerra\/#article","isPartOf":{"@id":"https:\/\/www.copealcoy.es\/es\/alcoy-tambien-dice-no-a-la-guerra\/"},"author":{"name":"Cope Alcoy","@id":"https:\/\/www.copealcoy.es\/es\/#\/schema\/person\/e777c87fa024e57d40170af9df39882c"},"headline":"Alcoy tambi\u00e9n dice &#8216;No a la guerra&#8217;","datePublished":"2022-02-28T20:22:08+00:00","dateModified":"2022-03-01T10:46:12+00:00","mainEntityOfPage":{"@id":"https:\/\/www.copealcoy.es\/es\/alcoy-tambien-dice-no-a-la-guerra\/"},"wordCount":270,"commentCount":0,"image":{"@id":"https:\/\/www.copealcoy.es\/es\/alcoy-tambien-dice-no-a-la-guerra\/#primaryimage"},"thumbnailUrl":"https:\/\/www.copealcoy.es\/wp-content\/uploads\/2022\/02\/unnamed-1-1-scaled.jpg","keywords":["Alcoy","Concentraci\u00f3n","guerra","Plaza de Espa\u00f1a","Rusia","Ucrania"],"articleSection":["Actualidad","Alcoy","Noticias","Pol\u00edtica y Econom\u00eda","Portada"],"inLanguage":"es"},{"@type":"WebPage","@id":"https:\/\/www.copealcoy.es\/es\/alcoy-tambien-dice-no-a-la-guerra\/","url":"https:\/\/www.copealcoy.es\/es\/alcoy-tambien-dice-no-a-la-guerra\/","name":"Alcoy tambi\u00e9n dice 'No a la guerra' - COPE Alcoy","isPartOf":{"@id":"https:\/\/www.copealcoy.es\/es\/#website"},"primaryImageOfPage":{"@id":"https:\/\/www.copealcoy.es\/es\/alcoy-tambien-dice-no-a-la-guerra\/#primaryimage"},"image":{"@id":"https:\/\/www.copealcoy.es\/es\/alcoy-tambien-dice-no-a-la-guerra\/#primaryimage"},"thumbnailUrl":"https:\/\/www.copealcoy.es\/wp-content\/uploads\/2022\/02\/unnamed-1-1-scaled.jpg","datePublished":"2022-02-28T20:22:08+00:00","dateModified":"2022-03-01T10:46:12+00:00","author":{"@id":"https:\/\/www.copealcoy.es\/es\/#\/schema\/person\/e777c87fa024e57d40170af9df39882c"},"breadcrumb":{"@id":"https:\/\/www.copealcoy.es\/es\/alcoy-tambien-dice-no-a-la-guerra\/#breadcrumb"},"inLanguage":"es","potentialAction":[{"@type":"ReadAction","target":["https:\/\/www.copealcoy.es\/es\/alcoy-tambien-dice-no-a-la-guerra\/"]}]},{"@type":"ImageObject","inLanguage":"es","@id":"https:\/\/www.copealcoy.es\/es\/alcoy-tambien-dice-no-a-la-guerra\/#primaryimage","url":"https:\/\/www.copealcoy.es\/wp-content\/uploads\/2022\/02\/unnamed-1-1-scaled.jpg","contentUrl":"https:\/\/www.copealcoy.es\/wp-content\/uploads\/2022\/02\/unnamed-1-1-scaled.jpg","width":2560,"height":1709},{"@type":"BreadcrumbList","@id":"https:\/\/www.copealcoy.es\/es\/alcoy-tambien-dice-no-a-la-guerra\/#breadcrumb","itemListElement":[{"@type":"ListItem","position":1,"name":"Portada","item":"https:\/\/www.copealcoy.es\/es\/"},{"@type":"ListItem","position":2,"name":"Alcoy tambi\u00e9n dice &#8216;No a la guerra&#8217;"}]},{"@type":"WebSite","@id":"https:\/\/www.copealcoy.es\/es\/#website","url":"https:\/\/www.copealcoy.es\/es\/","name":"COPE Alcoy","description":"Emisora COPE de radio local con emisi\u00f3n online. Pont de Sant Jordi 8-10 03803 Alcoy","potentialAction":[{"@type":"SearchAction","target":{"@type":"EntryPoint","urlTemplate":"https:\/\/www.copealcoy.es\/es\/?s={search_term_string}"},"query-input":{"@type":"PropertyValueSpecification","valueRequired":true,"valueName":"search_term_string"}}],"inLanguage":"es"},{"@type":"Person","@id":"https:\/\/www.copealcoy.es\/es\/#\/schema\/person\/e777c87fa024e57d40170af9df39882c","name":"Cope Alcoy","image":{"@type":"ImageObject","inLanguage":"es","@id":"https:\/\/secure.gravatar.com\/avatar\/bb65d0283347e303893ba14f0692005417c1e0e690a325a4c5d8bb2b3943ee14?s=96&d=mm&r=g","url":"https:\/\/secure.gravatar.com\/avatar\/bb65d0283347e303893ba14f0692005417c1e0e690a325a4c5d8bb2b3943ee14?s=96&d=mm&r=g","contentUrl":"https:\/\/secure.gravatar.com\/avatar\/bb65d0283347e303893ba14f0692005417c1e0e690a325a4c5d8bb2b3943ee14?s=96&d=mm&r=g","caption":"Cope Alcoy"}}]}},"_links":{"self":[{"href":"https:\/\/www.copealcoy.es\/es\/wp-json\/wp\/v2\/posts\/84382","targetHints":{"allow":["GET"]}}],"collection":[{"href":"https:\/\/www.copealcoy.es\/es\/wp-json\/wp\/v2\/posts"}],"about":[{"href":"https:\/\/www.copealcoy.es\/es\/wp-json\/wp\/v2\/types\/post"}],"author":[{"embeddable":true,"href":"https:\/\/www.copealcoy.es\/es\/wp-json\/wp\/v2\/users\/1"}],"replies":[{"embeddable":true,"href":"https:\/\/www.copealcoy.es\/es\/wp-json\/wp\/v2\/comments?post=84382"}],"version-history":[{"count":0,"href":"https:\/\/www.copealcoy.es\/es\/wp-json\/wp\/v2\/posts\/84382\/revisions"}],"wp:featuredmedia":[{"embeddable":true,"href":"https:\/\/www.copealcoy.es\/es\/wp-json\/wp\/v2\/media\/84383"}],"wp:attachment":[{"href":"https:\/\/www.copealcoy.es\/es\/wp-json\/wp\/v2\/media?parent=84382"}],"wp:term":[{"taxonomy":"category","embeddable":true,"href":"https:\/\/www.copealcoy.es\/es\/wp-json\/wp\/v2\/categories?post=84382"},{"taxonomy":"post_tag","embeddable":true,"href":"https:\/\/www.copealcoy.es\/es\/wp-json\/wp\/v2\/tags?post=84382"}],"curies":[{"name":"wp","href":"https:\/\/api.w.org\/{rel}","templated":true}]}}