{"id":8428,"date":"2014-11-25T14:50:10","date_gmt":"2014-11-25T14:50:10","guid":{"rendered":"http:\/\/copealcoi.es\/new\/?p=8428"},"modified":"2014-11-26T20:43:52","modified_gmt":"2014-11-26T20:43:52","slug":"cocentaina-ha-de-saber-la-veritat-del-camp-la-via","status":"publish","type":"post","link":"https:\/\/www.copealcoy.es\/es\/cocentaina-ha-de-saber-la-veritat-del-camp-la-via\/","title":{"rendered":"Cocentaina ha de saber la veritat del Camp La V\u00eda"},"content":{"rendered":"<p style=\"text-align: justify;\"><strong>Art\u00edculo de Opini\u00f3n de la coalici\u00f3n Col.lectiu 03820 &#8211; Comprom\u00eds\u00a0<\/strong><\/p>\n<p style=\"text-align: justify;\">Abans de gastar-se 313.000 euros m\u00e9s en el camp de la Via, Cocentaina ha de con\u00e8ixer la veritat. Cal recordar que aquest camp ja va costar prop de 800.000\u20ac [500.000\u20ac dels terrenys + 280.000\u20ac de les obres]. I ja sabem quin \u00fas ha tingut. Per aix\u00f2, des del Col\u00b7lectiu 03820 hem impulsat una Comissi\u00f3 d\u2019Investigaci\u00f3 per tal d\u2019esbrinar qu\u00e8 va passar i si cal depurar responsabilitats. Hem de saber per qu\u00e8 no es va fer b\u00e9 el tal\u00fas, per qu\u00e8 va resultar defectu\u00f3s el drenatge i si els materials i les t\u00e8cniques utilitzats van ser els correctes. Com \u00e9s possible que l&#8217;Ajuntament certificara les obres i tornara la fian\u00e7a a l\u2019empresa? Si alg\u00fa ha obligat els esportistes a jugar en un camp ple de clots, ha sigut justament el senyor Briet i els seus.<\/p>\n<p style=\"text-align: justify;\">Necessitem saber la veritat i volem que tot el poble de Cocentaina la s\u00e0piga, comen\u00e7ant pels usuaris de les instal\u00b7lacions esportives. I la veritat no es transforma per moltes mentides que es diguen. El govern municipal actua a la desesperada, llan\u00e7ant cortines de fum, atacant l\u2019oposici\u00f3, amb tics de majoria absoluta. Sembla que es veuen fora de l\u2019Ajuntament i aix\u00f2 els incomoda. Circulen per Internet muntatges falsos amb el logotip del Col\u00b7lectiu 03820-Comprom\u00eds. Les barbaritats que s&#8217;estan posant en boca nostra s\u00f3n indecents. Per\u00f2 \u00e9s una guerra bruta en la qual no participarem. Nosaltres treballem per millorar la vida de les persones.<\/p>\n<p style=\"text-align: justify;\">Segons el PSOE, nosaltres preferim regalar els diners als bancs. Aix\u00f2 \u00e9s rid\u00edculament fals. En primer lloc, perqu\u00e8 qualsevol que tinga una hipoteca sap que quan amortitzes un pr\u00e9stec no est\u00e0s regalant diners a ning\u00fa, sin\u00f3 que t&#8217;estalvies interessos i augmentes la teua liquiditat futura. En segon lloc, perqu\u00e8 \u00e9s p\u00fablic i notori que destinar els romanents del pressupost municipal a pagar els deutes de l\u2019Ajuntament no \u00e9s la nostra prioritat. Nosaltres preferim aprofitar fins a l&#8217;\u00faltim c\u00e8ntim per a resoldre els greus problemes de tota mena que tenim a Cocentaina. En tercer lloc, recordem que fou el PSOE, de la m\u00e0 del PP, qui va reformar la Constituci\u00f3, per prioritzar el pagament del deute per davant de les necessitats socials. I ho van aprovar per la porta de darrere i sense consultar la ciutadania. Aix\u00ed que prou de manipulaci\u00f3 i que aflore la veritat.<\/p>\n<p style=\"text-align: justify;\">Els diners p\u00fablics no s\u00f3n del senyor Briet, ni de l\u2019equip de govern; s\u00f3n de tot el poble. De la gent. I els representants d&#8217;aquesta gent han acordat majorit\u00e0riament que l&#8217;Ajuntament no es podia gastar tants diners a corre-cuita sense aclarir abans tot el que ha passat. I han decidit que es dedicaran, de moment, a altres finalitats, algunes de les quals s\u00f3n ben urgents. En efecte, hi ha altres necessitats m\u00e9s immediates al poliesportiu, com les millores als vestidors i les pistes d&#8217;hoquei, front\u00f3 o b\u00e0squet, aix\u00ed com eliminar barreres arquitect\u00f2niques. Per no parlar de la pista coberta i el seu nefast s\u00f2l. D\u2019altres inversions per millorar el poble millor no en parlem. Caldr\u00e0 prioritzar primer all\u00f2 imprescindible, despr\u00e9s all\u00f2 necessari. I per a les grans inversions som partidaris d&#8217;informar i consultar la ciutadania.<\/p>\n<p style=\"text-align: justify;\">Va ser un greu error, per part del PSOE, convocar un plenari extraordinari per a votar, contrarellotge, aquesta i altres inversions. Les presses corresponen, probablement, a la voluntat d&#8217;inaugurar les obres abans de les eleccions. \u00c9s a dir que, m\u00e9s que millorar les instal\u00b7lacions esportives, la seua motivaci\u00f3 sembla ser purament electoralista. Nosaltres no pod\u00edem ser c\u00f2mplices d&#8217;a\u00e7\u00f2. No sense tenir abans, tot el poble de Cocentaina, una informaci\u00f3 ben completa i detallada. Entre altres coses, perqu\u00e8 tenim seriosos dubtes sobre la viabilitat d&#8217;aquest pressupost, ja que altres obres semblants estarien al voltant dels 700.000\u20ac.<\/p>\n<p style=\"text-align: justify;\">En definitiva, des del Col\u00b7lectiu 03820\u2013Comprom\u00eds empatitzem amb els usuaris del camp de gespa, per\u00f2 creiem que s\u2019ha de fer ben fet, amb consens social i amb tota la informaci\u00f3 del que ha passat fins ara. Creiem que aquest \u00e9s un projecte que es podr\u00e0 consensuar en la pr\u00f2xima legislatura, tan prompte com la Comissi\u00f3 d\u2019Investigaci\u00f3 haja fet el seu treball i tota la informaci\u00f3 haja eixit a la llum. Emplacem totes les persones interessades en aquest i en altres temes a participar en l&#8217;acte p\u00fablic que farem el proper divendres 28 de novembre, a les 19 hores, al Centre Social Real Blanc. Veniu i participeu! Junts podem, juntes guanyem! En trobareu tota la informaci\u00f3 en www.facebook.com\/03820compromis<\/p>\n","protected":false},"excerpt":{"rendered":"<p>Art\u00edculo de Opini\u00f3n de la coalici\u00f3n Col.lectiu 03820 &#8211; Comprom\u00eds\u00a0 Abans de gastar-se 313.000 euros m\u00e9s en el camp de&#8230;<\/p>\n","protected":false},"author":1,"featured_media":8429,"comment_status":"open","ping_status":"open","sticky":false,"template":"","format":"standard","meta":{"footnotes":""},"categories":[87],"tags":[155,132,153,152,156,154],"class_list":["post-8428","post","type-post","status-publish","format-standard","has-post-thumbnail","hentry","category-opinion","tag-camp","tag-cocentaina","tag-col-lectiu","tag-compromis","tag-futbol","tag-via"],"yoast_head":"<!-- This site is optimized with the Yoast SEO plugin v27.3 - https:\/\/yoast.com\/product\/yoast-seo-wordpress\/ -->\n<title>Cocentaina ha de saber la veritat del Camp La V\u00eda - COPE Alcoy<\/title>\n<meta name=\"robots\" content=\"index, follow, max-snippet:-1, max-image-preview:large, max-video-preview:-1\" \/>\n<link rel=\"canonical\" href=\"https:\/\/www.copealcoy.es\/es\/cocentaina-ha-de-saber-la-veritat-del-camp-la-via\/\" \/>\n<meta property=\"og:locale\" content=\"es_ES\" \/>\n<meta property=\"og:type\" content=\"article\" \/>\n<meta property=\"og:title\" content=\"Cocentaina ha de saber la veritat del Camp La V\u00eda - COPE Alcoy\" \/>\n<meta property=\"og:description\" content=\"Art\u00edculo de Opini\u00f3n de la coalici\u00f3n Col.lectiu 03820 &#8211; Comprom\u00eds\u00a0 Abans de gastar-se 313.000 euros m\u00e9s en el camp de...\" \/>\n<meta property=\"og:url\" content=\"https:\/\/www.copealcoy.es\/es\/cocentaina-ha-de-saber-la-veritat-del-camp-la-via\/\" \/>\n<meta property=\"og:site_name\" content=\"COPE Alcoy\" \/>\n<meta property=\"article:published_time\" content=\"2014-11-25T14:50:10+00:00\" \/>\n<meta property=\"article:modified_time\" content=\"2014-11-26T20:43:52+00:00\" \/>\n<meta property=\"og:image\" content=\"https:\/\/www.copealcoy.es\/wp-content\/uploads\/2014\/11\/image25.jpg\" \/>\n\t<meta property=\"og:image:width\" content=\"615\" \/>\n\t<meta property=\"og:image:height\" content=\"181\" \/>\n\t<meta property=\"og:image:type\" content=\"image\/jpeg\" \/>\n<meta name=\"author\" content=\"Cope Alcoy\" \/>\n<meta name=\"twitter:label1\" content=\"Escrito por\" \/>\n\t<meta name=\"twitter:data1\" content=\"Cope Alcoy\" \/>\n\t<meta name=\"twitter:label2\" content=\"Tiempo de lectura\" \/>\n\t<meta name=\"twitter:data2\" content=\"4 minutos\" \/>\n<script type=\"application\/ld+json\" class=\"yoast-schema-graph\">{\"@context\":\"https:\\\/\\\/schema.org\",\"@graph\":[{\"@type\":\"Article\",\"@id\":\"https:\\\/\\\/www.copealcoy.es\\\/es\\\/cocentaina-ha-de-saber-la-veritat-del-camp-la-via\\\/#article\",\"isPartOf\":{\"@id\":\"https:\\\/\\\/www.copealcoy.es\\\/es\\\/cocentaina-ha-de-saber-la-veritat-del-camp-la-via\\\/\"},\"author\":{\"name\":\"Cope Alcoy\",\"@id\":\"https:\\\/\\\/www.copealcoy.es\\\/es\\\/#\\\/schema\\\/person\\\/e777c87fa024e57d40170af9df39882c\"},\"headline\":\"Cocentaina ha de saber la veritat del Camp La V\u00eda\",\"datePublished\":\"2014-11-25T14:50:10+00:00\",\"dateModified\":\"2014-11-26T20:43:52+00:00\",\"mainEntityOfPage\":{\"@id\":\"https:\\\/\\\/www.copealcoy.es\\\/es\\\/cocentaina-ha-de-saber-la-veritat-del-camp-la-via\\\/\"},\"wordCount\":806,\"commentCount\":0,\"image\":{\"@id\":\"https:\\\/\\\/www.copealcoy.es\\\/es\\\/cocentaina-ha-de-saber-la-veritat-del-camp-la-via\\\/#primaryimage\"},\"thumbnailUrl\":\"https:\\\/\\\/www.copealcoy.es\\\/wp-content\\\/uploads\\\/2014\\\/11\\\/image25.jpg\",\"keywords\":[\"Camp\",\"Cocentaina\",\"Col.lectiu\",\"Comprom\u00eds\",\"F\u00fatbol\",\"V\u00eda\"],\"articleSection\":[\"Opini\u00f3n\"],\"inLanguage\":\"es\"},{\"@type\":\"WebPage\",\"@id\":\"https:\\\/\\\/www.copealcoy.es\\\/es\\\/cocentaina-ha-de-saber-la-veritat-del-camp-la-via\\\/\",\"url\":\"https:\\\/\\\/www.copealcoy.es\\\/es\\\/cocentaina-ha-de-saber-la-veritat-del-camp-la-via\\\/\",\"name\":\"Cocentaina ha de saber la veritat del Camp La V\u00eda - COPE Alcoy\",\"isPartOf\":{\"@id\":\"https:\\\/\\\/www.copealcoy.es\\\/es\\\/#website\"},\"primaryImageOfPage\":{\"@id\":\"https:\\\/\\\/www.copealcoy.es\\\/es\\\/cocentaina-ha-de-saber-la-veritat-del-camp-la-via\\\/#primaryimage\"},\"image\":{\"@id\":\"https:\\\/\\\/www.copealcoy.es\\\/es\\\/cocentaina-ha-de-saber-la-veritat-del-camp-la-via\\\/#primaryimage\"},\"thumbnailUrl\":\"https:\\\/\\\/www.copealcoy.es\\\/wp-content\\\/uploads\\\/2014\\\/11\\\/image25.jpg\",\"datePublished\":\"2014-11-25T14:50:10+00:00\",\"dateModified\":\"2014-11-26T20:43:52+00:00\",\"author\":{\"@id\":\"https:\\\/\\\/www.copealcoy.es\\\/es\\\/#\\\/schema\\\/person\\\/e777c87fa024e57d40170af9df39882c\"},\"breadcrumb\":{\"@id\":\"https:\\\/\\\/www.copealcoy.es\\\/es\\\/cocentaina-ha-de-saber-la-veritat-del-camp-la-via\\\/#breadcrumb\"},\"inLanguage\":\"es\",\"potentialAction\":[{\"@type\":\"ReadAction\",\"target\":[\"https:\\\/\\\/www.copealcoy.es\\\/es\\\/cocentaina-ha-de-saber-la-veritat-del-camp-la-via\\\/\"]}]},{\"@type\":\"ImageObject\",\"inLanguage\":\"es\",\"@id\":\"https:\\\/\\\/www.copealcoy.es\\\/es\\\/cocentaina-ha-de-saber-la-veritat-del-camp-la-via\\\/#primaryimage\",\"url\":\"https:\\\/\\\/www.copealcoy.es\\\/wp-content\\\/uploads\\\/2014\\\/11\\\/image25.jpg\",\"contentUrl\":\"https:\\\/\\\/www.copealcoy.es\\\/wp-content\\\/uploads\\\/2014\\\/11\\\/image25.jpg\",\"width\":615,\"height\":181},{\"@type\":\"BreadcrumbList\",\"@id\":\"https:\\\/\\\/www.copealcoy.es\\\/es\\\/cocentaina-ha-de-saber-la-veritat-del-camp-la-via\\\/#breadcrumb\",\"itemListElement\":[{\"@type\":\"ListItem\",\"position\":1,\"name\":\"Portada\",\"item\":\"https:\\\/\\\/www.copealcoy.es\\\/es\\\/\"},{\"@type\":\"ListItem\",\"position\":2,\"name\":\"Cocentaina ha de saber la veritat del Camp La V\u00eda\"}]},{\"@type\":\"WebSite\",\"@id\":\"https:\\\/\\\/www.copealcoy.es\\\/es\\\/#website\",\"url\":\"https:\\\/\\\/www.copealcoy.es\\\/es\\\/\",\"name\":\"COPE Alcoy\",\"description\":\"Emisora COPE de radio local con emisi\u00f3n online. Pont de Sant Jordi 8-10 03803 Alcoy\",\"potentialAction\":[{\"@type\":\"SearchAction\",\"target\":{\"@type\":\"EntryPoint\",\"urlTemplate\":\"https:\\\/\\\/www.copealcoy.es\\\/es\\\/?s={search_term_string}\"},\"query-input\":{\"@type\":\"PropertyValueSpecification\",\"valueRequired\":true,\"valueName\":\"search_term_string\"}}],\"inLanguage\":\"es\"},{\"@type\":\"Person\",\"@id\":\"https:\\\/\\\/www.copealcoy.es\\\/es\\\/#\\\/schema\\\/person\\\/e777c87fa024e57d40170af9df39882c\",\"name\":\"Cope Alcoy\",\"image\":{\"@type\":\"ImageObject\",\"inLanguage\":\"es\",\"@id\":\"https:\\\/\\\/secure.gravatar.com\\\/avatar\\\/bb65d0283347e303893ba14f0692005417c1e0e690a325a4c5d8bb2b3943ee14?s=96&d=mm&r=g\",\"url\":\"https:\\\/\\\/secure.gravatar.com\\\/avatar\\\/bb65d0283347e303893ba14f0692005417c1e0e690a325a4c5d8bb2b3943ee14?s=96&d=mm&r=g\",\"contentUrl\":\"https:\\\/\\\/secure.gravatar.com\\\/avatar\\\/bb65d0283347e303893ba14f0692005417c1e0e690a325a4c5d8bb2b3943ee14?s=96&d=mm&r=g\",\"caption\":\"Cope Alcoy\"}}]}<\/script>\n<!-- \/ Yoast SEO plugin. -->","yoast_head_json":{"title":"Cocentaina ha de saber la veritat del Camp La V\u00eda - COPE Alcoy","robots":{"index":"index","follow":"follow","max-snippet":"max-snippet:-1","max-image-preview":"max-image-preview:large","max-video-preview":"max-video-preview:-1"},"canonical":"https:\/\/www.copealcoy.es\/es\/cocentaina-ha-de-saber-la-veritat-del-camp-la-via\/","og_locale":"es_ES","og_type":"article","og_title":"Cocentaina ha de saber la veritat del Camp La V\u00eda - COPE Alcoy","og_description":"Art\u00edculo de Opini\u00f3n de la coalici\u00f3n Col.lectiu 03820 &#8211; Comprom\u00eds\u00a0 Abans de gastar-se 313.000 euros m\u00e9s en el camp de...","og_url":"https:\/\/www.copealcoy.es\/es\/cocentaina-ha-de-saber-la-veritat-del-camp-la-via\/","og_site_name":"COPE Alcoy","article_published_time":"2014-11-25T14:50:10+00:00","article_modified_time":"2014-11-26T20:43:52+00:00","og_image":[{"width":615,"height":181,"url":"https:\/\/www.copealcoy.es\/wp-content\/uploads\/2014\/11\/image25.jpg","type":"image\/jpeg"}],"author":"Cope Alcoy","twitter_misc":{"Escrito por":"Cope Alcoy","Tiempo de lectura":"4 minutos"},"schema":{"@context":"https:\/\/schema.org","@graph":[{"@type":"Article","@id":"https:\/\/www.copealcoy.es\/es\/cocentaina-ha-de-saber-la-veritat-del-camp-la-via\/#article","isPartOf":{"@id":"https:\/\/www.copealcoy.es\/es\/cocentaina-ha-de-saber-la-veritat-del-camp-la-via\/"},"author":{"name":"Cope Alcoy","@id":"https:\/\/www.copealcoy.es\/es\/#\/schema\/person\/e777c87fa024e57d40170af9df39882c"},"headline":"Cocentaina ha de saber la veritat del Camp La V\u00eda","datePublished":"2014-11-25T14:50:10+00:00","dateModified":"2014-11-26T20:43:52+00:00","mainEntityOfPage":{"@id":"https:\/\/www.copealcoy.es\/es\/cocentaina-ha-de-saber-la-veritat-del-camp-la-via\/"},"wordCount":806,"commentCount":0,"image":{"@id":"https:\/\/www.copealcoy.es\/es\/cocentaina-ha-de-saber-la-veritat-del-camp-la-via\/#primaryimage"},"thumbnailUrl":"https:\/\/www.copealcoy.es\/wp-content\/uploads\/2014\/11\/image25.jpg","keywords":["Camp","Cocentaina","Col.lectiu","Comprom\u00eds","F\u00fatbol","V\u00eda"],"articleSection":["Opini\u00f3n"],"inLanguage":"es"},{"@type":"WebPage","@id":"https:\/\/www.copealcoy.es\/es\/cocentaina-ha-de-saber-la-veritat-del-camp-la-via\/","url":"https:\/\/www.copealcoy.es\/es\/cocentaina-ha-de-saber-la-veritat-del-camp-la-via\/","name":"Cocentaina ha de saber la veritat del Camp La V\u00eda - COPE Alcoy","isPartOf":{"@id":"https:\/\/www.copealcoy.es\/es\/#website"},"primaryImageOfPage":{"@id":"https:\/\/www.copealcoy.es\/es\/cocentaina-ha-de-saber-la-veritat-del-camp-la-via\/#primaryimage"},"image":{"@id":"https:\/\/www.copealcoy.es\/es\/cocentaina-ha-de-saber-la-veritat-del-camp-la-via\/#primaryimage"},"thumbnailUrl":"https:\/\/www.copealcoy.es\/wp-content\/uploads\/2014\/11\/image25.jpg","datePublished":"2014-11-25T14:50:10+00:00","dateModified":"2014-11-26T20:43:52+00:00","author":{"@id":"https:\/\/www.copealcoy.es\/es\/#\/schema\/person\/e777c87fa024e57d40170af9df39882c"},"breadcrumb":{"@id":"https:\/\/www.copealcoy.es\/es\/cocentaina-ha-de-saber-la-veritat-del-camp-la-via\/#breadcrumb"},"inLanguage":"es","potentialAction":[{"@type":"ReadAction","target":["https:\/\/www.copealcoy.es\/es\/cocentaina-ha-de-saber-la-veritat-del-camp-la-via\/"]}]},{"@type":"ImageObject","inLanguage":"es","@id":"https:\/\/www.copealcoy.es\/es\/cocentaina-ha-de-saber-la-veritat-del-camp-la-via\/#primaryimage","url":"https:\/\/www.copealcoy.es\/wp-content\/uploads\/2014\/11\/image25.jpg","contentUrl":"https:\/\/www.copealcoy.es\/wp-content\/uploads\/2014\/11\/image25.jpg","width":615,"height":181},{"@type":"BreadcrumbList","@id":"https:\/\/www.copealcoy.es\/es\/cocentaina-ha-de-saber-la-veritat-del-camp-la-via\/#breadcrumb","itemListElement":[{"@type":"ListItem","position":1,"name":"Portada","item":"https:\/\/www.copealcoy.es\/es\/"},{"@type":"ListItem","position":2,"name":"Cocentaina ha de saber la veritat del Camp La V\u00eda"}]},{"@type":"WebSite","@id":"https:\/\/www.copealcoy.es\/es\/#website","url":"https:\/\/www.copealcoy.es\/es\/","name":"COPE Alcoy","description":"Emisora COPE de radio local con emisi\u00f3n online. Pont de Sant Jordi 8-10 03803 Alcoy","potentialAction":[{"@type":"SearchAction","target":{"@type":"EntryPoint","urlTemplate":"https:\/\/www.copealcoy.es\/es\/?s={search_term_string}"},"query-input":{"@type":"PropertyValueSpecification","valueRequired":true,"valueName":"search_term_string"}}],"inLanguage":"es"},{"@type":"Person","@id":"https:\/\/www.copealcoy.es\/es\/#\/schema\/person\/e777c87fa024e57d40170af9df39882c","name":"Cope Alcoy","image":{"@type":"ImageObject","inLanguage":"es","@id":"https:\/\/secure.gravatar.com\/avatar\/bb65d0283347e303893ba14f0692005417c1e0e690a325a4c5d8bb2b3943ee14?s=96&d=mm&r=g","url":"https:\/\/secure.gravatar.com\/avatar\/bb65d0283347e303893ba14f0692005417c1e0e690a325a4c5d8bb2b3943ee14?s=96&d=mm&r=g","contentUrl":"https:\/\/secure.gravatar.com\/avatar\/bb65d0283347e303893ba14f0692005417c1e0e690a325a4c5d8bb2b3943ee14?s=96&d=mm&r=g","caption":"Cope Alcoy"}}]}},"_links":{"self":[{"href":"https:\/\/www.copealcoy.es\/es\/wp-json\/wp\/v2\/posts\/8428","targetHints":{"allow":["GET"]}}],"collection":[{"href":"https:\/\/www.copealcoy.es\/es\/wp-json\/wp\/v2\/posts"}],"about":[{"href":"https:\/\/www.copealcoy.es\/es\/wp-json\/wp\/v2\/types\/post"}],"author":[{"embeddable":true,"href":"https:\/\/www.copealcoy.es\/es\/wp-json\/wp\/v2\/users\/1"}],"replies":[{"embeddable":true,"href":"https:\/\/www.copealcoy.es\/es\/wp-json\/wp\/v2\/comments?post=8428"}],"version-history":[{"count":0,"href":"https:\/\/www.copealcoy.es\/es\/wp-json\/wp\/v2\/posts\/8428\/revisions"}],"wp:featuredmedia":[{"embeddable":true,"href":"https:\/\/www.copealcoy.es\/es\/wp-json\/wp\/v2\/media\/8429"}],"wp:attachment":[{"href":"https:\/\/www.copealcoy.es\/es\/wp-json\/wp\/v2\/media?parent=8428"}],"wp:term":[{"taxonomy":"category","embeddable":true,"href":"https:\/\/www.copealcoy.es\/es\/wp-json\/wp\/v2\/categories?post=8428"},{"taxonomy":"post_tag","embeddable":true,"href":"https:\/\/www.copealcoy.es\/es\/wp-json\/wp\/v2\/tags?post=8428"}],"curies":[{"name":"wp","href":"https:\/\/api.w.org\/{rel}","templated":true}]}}