{"id":84270,"date":"2022-02-25T15:49:18","date_gmt":"2022-02-25T14:49:18","guid":{"rendered":"https:\/\/www.copealcoy.es\/?p=84270"},"modified":"2022-02-25T16:09:59","modified_gmt":"2022-02-25T15:09:59","slug":"las-grandes-superficies-volveran-a-cerrar-en-fiestas-2","status":"publish","type":"post","link":"https:\/\/www.copealcoy.es\/es\/las-grandes-superficies-volveran-a-cerrar-en-fiestas-2\/","title":{"rendered":"Las grandes superficies volver\u00e1n a cerrar en Fiestas"},"content":{"rendered":"<p style=\"text-align: justify;\">Las <strong>grandes superficies de Alcoy<\/strong> volver\u00e1n a cerrar en <strong>los d\u00edas que se celebren las Fiestas de Moros y Cristianos<\/strong>. Ese es el acuerdo que han alcanzado\u00a0<span lang=\"es-ES\">\u00a0<\/span><span lang=\"es-ES\">l<strong>a C\u00e1mara de Comercio, la Asociaci\u00f3n Comarcal de Empresarios del Comercio de Alcoy (ACECA) y la Federaci\u00f3n de Comercio de Alcoy \u2018Alcoy Comercial\u2019<\/strong>.<\/span><\/p>\n<p style=\"text-align: justify;\"><span lang=\"es-ES\">Con esta medida los citados establecimientos <strong>no abrir\u00e1n sus puertas el viernes 22 y el s\u00e1bado 23<\/strong>, que han sido declarados festivos locales, <strong>ni tampoco el domingo 24 de abril<\/strong>. Por otra parte, <\/span><span lang=\"es-ES\">el Observatorio de Comercio de la Generalitat ha declarado h\u00e1biles <strong>los d\u00edas 10,14 y 17 de abril<\/strong>, fechas pr\u00f3ximas a las fiestas que pueden suplir el cierre durante la festividad local &#8220;<em>el Ayuntamiento y la ciudadan\u00eda en general agradece fuertemente el esfuerzo, la comprensi\u00f3n y la buena predisposici\u00f3n de todos los agentes implicados y en especial, de las grandes superficies\u00a0que forman parte de nuestro tejido comercial y que sigue mostrando su compromiso con nuestra ciudad manteniendo vigente el acuerdo que adoptaron con las diferentes entidades locales<\/em>&#8220;, afirma la concejala; <strong>Vanessa Molt\u00f3<\/strong>.<\/span><\/p>\n<p style=\"text-align: justify;\">Las Fiestas de Moros y Cristianos de 2022 <strong>tendr\u00e1n lugar entre el 22 y 24 de abril<\/strong>. Ser\u00e1 unos d\u00edas despu\u00e9s de <strong>las jornadas festivas de Semana Santa<\/strong> ya que est\u00e1 \u00faltima cae este a\u00f1o tard\u00eda en el calendario.<\/p>\n","protected":false},"excerpt":{"rendered":"<p>Las grandes superficies de Alcoy volver\u00e1n a cerrar en los d\u00edas que se celebren las Fiestas de Moros y Cristianos&#8230;.<\/p>\n","protected":false},"author":1,"featured_media":50502,"comment_status":"open","ping_status":"open","sticky":false,"template":"","format":"standard","meta":{"footnotes":""},"categories":[6909,97,75,79],"tags":[1494,1200,565,3790,2034],"class_list":["post-84270","post","type-post","status-publish","format-standard","has-post-thumbnail","hentry","category-actualidad","category-alcoy","category-noticias","category-politicayeconomia","tag-alcoy","tag-cierre","tag-fiestas","tag-grandes-superficies","tag-vanessa-molto"],"yoast_head":"<!-- This site is optimized with the Yoast SEO plugin v27.3 - https:\/\/yoast.com\/product\/yoast-seo-wordpress\/ -->\n<title>Las grandes superficies volver\u00e1n a cerrar en Fiestas - COPE Alcoy<\/title>\n<meta name=\"robots\" content=\"index, follow, max-snippet:-1, max-image-preview:large, max-video-preview:-1\" \/>\n<link rel=\"canonical\" href=\"https:\/\/www.copealcoy.es\/es\/las-grandes-superficies-volveran-a-cerrar-en-fiestas-2\/\" \/>\n<meta property=\"og:locale\" content=\"es_ES\" \/>\n<meta property=\"og:type\" content=\"article\" \/>\n<meta property=\"og:title\" content=\"Las grandes superficies volver\u00e1n a cerrar en Fiestas - COPE Alcoy\" \/>\n<meta property=\"og:description\" content=\"Las grandes superficies de Alcoy volver\u00e1n a cerrar en los d\u00edas que se celebren las Fiestas de Moros y Cristianos....\" \/>\n<meta property=\"og:url\" content=\"https:\/\/www.copealcoy.es\/es\/las-grandes-superficies-volveran-a-cerrar-en-fiestas-2\/\" \/>\n<meta property=\"og:site_name\" content=\"COPE Alcoy\" \/>\n<meta property=\"article:published_time\" content=\"2022-02-25T14:49:18+00:00\" \/>\n<meta property=\"article:modified_time\" content=\"2022-02-25T15:09:59+00:00\" \/>\n<meta property=\"og:image\" content=\"https:\/\/www.copealcoy.es\/wp-content\/uploads\/2019\/05\/12717871_1053355448041751_6050657445801897388_n-e1556892562166-1.jpg\" \/>\n\t<meta property=\"og:image:width\" content=\"960\" \/>\n\t<meta property=\"og:image:height\" content=\"518\" \/>\n\t<meta property=\"og:image:type\" content=\"image\/jpeg\" \/>\n<meta name=\"author\" content=\"Cope Alcoy\" \/>\n<meta name=\"twitter:label1\" content=\"Escrito por\" \/>\n\t<meta name=\"twitter:data1\" content=\"Cope Alcoy\" \/>\n\t<meta name=\"twitter:label2\" content=\"Tiempo de lectura\" \/>\n\t<meta name=\"twitter:data2\" content=\"1 minuto\" \/>\n<script type=\"application\/ld+json\" class=\"yoast-schema-graph\">{\"@context\":\"https:\\\/\\\/schema.org\",\"@graph\":[{\"@type\":\"Article\",\"@id\":\"https:\\\/\\\/www.copealcoy.es\\\/es\\\/las-grandes-superficies-volveran-a-cerrar-en-fiestas-2\\\/#article\",\"isPartOf\":{\"@id\":\"https:\\\/\\\/www.copealcoy.es\\\/es\\\/las-grandes-superficies-volveran-a-cerrar-en-fiestas-2\\\/\"},\"author\":{\"name\":\"Cope Alcoy\",\"@id\":\"https:\\\/\\\/www.copealcoy.es\\\/es\\\/#\\\/schema\\\/person\\\/e777c87fa024e57d40170af9df39882c\"},\"headline\":\"Las grandes superficies volver\u00e1n a cerrar en Fiestas\",\"datePublished\":\"2022-02-25T14:49:18+00:00\",\"dateModified\":\"2022-02-25T15:09:59+00:00\",\"mainEntityOfPage\":{\"@id\":\"https:\\\/\\\/www.copealcoy.es\\\/es\\\/las-grandes-superficies-volveran-a-cerrar-en-fiestas-2\\\/\"},\"wordCount\":233,\"commentCount\":0,\"image\":{\"@id\":\"https:\\\/\\\/www.copealcoy.es\\\/es\\\/las-grandes-superficies-volveran-a-cerrar-en-fiestas-2\\\/#primaryimage\"},\"thumbnailUrl\":\"https:\\\/\\\/www.copealcoy.es\\\/wp-content\\\/uploads\\\/2019\\\/05\\\/12717871_1053355448041751_6050657445801897388_n-e1556892562166-1.jpg\",\"keywords\":[\"Alcoy\",\"cierre\",\"Fiestas\",\"grandes superficies\",\"Vanessa Molt\u00f3\"],\"articleSection\":[\"Actualidad\",\"Alcoy\",\"Noticias\",\"Pol\u00edtica y Econom\u00eda\"],\"inLanguage\":\"es\"},{\"@type\":\"WebPage\",\"@id\":\"https:\\\/\\\/www.copealcoy.es\\\/es\\\/las-grandes-superficies-volveran-a-cerrar-en-fiestas-2\\\/\",\"url\":\"https:\\\/\\\/www.copealcoy.es\\\/es\\\/las-grandes-superficies-volveran-a-cerrar-en-fiestas-2\\\/\",\"name\":\"Las grandes superficies volver\u00e1n a cerrar en Fiestas - COPE Alcoy\",\"isPartOf\":{\"@id\":\"https:\\\/\\\/www.copealcoy.es\\\/es\\\/#website\"},\"primaryImageOfPage\":{\"@id\":\"https:\\\/\\\/www.copealcoy.es\\\/es\\\/las-grandes-superficies-volveran-a-cerrar-en-fiestas-2\\\/#primaryimage\"},\"image\":{\"@id\":\"https:\\\/\\\/www.copealcoy.es\\\/es\\\/las-grandes-superficies-volveran-a-cerrar-en-fiestas-2\\\/#primaryimage\"},\"thumbnailUrl\":\"https:\\\/\\\/www.copealcoy.es\\\/wp-content\\\/uploads\\\/2019\\\/05\\\/12717871_1053355448041751_6050657445801897388_n-e1556892562166-1.jpg\",\"datePublished\":\"2022-02-25T14:49:18+00:00\",\"dateModified\":\"2022-02-25T15:09:59+00:00\",\"author\":{\"@id\":\"https:\\\/\\\/www.copealcoy.es\\\/es\\\/#\\\/schema\\\/person\\\/e777c87fa024e57d40170af9df39882c\"},\"breadcrumb\":{\"@id\":\"https:\\\/\\\/www.copealcoy.es\\\/es\\\/las-grandes-superficies-volveran-a-cerrar-en-fiestas-2\\\/#breadcrumb\"},\"inLanguage\":\"es\",\"potentialAction\":[{\"@type\":\"ReadAction\",\"target\":[\"https:\\\/\\\/www.copealcoy.es\\\/es\\\/las-grandes-superficies-volveran-a-cerrar-en-fiestas-2\\\/\"]}]},{\"@type\":\"ImageObject\",\"inLanguage\":\"es\",\"@id\":\"https:\\\/\\\/www.copealcoy.es\\\/es\\\/las-grandes-superficies-volveran-a-cerrar-en-fiestas-2\\\/#primaryimage\",\"url\":\"https:\\\/\\\/www.copealcoy.es\\\/wp-content\\\/uploads\\\/2019\\\/05\\\/12717871_1053355448041751_6050657445801897388_n-e1556892562166-1.jpg\",\"contentUrl\":\"https:\\\/\\\/www.copealcoy.es\\\/wp-content\\\/uploads\\\/2019\\\/05\\\/12717871_1053355448041751_6050657445801897388_n-e1556892562166-1.jpg\",\"width\":960,\"height\":518},{\"@type\":\"BreadcrumbList\",\"@id\":\"https:\\\/\\\/www.copealcoy.es\\\/es\\\/las-grandes-superficies-volveran-a-cerrar-en-fiestas-2\\\/#breadcrumb\",\"itemListElement\":[{\"@type\":\"ListItem\",\"position\":1,\"name\":\"Portada\",\"item\":\"https:\\\/\\\/www.copealcoy.es\\\/es\\\/\"},{\"@type\":\"ListItem\",\"position\":2,\"name\":\"Las grandes superficies volver\u00e1n a cerrar en Fiestas\"}]},{\"@type\":\"WebSite\",\"@id\":\"https:\\\/\\\/www.copealcoy.es\\\/es\\\/#website\",\"url\":\"https:\\\/\\\/www.copealcoy.es\\\/es\\\/\",\"name\":\"COPE Alcoy\",\"description\":\"Emisora COPE de radio local con emisi\u00f3n online. Pont de Sant Jordi 8-10 03803 Alcoy\",\"potentialAction\":[{\"@type\":\"SearchAction\",\"target\":{\"@type\":\"EntryPoint\",\"urlTemplate\":\"https:\\\/\\\/www.copealcoy.es\\\/es\\\/?s={search_term_string}\"},\"query-input\":{\"@type\":\"PropertyValueSpecification\",\"valueRequired\":true,\"valueName\":\"search_term_string\"}}],\"inLanguage\":\"es\"},{\"@type\":\"Person\",\"@id\":\"https:\\\/\\\/www.copealcoy.es\\\/es\\\/#\\\/schema\\\/person\\\/e777c87fa024e57d40170af9df39882c\",\"name\":\"Cope Alcoy\",\"image\":{\"@type\":\"ImageObject\",\"inLanguage\":\"es\",\"@id\":\"https:\\\/\\\/secure.gravatar.com\\\/avatar\\\/bb65d0283347e303893ba14f0692005417c1e0e690a325a4c5d8bb2b3943ee14?s=96&d=mm&r=g\",\"url\":\"https:\\\/\\\/secure.gravatar.com\\\/avatar\\\/bb65d0283347e303893ba14f0692005417c1e0e690a325a4c5d8bb2b3943ee14?s=96&d=mm&r=g\",\"contentUrl\":\"https:\\\/\\\/secure.gravatar.com\\\/avatar\\\/bb65d0283347e303893ba14f0692005417c1e0e690a325a4c5d8bb2b3943ee14?s=96&d=mm&r=g\",\"caption\":\"Cope Alcoy\"}}]}<\/script>\n<!-- \/ Yoast SEO plugin. -->","yoast_head_json":{"title":"Las grandes superficies volver\u00e1n a cerrar en Fiestas - COPE Alcoy","robots":{"index":"index","follow":"follow","max-snippet":"max-snippet:-1","max-image-preview":"max-image-preview:large","max-video-preview":"max-video-preview:-1"},"canonical":"https:\/\/www.copealcoy.es\/es\/las-grandes-superficies-volveran-a-cerrar-en-fiestas-2\/","og_locale":"es_ES","og_type":"article","og_title":"Las grandes superficies volver\u00e1n a cerrar en Fiestas - COPE Alcoy","og_description":"Las grandes superficies de Alcoy volver\u00e1n a cerrar en los d\u00edas que se celebren las Fiestas de Moros y Cristianos....","og_url":"https:\/\/www.copealcoy.es\/es\/las-grandes-superficies-volveran-a-cerrar-en-fiestas-2\/","og_site_name":"COPE Alcoy","article_published_time":"2022-02-25T14:49:18+00:00","article_modified_time":"2022-02-25T15:09:59+00:00","og_image":[{"width":960,"height":518,"url":"https:\/\/www.copealcoy.es\/wp-content\/uploads\/2019\/05\/12717871_1053355448041751_6050657445801897388_n-e1556892562166-1.jpg","type":"image\/jpeg"}],"author":"Cope Alcoy","twitter_misc":{"Escrito por":"Cope Alcoy","Tiempo de lectura":"1 minuto"},"schema":{"@context":"https:\/\/schema.org","@graph":[{"@type":"Article","@id":"https:\/\/www.copealcoy.es\/es\/las-grandes-superficies-volveran-a-cerrar-en-fiestas-2\/#article","isPartOf":{"@id":"https:\/\/www.copealcoy.es\/es\/las-grandes-superficies-volveran-a-cerrar-en-fiestas-2\/"},"author":{"name":"Cope Alcoy","@id":"https:\/\/www.copealcoy.es\/es\/#\/schema\/person\/e777c87fa024e57d40170af9df39882c"},"headline":"Las grandes superficies volver\u00e1n a cerrar en Fiestas","datePublished":"2022-02-25T14:49:18+00:00","dateModified":"2022-02-25T15:09:59+00:00","mainEntityOfPage":{"@id":"https:\/\/www.copealcoy.es\/es\/las-grandes-superficies-volveran-a-cerrar-en-fiestas-2\/"},"wordCount":233,"commentCount":0,"image":{"@id":"https:\/\/www.copealcoy.es\/es\/las-grandes-superficies-volveran-a-cerrar-en-fiestas-2\/#primaryimage"},"thumbnailUrl":"https:\/\/www.copealcoy.es\/wp-content\/uploads\/2019\/05\/12717871_1053355448041751_6050657445801897388_n-e1556892562166-1.jpg","keywords":["Alcoy","cierre","Fiestas","grandes superficies","Vanessa Molt\u00f3"],"articleSection":["Actualidad","Alcoy","Noticias","Pol\u00edtica y Econom\u00eda"],"inLanguage":"es"},{"@type":"WebPage","@id":"https:\/\/www.copealcoy.es\/es\/las-grandes-superficies-volveran-a-cerrar-en-fiestas-2\/","url":"https:\/\/www.copealcoy.es\/es\/las-grandes-superficies-volveran-a-cerrar-en-fiestas-2\/","name":"Las grandes superficies volver\u00e1n a cerrar en Fiestas - COPE Alcoy","isPartOf":{"@id":"https:\/\/www.copealcoy.es\/es\/#website"},"primaryImageOfPage":{"@id":"https:\/\/www.copealcoy.es\/es\/las-grandes-superficies-volveran-a-cerrar-en-fiestas-2\/#primaryimage"},"image":{"@id":"https:\/\/www.copealcoy.es\/es\/las-grandes-superficies-volveran-a-cerrar-en-fiestas-2\/#primaryimage"},"thumbnailUrl":"https:\/\/www.copealcoy.es\/wp-content\/uploads\/2019\/05\/12717871_1053355448041751_6050657445801897388_n-e1556892562166-1.jpg","datePublished":"2022-02-25T14:49:18+00:00","dateModified":"2022-02-25T15:09:59+00:00","author":{"@id":"https:\/\/www.copealcoy.es\/es\/#\/schema\/person\/e777c87fa024e57d40170af9df39882c"},"breadcrumb":{"@id":"https:\/\/www.copealcoy.es\/es\/las-grandes-superficies-volveran-a-cerrar-en-fiestas-2\/#breadcrumb"},"inLanguage":"es","potentialAction":[{"@type":"ReadAction","target":["https:\/\/www.copealcoy.es\/es\/las-grandes-superficies-volveran-a-cerrar-en-fiestas-2\/"]}]},{"@type":"ImageObject","inLanguage":"es","@id":"https:\/\/www.copealcoy.es\/es\/las-grandes-superficies-volveran-a-cerrar-en-fiestas-2\/#primaryimage","url":"https:\/\/www.copealcoy.es\/wp-content\/uploads\/2019\/05\/12717871_1053355448041751_6050657445801897388_n-e1556892562166-1.jpg","contentUrl":"https:\/\/www.copealcoy.es\/wp-content\/uploads\/2019\/05\/12717871_1053355448041751_6050657445801897388_n-e1556892562166-1.jpg","width":960,"height":518},{"@type":"BreadcrumbList","@id":"https:\/\/www.copealcoy.es\/es\/las-grandes-superficies-volveran-a-cerrar-en-fiestas-2\/#breadcrumb","itemListElement":[{"@type":"ListItem","position":1,"name":"Portada","item":"https:\/\/www.copealcoy.es\/es\/"},{"@type":"ListItem","position":2,"name":"Las grandes superficies volver\u00e1n a cerrar en Fiestas"}]},{"@type":"WebSite","@id":"https:\/\/www.copealcoy.es\/es\/#website","url":"https:\/\/www.copealcoy.es\/es\/","name":"COPE Alcoy","description":"Emisora COPE de radio local con emisi\u00f3n online. Pont de Sant Jordi 8-10 03803 Alcoy","potentialAction":[{"@type":"SearchAction","target":{"@type":"EntryPoint","urlTemplate":"https:\/\/www.copealcoy.es\/es\/?s={search_term_string}"},"query-input":{"@type":"PropertyValueSpecification","valueRequired":true,"valueName":"search_term_string"}}],"inLanguage":"es"},{"@type":"Person","@id":"https:\/\/www.copealcoy.es\/es\/#\/schema\/person\/e777c87fa024e57d40170af9df39882c","name":"Cope Alcoy","image":{"@type":"ImageObject","inLanguage":"es","@id":"https:\/\/secure.gravatar.com\/avatar\/bb65d0283347e303893ba14f0692005417c1e0e690a325a4c5d8bb2b3943ee14?s=96&d=mm&r=g","url":"https:\/\/secure.gravatar.com\/avatar\/bb65d0283347e303893ba14f0692005417c1e0e690a325a4c5d8bb2b3943ee14?s=96&d=mm&r=g","contentUrl":"https:\/\/secure.gravatar.com\/avatar\/bb65d0283347e303893ba14f0692005417c1e0e690a325a4c5d8bb2b3943ee14?s=96&d=mm&r=g","caption":"Cope Alcoy"}}]}},"_links":{"self":[{"href":"https:\/\/www.copealcoy.es\/es\/wp-json\/wp\/v2\/posts\/84270","targetHints":{"allow":["GET"]}}],"collection":[{"href":"https:\/\/www.copealcoy.es\/es\/wp-json\/wp\/v2\/posts"}],"about":[{"href":"https:\/\/www.copealcoy.es\/es\/wp-json\/wp\/v2\/types\/post"}],"author":[{"embeddable":true,"href":"https:\/\/www.copealcoy.es\/es\/wp-json\/wp\/v2\/users\/1"}],"replies":[{"embeddable":true,"href":"https:\/\/www.copealcoy.es\/es\/wp-json\/wp\/v2\/comments?post=84270"}],"version-history":[{"count":0,"href":"https:\/\/www.copealcoy.es\/es\/wp-json\/wp\/v2\/posts\/84270\/revisions"}],"wp:featuredmedia":[{"embeddable":true,"href":"https:\/\/www.copealcoy.es\/es\/wp-json\/wp\/v2\/media\/50502"}],"wp:attachment":[{"href":"https:\/\/www.copealcoy.es\/es\/wp-json\/wp\/v2\/media?parent=84270"}],"wp:term":[{"taxonomy":"category","embeddable":true,"href":"https:\/\/www.copealcoy.es\/es\/wp-json\/wp\/v2\/categories?post=84270"},{"taxonomy":"post_tag","embeddable":true,"href":"https:\/\/www.copealcoy.es\/es\/wp-json\/wp\/v2\/tags?post=84270"}],"curies":[{"name":"wp","href":"https:\/\/api.w.org\/{rel}","templated":true}]}}