{"id":84194,"date":"2022-02-24T09:00:30","date_gmt":"2022-02-24T08:00:30","guid":{"rendered":"https:\/\/www.copealcoy.es\/?p=84194"},"modified":"2022-02-25T16:46:00","modified_gmt":"2022-02-25T15:46:00","slug":"primeras-sanciones-para-usuarios-de-patinetes-electricos","status":"publish","type":"post","link":"https:\/\/www.copealcoy.es\/es\/primeras-sanciones-para-usuarios-de-patinetes-electricos\/","title":{"rendered":"Primeras sanciones para usuarios de patinetes el\u00e9ctricos"},"content":{"rendered":"<p style=\"text-align: justify;\">La <strong>Polic\u00eda Local de Alcoy<\/strong> ha interpuesto hasta el momento <strong>tres sanciones<\/strong> por no cumplir <strong>la ordenanza de circulaci\u00f3n y movilidad<\/strong>. Dos de ellas son por <strong>no usar casco<\/strong> y una tercera porque el conductor de un patinete el\u00e9ctrico <strong>era menor de edad<\/strong>.<\/p>\n<p style=\"text-align: justify;\">Al margen de esto el Ayuntamiento <strong>ha lanzado una campa\u00f1a para informar de la normativa vigente<\/strong> a aquellos que emplean veh\u00edculos de movilidad personal como bicicletas o patinetes. Adem\u00e1s se recuerda que <strong>hay que dejar los citados patinetes el\u00e9ctricos en los cerca de 100 puntos de aparcamiento que se han habilitado para ello en la ciudad<\/strong> &#8220;<em>a<span lang=\"es-ES\">probamos esta ordenanza de forma mayoritaria en una \u00e9poca que ten\u00edamos la movilidad muy restringida, y como ya anunciamos \u00edbamos a llevar adelante campa\u00f1as informativas por todos los medios posibles. La Polic\u00eda Local tambi\u00e9n est\u00e1 informando y apercibiendo durante estos d\u00edas. Ya\u00a0<\/span><span lang=\"es-ES\">ha<\/span><\/em><span lang=\"es-ES\"><em> interpuesto sanciones en los casos m\u00e1s flagrantes. Desde el Ayuntamiento vamos a hacer todo lo que sea posible para que la ciudadan\u00eda conozca la ordenanza. Creemos que los veh\u00edculos de movilidad personal son un buen sistema para desplazarnos, son sostenibles para el medio ambiente pero no debemos olvidar que hemos de hacer un buen uso y cumplir con la normativa, es una obligaci\u00f3n y responsabilidad personal<\/em>&#8220;, destaca el concejal; <strong>Ra\u00fal Llopis<\/strong>.<\/span><\/p>\n<p style=\"text-align: justify;\">Indicar que la ordenanza <strong>contempla el uso obligatorio del casco y una velocidad m\u00e1xima de 25 Km\/h que pasa a ser de 20 Km\/h en las zonas residenciales<\/strong>. Otros <strong>puntos contemplados<\/strong> son los siguientes:<\/p>\n<ul>\n<li>\n<p align=\"justify\">Se proh\u00edbe estacionar delante de zonas donde haya reservas de estacionamiento para personas con movilidad reducida, de carga y descarga en la calzada o de servicio p\u00fablico, durante las horas de reserva.<\/p>\n<\/li>\n<li>\n<p align=\"justify\">Se proh\u00edbe el estacionamiento en lugares reservados a otras personas usuarias o servicios.<\/p>\n<\/li>\n<li>\n<p align=\"justify\">Se proh\u00edbe el estacionamiento en las aceras cuando se impida el paso de los peatones.<\/p>\n<\/li>\n<li>\n<p align=\"justify\">Podr\u00e1n estacionar utilizando el espacio destinado a las bandas de estacionamiento, en forma oblicua a la l\u00ednea de acera y ocupando un m\u00e1ximo de 2 m, de forma que no se impida el acceso a otros veh\u00edculos o el paso desde la acera a la calzada.<\/p>\n<\/li>\n<li>\n<p align=\"justify\">En ning\u00fan caso podr\u00e1n estacionarse en aceras cuando la anchura libre de paso resultante sea inferior a 1,80 m, ni sobre pavimento podo-t\u00e1ctil para garantizar una circulaci\u00f3n para peatones accesible.<\/p>\n<\/li>\n<li>\n<p align=\"justify\">Se proh\u00edbe atar a \u00e1rboles, sem\u00e1foros, bancos, contenedores, papeleras, marquesinas de transporte y elementos de mobiliario urbano cuando se dificulte el destino o la funcionalidad del elemento.<\/p>\n<\/li>\n<li>\n<p align=\"justify\">Las Instituciones, Empresas, o particulares que quieran establecer aparcamientos en la calzada o la acera, deber\u00e1n solicitar para la instalaci\u00f3n la autorizaci\u00f3n municipal.<\/p>\n<\/li>\n<\/ul>\n","protected":false},"excerpt":{"rendered":"<p>La Polic\u00eda Local de Alcoy ha interpuesto hasta el momento tres sanciones por no cumplir la ordenanza de circulaci\u00f3n y&#8230;<\/p>\n","protected":false},"author":1,"featured_media":84195,"comment_status":"open","ping_status":"open","sticky":false,"template":"","format":"standard","meta":{"footnotes":""},"categories":[6909,97,75,79],"tags":[1494,5119,12455,846,10510,3865],"class_list":["post-84194","post","type-post","status-publish","format-standard","has-post-thumbnail","hentry","category-actualidad","category-alcoy","category-noticias","category-politicayeconomia","tag-alcoy","tag-normativa","tag-patinetes-eletricos","tag-policia-local","tag-sanciones","tag-uso"],"yoast_head":"<!-- This site is optimized with the Yoast SEO plugin v27.3 - https:\/\/yoast.com\/product\/yoast-seo-wordpress\/ -->\n<title>Primeras sanciones para usuarios de patinetes el\u00e9ctricos - COPE Alcoy<\/title>\n<meta name=\"robots\" content=\"index, follow, max-snippet:-1, max-image-preview:large, max-video-preview:-1\" \/>\n<link rel=\"canonical\" href=\"https:\/\/www.copealcoy.es\/es\/primeras-sanciones-para-usuarios-de-patinetes-electricos\/\" \/>\n<meta property=\"og:locale\" content=\"es_ES\" \/>\n<meta property=\"og:type\" content=\"article\" \/>\n<meta property=\"og:title\" content=\"Primeras sanciones para usuarios de patinetes el\u00e9ctricos - COPE Alcoy\" \/>\n<meta property=\"og:description\" content=\"La Polic\u00eda Local de Alcoy ha interpuesto hasta el momento tres sanciones por no cumplir la ordenanza de circulaci\u00f3n y...\" \/>\n<meta property=\"og:url\" content=\"https:\/\/www.copealcoy.es\/es\/primeras-sanciones-para-usuarios-de-patinetes-electricos\/\" \/>\n<meta property=\"og:site_name\" content=\"COPE Alcoy\" \/>\n<meta property=\"article:published_time\" content=\"2022-02-24T08:00:30+00:00\" \/>\n<meta property=\"article:modified_time\" content=\"2022-02-25T15:46:00+00:00\" \/>\n<meta property=\"og:image\" content=\"https:\/\/www.copealcoy.es\/wp-content\/uploads\/2022\/02\/captura-de-reportatge-da-punt-pantalla-campanya-policia-local-amb-els-patinets.png\" \/>\n\t<meta property=\"og:image:width\" content=\"843\" \/>\n\t<meta property=\"og:image:height\" content=\"471\" \/>\n\t<meta property=\"og:image:type\" content=\"image\/png\" \/>\n<meta name=\"author\" content=\"Cope Alcoy\" \/>\n<meta name=\"twitter:label1\" content=\"Escrito por\" \/>\n\t<meta name=\"twitter:data1\" content=\"Cope Alcoy\" \/>\n\t<meta name=\"twitter:label2\" content=\"Tiempo de lectura\" \/>\n\t<meta name=\"twitter:data2\" content=\"2 minutos\" \/>\n<script type=\"application\/ld+json\" class=\"yoast-schema-graph\">{\"@context\":\"https:\\\/\\\/schema.org\",\"@graph\":[{\"@type\":\"Article\",\"@id\":\"https:\\\/\\\/www.copealcoy.es\\\/es\\\/primeras-sanciones-para-usuarios-de-patinetes-electricos\\\/#article\",\"isPartOf\":{\"@id\":\"https:\\\/\\\/www.copealcoy.es\\\/es\\\/primeras-sanciones-para-usuarios-de-patinetes-electricos\\\/\"},\"author\":{\"name\":\"Cope Alcoy\",\"@id\":\"https:\\\/\\\/www.copealcoy.es\\\/es\\\/#\\\/schema\\\/person\\\/e777c87fa024e57d40170af9df39882c\"},\"headline\":\"Primeras sanciones para usuarios de patinetes el\u00e9ctricos\",\"datePublished\":\"2022-02-24T08:00:30+00:00\",\"dateModified\":\"2022-02-25T15:46:00+00:00\",\"mainEntityOfPage\":{\"@id\":\"https:\\\/\\\/www.copealcoy.es\\\/es\\\/primeras-sanciones-para-usuarios-de-patinetes-electricos\\\/\"},\"wordCount\":473,\"commentCount\":0,\"image\":{\"@id\":\"https:\\\/\\\/www.copealcoy.es\\\/es\\\/primeras-sanciones-para-usuarios-de-patinetes-electricos\\\/#primaryimage\"},\"thumbnailUrl\":\"https:\\\/\\\/www.copealcoy.es\\\/wp-content\\\/uploads\\\/2022\\\/02\\\/captura-de-reportatge-da-punt-pantalla-campanya-policia-local-amb-els-patinets.png\",\"keywords\":[\"Alcoy\",\"normativa\",\"patinetes el\u00e9tricos\",\"Polic\u00eda Local\",\"sanciones\",\"uso\"],\"articleSection\":[\"Actualidad\",\"Alcoy\",\"Noticias\",\"Pol\u00edtica y Econom\u00eda\"],\"inLanguage\":\"es\"},{\"@type\":\"WebPage\",\"@id\":\"https:\\\/\\\/www.copealcoy.es\\\/es\\\/primeras-sanciones-para-usuarios-de-patinetes-electricos\\\/\",\"url\":\"https:\\\/\\\/www.copealcoy.es\\\/es\\\/primeras-sanciones-para-usuarios-de-patinetes-electricos\\\/\",\"name\":\"Primeras sanciones para usuarios de patinetes el\u00e9ctricos - COPE Alcoy\",\"isPartOf\":{\"@id\":\"https:\\\/\\\/www.copealcoy.es\\\/es\\\/#website\"},\"primaryImageOfPage\":{\"@id\":\"https:\\\/\\\/www.copealcoy.es\\\/es\\\/primeras-sanciones-para-usuarios-de-patinetes-electricos\\\/#primaryimage\"},\"image\":{\"@id\":\"https:\\\/\\\/www.copealcoy.es\\\/es\\\/primeras-sanciones-para-usuarios-de-patinetes-electricos\\\/#primaryimage\"},\"thumbnailUrl\":\"https:\\\/\\\/www.copealcoy.es\\\/wp-content\\\/uploads\\\/2022\\\/02\\\/captura-de-reportatge-da-punt-pantalla-campanya-policia-local-amb-els-patinets.png\",\"datePublished\":\"2022-02-24T08:00:30+00:00\",\"dateModified\":\"2022-02-25T15:46:00+00:00\",\"author\":{\"@id\":\"https:\\\/\\\/www.copealcoy.es\\\/es\\\/#\\\/schema\\\/person\\\/e777c87fa024e57d40170af9df39882c\"},\"breadcrumb\":{\"@id\":\"https:\\\/\\\/www.copealcoy.es\\\/es\\\/primeras-sanciones-para-usuarios-de-patinetes-electricos\\\/#breadcrumb\"},\"inLanguage\":\"es\",\"potentialAction\":[{\"@type\":\"ReadAction\",\"target\":[\"https:\\\/\\\/www.copealcoy.es\\\/es\\\/primeras-sanciones-para-usuarios-de-patinetes-electricos\\\/\"]}]},{\"@type\":\"ImageObject\",\"inLanguage\":\"es\",\"@id\":\"https:\\\/\\\/www.copealcoy.es\\\/es\\\/primeras-sanciones-para-usuarios-de-patinetes-electricos\\\/#primaryimage\",\"url\":\"https:\\\/\\\/www.copealcoy.es\\\/wp-content\\\/uploads\\\/2022\\\/02\\\/captura-de-reportatge-da-punt-pantalla-campanya-policia-local-amb-els-patinets.png\",\"contentUrl\":\"https:\\\/\\\/www.copealcoy.es\\\/wp-content\\\/uploads\\\/2022\\\/02\\\/captura-de-reportatge-da-punt-pantalla-campanya-policia-local-amb-els-patinets.png\",\"width\":843,\"height\":471},{\"@type\":\"BreadcrumbList\",\"@id\":\"https:\\\/\\\/www.copealcoy.es\\\/es\\\/primeras-sanciones-para-usuarios-de-patinetes-electricos\\\/#breadcrumb\",\"itemListElement\":[{\"@type\":\"ListItem\",\"position\":1,\"name\":\"Portada\",\"item\":\"https:\\\/\\\/www.copealcoy.es\\\/es\\\/\"},{\"@type\":\"ListItem\",\"position\":2,\"name\":\"Primeras sanciones para usuarios de patinetes el\u00e9ctricos\"}]},{\"@type\":\"WebSite\",\"@id\":\"https:\\\/\\\/www.copealcoy.es\\\/es\\\/#website\",\"url\":\"https:\\\/\\\/www.copealcoy.es\\\/es\\\/\",\"name\":\"COPE Alcoy\",\"description\":\"Emisora COPE de radio local con emisi\u00f3n online. Pont de Sant Jordi 8-10 03803 Alcoy\",\"potentialAction\":[{\"@type\":\"SearchAction\",\"target\":{\"@type\":\"EntryPoint\",\"urlTemplate\":\"https:\\\/\\\/www.copealcoy.es\\\/es\\\/?s={search_term_string}\"},\"query-input\":{\"@type\":\"PropertyValueSpecification\",\"valueRequired\":true,\"valueName\":\"search_term_string\"}}],\"inLanguage\":\"es\"},{\"@type\":\"Person\",\"@id\":\"https:\\\/\\\/www.copealcoy.es\\\/es\\\/#\\\/schema\\\/person\\\/e777c87fa024e57d40170af9df39882c\",\"name\":\"Cope Alcoy\",\"image\":{\"@type\":\"ImageObject\",\"inLanguage\":\"es\",\"@id\":\"https:\\\/\\\/secure.gravatar.com\\\/avatar\\\/bb65d0283347e303893ba14f0692005417c1e0e690a325a4c5d8bb2b3943ee14?s=96&d=mm&r=g\",\"url\":\"https:\\\/\\\/secure.gravatar.com\\\/avatar\\\/bb65d0283347e303893ba14f0692005417c1e0e690a325a4c5d8bb2b3943ee14?s=96&d=mm&r=g\",\"contentUrl\":\"https:\\\/\\\/secure.gravatar.com\\\/avatar\\\/bb65d0283347e303893ba14f0692005417c1e0e690a325a4c5d8bb2b3943ee14?s=96&d=mm&r=g\",\"caption\":\"Cope Alcoy\"}}]}<\/script>\n<!-- \/ Yoast SEO plugin. -->","yoast_head_json":{"title":"Primeras sanciones para usuarios de patinetes el\u00e9ctricos - COPE Alcoy","robots":{"index":"index","follow":"follow","max-snippet":"max-snippet:-1","max-image-preview":"max-image-preview:large","max-video-preview":"max-video-preview:-1"},"canonical":"https:\/\/www.copealcoy.es\/es\/primeras-sanciones-para-usuarios-de-patinetes-electricos\/","og_locale":"es_ES","og_type":"article","og_title":"Primeras sanciones para usuarios de patinetes el\u00e9ctricos - COPE Alcoy","og_description":"La Polic\u00eda Local de Alcoy ha interpuesto hasta el momento tres sanciones por no cumplir la ordenanza de circulaci\u00f3n y...","og_url":"https:\/\/www.copealcoy.es\/es\/primeras-sanciones-para-usuarios-de-patinetes-electricos\/","og_site_name":"COPE Alcoy","article_published_time":"2022-02-24T08:00:30+00:00","article_modified_time":"2022-02-25T15:46:00+00:00","og_image":[{"width":843,"height":471,"url":"https:\/\/www.copealcoy.es\/wp-content\/uploads\/2022\/02\/captura-de-reportatge-da-punt-pantalla-campanya-policia-local-amb-els-patinets.png","type":"image\/png"}],"author":"Cope Alcoy","twitter_misc":{"Escrito por":"Cope Alcoy","Tiempo de lectura":"2 minutos"},"schema":{"@context":"https:\/\/schema.org","@graph":[{"@type":"Article","@id":"https:\/\/www.copealcoy.es\/es\/primeras-sanciones-para-usuarios-de-patinetes-electricos\/#article","isPartOf":{"@id":"https:\/\/www.copealcoy.es\/es\/primeras-sanciones-para-usuarios-de-patinetes-electricos\/"},"author":{"name":"Cope Alcoy","@id":"https:\/\/www.copealcoy.es\/es\/#\/schema\/person\/e777c87fa024e57d40170af9df39882c"},"headline":"Primeras sanciones para usuarios de patinetes el\u00e9ctricos","datePublished":"2022-02-24T08:00:30+00:00","dateModified":"2022-02-25T15:46:00+00:00","mainEntityOfPage":{"@id":"https:\/\/www.copealcoy.es\/es\/primeras-sanciones-para-usuarios-de-patinetes-electricos\/"},"wordCount":473,"commentCount":0,"image":{"@id":"https:\/\/www.copealcoy.es\/es\/primeras-sanciones-para-usuarios-de-patinetes-electricos\/#primaryimage"},"thumbnailUrl":"https:\/\/www.copealcoy.es\/wp-content\/uploads\/2022\/02\/captura-de-reportatge-da-punt-pantalla-campanya-policia-local-amb-els-patinets.png","keywords":["Alcoy","normativa","patinetes el\u00e9tricos","Polic\u00eda Local","sanciones","uso"],"articleSection":["Actualidad","Alcoy","Noticias","Pol\u00edtica y Econom\u00eda"],"inLanguage":"es"},{"@type":"WebPage","@id":"https:\/\/www.copealcoy.es\/es\/primeras-sanciones-para-usuarios-de-patinetes-electricos\/","url":"https:\/\/www.copealcoy.es\/es\/primeras-sanciones-para-usuarios-de-patinetes-electricos\/","name":"Primeras sanciones para usuarios de patinetes el\u00e9ctricos - COPE Alcoy","isPartOf":{"@id":"https:\/\/www.copealcoy.es\/es\/#website"},"primaryImageOfPage":{"@id":"https:\/\/www.copealcoy.es\/es\/primeras-sanciones-para-usuarios-de-patinetes-electricos\/#primaryimage"},"image":{"@id":"https:\/\/www.copealcoy.es\/es\/primeras-sanciones-para-usuarios-de-patinetes-electricos\/#primaryimage"},"thumbnailUrl":"https:\/\/www.copealcoy.es\/wp-content\/uploads\/2022\/02\/captura-de-reportatge-da-punt-pantalla-campanya-policia-local-amb-els-patinets.png","datePublished":"2022-02-24T08:00:30+00:00","dateModified":"2022-02-25T15:46:00+00:00","author":{"@id":"https:\/\/www.copealcoy.es\/es\/#\/schema\/person\/e777c87fa024e57d40170af9df39882c"},"breadcrumb":{"@id":"https:\/\/www.copealcoy.es\/es\/primeras-sanciones-para-usuarios-de-patinetes-electricos\/#breadcrumb"},"inLanguage":"es","potentialAction":[{"@type":"ReadAction","target":["https:\/\/www.copealcoy.es\/es\/primeras-sanciones-para-usuarios-de-patinetes-electricos\/"]}]},{"@type":"ImageObject","inLanguage":"es","@id":"https:\/\/www.copealcoy.es\/es\/primeras-sanciones-para-usuarios-de-patinetes-electricos\/#primaryimage","url":"https:\/\/www.copealcoy.es\/wp-content\/uploads\/2022\/02\/captura-de-reportatge-da-punt-pantalla-campanya-policia-local-amb-els-patinets.png","contentUrl":"https:\/\/www.copealcoy.es\/wp-content\/uploads\/2022\/02\/captura-de-reportatge-da-punt-pantalla-campanya-policia-local-amb-els-patinets.png","width":843,"height":471},{"@type":"BreadcrumbList","@id":"https:\/\/www.copealcoy.es\/es\/primeras-sanciones-para-usuarios-de-patinetes-electricos\/#breadcrumb","itemListElement":[{"@type":"ListItem","position":1,"name":"Portada","item":"https:\/\/www.copealcoy.es\/es\/"},{"@type":"ListItem","position":2,"name":"Primeras sanciones para usuarios de patinetes el\u00e9ctricos"}]},{"@type":"WebSite","@id":"https:\/\/www.copealcoy.es\/es\/#website","url":"https:\/\/www.copealcoy.es\/es\/","name":"COPE Alcoy","description":"Emisora COPE de radio local con emisi\u00f3n online. Pont de Sant Jordi 8-10 03803 Alcoy","potentialAction":[{"@type":"SearchAction","target":{"@type":"EntryPoint","urlTemplate":"https:\/\/www.copealcoy.es\/es\/?s={search_term_string}"},"query-input":{"@type":"PropertyValueSpecification","valueRequired":true,"valueName":"search_term_string"}}],"inLanguage":"es"},{"@type":"Person","@id":"https:\/\/www.copealcoy.es\/es\/#\/schema\/person\/e777c87fa024e57d40170af9df39882c","name":"Cope Alcoy","image":{"@type":"ImageObject","inLanguage":"es","@id":"https:\/\/secure.gravatar.com\/avatar\/bb65d0283347e303893ba14f0692005417c1e0e690a325a4c5d8bb2b3943ee14?s=96&d=mm&r=g","url":"https:\/\/secure.gravatar.com\/avatar\/bb65d0283347e303893ba14f0692005417c1e0e690a325a4c5d8bb2b3943ee14?s=96&d=mm&r=g","contentUrl":"https:\/\/secure.gravatar.com\/avatar\/bb65d0283347e303893ba14f0692005417c1e0e690a325a4c5d8bb2b3943ee14?s=96&d=mm&r=g","caption":"Cope Alcoy"}}]}},"_links":{"self":[{"href":"https:\/\/www.copealcoy.es\/es\/wp-json\/wp\/v2\/posts\/84194","targetHints":{"allow":["GET"]}}],"collection":[{"href":"https:\/\/www.copealcoy.es\/es\/wp-json\/wp\/v2\/posts"}],"about":[{"href":"https:\/\/www.copealcoy.es\/es\/wp-json\/wp\/v2\/types\/post"}],"author":[{"embeddable":true,"href":"https:\/\/www.copealcoy.es\/es\/wp-json\/wp\/v2\/users\/1"}],"replies":[{"embeddable":true,"href":"https:\/\/www.copealcoy.es\/es\/wp-json\/wp\/v2\/comments?post=84194"}],"version-history":[{"count":0,"href":"https:\/\/www.copealcoy.es\/es\/wp-json\/wp\/v2\/posts\/84194\/revisions"}],"wp:featuredmedia":[{"embeddable":true,"href":"https:\/\/www.copealcoy.es\/es\/wp-json\/wp\/v2\/media\/84195"}],"wp:attachment":[{"href":"https:\/\/www.copealcoy.es\/es\/wp-json\/wp\/v2\/media?parent=84194"}],"wp:term":[{"taxonomy":"category","embeddable":true,"href":"https:\/\/www.copealcoy.es\/es\/wp-json\/wp\/v2\/categories?post=84194"},{"taxonomy":"post_tag","embeddable":true,"href":"https:\/\/www.copealcoy.es\/es\/wp-json\/wp\/v2\/tags?post=84194"}],"curies":[{"name":"wp","href":"https:\/\/api.w.org\/{rel}","templated":true}]}}