{"id":84163,"date":"2022-02-23T11:08:07","date_gmt":"2022-02-23T10:08:07","guid":{"rendered":"https:\/\/www.copealcoy.es\/?p=84163"},"modified":"2022-02-23T15:24:41","modified_gmt":"2022-02-23T14:24:41","slug":"ja-es-pot-votar-en-els-pressupostos-participatius-de-cocentaina","status":"publish","type":"post","link":"https:\/\/www.copealcoy.es\/es\/ja-es-pot-votar-en-els-pressupostos-participatius-de-cocentaina\/","title":{"rendered":"Ja es pot votar en els Pressupostos Participatius de Cocentaina"},"content":{"rendered":"<p style=\"text-align: justify;\">L&#8217;Ajuntament de Cocentaina ha iniciat aquesta setmana <strong>el proc\u00e9s de votaci\u00f3 de les dues propostes que han resultat viables dins de la campanya dels Pressupostos Participatius<\/strong> d&#8217;enguany. Els contestans i les contestanes <strong>podran votar fins al dia 27 de febrer<\/strong> a trav\u00e9s de la web <a href=\"https:\/\/www.cocentainaparticipa.com\/\"><span style=\"color: #0000ff;\"><strong>cocentainaparticipa.com<\/strong><\/span><\/a>.<\/p>\n<p style=\"text-align: justify;\">Seran dues les propostes entre les quals podr\u00e0 triar la ciutadania per tal que <strong>es puga executar amb la quantitat reservada als comptes locals<\/strong> per a les iniciatives sorgides dels Pressupostos Participatius. Es tracta d&#8217;una <strong>campanya d&#8217;esterilitzaci\u00f3 de gats<\/strong> i la <strong>col\u00b7locaci\u00f3 d&#8217;un betlem monumental<\/strong> als carrers del poble durant Nadal. Cal assenyalar que, per a poder votar, <strong>\u00e9s necessari tenir setze anys complits i estar empadronat o empadronada a Cocentaina<\/strong> &#8220;<em>animem a tota la ciutadania a participar en aquest proc\u00e9s de selecci\u00f3 per a triar la proposta m\u00e9s votada i poder comen\u00e7ar a executar-la. Tamb\u00e9 agra\u00efm a totes les persones que han participat en l\u2019edici\u00f3 2022 del Pressupost Participatiu<\/em>&#8220;, manifestaven <strong>Maite Valls<\/strong> (regidora de Participaci\u00f3 Ciutadana) i <strong>Mireia Estepa<\/strong> (alcaldessa del municipi).<\/p>\n<p style=\"text-align: justify;\">A causa de la pand\u00e8mia sols <strong>hi haur\u00e0 votaci\u00f3 en format en l\u00ednia<\/strong>. Com a novetat, <strong>es pot seguir en temps real la votaci\u00f3<\/strong> de les propostes a trav\u00e9s de la web cocentainaparticipa.com<\/p>\n","protected":false},"excerpt":{"rendered":"<p>L&#8217;Ajuntament de Cocentaina ha iniciat aquesta setmana el proc\u00e9s de votaci\u00f3 de les dues propostes que han resultat viables dins&#8230;<\/p>\n","protected":false},"author":1,"featured_media":68628,"comment_status":"open","ping_status":"open","sticky":false,"template":"","format":"standard","meta":{"footnotes":""},"categories":[98,75],"tags":[9579,132,10920,9669,12453],"class_list":["post-84163","post","type-post","status-publish","format-standard","has-post-thumbnail","hentry","category-comarcas","category-noticias","tag-campanya","tag-cocentaina","tag-maite-valls","tag-pressupostos-participatius","tag-votacio"],"yoast_head":"<!-- This site is optimized with the Yoast SEO plugin v27.3 - https:\/\/yoast.com\/product\/yoast-seo-wordpress\/ -->\n<title>Ja es pot votar en els Pressupostos Participatius de Cocentaina - COPE Alcoy<\/title>\n<meta name=\"robots\" content=\"index, follow, max-snippet:-1, max-image-preview:large, max-video-preview:-1\" \/>\n<link rel=\"canonical\" href=\"https:\/\/www.copealcoy.es\/es\/ja-es-pot-votar-en-els-pressupostos-participatius-de-cocentaina\/\" \/>\n<meta property=\"og:locale\" content=\"es_ES\" \/>\n<meta property=\"og:type\" content=\"article\" \/>\n<meta property=\"og:title\" content=\"Ja es pot votar en els Pressupostos Participatius de Cocentaina - COPE Alcoy\" \/>\n<meta property=\"og:description\" content=\"L&#8217;Ajuntament de Cocentaina ha iniciat aquesta setmana el proc\u00e9s de votaci\u00f3 de les dues propostes que han resultat viables dins...\" \/>\n<meta property=\"og:url\" content=\"https:\/\/www.copealcoy.es\/es\/ja-es-pot-votar-en-els-pressupostos-participatius-de-cocentaina\/\" \/>\n<meta property=\"og:site_name\" content=\"COPE Alcoy\" \/>\n<meta property=\"article:published_time\" content=\"2022-02-23T10:08:07+00:00\" \/>\n<meta property=\"article:modified_time\" content=\"2022-02-23T14:24:41+00:00\" \/>\n<meta property=\"og:image\" content=\"https:\/\/www.copealcoy.es\/wp-content\/uploads\/2020\/12\/130810017_222730166029631_1724536222578262797_o.jpg\" \/>\n\t<meta property=\"og:image:width\" content=\"1560\" \/>\n\t<meta property=\"og:image:height\" content=\"1170\" \/>\n\t<meta property=\"og:image:type\" content=\"image\/jpeg\" \/>\n<meta name=\"author\" content=\"Cope Alcoy\" \/>\n<meta name=\"twitter:label1\" content=\"Escrito por\" \/>\n\t<meta name=\"twitter:data1\" content=\"Cope Alcoy\" \/>\n\t<meta name=\"twitter:label2\" content=\"Tiempo de lectura\" \/>\n\t<meta name=\"twitter:data2\" content=\"1 minuto\" \/>\n<script type=\"application\/ld+json\" class=\"yoast-schema-graph\">{\"@context\":\"https:\\\/\\\/schema.org\",\"@graph\":[{\"@type\":\"Article\",\"@id\":\"https:\\\/\\\/www.copealcoy.es\\\/es\\\/ja-es-pot-votar-en-els-pressupostos-participatius-de-cocentaina\\\/#article\",\"isPartOf\":{\"@id\":\"https:\\\/\\\/www.copealcoy.es\\\/es\\\/ja-es-pot-votar-en-els-pressupostos-participatius-de-cocentaina\\\/\"},\"author\":{\"name\":\"Cope Alcoy\",\"@id\":\"https:\\\/\\\/www.copealcoy.es\\\/es\\\/#\\\/schema\\\/person\\\/e777c87fa024e57d40170af9df39882c\"},\"headline\":\"Ja es pot votar en els Pressupostos Participatius de Cocentaina\",\"datePublished\":\"2022-02-23T10:08:07+00:00\",\"dateModified\":\"2022-02-23T14:24:41+00:00\",\"mainEntityOfPage\":{\"@id\":\"https:\\\/\\\/www.copealcoy.es\\\/es\\\/ja-es-pot-votar-en-els-pressupostos-participatius-de-cocentaina\\\/\"},\"wordCount\":228,\"commentCount\":0,\"image\":{\"@id\":\"https:\\\/\\\/www.copealcoy.es\\\/es\\\/ja-es-pot-votar-en-els-pressupostos-participatius-de-cocentaina\\\/#primaryimage\"},\"thumbnailUrl\":\"https:\\\/\\\/www.copealcoy.es\\\/wp-content\\\/uploads\\\/2020\\\/12\\\/130810017_222730166029631_1724536222578262797_o.jpg\",\"keywords\":[\"campanya\",\"Cocentaina\",\"Maite Valls\",\"Pressupostos Participatius\",\"votaci\u00f3\"],\"articleSection\":[\"Comarcas\",\"Noticias\"],\"inLanguage\":\"es\"},{\"@type\":\"WebPage\",\"@id\":\"https:\\\/\\\/www.copealcoy.es\\\/es\\\/ja-es-pot-votar-en-els-pressupostos-participatius-de-cocentaina\\\/\",\"url\":\"https:\\\/\\\/www.copealcoy.es\\\/es\\\/ja-es-pot-votar-en-els-pressupostos-participatius-de-cocentaina\\\/\",\"name\":\"Ja es pot votar en els Pressupostos Participatius de Cocentaina - COPE Alcoy\",\"isPartOf\":{\"@id\":\"https:\\\/\\\/www.copealcoy.es\\\/es\\\/#website\"},\"primaryImageOfPage\":{\"@id\":\"https:\\\/\\\/www.copealcoy.es\\\/es\\\/ja-es-pot-votar-en-els-pressupostos-participatius-de-cocentaina\\\/#primaryimage\"},\"image\":{\"@id\":\"https:\\\/\\\/www.copealcoy.es\\\/es\\\/ja-es-pot-votar-en-els-pressupostos-participatius-de-cocentaina\\\/#primaryimage\"},\"thumbnailUrl\":\"https:\\\/\\\/www.copealcoy.es\\\/wp-content\\\/uploads\\\/2020\\\/12\\\/130810017_222730166029631_1724536222578262797_o.jpg\",\"datePublished\":\"2022-02-23T10:08:07+00:00\",\"dateModified\":\"2022-02-23T14:24:41+00:00\",\"author\":{\"@id\":\"https:\\\/\\\/www.copealcoy.es\\\/es\\\/#\\\/schema\\\/person\\\/e777c87fa024e57d40170af9df39882c\"},\"breadcrumb\":{\"@id\":\"https:\\\/\\\/www.copealcoy.es\\\/es\\\/ja-es-pot-votar-en-els-pressupostos-participatius-de-cocentaina\\\/#breadcrumb\"},\"inLanguage\":\"es\",\"potentialAction\":[{\"@type\":\"ReadAction\",\"target\":[\"https:\\\/\\\/www.copealcoy.es\\\/es\\\/ja-es-pot-votar-en-els-pressupostos-participatius-de-cocentaina\\\/\"]}]},{\"@type\":\"ImageObject\",\"inLanguage\":\"es\",\"@id\":\"https:\\\/\\\/www.copealcoy.es\\\/es\\\/ja-es-pot-votar-en-els-pressupostos-participatius-de-cocentaina\\\/#primaryimage\",\"url\":\"https:\\\/\\\/www.copealcoy.es\\\/wp-content\\\/uploads\\\/2020\\\/12\\\/130810017_222730166029631_1724536222578262797_o.jpg\",\"contentUrl\":\"https:\\\/\\\/www.copealcoy.es\\\/wp-content\\\/uploads\\\/2020\\\/12\\\/130810017_222730166029631_1724536222578262797_o.jpg\",\"width\":1560,\"height\":1170},{\"@type\":\"BreadcrumbList\",\"@id\":\"https:\\\/\\\/www.copealcoy.es\\\/es\\\/ja-es-pot-votar-en-els-pressupostos-participatius-de-cocentaina\\\/#breadcrumb\",\"itemListElement\":[{\"@type\":\"ListItem\",\"position\":1,\"name\":\"Portada\",\"item\":\"https:\\\/\\\/www.copealcoy.es\\\/es\\\/\"},{\"@type\":\"ListItem\",\"position\":2,\"name\":\"Ja es pot votar en els Pressupostos Participatius de Cocentaina\"}]},{\"@type\":\"WebSite\",\"@id\":\"https:\\\/\\\/www.copealcoy.es\\\/es\\\/#website\",\"url\":\"https:\\\/\\\/www.copealcoy.es\\\/es\\\/\",\"name\":\"COPE Alcoy\",\"description\":\"Emisora COPE de radio local con emisi\u00f3n online. Pont de Sant Jordi 8-10 03803 Alcoy\",\"potentialAction\":[{\"@type\":\"SearchAction\",\"target\":{\"@type\":\"EntryPoint\",\"urlTemplate\":\"https:\\\/\\\/www.copealcoy.es\\\/es\\\/?s={search_term_string}\"},\"query-input\":{\"@type\":\"PropertyValueSpecification\",\"valueRequired\":true,\"valueName\":\"search_term_string\"}}],\"inLanguage\":\"es\"},{\"@type\":\"Person\",\"@id\":\"https:\\\/\\\/www.copealcoy.es\\\/es\\\/#\\\/schema\\\/person\\\/e777c87fa024e57d40170af9df39882c\",\"name\":\"Cope Alcoy\",\"image\":{\"@type\":\"ImageObject\",\"inLanguage\":\"es\",\"@id\":\"https:\\\/\\\/secure.gravatar.com\\\/avatar\\\/bb65d0283347e303893ba14f0692005417c1e0e690a325a4c5d8bb2b3943ee14?s=96&d=mm&r=g\",\"url\":\"https:\\\/\\\/secure.gravatar.com\\\/avatar\\\/bb65d0283347e303893ba14f0692005417c1e0e690a325a4c5d8bb2b3943ee14?s=96&d=mm&r=g\",\"contentUrl\":\"https:\\\/\\\/secure.gravatar.com\\\/avatar\\\/bb65d0283347e303893ba14f0692005417c1e0e690a325a4c5d8bb2b3943ee14?s=96&d=mm&r=g\",\"caption\":\"Cope Alcoy\"}}]}<\/script>\n<!-- \/ Yoast SEO plugin. -->","yoast_head_json":{"title":"Ja es pot votar en els Pressupostos Participatius de Cocentaina - COPE Alcoy","robots":{"index":"index","follow":"follow","max-snippet":"max-snippet:-1","max-image-preview":"max-image-preview:large","max-video-preview":"max-video-preview:-1"},"canonical":"https:\/\/www.copealcoy.es\/es\/ja-es-pot-votar-en-els-pressupostos-participatius-de-cocentaina\/","og_locale":"es_ES","og_type":"article","og_title":"Ja es pot votar en els Pressupostos Participatius de Cocentaina - COPE Alcoy","og_description":"L&#8217;Ajuntament de Cocentaina ha iniciat aquesta setmana el proc\u00e9s de votaci\u00f3 de les dues propostes que han resultat viables dins...","og_url":"https:\/\/www.copealcoy.es\/es\/ja-es-pot-votar-en-els-pressupostos-participatius-de-cocentaina\/","og_site_name":"COPE Alcoy","article_published_time":"2022-02-23T10:08:07+00:00","article_modified_time":"2022-02-23T14:24:41+00:00","og_image":[{"width":1560,"height":1170,"url":"https:\/\/www.copealcoy.es\/wp-content\/uploads\/2020\/12\/130810017_222730166029631_1724536222578262797_o.jpg","type":"image\/jpeg"}],"author":"Cope Alcoy","twitter_misc":{"Escrito por":"Cope Alcoy","Tiempo de lectura":"1 minuto"},"schema":{"@context":"https:\/\/schema.org","@graph":[{"@type":"Article","@id":"https:\/\/www.copealcoy.es\/es\/ja-es-pot-votar-en-els-pressupostos-participatius-de-cocentaina\/#article","isPartOf":{"@id":"https:\/\/www.copealcoy.es\/es\/ja-es-pot-votar-en-els-pressupostos-participatius-de-cocentaina\/"},"author":{"name":"Cope Alcoy","@id":"https:\/\/www.copealcoy.es\/es\/#\/schema\/person\/e777c87fa024e57d40170af9df39882c"},"headline":"Ja es pot votar en els Pressupostos Participatius de Cocentaina","datePublished":"2022-02-23T10:08:07+00:00","dateModified":"2022-02-23T14:24:41+00:00","mainEntityOfPage":{"@id":"https:\/\/www.copealcoy.es\/es\/ja-es-pot-votar-en-els-pressupostos-participatius-de-cocentaina\/"},"wordCount":228,"commentCount":0,"image":{"@id":"https:\/\/www.copealcoy.es\/es\/ja-es-pot-votar-en-els-pressupostos-participatius-de-cocentaina\/#primaryimage"},"thumbnailUrl":"https:\/\/www.copealcoy.es\/wp-content\/uploads\/2020\/12\/130810017_222730166029631_1724536222578262797_o.jpg","keywords":["campanya","Cocentaina","Maite Valls","Pressupostos Participatius","votaci\u00f3"],"articleSection":["Comarcas","Noticias"],"inLanguage":"es"},{"@type":"WebPage","@id":"https:\/\/www.copealcoy.es\/es\/ja-es-pot-votar-en-els-pressupostos-participatius-de-cocentaina\/","url":"https:\/\/www.copealcoy.es\/es\/ja-es-pot-votar-en-els-pressupostos-participatius-de-cocentaina\/","name":"Ja es pot votar en els Pressupostos Participatius de Cocentaina - COPE Alcoy","isPartOf":{"@id":"https:\/\/www.copealcoy.es\/es\/#website"},"primaryImageOfPage":{"@id":"https:\/\/www.copealcoy.es\/es\/ja-es-pot-votar-en-els-pressupostos-participatius-de-cocentaina\/#primaryimage"},"image":{"@id":"https:\/\/www.copealcoy.es\/es\/ja-es-pot-votar-en-els-pressupostos-participatius-de-cocentaina\/#primaryimage"},"thumbnailUrl":"https:\/\/www.copealcoy.es\/wp-content\/uploads\/2020\/12\/130810017_222730166029631_1724536222578262797_o.jpg","datePublished":"2022-02-23T10:08:07+00:00","dateModified":"2022-02-23T14:24:41+00:00","author":{"@id":"https:\/\/www.copealcoy.es\/es\/#\/schema\/person\/e777c87fa024e57d40170af9df39882c"},"breadcrumb":{"@id":"https:\/\/www.copealcoy.es\/es\/ja-es-pot-votar-en-els-pressupostos-participatius-de-cocentaina\/#breadcrumb"},"inLanguage":"es","potentialAction":[{"@type":"ReadAction","target":["https:\/\/www.copealcoy.es\/es\/ja-es-pot-votar-en-els-pressupostos-participatius-de-cocentaina\/"]}]},{"@type":"ImageObject","inLanguage":"es","@id":"https:\/\/www.copealcoy.es\/es\/ja-es-pot-votar-en-els-pressupostos-participatius-de-cocentaina\/#primaryimage","url":"https:\/\/www.copealcoy.es\/wp-content\/uploads\/2020\/12\/130810017_222730166029631_1724536222578262797_o.jpg","contentUrl":"https:\/\/www.copealcoy.es\/wp-content\/uploads\/2020\/12\/130810017_222730166029631_1724536222578262797_o.jpg","width":1560,"height":1170},{"@type":"BreadcrumbList","@id":"https:\/\/www.copealcoy.es\/es\/ja-es-pot-votar-en-els-pressupostos-participatius-de-cocentaina\/#breadcrumb","itemListElement":[{"@type":"ListItem","position":1,"name":"Portada","item":"https:\/\/www.copealcoy.es\/es\/"},{"@type":"ListItem","position":2,"name":"Ja es pot votar en els Pressupostos Participatius de Cocentaina"}]},{"@type":"WebSite","@id":"https:\/\/www.copealcoy.es\/es\/#website","url":"https:\/\/www.copealcoy.es\/es\/","name":"COPE Alcoy","description":"Emisora COPE de radio local con emisi\u00f3n online. Pont de Sant Jordi 8-10 03803 Alcoy","potentialAction":[{"@type":"SearchAction","target":{"@type":"EntryPoint","urlTemplate":"https:\/\/www.copealcoy.es\/es\/?s={search_term_string}"},"query-input":{"@type":"PropertyValueSpecification","valueRequired":true,"valueName":"search_term_string"}}],"inLanguage":"es"},{"@type":"Person","@id":"https:\/\/www.copealcoy.es\/es\/#\/schema\/person\/e777c87fa024e57d40170af9df39882c","name":"Cope Alcoy","image":{"@type":"ImageObject","inLanguage":"es","@id":"https:\/\/secure.gravatar.com\/avatar\/bb65d0283347e303893ba14f0692005417c1e0e690a325a4c5d8bb2b3943ee14?s=96&d=mm&r=g","url":"https:\/\/secure.gravatar.com\/avatar\/bb65d0283347e303893ba14f0692005417c1e0e690a325a4c5d8bb2b3943ee14?s=96&d=mm&r=g","contentUrl":"https:\/\/secure.gravatar.com\/avatar\/bb65d0283347e303893ba14f0692005417c1e0e690a325a4c5d8bb2b3943ee14?s=96&d=mm&r=g","caption":"Cope Alcoy"}}]}},"_links":{"self":[{"href":"https:\/\/www.copealcoy.es\/es\/wp-json\/wp\/v2\/posts\/84163","targetHints":{"allow":["GET"]}}],"collection":[{"href":"https:\/\/www.copealcoy.es\/es\/wp-json\/wp\/v2\/posts"}],"about":[{"href":"https:\/\/www.copealcoy.es\/es\/wp-json\/wp\/v2\/types\/post"}],"author":[{"embeddable":true,"href":"https:\/\/www.copealcoy.es\/es\/wp-json\/wp\/v2\/users\/1"}],"replies":[{"embeddable":true,"href":"https:\/\/www.copealcoy.es\/es\/wp-json\/wp\/v2\/comments?post=84163"}],"version-history":[{"count":0,"href":"https:\/\/www.copealcoy.es\/es\/wp-json\/wp\/v2\/posts\/84163\/revisions"}],"wp:featuredmedia":[{"embeddable":true,"href":"https:\/\/www.copealcoy.es\/es\/wp-json\/wp\/v2\/media\/68628"}],"wp:attachment":[{"href":"https:\/\/www.copealcoy.es\/es\/wp-json\/wp\/v2\/media?parent=84163"}],"wp:term":[{"taxonomy":"category","embeddable":true,"href":"https:\/\/www.copealcoy.es\/es\/wp-json\/wp\/v2\/categories?post=84163"},{"taxonomy":"post_tag","embeddable":true,"href":"https:\/\/www.copealcoy.es\/es\/wp-json\/wp\/v2\/tags?post=84163"}],"curies":[{"name":"wp","href":"https:\/\/api.w.org\/{rel}","templated":true}]}}