{"id":84145,"date":"2022-02-22T20:55:29","date_gmt":"2022-02-22T19:55:29","guid":{"rendered":"https:\/\/www.copealcoy.es\/?p=84145"},"modified":"2022-02-22T20:55:29","modified_gmt":"2022-02-22T19:55:29","slug":"quique-ruiz-es-momento-de-que-impere-el-sentido-comun","status":"publish","type":"post","link":"https:\/\/www.copealcoy.es\/es\/quique-ruiz-es-momento-de-que-impere-el-sentido-comun\/","title":{"rendered":"Quique Ruiz: &#8220;es momento de que impere el sentido com\u00fan&#8221;"},"content":{"rendered":"<p style=\"text-align: justify;\">El Partido Popular de Alcoy se ha pronunciado sobre la situaci\u00f3n que vive la formaci\u00f3n a nivel nacional tras el enfrentamiento que desde hace d\u00edas mantienen el l\u00edder (Pablo Casado) y la Presidenta de la Comunidad de Madrid (Isabel D\u00edaz Ayuso). El choque entre ambos dirigentes ha llegado hasta tal extremo que esta misma tarde ha anunciado su dimisi\u00f3n el Secretario General; <a href=\"https:\/\/www.cope.es\/actualidad\/espana\/noticias\/teodoro-garcia-egea-dimite-como-secretario-general-del-partido-popular-20220222_1906700\"><span style=\"color: #0000ff;\"><strong>Teodoro Garc\u00eda Egea<\/strong><\/span><\/a>.<\/p>\n<p style=\"text-align: justify;\">Desde el PP alcoyano no toman parte en ninguna de las posiciones pero si que piden perd\u00f3n a la ciudadan\u00eda, militantes y simpatizantes ante los acontecimientos que se est\u00e1n viviendo. Adem\u00e1s recuerdan que el Partido Popular &#8220;es la \u00fanica alternativa viable hoy en d\u00eda a las pol\u00edticas que est\u00e1 haciendo el PSOE en las diferentes administraciones. Entendemos que nosotros, como la resta de agrupaciones locales, tenemos que seguir trabajando para preservar la credibilidad as\u00ed como la fuerza del partido&#8221;, dijo ayer el portavoz en nuestra ciudad; Quique Ruiz.<\/p>\n<p style=\"text-align: justify;\">Indicar que tras la dimisi\u00f3n de Garc\u00eda Egea todas las miradas est\u00e1n ahora mismo puestas en Pablo Casado. En las altas esferas se habla ya de su inminente dimisi\u00f3n como presidente del partido.<\/p>\n","protected":false},"excerpt":{"rendered":"<p>El Partido Popular de Alcoy se ha pronunciado sobre la situaci\u00f3n que vive la formaci\u00f3n a nivel nacional tras el&#8230;<\/p>\n","protected":false},"author":1,"featured_media":83115,"comment_status":"open","ping_status":"open","sticky":false,"template":"","format":"standard","meta":{"footnotes":""},"categories":[6909,97,75,79],"tags":[7315,12448,6148,448,6934],"class_list":["post-84145","post","type-post","status-publish","format-standard","has-post-thumbnail","hentry","category-actualidad","category-alcoy","category-noticias","category-politicayeconomia","tag-crisis","tag-isabel-diaz-ayuso","tag-pablo-casado","tag-partido-popular","tag-quique-ruiz"],"yoast_head":"<!-- This site is optimized with the Yoast SEO plugin v27.3 - https:\/\/yoast.com\/product\/yoast-seo-wordpress\/ -->\n<title>Quique Ruiz: &quot;es momento de que impere el sentido com\u00fan&quot; - COPE Alcoy<\/title>\n<meta name=\"robots\" content=\"index, follow, max-snippet:-1, max-image-preview:large, max-video-preview:-1\" \/>\n<link rel=\"canonical\" href=\"https:\/\/www.copealcoy.es\/es\/quique-ruiz-es-momento-de-que-impere-el-sentido-comun\/\" \/>\n<meta property=\"og:locale\" content=\"es_ES\" \/>\n<meta property=\"og:type\" content=\"article\" \/>\n<meta property=\"og:title\" content=\"Quique Ruiz: &quot;es momento de que impere el sentido com\u00fan&quot; - COPE Alcoy\" \/>\n<meta property=\"og:description\" content=\"El Partido Popular de Alcoy se ha pronunciado sobre la situaci\u00f3n que vive la formaci\u00f3n a nivel nacional tras el...\" \/>\n<meta property=\"og:url\" content=\"https:\/\/www.copealcoy.es\/es\/quique-ruiz-es-momento-de-que-impere-el-sentido-comun\/\" \/>\n<meta property=\"og:site_name\" content=\"COPE Alcoy\" \/>\n<meta property=\"article:published_time\" content=\"2022-02-22T19:55:29+00:00\" \/>\n<meta property=\"og:image\" content=\"https:\/\/www.copealcoy.es\/wp-content\/uploads\/2022\/01\/unnamed-22-scaled.jpg\" \/>\n\t<meta property=\"og:image:width\" content=\"2560\" \/>\n\t<meta property=\"og:image:height\" content=\"1920\" \/>\n\t<meta property=\"og:image:type\" content=\"image\/jpeg\" \/>\n<meta name=\"author\" content=\"Cope Alcoy\" \/>\n<meta name=\"twitter:label1\" content=\"Escrito por\" \/>\n\t<meta name=\"twitter:data1\" content=\"Cope Alcoy\" \/>\n\t<meta name=\"twitter:label2\" content=\"Tiempo de lectura\" \/>\n\t<meta name=\"twitter:data2\" content=\"1 minuto\" \/>\n<script type=\"application\/ld+json\" class=\"yoast-schema-graph\">{\"@context\":\"https:\\\/\\\/schema.org\",\"@graph\":[{\"@type\":\"Article\",\"@id\":\"https:\\\/\\\/www.copealcoy.es\\\/es\\\/quique-ruiz-es-momento-de-que-impere-el-sentido-comun\\\/#article\",\"isPartOf\":{\"@id\":\"https:\\\/\\\/www.copealcoy.es\\\/es\\\/quique-ruiz-es-momento-de-que-impere-el-sentido-comun\\\/\"},\"author\":{\"name\":\"Cope Alcoy\",\"@id\":\"https:\\\/\\\/www.copealcoy.es\\\/es\\\/#\\\/schema\\\/person\\\/e777c87fa024e57d40170af9df39882c\"},\"headline\":\"Quique Ruiz: &#8220;es momento de que impere el sentido com\u00fan&#8221;\",\"datePublished\":\"2022-02-22T19:55:29+00:00\",\"mainEntityOfPage\":{\"@id\":\"https:\\\/\\\/www.copealcoy.es\\\/es\\\/quique-ruiz-es-momento-de-que-impere-el-sentido-comun\\\/\"},\"wordCount\":214,\"commentCount\":0,\"image\":{\"@id\":\"https:\\\/\\\/www.copealcoy.es\\\/es\\\/quique-ruiz-es-momento-de-que-impere-el-sentido-comun\\\/#primaryimage\"},\"thumbnailUrl\":\"https:\\\/\\\/www.copealcoy.es\\\/wp-content\\\/uploads\\\/2022\\\/01\\\/unnamed-22-scaled.jpg\",\"keywords\":[\"crisis\",\"Isabel D\u00edaz Ayuso\",\"Pablo Casado\",\"Partido Popular\",\"Quique Ruiz\"],\"articleSection\":[\"Actualidad\",\"Alcoy\",\"Noticias\",\"Pol\u00edtica y Econom\u00eda\"],\"inLanguage\":\"es\"},{\"@type\":\"WebPage\",\"@id\":\"https:\\\/\\\/www.copealcoy.es\\\/es\\\/quique-ruiz-es-momento-de-que-impere-el-sentido-comun\\\/\",\"url\":\"https:\\\/\\\/www.copealcoy.es\\\/es\\\/quique-ruiz-es-momento-de-que-impere-el-sentido-comun\\\/\",\"name\":\"Quique Ruiz: \\\"es momento de que impere el sentido com\u00fan\\\" - COPE Alcoy\",\"isPartOf\":{\"@id\":\"https:\\\/\\\/www.copealcoy.es\\\/es\\\/#website\"},\"primaryImageOfPage\":{\"@id\":\"https:\\\/\\\/www.copealcoy.es\\\/es\\\/quique-ruiz-es-momento-de-que-impere-el-sentido-comun\\\/#primaryimage\"},\"image\":{\"@id\":\"https:\\\/\\\/www.copealcoy.es\\\/es\\\/quique-ruiz-es-momento-de-que-impere-el-sentido-comun\\\/#primaryimage\"},\"thumbnailUrl\":\"https:\\\/\\\/www.copealcoy.es\\\/wp-content\\\/uploads\\\/2022\\\/01\\\/unnamed-22-scaled.jpg\",\"datePublished\":\"2022-02-22T19:55:29+00:00\",\"author\":{\"@id\":\"https:\\\/\\\/www.copealcoy.es\\\/es\\\/#\\\/schema\\\/person\\\/e777c87fa024e57d40170af9df39882c\"},\"breadcrumb\":{\"@id\":\"https:\\\/\\\/www.copealcoy.es\\\/es\\\/quique-ruiz-es-momento-de-que-impere-el-sentido-comun\\\/#breadcrumb\"},\"inLanguage\":\"es\",\"potentialAction\":[{\"@type\":\"ReadAction\",\"target\":[\"https:\\\/\\\/www.copealcoy.es\\\/es\\\/quique-ruiz-es-momento-de-que-impere-el-sentido-comun\\\/\"]}]},{\"@type\":\"ImageObject\",\"inLanguage\":\"es\",\"@id\":\"https:\\\/\\\/www.copealcoy.es\\\/es\\\/quique-ruiz-es-momento-de-que-impere-el-sentido-comun\\\/#primaryimage\",\"url\":\"https:\\\/\\\/www.copealcoy.es\\\/wp-content\\\/uploads\\\/2022\\\/01\\\/unnamed-22-scaled.jpg\",\"contentUrl\":\"https:\\\/\\\/www.copealcoy.es\\\/wp-content\\\/uploads\\\/2022\\\/01\\\/unnamed-22-scaled.jpg\",\"width\":2560,\"height\":1920},{\"@type\":\"BreadcrumbList\",\"@id\":\"https:\\\/\\\/www.copealcoy.es\\\/es\\\/quique-ruiz-es-momento-de-que-impere-el-sentido-comun\\\/#breadcrumb\",\"itemListElement\":[{\"@type\":\"ListItem\",\"position\":1,\"name\":\"Portada\",\"item\":\"https:\\\/\\\/www.copealcoy.es\\\/es\\\/\"},{\"@type\":\"ListItem\",\"position\":2,\"name\":\"Quique Ruiz: &#8220;es momento de que impere el sentido com\u00fan&#8221;\"}]},{\"@type\":\"WebSite\",\"@id\":\"https:\\\/\\\/www.copealcoy.es\\\/es\\\/#website\",\"url\":\"https:\\\/\\\/www.copealcoy.es\\\/es\\\/\",\"name\":\"COPE Alcoy\",\"description\":\"Emisora COPE de radio local con emisi\u00f3n online. Pont de Sant Jordi 8-10 03803 Alcoy\",\"potentialAction\":[{\"@type\":\"SearchAction\",\"target\":{\"@type\":\"EntryPoint\",\"urlTemplate\":\"https:\\\/\\\/www.copealcoy.es\\\/es\\\/?s={search_term_string}\"},\"query-input\":{\"@type\":\"PropertyValueSpecification\",\"valueRequired\":true,\"valueName\":\"search_term_string\"}}],\"inLanguage\":\"es\"},{\"@type\":\"Person\",\"@id\":\"https:\\\/\\\/www.copealcoy.es\\\/es\\\/#\\\/schema\\\/person\\\/e777c87fa024e57d40170af9df39882c\",\"name\":\"Cope Alcoy\",\"image\":{\"@type\":\"ImageObject\",\"inLanguage\":\"es\",\"@id\":\"https:\\\/\\\/secure.gravatar.com\\\/avatar\\\/bb65d0283347e303893ba14f0692005417c1e0e690a325a4c5d8bb2b3943ee14?s=96&d=mm&r=g\",\"url\":\"https:\\\/\\\/secure.gravatar.com\\\/avatar\\\/bb65d0283347e303893ba14f0692005417c1e0e690a325a4c5d8bb2b3943ee14?s=96&d=mm&r=g\",\"contentUrl\":\"https:\\\/\\\/secure.gravatar.com\\\/avatar\\\/bb65d0283347e303893ba14f0692005417c1e0e690a325a4c5d8bb2b3943ee14?s=96&d=mm&r=g\",\"caption\":\"Cope Alcoy\"}}]}<\/script>\n<!-- \/ Yoast SEO plugin. -->","yoast_head_json":{"title":"Quique Ruiz: \"es momento de que impere el sentido com\u00fan\" - COPE Alcoy","robots":{"index":"index","follow":"follow","max-snippet":"max-snippet:-1","max-image-preview":"max-image-preview:large","max-video-preview":"max-video-preview:-1"},"canonical":"https:\/\/www.copealcoy.es\/es\/quique-ruiz-es-momento-de-que-impere-el-sentido-comun\/","og_locale":"es_ES","og_type":"article","og_title":"Quique Ruiz: \"es momento de que impere el sentido com\u00fan\" - COPE Alcoy","og_description":"El Partido Popular de Alcoy se ha pronunciado sobre la situaci\u00f3n que vive la formaci\u00f3n a nivel nacional tras el...","og_url":"https:\/\/www.copealcoy.es\/es\/quique-ruiz-es-momento-de-que-impere-el-sentido-comun\/","og_site_name":"COPE Alcoy","article_published_time":"2022-02-22T19:55:29+00:00","og_image":[{"width":2560,"height":1920,"url":"https:\/\/www.copealcoy.es\/wp-content\/uploads\/2022\/01\/unnamed-22-scaled.jpg","type":"image\/jpeg"}],"author":"Cope Alcoy","twitter_misc":{"Escrito por":"Cope Alcoy","Tiempo de lectura":"1 minuto"},"schema":{"@context":"https:\/\/schema.org","@graph":[{"@type":"Article","@id":"https:\/\/www.copealcoy.es\/es\/quique-ruiz-es-momento-de-que-impere-el-sentido-comun\/#article","isPartOf":{"@id":"https:\/\/www.copealcoy.es\/es\/quique-ruiz-es-momento-de-que-impere-el-sentido-comun\/"},"author":{"name":"Cope Alcoy","@id":"https:\/\/www.copealcoy.es\/es\/#\/schema\/person\/e777c87fa024e57d40170af9df39882c"},"headline":"Quique Ruiz: &#8220;es momento de que impere el sentido com\u00fan&#8221;","datePublished":"2022-02-22T19:55:29+00:00","mainEntityOfPage":{"@id":"https:\/\/www.copealcoy.es\/es\/quique-ruiz-es-momento-de-que-impere-el-sentido-comun\/"},"wordCount":214,"commentCount":0,"image":{"@id":"https:\/\/www.copealcoy.es\/es\/quique-ruiz-es-momento-de-que-impere-el-sentido-comun\/#primaryimage"},"thumbnailUrl":"https:\/\/www.copealcoy.es\/wp-content\/uploads\/2022\/01\/unnamed-22-scaled.jpg","keywords":["crisis","Isabel D\u00edaz Ayuso","Pablo Casado","Partido Popular","Quique Ruiz"],"articleSection":["Actualidad","Alcoy","Noticias","Pol\u00edtica y Econom\u00eda"],"inLanguage":"es"},{"@type":"WebPage","@id":"https:\/\/www.copealcoy.es\/es\/quique-ruiz-es-momento-de-que-impere-el-sentido-comun\/","url":"https:\/\/www.copealcoy.es\/es\/quique-ruiz-es-momento-de-que-impere-el-sentido-comun\/","name":"Quique Ruiz: \"es momento de que impere el sentido com\u00fan\" - COPE Alcoy","isPartOf":{"@id":"https:\/\/www.copealcoy.es\/es\/#website"},"primaryImageOfPage":{"@id":"https:\/\/www.copealcoy.es\/es\/quique-ruiz-es-momento-de-que-impere-el-sentido-comun\/#primaryimage"},"image":{"@id":"https:\/\/www.copealcoy.es\/es\/quique-ruiz-es-momento-de-que-impere-el-sentido-comun\/#primaryimage"},"thumbnailUrl":"https:\/\/www.copealcoy.es\/wp-content\/uploads\/2022\/01\/unnamed-22-scaled.jpg","datePublished":"2022-02-22T19:55:29+00:00","author":{"@id":"https:\/\/www.copealcoy.es\/es\/#\/schema\/person\/e777c87fa024e57d40170af9df39882c"},"breadcrumb":{"@id":"https:\/\/www.copealcoy.es\/es\/quique-ruiz-es-momento-de-que-impere-el-sentido-comun\/#breadcrumb"},"inLanguage":"es","potentialAction":[{"@type":"ReadAction","target":["https:\/\/www.copealcoy.es\/es\/quique-ruiz-es-momento-de-que-impere-el-sentido-comun\/"]}]},{"@type":"ImageObject","inLanguage":"es","@id":"https:\/\/www.copealcoy.es\/es\/quique-ruiz-es-momento-de-que-impere-el-sentido-comun\/#primaryimage","url":"https:\/\/www.copealcoy.es\/wp-content\/uploads\/2022\/01\/unnamed-22-scaled.jpg","contentUrl":"https:\/\/www.copealcoy.es\/wp-content\/uploads\/2022\/01\/unnamed-22-scaled.jpg","width":2560,"height":1920},{"@type":"BreadcrumbList","@id":"https:\/\/www.copealcoy.es\/es\/quique-ruiz-es-momento-de-que-impere-el-sentido-comun\/#breadcrumb","itemListElement":[{"@type":"ListItem","position":1,"name":"Portada","item":"https:\/\/www.copealcoy.es\/es\/"},{"@type":"ListItem","position":2,"name":"Quique Ruiz: &#8220;es momento de que impere el sentido com\u00fan&#8221;"}]},{"@type":"WebSite","@id":"https:\/\/www.copealcoy.es\/es\/#website","url":"https:\/\/www.copealcoy.es\/es\/","name":"COPE Alcoy","description":"Emisora COPE de radio local con emisi\u00f3n online. Pont de Sant Jordi 8-10 03803 Alcoy","potentialAction":[{"@type":"SearchAction","target":{"@type":"EntryPoint","urlTemplate":"https:\/\/www.copealcoy.es\/es\/?s={search_term_string}"},"query-input":{"@type":"PropertyValueSpecification","valueRequired":true,"valueName":"search_term_string"}}],"inLanguage":"es"},{"@type":"Person","@id":"https:\/\/www.copealcoy.es\/es\/#\/schema\/person\/e777c87fa024e57d40170af9df39882c","name":"Cope Alcoy","image":{"@type":"ImageObject","inLanguage":"es","@id":"https:\/\/secure.gravatar.com\/avatar\/bb65d0283347e303893ba14f0692005417c1e0e690a325a4c5d8bb2b3943ee14?s=96&d=mm&r=g","url":"https:\/\/secure.gravatar.com\/avatar\/bb65d0283347e303893ba14f0692005417c1e0e690a325a4c5d8bb2b3943ee14?s=96&d=mm&r=g","contentUrl":"https:\/\/secure.gravatar.com\/avatar\/bb65d0283347e303893ba14f0692005417c1e0e690a325a4c5d8bb2b3943ee14?s=96&d=mm&r=g","caption":"Cope Alcoy"}}]}},"_links":{"self":[{"href":"https:\/\/www.copealcoy.es\/es\/wp-json\/wp\/v2\/posts\/84145","targetHints":{"allow":["GET"]}}],"collection":[{"href":"https:\/\/www.copealcoy.es\/es\/wp-json\/wp\/v2\/posts"}],"about":[{"href":"https:\/\/www.copealcoy.es\/es\/wp-json\/wp\/v2\/types\/post"}],"author":[{"embeddable":true,"href":"https:\/\/www.copealcoy.es\/es\/wp-json\/wp\/v2\/users\/1"}],"replies":[{"embeddable":true,"href":"https:\/\/www.copealcoy.es\/es\/wp-json\/wp\/v2\/comments?post=84145"}],"version-history":[{"count":0,"href":"https:\/\/www.copealcoy.es\/es\/wp-json\/wp\/v2\/posts\/84145\/revisions"}],"wp:featuredmedia":[{"embeddable":true,"href":"https:\/\/www.copealcoy.es\/es\/wp-json\/wp\/v2\/media\/83115"}],"wp:attachment":[{"href":"https:\/\/www.copealcoy.es\/es\/wp-json\/wp\/v2\/media?parent=84145"}],"wp:term":[{"taxonomy":"category","embeddable":true,"href":"https:\/\/www.copealcoy.es\/es\/wp-json\/wp\/v2\/categories?post=84145"},{"taxonomy":"post_tag","embeddable":true,"href":"https:\/\/www.copealcoy.es\/es\/wp-json\/wp\/v2\/tags?post=84145"}],"curies":[{"name":"wp","href":"https:\/\/api.w.org\/{rel}","templated":true}]}}