{"id":84143,"date":"2022-02-22T18:27:33","date_gmt":"2022-02-22T17:27:33","guid":{"rendered":"https:\/\/www.copealcoy.es\/?p=84143"},"modified":"2022-02-22T18:27:33","modified_gmt":"2022-02-22T17:27:33","slug":"el-covid-deja-20-muertos-en-la-comunidad-valenciana-y-nueva-bajada-de-contagios","status":"publish","type":"post","link":"https:\/\/www.copealcoy.es\/es\/el-covid-deja-20-muertos-en-la-comunidad-valenciana-y-nueva-bajada-de-contagios\/","title":{"rendered":"El Covid deja 20 muertos en la Comunidad Valenciana y nueva bajada de contagios"},"content":{"rendered":"<p style=\"text-align: justify;\">La\u00a0<strong><span style=\"color: #0000ff;\"><a style=\"color: #0000ff;\" href=\"http:\/\/san.gva.es\/\">Conselleria de Sanidad Universal y Salud P\u00fablica<\/a>\u00a0<\/span><\/strong>ha notificado un total de\u00a0<strong>3.919 nuevos casos de coronavirus<\/strong>\u00a0confirmados por prueba PCR o a trav\u00e9s de test de ant\u00edgenos. Con esta actualizaci\u00f3n, la cifra total de positivos se sit\u00faa en 1.279.098 personas. Los nuevos casos por provincias son 354 en Castell\u00f3n (155.134 en total), 1.125 en Alicante (448.111), 2.440 en Valencia (675.846). La cifra de casos no asignados se mantiene en 7.<\/p>\n<p style=\"text-align: justify;\">Respecto al\u00a0<strong>n\u00famero de altas, se han registrado 10.688.<\/strong>\u00a0De esta forma, el n\u00famero de personas que han superado la enfermedad desde que comenz\u00f3 la pandemia en la Comunitat Valenciana es de 1.234.515. Por provincias, las altas se distribuyen as\u00ed: 150.350 en Castell\u00f3n, 433.360 en Alicante y 650.744 en Valencia. El total de altas no asignadas asciende a 61.<\/p>\n<p style=\"text-align: justify;\">Los hospitales valencianos tienen, actualmente,\u00a0<strong>1.065 personas ingresadas<\/strong>, 113 de ellas en la UCI: 148 en la provincia de Castell\u00f3n, 11 en UCI; 323 en la provincia de Alicante, 34 de ellas en la UCI; y 594 en la provincia de Valencia, 68 en UCI.<\/p>\n<p style=\"text-align: justify;\"><strong>Se han notificado 20 fallecimientos por coronavirus desde la \u00faltima actualizaci\u00f3n<\/strong>, todos de los \u00faltimos siete d\u00edas. Se trata de siete mujeres, de entre 79 y 95 a\u00f1os, y trece hombres, de entre 52 y 95 a\u00f1os. El total de decesos desde el inicio de la pandemia asciende a 8.967: 1.034 en la provincia de Castell\u00f3n, 3.419 en la de Alicante y 4.514 en la de Valencia.<\/p>\n<p style=\"text-align: justify;\">De acuerdo con los datos registrados, en estos momentos hay <strong>47.057 casos activos<\/strong>, lo que supone un 3,65% del total de positivos.<\/p>\n","protected":false},"excerpt":{"rendered":"<p>La\u00a0Conselleria de Sanidad Universal y Salud P\u00fablica\u00a0ha notificado un total de\u00a03.919 nuevos casos de coronavirus\u00a0confirmados por prueba PCR o a&#8230;<\/p>\n","protected":false},"author":1,"featured_media":83773,"comment_status":"open","ping_status":"open","sticky":false,"template":"","format":"standard","meta":{"footnotes":""},"categories":[6909,98,75],"tags":[1768,7281,7397,10050,7477],"class_list":["post-84143","post","type-post","status-publish","format-standard","has-post-thumbnail","hentry","category-actualidad","category-comarcas","category-noticias","tag-comunitat-valenciana","tag-coronavirus","tag-covid-19","tag-crisis-sanitaria","tag-pandemia"],"yoast_head":"<!-- This site is optimized with the Yoast SEO plugin v27.3 - https:\/\/yoast.com\/product\/yoast-seo-wordpress\/ -->\n<title>El Covid deja 20 muertos en la Comunidad Valenciana y nueva bajada de contagios - COPE Alcoy<\/title>\n<meta name=\"robots\" content=\"index, follow, max-snippet:-1, max-image-preview:large, max-video-preview:-1\" \/>\n<link rel=\"canonical\" href=\"https:\/\/www.copealcoy.es\/es\/el-covid-deja-20-muertos-en-la-comunidad-valenciana-y-nueva-bajada-de-contagios\/\" \/>\n<meta property=\"og:locale\" content=\"es_ES\" \/>\n<meta property=\"og:type\" content=\"article\" \/>\n<meta property=\"og:title\" content=\"El Covid deja 20 muertos en la Comunidad Valenciana y nueva bajada de contagios - COPE Alcoy\" \/>\n<meta property=\"og:description\" content=\"La\u00a0Conselleria de Sanidad Universal y Salud P\u00fablica\u00a0ha notificado un total de\u00a03.919 nuevos casos de coronavirus\u00a0confirmados por prueba PCR o a...\" \/>\n<meta property=\"og:url\" content=\"https:\/\/www.copealcoy.es\/es\/el-covid-deja-20-muertos-en-la-comunidad-valenciana-y-nueva-bajada-de-contagios\/\" \/>\n<meta property=\"og:site_name\" content=\"COPE Alcoy\" \/>\n<meta property=\"article:published_time\" content=\"2022-02-22T17:27:33+00:00\" \/>\n<meta property=\"og:image\" content=\"https:\/\/www.copealcoy.es\/wp-content\/uploads\/2022\/02\/1630671244402.jpg\" \/>\n\t<meta property=\"og:image:width\" content=\"976\" \/>\n\t<meta property=\"og:image:height\" content=\"546\" \/>\n\t<meta property=\"og:image:type\" content=\"image\/jpeg\" \/>\n<meta name=\"author\" content=\"Cope Alcoy\" \/>\n<meta name=\"twitter:label1\" content=\"Escrito por\" \/>\n\t<meta name=\"twitter:data1\" content=\"Cope Alcoy\" \/>\n\t<meta name=\"twitter:label2\" content=\"Tiempo de lectura\" \/>\n\t<meta name=\"twitter:data2\" content=\"2 minutos\" \/>\n<script type=\"application\/ld+json\" class=\"yoast-schema-graph\">{\"@context\":\"https:\\\/\\\/schema.org\",\"@graph\":[{\"@type\":\"Article\",\"@id\":\"https:\\\/\\\/www.copealcoy.es\\\/es\\\/el-covid-deja-20-muertos-en-la-comunidad-valenciana-y-nueva-bajada-de-contagios\\\/#article\",\"isPartOf\":{\"@id\":\"https:\\\/\\\/www.copealcoy.es\\\/es\\\/el-covid-deja-20-muertos-en-la-comunidad-valenciana-y-nueva-bajada-de-contagios\\\/\"},\"author\":{\"name\":\"Cope Alcoy\",\"@id\":\"https:\\\/\\\/www.copealcoy.es\\\/es\\\/#\\\/schema\\\/person\\\/e777c87fa024e57d40170af9df39882c\"},\"headline\":\"El Covid deja 20 muertos en la Comunidad Valenciana y nueva bajada de contagios\",\"datePublished\":\"2022-02-22T17:27:33+00:00\",\"mainEntityOfPage\":{\"@id\":\"https:\\\/\\\/www.copealcoy.es\\\/es\\\/el-covid-deja-20-muertos-en-la-comunidad-valenciana-y-nueva-bajada-de-contagios\\\/\"},\"wordCount\":259,\"commentCount\":0,\"image\":{\"@id\":\"https:\\\/\\\/www.copealcoy.es\\\/es\\\/el-covid-deja-20-muertos-en-la-comunidad-valenciana-y-nueva-bajada-de-contagios\\\/#primaryimage\"},\"thumbnailUrl\":\"https:\\\/\\\/www.copealcoy.es\\\/wp-content\\\/uploads\\\/2022\\\/02\\\/1630671244402.jpg\",\"keywords\":[\"Comunitat Valenciana\",\"Coronavirus\",\"Covid-19\",\"crisis sanitaria\",\"pandemia\"],\"articleSection\":[\"Actualidad\",\"Comarcas\",\"Noticias\"],\"inLanguage\":\"es\"},{\"@type\":\"WebPage\",\"@id\":\"https:\\\/\\\/www.copealcoy.es\\\/es\\\/el-covid-deja-20-muertos-en-la-comunidad-valenciana-y-nueva-bajada-de-contagios\\\/\",\"url\":\"https:\\\/\\\/www.copealcoy.es\\\/es\\\/el-covid-deja-20-muertos-en-la-comunidad-valenciana-y-nueva-bajada-de-contagios\\\/\",\"name\":\"El Covid deja 20 muertos en la Comunidad Valenciana y nueva bajada de contagios - COPE Alcoy\",\"isPartOf\":{\"@id\":\"https:\\\/\\\/www.copealcoy.es\\\/es\\\/#website\"},\"primaryImageOfPage\":{\"@id\":\"https:\\\/\\\/www.copealcoy.es\\\/es\\\/el-covid-deja-20-muertos-en-la-comunidad-valenciana-y-nueva-bajada-de-contagios\\\/#primaryimage\"},\"image\":{\"@id\":\"https:\\\/\\\/www.copealcoy.es\\\/es\\\/el-covid-deja-20-muertos-en-la-comunidad-valenciana-y-nueva-bajada-de-contagios\\\/#primaryimage\"},\"thumbnailUrl\":\"https:\\\/\\\/www.copealcoy.es\\\/wp-content\\\/uploads\\\/2022\\\/02\\\/1630671244402.jpg\",\"datePublished\":\"2022-02-22T17:27:33+00:00\",\"author\":{\"@id\":\"https:\\\/\\\/www.copealcoy.es\\\/es\\\/#\\\/schema\\\/person\\\/e777c87fa024e57d40170af9df39882c\"},\"breadcrumb\":{\"@id\":\"https:\\\/\\\/www.copealcoy.es\\\/es\\\/el-covid-deja-20-muertos-en-la-comunidad-valenciana-y-nueva-bajada-de-contagios\\\/#breadcrumb\"},\"inLanguage\":\"es\",\"potentialAction\":[{\"@type\":\"ReadAction\",\"target\":[\"https:\\\/\\\/www.copealcoy.es\\\/es\\\/el-covid-deja-20-muertos-en-la-comunidad-valenciana-y-nueva-bajada-de-contagios\\\/\"]}]},{\"@type\":\"ImageObject\",\"inLanguage\":\"es\",\"@id\":\"https:\\\/\\\/www.copealcoy.es\\\/es\\\/el-covid-deja-20-muertos-en-la-comunidad-valenciana-y-nueva-bajada-de-contagios\\\/#primaryimage\",\"url\":\"https:\\\/\\\/www.copealcoy.es\\\/wp-content\\\/uploads\\\/2022\\\/02\\\/1630671244402.jpg\",\"contentUrl\":\"https:\\\/\\\/www.copealcoy.es\\\/wp-content\\\/uploads\\\/2022\\\/02\\\/1630671244402.jpg\",\"width\":976,\"height\":546},{\"@type\":\"BreadcrumbList\",\"@id\":\"https:\\\/\\\/www.copealcoy.es\\\/es\\\/el-covid-deja-20-muertos-en-la-comunidad-valenciana-y-nueva-bajada-de-contagios\\\/#breadcrumb\",\"itemListElement\":[{\"@type\":\"ListItem\",\"position\":1,\"name\":\"Portada\",\"item\":\"https:\\\/\\\/www.copealcoy.es\\\/es\\\/\"},{\"@type\":\"ListItem\",\"position\":2,\"name\":\"El Covid deja 20 muertos en la Comunidad Valenciana y nueva bajada de contagios\"}]},{\"@type\":\"WebSite\",\"@id\":\"https:\\\/\\\/www.copealcoy.es\\\/es\\\/#website\",\"url\":\"https:\\\/\\\/www.copealcoy.es\\\/es\\\/\",\"name\":\"COPE Alcoy\",\"description\":\"Emisora COPE de radio local con emisi\u00f3n online. Pont de Sant Jordi 8-10 03803 Alcoy\",\"potentialAction\":[{\"@type\":\"SearchAction\",\"target\":{\"@type\":\"EntryPoint\",\"urlTemplate\":\"https:\\\/\\\/www.copealcoy.es\\\/es\\\/?s={search_term_string}\"},\"query-input\":{\"@type\":\"PropertyValueSpecification\",\"valueRequired\":true,\"valueName\":\"search_term_string\"}}],\"inLanguage\":\"es\"},{\"@type\":\"Person\",\"@id\":\"https:\\\/\\\/www.copealcoy.es\\\/es\\\/#\\\/schema\\\/person\\\/e777c87fa024e57d40170af9df39882c\",\"name\":\"Cope Alcoy\",\"image\":{\"@type\":\"ImageObject\",\"inLanguage\":\"es\",\"@id\":\"https:\\\/\\\/secure.gravatar.com\\\/avatar\\\/bb65d0283347e303893ba14f0692005417c1e0e690a325a4c5d8bb2b3943ee14?s=96&d=mm&r=g\",\"url\":\"https:\\\/\\\/secure.gravatar.com\\\/avatar\\\/bb65d0283347e303893ba14f0692005417c1e0e690a325a4c5d8bb2b3943ee14?s=96&d=mm&r=g\",\"contentUrl\":\"https:\\\/\\\/secure.gravatar.com\\\/avatar\\\/bb65d0283347e303893ba14f0692005417c1e0e690a325a4c5d8bb2b3943ee14?s=96&d=mm&r=g\",\"caption\":\"Cope Alcoy\"}}]}<\/script>\n<!-- \/ Yoast SEO plugin. -->","yoast_head_json":{"title":"El Covid deja 20 muertos en la Comunidad Valenciana y nueva bajada de contagios - COPE Alcoy","robots":{"index":"index","follow":"follow","max-snippet":"max-snippet:-1","max-image-preview":"max-image-preview:large","max-video-preview":"max-video-preview:-1"},"canonical":"https:\/\/www.copealcoy.es\/es\/el-covid-deja-20-muertos-en-la-comunidad-valenciana-y-nueva-bajada-de-contagios\/","og_locale":"es_ES","og_type":"article","og_title":"El Covid deja 20 muertos en la Comunidad Valenciana y nueva bajada de contagios - COPE Alcoy","og_description":"La\u00a0Conselleria de Sanidad Universal y Salud P\u00fablica\u00a0ha notificado un total de\u00a03.919 nuevos casos de coronavirus\u00a0confirmados por prueba PCR o a...","og_url":"https:\/\/www.copealcoy.es\/es\/el-covid-deja-20-muertos-en-la-comunidad-valenciana-y-nueva-bajada-de-contagios\/","og_site_name":"COPE Alcoy","article_published_time":"2022-02-22T17:27:33+00:00","og_image":[{"width":976,"height":546,"url":"https:\/\/www.copealcoy.es\/wp-content\/uploads\/2022\/02\/1630671244402.jpg","type":"image\/jpeg"}],"author":"Cope Alcoy","twitter_misc":{"Escrito por":"Cope Alcoy","Tiempo de lectura":"2 minutos"},"schema":{"@context":"https:\/\/schema.org","@graph":[{"@type":"Article","@id":"https:\/\/www.copealcoy.es\/es\/el-covid-deja-20-muertos-en-la-comunidad-valenciana-y-nueva-bajada-de-contagios\/#article","isPartOf":{"@id":"https:\/\/www.copealcoy.es\/es\/el-covid-deja-20-muertos-en-la-comunidad-valenciana-y-nueva-bajada-de-contagios\/"},"author":{"name":"Cope Alcoy","@id":"https:\/\/www.copealcoy.es\/es\/#\/schema\/person\/e777c87fa024e57d40170af9df39882c"},"headline":"El Covid deja 20 muertos en la Comunidad Valenciana y nueva bajada de contagios","datePublished":"2022-02-22T17:27:33+00:00","mainEntityOfPage":{"@id":"https:\/\/www.copealcoy.es\/es\/el-covid-deja-20-muertos-en-la-comunidad-valenciana-y-nueva-bajada-de-contagios\/"},"wordCount":259,"commentCount":0,"image":{"@id":"https:\/\/www.copealcoy.es\/es\/el-covid-deja-20-muertos-en-la-comunidad-valenciana-y-nueva-bajada-de-contagios\/#primaryimage"},"thumbnailUrl":"https:\/\/www.copealcoy.es\/wp-content\/uploads\/2022\/02\/1630671244402.jpg","keywords":["Comunitat Valenciana","Coronavirus","Covid-19","crisis sanitaria","pandemia"],"articleSection":["Actualidad","Comarcas","Noticias"],"inLanguage":"es"},{"@type":"WebPage","@id":"https:\/\/www.copealcoy.es\/es\/el-covid-deja-20-muertos-en-la-comunidad-valenciana-y-nueva-bajada-de-contagios\/","url":"https:\/\/www.copealcoy.es\/es\/el-covid-deja-20-muertos-en-la-comunidad-valenciana-y-nueva-bajada-de-contagios\/","name":"El Covid deja 20 muertos en la Comunidad Valenciana y nueva bajada de contagios - COPE Alcoy","isPartOf":{"@id":"https:\/\/www.copealcoy.es\/es\/#website"},"primaryImageOfPage":{"@id":"https:\/\/www.copealcoy.es\/es\/el-covid-deja-20-muertos-en-la-comunidad-valenciana-y-nueva-bajada-de-contagios\/#primaryimage"},"image":{"@id":"https:\/\/www.copealcoy.es\/es\/el-covid-deja-20-muertos-en-la-comunidad-valenciana-y-nueva-bajada-de-contagios\/#primaryimage"},"thumbnailUrl":"https:\/\/www.copealcoy.es\/wp-content\/uploads\/2022\/02\/1630671244402.jpg","datePublished":"2022-02-22T17:27:33+00:00","author":{"@id":"https:\/\/www.copealcoy.es\/es\/#\/schema\/person\/e777c87fa024e57d40170af9df39882c"},"breadcrumb":{"@id":"https:\/\/www.copealcoy.es\/es\/el-covid-deja-20-muertos-en-la-comunidad-valenciana-y-nueva-bajada-de-contagios\/#breadcrumb"},"inLanguage":"es","potentialAction":[{"@type":"ReadAction","target":["https:\/\/www.copealcoy.es\/es\/el-covid-deja-20-muertos-en-la-comunidad-valenciana-y-nueva-bajada-de-contagios\/"]}]},{"@type":"ImageObject","inLanguage":"es","@id":"https:\/\/www.copealcoy.es\/es\/el-covid-deja-20-muertos-en-la-comunidad-valenciana-y-nueva-bajada-de-contagios\/#primaryimage","url":"https:\/\/www.copealcoy.es\/wp-content\/uploads\/2022\/02\/1630671244402.jpg","contentUrl":"https:\/\/www.copealcoy.es\/wp-content\/uploads\/2022\/02\/1630671244402.jpg","width":976,"height":546},{"@type":"BreadcrumbList","@id":"https:\/\/www.copealcoy.es\/es\/el-covid-deja-20-muertos-en-la-comunidad-valenciana-y-nueva-bajada-de-contagios\/#breadcrumb","itemListElement":[{"@type":"ListItem","position":1,"name":"Portada","item":"https:\/\/www.copealcoy.es\/es\/"},{"@type":"ListItem","position":2,"name":"El Covid deja 20 muertos en la Comunidad Valenciana y nueva bajada de contagios"}]},{"@type":"WebSite","@id":"https:\/\/www.copealcoy.es\/es\/#website","url":"https:\/\/www.copealcoy.es\/es\/","name":"COPE Alcoy","description":"Emisora COPE de radio local con emisi\u00f3n online. Pont de Sant Jordi 8-10 03803 Alcoy","potentialAction":[{"@type":"SearchAction","target":{"@type":"EntryPoint","urlTemplate":"https:\/\/www.copealcoy.es\/es\/?s={search_term_string}"},"query-input":{"@type":"PropertyValueSpecification","valueRequired":true,"valueName":"search_term_string"}}],"inLanguage":"es"},{"@type":"Person","@id":"https:\/\/www.copealcoy.es\/es\/#\/schema\/person\/e777c87fa024e57d40170af9df39882c","name":"Cope Alcoy","image":{"@type":"ImageObject","inLanguage":"es","@id":"https:\/\/secure.gravatar.com\/avatar\/bb65d0283347e303893ba14f0692005417c1e0e690a325a4c5d8bb2b3943ee14?s=96&d=mm&r=g","url":"https:\/\/secure.gravatar.com\/avatar\/bb65d0283347e303893ba14f0692005417c1e0e690a325a4c5d8bb2b3943ee14?s=96&d=mm&r=g","contentUrl":"https:\/\/secure.gravatar.com\/avatar\/bb65d0283347e303893ba14f0692005417c1e0e690a325a4c5d8bb2b3943ee14?s=96&d=mm&r=g","caption":"Cope Alcoy"}}]}},"_links":{"self":[{"href":"https:\/\/www.copealcoy.es\/es\/wp-json\/wp\/v2\/posts\/84143","targetHints":{"allow":["GET"]}}],"collection":[{"href":"https:\/\/www.copealcoy.es\/es\/wp-json\/wp\/v2\/posts"}],"about":[{"href":"https:\/\/www.copealcoy.es\/es\/wp-json\/wp\/v2\/types\/post"}],"author":[{"embeddable":true,"href":"https:\/\/www.copealcoy.es\/es\/wp-json\/wp\/v2\/users\/1"}],"replies":[{"embeddable":true,"href":"https:\/\/www.copealcoy.es\/es\/wp-json\/wp\/v2\/comments?post=84143"}],"version-history":[{"count":0,"href":"https:\/\/www.copealcoy.es\/es\/wp-json\/wp\/v2\/posts\/84143\/revisions"}],"wp:featuredmedia":[{"embeddable":true,"href":"https:\/\/www.copealcoy.es\/es\/wp-json\/wp\/v2\/media\/83773"}],"wp:attachment":[{"href":"https:\/\/www.copealcoy.es\/es\/wp-json\/wp\/v2\/media?parent=84143"}],"wp:term":[{"taxonomy":"category","embeddable":true,"href":"https:\/\/www.copealcoy.es\/es\/wp-json\/wp\/v2\/categories?post=84143"},{"taxonomy":"post_tag","embeddable":true,"href":"https:\/\/www.copealcoy.es\/es\/wp-json\/wp\/v2\/tags?post=84143"}],"curies":[{"name":"wp","href":"https:\/\/api.w.org\/{rel}","templated":true}]}}