{"id":84141,"date":"2022-02-22T18:20:17","date_gmt":"2022-02-22T17:20:17","guid":{"rendered":"https:\/\/www.copealcoy.es\/?p=84141"},"modified":"2022-02-22T18:20:17","modified_gmt":"2022-02-22T17:20:17","slug":"estas-son-las-recomendaciones-para-semana-santa-en-la-comunitat","status":"publish","type":"post","link":"https:\/\/www.copealcoy.es\/es\/estas-son-las-recomendaciones-para-semana-santa-en-la-comunitat\/","title":{"rendered":"Estas son las recomendaciones para Semana Santa en la Comunitat"},"content":{"rendered":"<p style=\"text-align: justify;\">La <strong>Conselleria de Sanidad ha publicado ya las recomendaciones para la celebraci\u00f3n de la Semana Santa en la Comunitat Valenciana que atienen en especial a las cofrad\u00edas y hermandades<\/strong>\u00a0para poder celebrar ensayos y fiestas con la m\u00e1xima prudencia pero tambi\u00e9n en el contexto nuevo de relajaci\u00f3n de medidas.<\/p>\n<p style=\"text-align: justify;\">De acuerdo con la situaci\u00f3n epidemiol\u00f3gica actual,\u00a0<strong>el escrito elaborado por Sanidad, ademas de remitir al cumplimiento de las medidas generales para la ciudadan\u00eda establecidas en la normativa para el control de la COVID-19, especialmente las referidas a uso de mascarillas, distancia interpersonal, higiene\u00a0<\/strong>respiratoria e higiene de manos, adicionalmente se hacen las siguientes recomendaciones:<\/p>\n<ul style=\"text-align: justify;\">\n<li><strong>Reducir el n\u00famero de ensayos\u00a0<\/strong>en la medida de lo posible.<\/li>\n<li><strong>Designar a una persona para desempe\u00f1ar funciones de control de las medidas\u00a0<\/strong>recomendadas.<\/li>\n<li><strong>Mantener las reuniones previas o posteriores en lugares al aire libre\u00a0<\/strong>o en su defecto en lugares bien ventilados.<\/li>\n<li><strong>Evitar el uso de faldones o elementos que dificulten la ventilaci\u00f3n<\/strong>\u00a0dentro de los pasos o los tronos.<\/li>\n<li><strong>Usar mascarilla en todo momento<\/strong><\/li>\n<li>Durante las paradas o descansos del ensayo,<strong>\u00a0salir del paso y mantener la adecuada distancia interpersonal especialmente para actividades como comer, beber o fumar.<\/strong><\/li>\n<\/ul>\n<p style=\"text-align: justify;\">El resto de recomendaciones son las gen\u00e9rcias de prevenci\u00f3n para la poblaci\u00f3n general como:<\/p>\n<ul>\n<li style=\"text-align: justify;\"><strong>No acudir al ensayo en caso de s\u00edntomas compatibles con COVID-19, <\/strong>aislamiento por positividad en prueba diagn\u00f3stica (incluido autodiagn\u00f3stico) o si se es contacto estrecho de un caso positivo en per\u00edodo de cuarentena (aunque se tenga pauta de vacunaci\u00f3n completa).<\/li>\n<li style=\"text-align: justify;\"><strong>Lavado y desinfecci\u00f3n de manos previa al inicio del ensayo.<\/strong><\/li>\n<li><strong>Mantener el uso de la mascarilla en transporte p\u00fablico o privado compartido por no convivientes<\/strong><\/li>\n<\/ul>\n<p style=\"text-align: justify;\">La Generalitat <strong>ha eliminado pr\u00e1cticamente todas las restricciones<\/strong> y asegura que <strong>la evoluci\u00f3n de la pandemia<\/strong> hace que la Comunitat Valenciana entre en un nuevo escenario de &#8220;<em>normalidad&#8221;<\/em> que <strong>permite recuperar la mayor\u00eda de actividades<\/strong> como las Fallas o las celebraciones de Semana Santa.<\/p>\n","protected":false},"excerpt":{"rendered":"<p>La Conselleria de Sanidad ha publicado ya las recomendaciones para la celebraci\u00f3n de la Semana Santa en la Comunitat Valenciana&#8230;<\/p>\n","protected":false},"author":1,"featured_media":11862,"comment_status":"open","ping_status":"open","sticky":false,"template":"","format":"standard","meta":{"footnotes":""},"categories":[6909,78,75],"tags":[1768,9631,7397,10628,7477,745],"class_list":["post-84141","post","type-post","status-publish","format-standard","has-post-thumbnail","hentry","category-actualidad","category-fiestaycultura","category-noticias","tag-comunitat-valenciana","tag-conselleria-sanitat","tag-covid-19","tag-medidas-sanitarias","tag-pandemia","tag-semana-santa"],"yoast_head":"<!-- This site is optimized with the Yoast SEO plugin v27.3 - https:\/\/yoast.com\/product\/yoast-seo-wordpress\/ -->\n<title>Estas son las recomendaciones para Semana Santa en la Comunitat - COPE Alcoy<\/title>\n<meta name=\"robots\" content=\"index, follow, max-snippet:-1, max-image-preview:large, max-video-preview:-1\" \/>\n<link rel=\"canonical\" href=\"https:\/\/www.copealcoy.es\/es\/estas-son-las-recomendaciones-para-semana-santa-en-la-comunitat\/\" \/>\n<meta property=\"og:locale\" content=\"es_ES\" \/>\n<meta property=\"og:type\" content=\"article\" \/>\n<meta property=\"og:title\" content=\"Estas son las recomendaciones para Semana Santa en la Comunitat - COPE Alcoy\" \/>\n<meta property=\"og:description\" content=\"La Conselleria de Sanidad ha publicado ya las recomendaciones para la celebraci\u00f3n de la Semana Santa en la Comunitat Valenciana...\" \/>\n<meta property=\"og:url\" content=\"https:\/\/www.copealcoy.es\/es\/estas-son-las-recomendaciones-para-semana-santa-en-la-comunitat\/\" \/>\n<meta property=\"og:site_name\" content=\"COPE Alcoy\" \/>\n<meta property=\"article:published_time\" content=\"2022-02-22T17:20:17+00:00\" \/>\n<meta property=\"og:image\" content=\"https:\/\/www.copealcoy.es\/wp-content\/uploads\/2015\/04\/foto02encuentro.jpg\" \/>\n\t<meta property=\"og:image:width\" content=\"567\" \/>\n\t<meta property=\"og:image:height\" content=\"319\" \/>\n\t<meta property=\"og:image:type\" content=\"image\/jpeg\" \/>\n<meta name=\"author\" content=\"Cope Alcoy\" \/>\n<meta name=\"twitter:label1\" content=\"Escrito por\" \/>\n\t<meta name=\"twitter:data1\" content=\"Cope Alcoy\" \/>\n\t<meta name=\"twitter:label2\" content=\"Tiempo de lectura\" \/>\n\t<meta name=\"twitter:data2\" content=\"2 minutos\" \/>\n<script type=\"application\/ld+json\" class=\"yoast-schema-graph\">{\"@context\":\"https:\\\/\\\/schema.org\",\"@graph\":[{\"@type\":\"Article\",\"@id\":\"https:\\\/\\\/www.copealcoy.es\\\/es\\\/estas-son-las-recomendaciones-para-semana-santa-en-la-comunitat\\\/#article\",\"isPartOf\":{\"@id\":\"https:\\\/\\\/www.copealcoy.es\\\/es\\\/estas-son-las-recomendaciones-para-semana-santa-en-la-comunitat\\\/\"},\"author\":{\"name\":\"Cope Alcoy\",\"@id\":\"https:\\\/\\\/www.copealcoy.es\\\/es\\\/#\\\/schema\\\/person\\\/e777c87fa024e57d40170af9df39882c\"},\"headline\":\"Estas son las recomendaciones para Semana Santa en la Comunitat\",\"datePublished\":\"2022-02-22T17:20:17+00:00\",\"mainEntityOfPage\":{\"@id\":\"https:\\\/\\\/www.copealcoy.es\\\/es\\\/estas-son-las-recomendaciones-para-semana-santa-en-la-comunitat\\\/\"},\"wordCount\":351,\"commentCount\":0,\"image\":{\"@id\":\"https:\\\/\\\/www.copealcoy.es\\\/es\\\/estas-son-las-recomendaciones-para-semana-santa-en-la-comunitat\\\/#primaryimage\"},\"thumbnailUrl\":\"https:\\\/\\\/www.copealcoy.es\\\/wp-content\\\/uploads\\\/2015\\\/04\\\/foto02encuentro.jpg\",\"keywords\":[\"Comunitat Valenciana\",\"Conselleria Sanitat\",\"Covid-19\",\"medidas sanitarias\",\"pandemia\",\"Semana Santa\"],\"articleSection\":[\"Actualidad\",\"Fiesta y Cultura\",\"Noticias\"],\"inLanguage\":\"es\"},{\"@type\":\"WebPage\",\"@id\":\"https:\\\/\\\/www.copealcoy.es\\\/es\\\/estas-son-las-recomendaciones-para-semana-santa-en-la-comunitat\\\/\",\"url\":\"https:\\\/\\\/www.copealcoy.es\\\/es\\\/estas-son-las-recomendaciones-para-semana-santa-en-la-comunitat\\\/\",\"name\":\"Estas son las recomendaciones para Semana Santa en la Comunitat - COPE Alcoy\",\"isPartOf\":{\"@id\":\"https:\\\/\\\/www.copealcoy.es\\\/es\\\/#website\"},\"primaryImageOfPage\":{\"@id\":\"https:\\\/\\\/www.copealcoy.es\\\/es\\\/estas-son-las-recomendaciones-para-semana-santa-en-la-comunitat\\\/#primaryimage\"},\"image\":{\"@id\":\"https:\\\/\\\/www.copealcoy.es\\\/es\\\/estas-son-las-recomendaciones-para-semana-santa-en-la-comunitat\\\/#primaryimage\"},\"thumbnailUrl\":\"https:\\\/\\\/www.copealcoy.es\\\/wp-content\\\/uploads\\\/2015\\\/04\\\/foto02encuentro.jpg\",\"datePublished\":\"2022-02-22T17:20:17+00:00\",\"author\":{\"@id\":\"https:\\\/\\\/www.copealcoy.es\\\/es\\\/#\\\/schema\\\/person\\\/e777c87fa024e57d40170af9df39882c\"},\"breadcrumb\":{\"@id\":\"https:\\\/\\\/www.copealcoy.es\\\/es\\\/estas-son-las-recomendaciones-para-semana-santa-en-la-comunitat\\\/#breadcrumb\"},\"inLanguage\":\"es\",\"potentialAction\":[{\"@type\":\"ReadAction\",\"target\":[\"https:\\\/\\\/www.copealcoy.es\\\/es\\\/estas-son-las-recomendaciones-para-semana-santa-en-la-comunitat\\\/\"]}]},{\"@type\":\"ImageObject\",\"inLanguage\":\"es\",\"@id\":\"https:\\\/\\\/www.copealcoy.es\\\/es\\\/estas-son-las-recomendaciones-para-semana-santa-en-la-comunitat\\\/#primaryimage\",\"url\":\"https:\\\/\\\/www.copealcoy.es\\\/wp-content\\\/uploads\\\/2015\\\/04\\\/foto02encuentro.jpg\",\"contentUrl\":\"https:\\\/\\\/www.copealcoy.es\\\/wp-content\\\/uploads\\\/2015\\\/04\\\/foto02encuentro.jpg\",\"width\":567,\"height\":319,\"caption\":\"La Semana Santa Alcotana cuenta con m\u00e1s participaci\u00f3n\"},{\"@type\":\"BreadcrumbList\",\"@id\":\"https:\\\/\\\/www.copealcoy.es\\\/es\\\/estas-son-las-recomendaciones-para-semana-santa-en-la-comunitat\\\/#breadcrumb\",\"itemListElement\":[{\"@type\":\"ListItem\",\"position\":1,\"name\":\"Portada\",\"item\":\"https:\\\/\\\/www.copealcoy.es\\\/es\\\/\"},{\"@type\":\"ListItem\",\"position\":2,\"name\":\"Estas son las recomendaciones para Semana Santa en la Comunitat\"}]},{\"@type\":\"WebSite\",\"@id\":\"https:\\\/\\\/www.copealcoy.es\\\/es\\\/#website\",\"url\":\"https:\\\/\\\/www.copealcoy.es\\\/es\\\/\",\"name\":\"COPE Alcoy\",\"description\":\"Emisora COPE de radio local con emisi\u00f3n online. Pont de Sant Jordi 8-10 03803 Alcoy\",\"potentialAction\":[{\"@type\":\"SearchAction\",\"target\":{\"@type\":\"EntryPoint\",\"urlTemplate\":\"https:\\\/\\\/www.copealcoy.es\\\/es\\\/?s={search_term_string}\"},\"query-input\":{\"@type\":\"PropertyValueSpecification\",\"valueRequired\":true,\"valueName\":\"search_term_string\"}}],\"inLanguage\":\"es\"},{\"@type\":\"Person\",\"@id\":\"https:\\\/\\\/www.copealcoy.es\\\/es\\\/#\\\/schema\\\/person\\\/e777c87fa024e57d40170af9df39882c\",\"name\":\"Cope Alcoy\",\"image\":{\"@type\":\"ImageObject\",\"inLanguage\":\"es\",\"@id\":\"https:\\\/\\\/secure.gravatar.com\\\/avatar\\\/bb65d0283347e303893ba14f0692005417c1e0e690a325a4c5d8bb2b3943ee14?s=96&d=mm&r=g\",\"url\":\"https:\\\/\\\/secure.gravatar.com\\\/avatar\\\/bb65d0283347e303893ba14f0692005417c1e0e690a325a4c5d8bb2b3943ee14?s=96&d=mm&r=g\",\"contentUrl\":\"https:\\\/\\\/secure.gravatar.com\\\/avatar\\\/bb65d0283347e303893ba14f0692005417c1e0e690a325a4c5d8bb2b3943ee14?s=96&d=mm&r=g\",\"caption\":\"Cope Alcoy\"}}]}<\/script>\n<!-- \/ Yoast SEO plugin. -->","yoast_head_json":{"title":"Estas son las recomendaciones para Semana Santa en la Comunitat - COPE Alcoy","robots":{"index":"index","follow":"follow","max-snippet":"max-snippet:-1","max-image-preview":"max-image-preview:large","max-video-preview":"max-video-preview:-1"},"canonical":"https:\/\/www.copealcoy.es\/es\/estas-son-las-recomendaciones-para-semana-santa-en-la-comunitat\/","og_locale":"es_ES","og_type":"article","og_title":"Estas son las recomendaciones para Semana Santa en la Comunitat - COPE Alcoy","og_description":"La Conselleria de Sanidad ha publicado ya las recomendaciones para la celebraci\u00f3n de la Semana Santa en la Comunitat Valenciana...","og_url":"https:\/\/www.copealcoy.es\/es\/estas-son-las-recomendaciones-para-semana-santa-en-la-comunitat\/","og_site_name":"COPE Alcoy","article_published_time":"2022-02-22T17:20:17+00:00","og_image":[{"width":567,"height":319,"url":"https:\/\/www.copealcoy.es\/wp-content\/uploads\/2015\/04\/foto02encuentro.jpg","type":"image\/jpeg"}],"author":"Cope Alcoy","twitter_misc":{"Escrito por":"Cope Alcoy","Tiempo de lectura":"2 minutos"},"schema":{"@context":"https:\/\/schema.org","@graph":[{"@type":"Article","@id":"https:\/\/www.copealcoy.es\/es\/estas-son-las-recomendaciones-para-semana-santa-en-la-comunitat\/#article","isPartOf":{"@id":"https:\/\/www.copealcoy.es\/es\/estas-son-las-recomendaciones-para-semana-santa-en-la-comunitat\/"},"author":{"name":"Cope Alcoy","@id":"https:\/\/www.copealcoy.es\/es\/#\/schema\/person\/e777c87fa024e57d40170af9df39882c"},"headline":"Estas son las recomendaciones para Semana Santa en la Comunitat","datePublished":"2022-02-22T17:20:17+00:00","mainEntityOfPage":{"@id":"https:\/\/www.copealcoy.es\/es\/estas-son-las-recomendaciones-para-semana-santa-en-la-comunitat\/"},"wordCount":351,"commentCount":0,"image":{"@id":"https:\/\/www.copealcoy.es\/es\/estas-son-las-recomendaciones-para-semana-santa-en-la-comunitat\/#primaryimage"},"thumbnailUrl":"https:\/\/www.copealcoy.es\/wp-content\/uploads\/2015\/04\/foto02encuentro.jpg","keywords":["Comunitat Valenciana","Conselleria Sanitat","Covid-19","medidas sanitarias","pandemia","Semana Santa"],"articleSection":["Actualidad","Fiesta y Cultura","Noticias"],"inLanguage":"es"},{"@type":"WebPage","@id":"https:\/\/www.copealcoy.es\/es\/estas-son-las-recomendaciones-para-semana-santa-en-la-comunitat\/","url":"https:\/\/www.copealcoy.es\/es\/estas-son-las-recomendaciones-para-semana-santa-en-la-comunitat\/","name":"Estas son las recomendaciones para Semana Santa en la Comunitat - COPE Alcoy","isPartOf":{"@id":"https:\/\/www.copealcoy.es\/es\/#website"},"primaryImageOfPage":{"@id":"https:\/\/www.copealcoy.es\/es\/estas-son-las-recomendaciones-para-semana-santa-en-la-comunitat\/#primaryimage"},"image":{"@id":"https:\/\/www.copealcoy.es\/es\/estas-son-las-recomendaciones-para-semana-santa-en-la-comunitat\/#primaryimage"},"thumbnailUrl":"https:\/\/www.copealcoy.es\/wp-content\/uploads\/2015\/04\/foto02encuentro.jpg","datePublished":"2022-02-22T17:20:17+00:00","author":{"@id":"https:\/\/www.copealcoy.es\/es\/#\/schema\/person\/e777c87fa024e57d40170af9df39882c"},"breadcrumb":{"@id":"https:\/\/www.copealcoy.es\/es\/estas-son-las-recomendaciones-para-semana-santa-en-la-comunitat\/#breadcrumb"},"inLanguage":"es","potentialAction":[{"@type":"ReadAction","target":["https:\/\/www.copealcoy.es\/es\/estas-son-las-recomendaciones-para-semana-santa-en-la-comunitat\/"]}]},{"@type":"ImageObject","inLanguage":"es","@id":"https:\/\/www.copealcoy.es\/es\/estas-son-las-recomendaciones-para-semana-santa-en-la-comunitat\/#primaryimage","url":"https:\/\/www.copealcoy.es\/wp-content\/uploads\/2015\/04\/foto02encuentro.jpg","contentUrl":"https:\/\/www.copealcoy.es\/wp-content\/uploads\/2015\/04\/foto02encuentro.jpg","width":567,"height":319,"caption":"La Semana Santa Alcotana cuenta con m\u00e1s participaci\u00f3n"},{"@type":"BreadcrumbList","@id":"https:\/\/www.copealcoy.es\/es\/estas-son-las-recomendaciones-para-semana-santa-en-la-comunitat\/#breadcrumb","itemListElement":[{"@type":"ListItem","position":1,"name":"Portada","item":"https:\/\/www.copealcoy.es\/es\/"},{"@type":"ListItem","position":2,"name":"Estas son las recomendaciones para Semana Santa en la Comunitat"}]},{"@type":"WebSite","@id":"https:\/\/www.copealcoy.es\/es\/#website","url":"https:\/\/www.copealcoy.es\/es\/","name":"COPE Alcoy","description":"Emisora COPE de radio local con emisi\u00f3n online. Pont de Sant Jordi 8-10 03803 Alcoy","potentialAction":[{"@type":"SearchAction","target":{"@type":"EntryPoint","urlTemplate":"https:\/\/www.copealcoy.es\/es\/?s={search_term_string}"},"query-input":{"@type":"PropertyValueSpecification","valueRequired":true,"valueName":"search_term_string"}}],"inLanguage":"es"},{"@type":"Person","@id":"https:\/\/www.copealcoy.es\/es\/#\/schema\/person\/e777c87fa024e57d40170af9df39882c","name":"Cope Alcoy","image":{"@type":"ImageObject","inLanguage":"es","@id":"https:\/\/secure.gravatar.com\/avatar\/bb65d0283347e303893ba14f0692005417c1e0e690a325a4c5d8bb2b3943ee14?s=96&d=mm&r=g","url":"https:\/\/secure.gravatar.com\/avatar\/bb65d0283347e303893ba14f0692005417c1e0e690a325a4c5d8bb2b3943ee14?s=96&d=mm&r=g","contentUrl":"https:\/\/secure.gravatar.com\/avatar\/bb65d0283347e303893ba14f0692005417c1e0e690a325a4c5d8bb2b3943ee14?s=96&d=mm&r=g","caption":"Cope Alcoy"}}]}},"_links":{"self":[{"href":"https:\/\/www.copealcoy.es\/es\/wp-json\/wp\/v2\/posts\/84141","targetHints":{"allow":["GET"]}}],"collection":[{"href":"https:\/\/www.copealcoy.es\/es\/wp-json\/wp\/v2\/posts"}],"about":[{"href":"https:\/\/www.copealcoy.es\/es\/wp-json\/wp\/v2\/types\/post"}],"author":[{"embeddable":true,"href":"https:\/\/www.copealcoy.es\/es\/wp-json\/wp\/v2\/users\/1"}],"replies":[{"embeddable":true,"href":"https:\/\/www.copealcoy.es\/es\/wp-json\/wp\/v2\/comments?post=84141"}],"version-history":[{"count":0,"href":"https:\/\/www.copealcoy.es\/es\/wp-json\/wp\/v2\/posts\/84141\/revisions"}],"wp:featuredmedia":[{"embeddable":true,"href":"https:\/\/www.copealcoy.es\/es\/wp-json\/wp\/v2\/media\/11862"}],"wp:attachment":[{"href":"https:\/\/www.copealcoy.es\/es\/wp-json\/wp\/v2\/media?parent=84141"}],"wp:term":[{"taxonomy":"category","embeddable":true,"href":"https:\/\/www.copealcoy.es\/es\/wp-json\/wp\/v2\/categories?post=84141"},{"taxonomy":"post_tag","embeddable":true,"href":"https:\/\/www.copealcoy.es\/es\/wp-json\/wp\/v2\/tags?post=84141"}],"curies":[{"name":"wp","href":"https:\/\/api.w.org\/{rel}","templated":true}]}}