{"id":84099,"date":"2022-02-21T15:43:10","date_gmt":"2022-02-21T14:43:10","guid":{"rendered":"https:\/\/www.copealcoy.es\/?p=84099"},"modified":"2022-02-21T15:53:39","modified_gmt":"2022-02-21T14:53:39","slug":"el-pp-denuncia-que-el-presupuesto-de-2022-llega-fuera-de-plazo","status":"publish","type":"post","link":"https:\/\/www.copealcoy.es\/es\/el-pp-denuncia-que-el-presupuesto-de-2022-llega-fuera-de-plazo\/","title":{"rendered":"El PP denuncia que el Presupuesto de 2022 llega fuera de plazo"},"content":{"rendered":"<p style=\"text-align: justify;\">El <strong>Partido Popular de Alcoy<\/strong> ha denunciado hoy <strong>el retraso en la aprobaci\u00f3n de los Presupuestos Municipales de nuestra ciudad<\/strong> para este a\u00f1o 2022. Los populares recuerdan que <strong>en lo que va de legislatura<\/strong>\u00a0ellos, desde la oposici\u00f3n, <strong>han presentado m\u00e1s de 80 propuestas susceptibles de ser incluidas en las cuentas<\/strong>. Asimismo resaltan desde el PP que de estas, <strong>37 han sido rechazadas y 26 no se sabe a d\u00eda de hoy en el estado en el que se encuentran<\/strong>.\u00a0 Ponen como ejemplo <strong>el estudio para hacer un parking en altura en la zona de La Riba<\/strong>, ayudas para los comercios de Entenza, apoyo econ\u00f3mico para frenar la ocupaci\u00f3n ilegal de viviendas, impulsar la Semana de la Movilidad, <strong>mejorar el Monumento de San Jorge y su entorno<\/strong>, la creaci\u00f3n de <strong>la Mesa de Garant\u00eda Alimentaria<\/strong> o promocionar la actividad de la Biblioteca Municipal. El portavoz del PP, Quique Ruiz, lamenta que el PSOE les acusara la semana pasada de <strong>no haber presentado ninguna propuesta<\/strong> para los Presupuestos y dicen que esto no es cierto:<\/p>\n<audio class=\"wp-audio-shortcode\" id=\"audio-84099-1\" preload=\"none\" style=\"width: 100%;\" controls=\"controls\"><source type=\"audio\/mpeg\" src=\"https:\/\/www.copealcoy.es\/wp-content\/uploads\/2022\/02\/2022.02.21-RUIZ-PRESUPUESTOS-MEDIODI\u0301A.mp3?_=1\" \/><a href=\"https:\/\/www.copealcoy.es\/wp-content\/uploads\/2022\/02\/2022.02.21-RUIZ-PRESUPUESTOS-MEDIODI\u0301A.mp3\">https:\/\/www.copealcoy.es\/wp-content\/uploads\/2022\/02\/2022.02.21-RUIZ-PRESUPUESTOS-MEDIODI\u0301A.mp3<\/a><\/audio>\n<p><strong>\u00a0<\/strong><\/p>\n<p style=\"text-align: justify;\">Por su parte <strong>Amalia Pay\u00e0<\/strong>, edil del PP, ha dejado claro que<strong> la Ley que regula las administraciones locales<\/strong> contempla que <strong>antes del 15 de octubre del a\u00f1o anterior<\/strong> tienen que estar aprobados los Presupuestos del siguiente. Adem\u00e1s ha apuntado que con el borrador de Presupuestos que present\u00f3 el Gobierno Local del PSOE la semana pasada,<strong> queda demostrado que los socialistas no tienen proyecto para la ciudad<\/strong>:<\/p>\n<audio class=\"wp-audio-shortcode\" id=\"audio-84099-2\" preload=\"none\" style=\"width: 100%;\" controls=\"controls\"><source type=\"audio\/mpeg\" src=\"https:\/\/www.copealcoy.es\/wp-content\/uploads\/2022\/02\/2022.02.21-AMALIA-PRESUPUESTOS-MEDIODI\u0301A.mp3?_=2\" \/><a href=\"https:\/\/www.copealcoy.es\/wp-content\/uploads\/2022\/02\/2022.02.21-AMALIA-PRESUPUESTOS-MEDIODI\u0301A.mp3\">https:\/\/www.copealcoy.es\/wp-content\/uploads\/2022\/02\/2022.02.21-AMALIA-PRESUPUESTOS-MEDIODI\u0301A.mp3<\/a><\/audio>\n<p><strong>\u00a0<\/strong><\/p>\n<p style=\"text-align: justify;\">Desde el PP <strong>no aclaran si dar\u00e1n su aprobaci\u00f3n al Presupuesto<\/strong> a la espera de tener m\u00e1s informaci\u00f3n de los mismos a lo largo de esta semana<\/p>\n","protected":false},"excerpt":{"rendered":"<p>El Partido Popular de Alcoy ha denunciado hoy el retraso en la aprobaci\u00f3n de los Presupuestos Municipales de nuestra ciudad&#8230;<\/p>\n","protected":false},"author":1,"featured_media":84100,"comment_status":"open","ping_status":"open","sticky":false,"template":"","format":"standard","meta":{"footnotes":""},"categories":[97,75,79],"tags":[1494,3212,448,316,6934],"class_list":["post-84099","post","type-post","status-publish","format-standard","has-post-thumbnail","hentry","category-alcoy","category-noticias","category-politicayeconomia","tag-alcoy","tag-amalia-paya","tag-partido-popular","tag-presupuestos","tag-quique-ruiz"],"yoast_head":"<!-- This site is optimized with the Yoast SEO plugin v27.3 - https:\/\/yoast.com\/product\/yoast-seo-wordpress\/ -->\n<title>El PP denuncia que el Presupuesto de 2022 llega fuera de plazo - COPE Alcoy<\/title>\n<meta name=\"robots\" content=\"index, follow, max-snippet:-1, max-image-preview:large, max-video-preview:-1\" \/>\n<link rel=\"canonical\" href=\"https:\/\/www.copealcoy.es\/es\/el-pp-denuncia-que-el-presupuesto-de-2022-llega-fuera-de-plazo\/\" \/>\n<meta property=\"og:locale\" content=\"es_ES\" \/>\n<meta property=\"og:type\" content=\"article\" \/>\n<meta property=\"og:title\" content=\"El PP denuncia que el Presupuesto de 2022 llega fuera de plazo - COPE Alcoy\" \/>\n<meta property=\"og:description\" content=\"El Partido Popular de Alcoy ha denunciado hoy el retraso en la aprobaci\u00f3n de los Presupuestos Municipales de nuestra ciudad...\" \/>\n<meta property=\"og:url\" content=\"https:\/\/www.copealcoy.es\/es\/el-pp-denuncia-que-el-presupuesto-de-2022-llega-fuera-de-plazo\/\" \/>\n<meta property=\"og:site_name\" content=\"COPE Alcoy\" \/>\n<meta property=\"article:published_time\" content=\"2022-02-21T14:43:10+00:00\" \/>\n<meta property=\"article:modified_time\" content=\"2022-02-21T14:53:39+00:00\" \/>\n<meta property=\"og:image\" content=\"https:\/\/www.copealcoy.es\/wp-content\/uploads\/2022\/02\/unnamed-11-scaled-e1645454569101.jpg\" \/>\n\t<meta property=\"og:image:width\" content=\"640\" \/>\n\t<meta property=\"og:image:height\" content=\"403\" \/>\n\t<meta property=\"og:image:type\" content=\"image\/jpeg\" \/>\n<meta name=\"author\" content=\"Cope Alcoy\" \/>\n<meta name=\"twitter:label1\" content=\"Escrito por\" \/>\n\t<meta name=\"twitter:data1\" content=\"Cope Alcoy\" \/>\n\t<meta name=\"twitter:label2\" content=\"Tiempo de lectura\" \/>\n\t<meta name=\"twitter:data2\" content=\"2 minutos\" \/>\n<script type=\"application\/ld+json\" class=\"yoast-schema-graph\">{\"@context\":\"https:\\\/\\\/schema.org\",\"@graph\":[{\"@type\":\"Article\",\"@id\":\"https:\\\/\\\/www.copealcoy.es\\\/es\\\/el-pp-denuncia-que-el-presupuesto-de-2022-llega-fuera-de-plazo\\\/#article\",\"isPartOf\":{\"@id\":\"https:\\\/\\\/www.copealcoy.es\\\/es\\\/el-pp-denuncia-que-el-presupuesto-de-2022-llega-fuera-de-plazo\\\/\"},\"author\":{\"name\":\"Cope Alcoy\",\"@id\":\"https:\\\/\\\/www.copealcoy.es\\\/es\\\/#\\\/schema\\\/person\\\/e777c87fa024e57d40170af9df39882c\"},\"headline\":\"El PP denuncia que el Presupuesto de 2022 llega fuera de plazo\",\"datePublished\":\"2022-02-21T14:43:10+00:00\",\"dateModified\":\"2022-02-21T14:53:39+00:00\",\"mainEntityOfPage\":{\"@id\":\"https:\\\/\\\/www.copealcoy.es\\\/es\\\/el-pp-denuncia-que-el-presupuesto-de-2022-llega-fuera-de-plazo\\\/\"},\"wordCount\":313,\"commentCount\":0,\"image\":{\"@id\":\"https:\\\/\\\/www.copealcoy.es\\\/es\\\/el-pp-denuncia-que-el-presupuesto-de-2022-llega-fuera-de-plazo\\\/#primaryimage\"},\"thumbnailUrl\":\"https:\\\/\\\/www.copealcoy.es\\\/wp-content\\\/uploads\\\/2022\\\/02\\\/unnamed-11-scaled-e1645454569101.jpg\",\"keywords\":[\"Alcoy\",\"Amalia Pay\u00e0\",\"Partido Popular\",\"Presupuestos\",\"Quique Ruiz\"],\"articleSection\":[\"Alcoy\",\"Noticias\",\"Pol\u00edtica y Econom\u00eda\"],\"inLanguage\":\"es\"},{\"@type\":\"WebPage\",\"@id\":\"https:\\\/\\\/www.copealcoy.es\\\/es\\\/el-pp-denuncia-que-el-presupuesto-de-2022-llega-fuera-de-plazo\\\/\",\"url\":\"https:\\\/\\\/www.copealcoy.es\\\/es\\\/el-pp-denuncia-que-el-presupuesto-de-2022-llega-fuera-de-plazo\\\/\",\"name\":\"El PP denuncia que el Presupuesto de 2022 llega fuera de plazo - COPE Alcoy\",\"isPartOf\":{\"@id\":\"https:\\\/\\\/www.copealcoy.es\\\/es\\\/#website\"},\"primaryImageOfPage\":{\"@id\":\"https:\\\/\\\/www.copealcoy.es\\\/es\\\/el-pp-denuncia-que-el-presupuesto-de-2022-llega-fuera-de-plazo\\\/#primaryimage\"},\"image\":{\"@id\":\"https:\\\/\\\/www.copealcoy.es\\\/es\\\/el-pp-denuncia-que-el-presupuesto-de-2022-llega-fuera-de-plazo\\\/#primaryimage\"},\"thumbnailUrl\":\"https:\\\/\\\/www.copealcoy.es\\\/wp-content\\\/uploads\\\/2022\\\/02\\\/unnamed-11-scaled-e1645454569101.jpg\",\"datePublished\":\"2022-02-21T14:43:10+00:00\",\"dateModified\":\"2022-02-21T14:53:39+00:00\",\"author\":{\"@id\":\"https:\\\/\\\/www.copealcoy.es\\\/es\\\/#\\\/schema\\\/person\\\/e777c87fa024e57d40170af9df39882c\"},\"breadcrumb\":{\"@id\":\"https:\\\/\\\/www.copealcoy.es\\\/es\\\/el-pp-denuncia-que-el-presupuesto-de-2022-llega-fuera-de-plazo\\\/#breadcrumb\"},\"inLanguage\":\"es\",\"potentialAction\":[{\"@type\":\"ReadAction\",\"target\":[\"https:\\\/\\\/www.copealcoy.es\\\/es\\\/el-pp-denuncia-que-el-presupuesto-de-2022-llega-fuera-de-plazo\\\/\"]}]},{\"@type\":\"ImageObject\",\"inLanguage\":\"es\",\"@id\":\"https:\\\/\\\/www.copealcoy.es\\\/es\\\/el-pp-denuncia-que-el-presupuesto-de-2022-llega-fuera-de-plazo\\\/#primaryimage\",\"url\":\"https:\\\/\\\/www.copealcoy.es\\\/wp-content\\\/uploads\\\/2022\\\/02\\\/unnamed-11-scaled-e1645454569101.jpg\",\"contentUrl\":\"https:\\\/\\\/www.copealcoy.es\\\/wp-content\\\/uploads\\\/2022\\\/02\\\/unnamed-11-scaled-e1645454569101.jpg\",\"width\":640,\"height\":403},{\"@type\":\"BreadcrumbList\",\"@id\":\"https:\\\/\\\/www.copealcoy.es\\\/es\\\/el-pp-denuncia-que-el-presupuesto-de-2022-llega-fuera-de-plazo\\\/#breadcrumb\",\"itemListElement\":[{\"@type\":\"ListItem\",\"position\":1,\"name\":\"Portada\",\"item\":\"https:\\\/\\\/www.copealcoy.es\\\/es\\\/\"},{\"@type\":\"ListItem\",\"position\":2,\"name\":\"El PP denuncia que el Presupuesto de 2022 llega fuera de plazo\"}]},{\"@type\":\"WebSite\",\"@id\":\"https:\\\/\\\/www.copealcoy.es\\\/es\\\/#website\",\"url\":\"https:\\\/\\\/www.copealcoy.es\\\/es\\\/\",\"name\":\"COPE Alcoy\",\"description\":\"Emisora COPE de radio local con emisi\u00f3n online. Pont de Sant Jordi 8-10 03803 Alcoy\",\"potentialAction\":[{\"@type\":\"SearchAction\",\"target\":{\"@type\":\"EntryPoint\",\"urlTemplate\":\"https:\\\/\\\/www.copealcoy.es\\\/es\\\/?s={search_term_string}\"},\"query-input\":{\"@type\":\"PropertyValueSpecification\",\"valueRequired\":true,\"valueName\":\"search_term_string\"}}],\"inLanguage\":\"es\"},{\"@type\":\"Person\",\"@id\":\"https:\\\/\\\/www.copealcoy.es\\\/es\\\/#\\\/schema\\\/person\\\/e777c87fa024e57d40170af9df39882c\",\"name\":\"Cope Alcoy\",\"image\":{\"@type\":\"ImageObject\",\"inLanguage\":\"es\",\"@id\":\"https:\\\/\\\/secure.gravatar.com\\\/avatar\\\/bb65d0283347e303893ba14f0692005417c1e0e690a325a4c5d8bb2b3943ee14?s=96&d=mm&r=g\",\"url\":\"https:\\\/\\\/secure.gravatar.com\\\/avatar\\\/bb65d0283347e303893ba14f0692005417c1e0e690a325a4c5d8bb2b3943ee14?s=96&d=mm&r=g\",\"contentUrl\":\"https:\\\/\\\/secure.gravatar.com\\\/avatar\\\/bb65d0283347e303893ba14f0692005417c1e0e690a325a4c5d8bb2b3943ee14?s=96&d=mm&r=g\",\"caption\":\"Cope Alcoy\"}}]}<\/script>\n<!-- \/ Yoast SEO plugin. -->","yoast_head_json":{"title":"El PP denuncia que el Presupuesto de 2022 llega fuera de plazo - COPE Alcoy","robots":{"index":"index","follow":"follow","max-snippet":"max-snippet:-1","max-image-preview":"max-image-preview:large","max-video-preview":"max-video-preview:-1"},"canonical":"https:\/\/www.copealcoy.es\/es\/el-pp-denuncia-que-el-presupuesto-de-2022-llega-fuera-de-plazo\/","og_locale":"es_ES","og_type":"article","og_title":"El PP denuncia que el Presupuesto de 2022 llega fuera de plazo - COPE Alcoy","og_description":"El Partido Popular de Alcoy ha denunciado hoy el retraso en la aprobaci\u00f3n de los Presupuestos Municipales de nuestra ciudad...","og_url":"https:\/\/www.copealcoy.es\/es\/el-pp-denuncia-que-el-presupuesto-de-2022-llega-fuera-de-plazo\/","og_site_name":"COPE Alcoy","article_published_time":"2022-02-21T14:43:10+00:00","article_modified_time":"2022-02-21T14:53:39+00:00","og_image":[{"width":640,"height":403,"url":"https:\/\/www.copealcoy.es\/wp-content\/uploads\/2022\/02\/unnamed-11-scaled-e1645454569101.jpg","type":"image\/jpeg"}],"author":"Cope Alcoy","twitter_misc":{"Escrito por":"Cope Alcoy","Tiempo de lectura":"2 minutos"},"schema":{"@context":"https:\/\/schema.org","@graph":[{"@type":"Article","@id":"https:\/\/www.copealcoy.es\/es\/el-pp-denuncia-que-el-presupuesto-de-2022-llega-fuera-de-plazo\/#article","isPartOf":{"@id":"https:\/\/www.copealcoy.es\/es\/el-pp-denuncia-que-el-presupuesto-de-2022-llega-fuera-de-plazo\/"},"author":{"name":"Cope Alcoy","@id":"https:\/\/www.copealcoy.es\/es\/#\/schema\/person\/e777c87fa024e57d40170af9df39882c"},"headline":"El PP denuncia que el Presupuesto de 2022 llega fuera de plazo","datePublished":"2022-02-21T14:43:10+00:00","dateModified":"2022-02-21T14:53:39+00:00","mainEntityOfPage":{"@id":"https:\/\/www.copealcoy.es\/es\/el-pp-denuncia-que-el-presupuesto-de-2022-llega-fuera-de-plazo\/"},"wordCount":313,"commentCount":0,"image":{"@id":"https:\/\/www.copealcoy.es\/es\/el-pp-denuncia-que-el-presupuesto-de-2022-llega-fuera-de-plazo\/#primaryimage"},"thumbnailUrl":"https:\/\/www.copealcoy.es\/wp-content\/uploads\/2022\/02\/unnamed-11-scaled-e1645454569101.jpg","keywords":["Alcoy","Amalia Pay\u00e0","Partido Popular","Presupuestos","Quique Ruiz"],"articleSection":["Alcoy","Noticias","Pol\u00edtica y Econom\u00eda"],"inLanguage":"es"},{"@type":"WebPage","@id":"https:\/\/www.copealcoy.es\/es\/el-pp-denuncia-que-el-presupuesto-de-2022-llega-fuera-de-plazo\/","url":"https:\/\/www.copealcoy.es\/es\/el-pp-denuncia-que-el-presupuesto-de-2022-llega-fuera-de-plazo\/","name":"El PP denuncia que el Presupuesto de 2022 llega fuera de plazo - COPE Alcoy","isPartOf":{"@id":"https:\/\/www.copealcoy.es\/es\/#website"},"primaryImageOfPage":{"@id":"https:\/\/www.copealcoy.es\/es\/el-pp-denuncia-que-el-presupuesto-de-2022-llega-fuera-de-plazo\/#primaryimage"},"image":{"@id":"https:\/\/www.copealcoy.es\/es\/el-pp-denuncia-que-el-presupuesto-de-2022-llega-fuera-de-plazo\/#primaryimage"},"thumbnailUrl":"https:\/\/www.copealcoy.es\/wp-content\/uploads\/2022\/02\/unnamed-11-scaled-e1645454569101.jpg","datePublished":"2022-02-21T14:43:10+00:00","dateModified":"2022-02-21T14:53:39+00:00","author":{"@id":"https:\/\/www.copealcoy.es\/es\/#\/schema\/person\/e777c87fa024e57d40170af9df39882c"},"breadcrumb":{"@id":"https:\/\/www.copealcoy.es\/es\/el-pp-denuncia-que-el-presupuesto-de-2022-llega-fuera-de-plazo\/#breadcrumb"},"inLanguage":"es","potentialAction":[{"@type":"ReadAction","target":["https:\/\/www.copealcoy.es\/es\/el-pp-denuncia-que-el-presupuesto-de-2022-llega-fuera-de-plazo\/"]}]},{"@type":"ImageObject","inLanguage":"es","@id":"https:\/\/www.copealcoy.es\/es\/el-pp-denuncia-que-el-presupuesto-de-2022-llega-fuera-de-plazo\/#primaryimage","url":"https:\/\/www.copealcoy.es\/wp-content\/uploads\/2022\/02\/unnamed-11-scaled-e1645454569101.jpg","contentUrl":"https:\/\/www.copealcoy.es\/wp-content\/uploads\/2022\/02\/unnamed-11-scaled-e1645454569101.jpg","width":640,"height":403},{"@type":"BreadcrumbList","@id":"https:\/\/www.copealcoy.es\/es\/el-pp-denuncia-que-el-presupuesto-de-2022-llega-fuera-de-plazo\/#breadcrumb","itemListElement":[{"@type":"ListItem","position":1,"name":"Portada","item":"https:\/\/www.copealcoy.es\/es\/"},{"@type":"ListItem","position":2,"name":"El PP denuncia que el Presupuesto de 2022 llega fuera de plazo"}]},{"@type":"WebSite","@id":"https:\/\/www.copealcoy.es\/es\/#website","url":"https:\/\/www.copealcoy.es\/es\/","name":"COPE Alcoy","description":"Emisora COPE de radio local con emisi\u00f3n online. Pont de Sant Jordi 8-10 03803 Alcoy","potentialAction":[{"@type":"SearchAction","target":{"@type":"EntryPoint","urlTemplate":"https:\/\/www.copealcoy.es\/es\/?s={search_term_string}"},"query-input":{"@type":"PropertyValueSpecification","valueRequired":true,"valueName":"search_term_string"}}],"inLanguage":"es"},{"@type":"Person","@id":"https:\/\/www.copealcoy.es\/es\/#\/schema\/person\/e777c87fa024e57d40170af9df39882c","name":"Cope Alcoy","image":{"@type":"ImageObject","inLanguage":"es","@id":"https:\/\/secure.gravatar.com\/avatar\/bb65d0283347e303893ba14f0692005417c1e0e690a325a4c5d8bb2b3943ee14?s=96&d=mm&r=g","url":"https:\/\/secure.gravatar.com\/avatar\/bb65d0283347e303893ba14f0692005417c1e0e690a325a4c5d8bb2b3943ee14?s=96&d=mm&r=g","contentUrl":"https:\/\/secure.gravatar.com\/avatar\/bb65d0283347e303893ba14f0692005417c1e0e690a325a4c5d8bb2b3943ee14?s=96&d=mm&r=g","caption":"Cope Alcoy"}}]}},"_links":{"self":[{"href":"https:\/\/www.copealcoy.es\/es\/wp-json\/wp\/v2\/posts\/84099","targetHints":{"allow":["GET"]}}],"collection":[{"href":"https:\/\/www.copealcoy.es\/es\/wp-json\/wp\/v2\/posts"}],"about":[{"href":"https:\/\/www.copealcoy.es\/es\/wp-json\/wp\/v2\/types\/post"}],"author":[{"embeddable":true,"href":"https:\/\/www.copealcoy.es\/es\/wp-json\/wp\/v2\/users\/1"}],"replies":[{"embeddable":true,"href":"https:\/\/www.copealcoy.es\/es\/wp-json\/wp\/v2\/comments?post=84099"}],"version-history":[{"count":0,"href":"https:\/\/www.copealcoy.es\/es\/wp-json\/wp\/v2\/posts\/84099\/revisions"}],"wp:featuredmedia":[{"embeddable":true,"href":"https:\/\/www.copealcoy.es\/es\/wp-json\/wp\/v2\/media\/84100"}],"wp:attachment":[{"href":"https:\/\/www.copealcoy.es\/es\/wp-json\/wp\/v2\/media?parent=84099"}],"wp:term":[{"taxonomy":"category","embeddable":true,"href":"https:\/\/www.copealcoy.es\/es\/wp-json\/wp\/v2\/categories?post=84099"},{"taxonomy":"post_tag","embeddable":true,"href":"https:\/\/www.copealcoy.es\/es\/wp-json\/wp\/v2\/tags?post=84099"}],"curies":[{"name":"wp","href":"https:\/\/api.w.org\/{rel}","templated":true}]}}