{"id":83948,"date":"2022-02-17T14:44:06","date_gmt":"2022-02-17T13:44:06","guid":{"rendered":"https:\/\/www.copealcoy.es\/?p=83948"},"modified":"2022-02-17T15:07:14","modified_gmt":"2022-02-17T14:07:14","slug":"optimismo-en-muro-y-cocentaina-ante-las-nuevas-medidas-para-las-fiestas","status":"publish","type":"post","link":"https:\/\/www.copealcoy.es\/es\/optimismo-en-muro-y-cocentaina-ante-las-nuevas-medidas-para-las-fiestas\/","title":{"rendered":"Optimismo en Muro y Cocentaina ante las nuevas medidas para las Fiestas"},"content":{"rendered":"<p style=\"text-align: justify;\">Muro y Cocentaina <strong>son dos de los municipios de nuestras comarcas de l&#8217;<span class=\"hiddenSpellError\">Alcoi\u00e0<\/span>\u00a0y el\u00a0<span class=\"hiddenSpellError\">Comtat<\/span><\/strong>\u00a0que han activado tambi\u00e9n en el engranaje <strong>para poder celebrar este a\u00f1o sus Moros y Cristianos<\/strong>. Todo ello despu\u00e9s de que el Consell <strong>diera luz verde a principios de esta semana<\/strong> al <strong>nuevo protocolo que regular\u00e1 las diferentes Fiestas de la\u00a0<span class=\"hiddenSpellError\">Comunitat<\/span><\/strong>\u00a0a partir de ahora. En este documento se contempla ahora mismo que<a href=\"https:\/\/www.copealcoy.es\/la-generalitat-da-las-claves-sobre-como-podran-ser-las-fiestas\/\"><span style=\"color: #0000ff;\"> <strong>la mascarilla no sea obligatoria<\/strong> <\/span><\/a>para los participantes en desfiles como las Entradas aunque\u00a0s\u00ed\u00a0que tendr\u00e1n que usarla los que presencien estos actos como p\u00fablico.<\/p>\n<p style=\"text-align: justify;\">En el caso de <strong>Muro<\/strong>, ya planean que <strong>las citadas Entradas se celebren el segundo fin de semana de mayo por lo que\u00a0se conoce\u00a0en el municipio como la carretera<\/strong>, en vez de por el caso antiguo, para garantizar la m\u00e1xima seguridad as\u00ed como de manera preventiva por si hubiese alguna restricci\u00f3n en las fechas en las que tienen lugar los festejos en honor a la Virgen de los Desamparados. La poblaci\u00f3n <strong>acoge con optimismo el anuncio de la Generalitat<\/strong>, pero\u00a0tambi\u00e9n con <strong>m\u00e1xima prudencia<\/strong> a la espera de ver como se desarrollan Fallas, Magdalena o las Fiestas de Alcoy seg\u00fan expresa el Presidente de la Junta de\u00a0<span class=\"hiddenSpellError\">Festes<\/span>\u00a0del municipio; <strong>Paco\u00a0<span class=\"hiddenSpellError\">Vicedo<\/span><\/strong>.<\/p>\n<audio class=\"wp-audio-shortcode\" id=\"audio-83948-1\" preload=\"none\" style=\"width: 100%;\" controls=\"controls\"><source type=\"audio\/mpeg\" src=\"https:\/\/www.copealcoy.es\/wp-content\/uploads\/2022\/02\/2022.02.17-VICEDO-FIESTAS-MURO-MEDIODI\u0301A.mp3?_=1\" \/><a href=\"https:\/\/www.copealcoy.es\/wp-content\/uploads\/2022\/02\/2022.02.17-VICEDO-FIESTAS-MURO-MEDIODI\u0301A.mp3\">https:\/\/www.copealcoy.es\/wp-content\/uploads\/2022\/02\/2022.02.17-VICEDO-FIESTAS-MURO-MEDIODI\u0301A.mp3<\/a><\/audio>\n<p>&nbsp;<\/p>\n<p style=\"text-align: justify;\">Por su parte en Cocentaina, <strong>no preocupan los itinerarios<\/strong>, puesto que las Entradas transcurren por calles anchas como el\u00a0<span class=\"hiddenSpellError\">Passeig<\/span>\u00a0del\u00a0<span class=\"hiddenSpellError\">Comtat<\/span>\u00a0o la Plaza del\u00a0<span class=\"hiddenSpellError\">Pla<\/span>. La Villa Condal <strong>ya tiene calendario festero en honor a San Hip\u00f3lito para 2022<\/strong>\u00a0y los cargos que iban a ser protagonistas en 2020 han retomado ya los preparativos para sacar a la calle este a\u00f1o lo que hab\u00edan previsto para antes de la pandemia. <strong>Juan Francisco\u00a0<span class=\"hiddenSpellError\">Masanet<\/span><\/strong>, Presidente de la Junta de\u00a0<span class=\"hiddenSpellError\">Festes<\/span>, cree que la situaci\u00f3n sanitaria ser\u00e1 mejor en verano:<\/p>\n<audio class=\"wp-audio-shortcode\" id=\"audio-83948-2\" preload=\"none\" style=\"width: 100%;\" controls=\"controls\"><source type=\"audio\/mpeg\" src=\"https:\/\/www.copealcoy.es\/wp-content\/uploads\/2022\/02\/2022.02.17-MASANET-FIESTAS-MURO-MEDIODI\u0301A.mp3?_=2\" \/><a href=\"https:\/\/www.copealcoy.es\/wp-content\/uploads\/2022\/02\/2022.02.17-MASANET-FIESTAS-MURO-MEDIODI\u0301A.mp3\">https:\/\/www.copealcoy.es\/wp-content\/uploads\/2022\/02\/2022.02.17-MASANET-FIESTAS-MURO-MEDIODI\u0301A.mp3<\/a><\/audio>\n<p>&nbsp;<\/p>\n<p style=\"text-align: justify;\">Antes de todo esto, se celebrar\u00e1n <strong>los Carnavales en Muro y Alcoy<\/strong> los d\u00edas 26 de febrero y 5 de marzo con todav\u00eda algunas medidas frente a la pandemia. Despu\u00e9s, el desarrollo de las Fallas y la Magdalena,<strong> ser\u00e1n determinantes<\/strong> para adaptar a la plena normalidad las tradiciones que iremos celebrando a lo largo de los meses que se acercan.<\/p>\n","protected":false},"excerpt":{"rendered":"<p>Muro y Cocentaina son dos de los municipios de nuestras comarcas de l&#8217;Alcoi\u00e0\u00a0y el\u00a0Comtat\u00a0que han activado tambi\u00e9n en el engranaje&#8230;<\/p>\n","protected":false},"author":1,"featured_media":34564,"comment_status":"open","ping_status":"open","sticky":false,"template":"","format":"standard","meta":{"footnotes":""},"categories":[6909,98,75,125],"tags":[132,479,1415,2001,10628,135,7477],"class_list":["post-83948","post","type-post","status-publish","format-standard","has-post-thumbnail","hentry","category-actualidad","category-comarcas","category-noticias","category-portada","tag-cocentaina","tag-consell","tag-entradas","tag-fiestas-de-moros-y-cristianos","tag-medidas-sanitarias","tag-muro","tag-pandemia"],"yoast_head":"<!-- This site is optimized with the Yoast SEO plugin v27.3 - https:\/\/yoast.com\/product\/yoast-seo-wordpress\/ -->\n<title>Optimismo en Muro y Cocentaina ante las nuevas medidas para las Fiestas - COPE Alcoy<\/title>\n<meta name=\"robots\" content=\"index, follow, max-snippet:-1, max-image-preview:large, max-video-preview:-1\" \/>\n<link rel=\"canonical\" href=\"https:\/\/www.copealcoy.es\/es\/optimismo-en-muro-y-cocentaina-ante-las-nuevas-medidas-para-las-fiestas\/\" \/>\n<meta property=\"og:locale\" content=\"es_ES\" \/>\n<meta property=\"og:type\" content=\"article\" \/>\n<meta property=\"og:title\" content=\"Optimismo en Muro y Cocentaina ante las nuevas medidas para las Fiestas - COPE Alcoy\" \/>\n<meta property=\"og:description\" content=\"Muro y Cocentaina son dos de los municipios de nuestras comarcas de l&#8217;Alcoi\u00e0\u00a0y el\u00a0Comtat\u00a0que han activado tambi\u00e9n en el engranaje...\" \/>\n<meta property=\"og:url\" content=\"https:\/\/www.copealcoy.es\/es\/optimismo-en-muro-y-cocentaina-ante-las-nuevas-medidas-para-las-fiestas\/\" \/>\n<meta property=\"og:site_name\" content=\"COPE Alcoy\" \/>\n<meta property=\"article:published_time\" content=\"2022-02-17T13:44:06+00:00\" \/>\n<meta property=\"article:modified_time\" content=\"2022-02-17T14:07:14+00:00\" \/>\n<meta property=\"og:image\" content=\"https:\/\/www.copealcoy.es\/wp-content\/uploads\/2017\/08\/Esquadra-Gentils.jpg\" \/>\n\t<meta property=\"og:image:width\" content=\"960\" \/>\n\t<meta property=\"og:image:height\" content=\"640\" \/>\n\t<meta property=\"og:image:type\" content=\"image\/jpeg\" \/>\n<meta name=\"author\" content=\"Cope Alcoy\" \/>\n<meta name=\"twitter:label1\" content=\"Escrito por\" \/>\n\t<meta name=\"twitter:data1\" content=\"Cope Alcoy\" \/>\n\t<meta name=\"twitter:label2\" content=\"Tiempo de lectura\" \/>\n\t<meta name=\"twitter:data2\" content=\"2 minutos\" \/>\n<script type=\"application\/ld+json\" class=\"yoast-schema-graph\">{\"@context\":\"https:\\\/\\\/schema.org\",\"@graph\":[{\"@type\":\"Article\",\"@id\":\"https:\\\/\\\/www.copealcoy.es\\\/es\\\/optimismo-en-muro-y-cocentaina-ante-las-nuevas-medidas-para-las-fiestas\\\/#article\",\"isPartOf\":{\"@id\":\"https:\\\/\\\/www.copealcoy.es\\\/es\\\/optimismo-en-muro-y-cocentaina-ante-las-nuevas-medidas-para-las-fiestas\\\/\"},\"author\":{\"name\":\"Cope Alcoy\",\"@id\":\"https:\\\/\\\/www.copealcoy.es\\\/es\\\/#\\\/schema\\\/person\\\/e777c87fa024e57d40170af9df39882c\"},\"headline\":\"Optimismo en Muro y Cocentaina ante las nuevas medidas para las Fiestas\",\"datePublished\":\"2022-02-17T13:44:06+00:00\",\"dateModified\":\"2022-02-17T14:07:14+00:00\",\"mainEntityOfPage\":{\"@id\":\"https:\\\/\\\/www.copealcoy.es\\\/es\\\/optimismo-en-muro-y-cocentaina-ante-las-nuevas-medidas-para-las-fiestas\\\/\"},\"wordCount\":415,\"commentCount\":0,\"image\":{\"@id\":\"https:\\\/\\\/www.copealcoy.es\\\/es\\\/optimismo-en-muro-y-cocentaina-ante-las-nuevas-medidas-para-las-fiestas\\\/#primaryimage\"},\"thumbnailUrl\":\"https:\\\/\\\/www.copealcoy.es\\\/wp-content\\\/uploads\\\/2017\\\/08\\\/Esquadra-Gentils.jpg\",\"keywords\":[\"Cocentaina\",\"Consell\",\"Entradas\",\"Fiestas de Moros y Cristianos\",\"medidas sanitarias\",\"Muro\",\"pandemia\"],\"articleSection\":[\"Actualidad\",\"Comarcas\",\"Noticias\",\"Portada\"],\"inLanguage\":\"es\"},{\"@type\":\"WebPage\",\"@id\":\"https:\\\/\\\/www.copealcoy.es\\\/es\\\/optimismo-en-muro-y-cocentaina-ante-las-nuevas-medidas-para-las-fiestas\\\/\",\"url\":\"https:\\\/\\\/www.copealcoy.es\\\/es\\\/optimismo-en-muro-y-cocentaina-ante-las-nuevas-medidas-para-las-fiestas\\\/\",\"name\":\"Optimismo en Muro y Cocentaina ante las nuevas medidas para las Fiestas - COPE Alcoy\",\"isPartOf\":{\"@id\":\"https:\\\/\\\/www.copealcoy.es\\\/es\\\/#website\"},\"primaryImageOfPage\":{\"@id\":\"https:\\\/\\\/www.copealcoy.es\\\/es\\\/optimismo-en-muro-y-cocentaina-ante-las-nuevas-medidas-para-las-fiestas\\\/#primaryimage\"},\"image\":{\"@id\":\"https:\\\/\\\/www.copealcoy.es\\\/es\\\/optimismo-en-muro-y-cocentaina-ante-las-nuevas-medidas-para-las-fiestas\\\/#primaryimage\"},\"thumbnailUrl\":\"https:\\\/\\\/www.copealcoy.es\\\/wp-content\\\/uploads\\\/2017\\\/08\\\/Esquadra-Gentils.jpg\",\"datePublished\":\"2022-02-17T13:44:06+00:00\",\"dateModified\":\"2022-02-17T14:07:14+00:00\",\"author\":{\"@id\":\"https:\\\/\\\/www.copealcoy.es\\\/es\\\/#\\\/schema\\\/person\\\/e777c87fa024e57d40170af9df39882c\"},\"breadcrumb\":{\"@id\":\"https:\\\/\\\/www.copealcoy.es\\\/es\\\/optimismo-en-muro-y-cocentaina-ante-las-nuevas-medidas-para-las-fiestas\\\/#breadcrumb\"},\"inLanguage\":\"es\",\"potentialAction\":[{\"@type\":\"ReadAction\",\"target\":[\"https:\\\/\\\/www.copealcoy.es\\\/es\\\/optimismo-en-muro-y-cocentaina-ante-las-nuevas-medidas-para-las-fiestas\\\/\"]}]},{\"@type\":\"ImageObject\",\"inLanguage\":\"es\",\"@id\":\"https:\\\/\\\/www.copealcoy.es\\\/es\\\/optimismo-en-muro-y-cocentaina-ante-las-nuevas-medidas-para-las-fiestas\\\/#primaryimage\",\"url\":\"https:\\\/\\\/www.copealcoy.es\\\/wp-content\\\/uploads\\\/2017\\\/08\\\/Esquadra-Gentils.jpg\",\"contentUrl\":\"https:\\\/\\\/www.copealcoy.es\\\/wp-content\\\/uploads\\\/2017\\\/08\\\/Esquadra-Gentils.jpg\",\"width\":960,\"height\":640,\"caption\":\"Escuadra Especial del Capit\u00e1n Cristiano de la Fil\u00e0 Gentils \\\/ Fotos: Fletxa\"},{\"@type\":\"BreadcrumbList\",\"@id\":\"https:\\\/\\\/www.copealcoy.es\\\/es\\\/optimismo-en-muro-y-cocentaina-ante-las-nuevas-medidas-para-las-fiestas\\\/#breadcrumb\",\"itemListElement\":[{\"@type\":\"ListItem\",\"position\":1,\"name\":\"Portada\",\"item\":\"https:\\\/\\\/www.copealcoy.es\\\/es\\\/\"},{\"@type\":\"ListItem\",\"position\":2,\"name\":\"Optimismo en Muro y Cocentaina ante las nuevas medidas para las Fiestas\"}]},{\"@type\":\"WebSite\",\"@id\":\"https:\\\/\\\/www.copealcoy.es\\\/es\\\/#website\",\"url\":\"https:\\\/\\\/www.copealcoy.es\\\/es\\\/\",\"name\":\"COPE Alcoy\",\"description\":\"Emisora COPE de radio local con emisi\u00f3n online. Pont de Sant Jordi 8-10 03803 Alcoy\",\"potentialAction\":[{\"@type\":\"SearchAction\",\"target\":{\"@type\":\"EntryPoint\",\"urlTemplate\":\"https:\\\/\\\/www.copealcoy.es\\\/es\\\/?s={search_term_string}\"},\"query-input\":{\"@type\":\"PropertyValueSpecification\",\"valueRequired\":true,\"valueName\":\"search_term_string\"}}],\"inLanguage\":\"es\"},{\"@type\":\"Person\",\"@id\":\"https:\\\/\\\/www.copealcoy.es\\\/es\\\/#\\\/schema\\\/person\\\/e777c87fa024e57d40170af9df39882c\",\"name\":\"Cope Alcoy\",\"image\":{\"@type\":\"ImageObject\",\"inLanguage\":\"es\",\"@id\":\"https:\\\/\\\/secure.gravatar.com\\\/avatar\\\/bb65d0283347e303893ba14f0692005417c1e0e690a325a4c5d8bb2b3943ee14?s=96&d=mm&r=g\",\"url\":\"https:\\\/\\\/secure.gravatar.com\\\/avatar\\\/bb65d0283347e303893ba14f0692005417c1e0e690a325a4c5d8bb2b3943ee14?s=96&d=mm&r=g\",\"contentUrl\":\"https:\\\/\\\/secure.gravatar.com\\\/avatar\\\/bb65d0283347e303893ba14f0692005417c1e0e690a325a4c5d8bb2b3943ee14?s=96&d=mm&r=g\",\"caption\":\"Cope Alcoy\"}}]}<\/script>\n<!-- \/ Yoast SEO plugin. -->","yoast_head_json":{"title":"Optimismo en Muro y Cocentaina ante las nuevas medidas para las Fiestas - COPE Alcoy","robots":{"index":"index","follow":"follow","max-snippet":"max-snippet:-1","max-image-preview":"max-image-preview:large","max-video-preview":"max-video-preview:-1"},"canonical":"https:\/\/www.copealcoy.es\/es\/optimismo-en-muro-y-cocentaina-ante-las-nuevas-medidas-para-las-fiestas\/","og_locale":"es_ES","og_type":"article","og_title":"Optimismo en Muro y Cocentaina ante las nuevas medidas para las Fiestas - COPE Alcoy","og_description":"Muro y Cocentaina son dos de los municipios de nuestras comarcas de l&#8217;Alcoi\u00e0\u00a0y el\u00a0Comtat\u00a0que han activado tambi\u00e9n en el engranaje...","og_url":"https:\/\/www.copealcoy.es\/es\/optimismo-en-muro-y-cocentaina-ante-las-nuevas-medidas-para-las-fiestas\/","og_site_name":"COPE Alcoy","article_published_time":"2022-02-17T13:44:06+00:00","article_modified_time":"2022-02-17T14:07:14+00:00","og_image":[{"width":960,"height":640,"url":"https:\/\/www.copealcoy.es\/wp-content\/uploads\/2017\/08\/Esquadra-Gentils.jpg","type":"image\/jpeg"}],"author":"Cope Alcoy","twitter_misc":{"Escrito por":"Cope Alcoy","Tiempo de lectura":"2 minutos"},"schema":{"@context":"https:\/\/schema.org","@graph":[{"@type":"Article","@id":"https:\/\/www.copealcoy.es\/es\/optimismo-en-muro-y-cocentaina-ante-las-nuevas-medidas-para-las-fiestas\/#article","isPartOf":{"@id":"https:\/\/www.copealcoy.es\/es\/optimismo-en-muro-y-cocentaina-ante-las-nuevas-medidas-para-las-fiestas\/"},"author":{"name":"Cope Alcoy","@id":"https:\/\/www.copealcoy.es\/es\/#\/schema\/person\/e777c87fa024e57d40170af9df39882c"},"headline":"Optimismo en Muro y Cocentaina ante las nuevas medidas para las Fiestas","datePublished":"2022-02-17T13:44:06+00:00","dateModified":"2022-02-17T14:07:14+00:00","mainEntityOfPage":{"@id":"https:\/\/www.copealcoy.es\/es\/optimismo-en-muro-y-cocentaina-ante-las-nuevas-medidas-para-las-fiestas\/"},"wordCount":415,"commentCount":0,"image":{"@id":"https:\/\/www.copealcoy.es\/es\/optimismo-en-muro-y-cocentaina-ante-las-nuevas-medidas-para-las-fiestas\/#primaryimage"},"thumbnailUrl":"https:\/\/www.copealcoy.es\/wp-content\/uploads\/2017\/08\/Esquadra-Gentils.jpg","keywords":["Cocentaina","Consell","Entradas","Fiestas de Moros y Cristianos","medidas sanitarias","Muro","pandemia"],"articleSection":["Actualidad","Comarcas","Noticias","Portada"],"inLanguage":"es"},{"@type":"WebPage","@id":"https:\/\/www.copealcoy.es\/es\/optimismo-en-muro-y-cocentaina-ante-las-nuevas-medidas-para-las-fiestas\/","url":"https:\/\/www.copealcoy.es\/es\/optimismo-en-muro-y-cocentaina-ante-las-nuevas-medidas-para-las-fiestas\/","name":"Optimismo en Muro y Cocentaina ante las nuevas medidas para las Fiestas - COPE Alcoy","isPartOf":{"@id":"https:\/\/www.copealcoy.es\/es\/#website"},"primaryImageOfPage":{"@id":"https:\/\/www.copealcoy.es\/es\/optimismo-en-muro-y-cocentaina-ante-las-nuevas-medidas-para-las-fiestas\/#primaryimage"},"image":{"@id":"https:\/\/www.copealcoy.es\/es\/optimismo-en-muro-y-cocentaina-ante-las-nuevas-medidas-para-las-fiestas\/#primaryimage"},"thumbnailUrl":"https:\/\/www.copealcoy.es\/wp-content\/uploads\/2017\/08\/Esquadra-Gentils.jpg","datePublished":"2022-02-17T13:44:06+00:00","dateModified":"2022-02-17T14:07:14+00:00","author":{"@id":"https:\/\/www.copealcoy.es\/es\/#\/schema\/person\/e777c87fa024e57d40170af9df39882c"},"breadcrumb":{"@id":"https:\/\/www.copealcoy.es\/es\/optimismo-en-muro-y-cocentaina-ante-las-nuevas-medidas-para-las-fiestas\/#breadcrumb"},"inLanguage":"es","potentialAction":[{"@type":"ReadAction","target":["https:\/\/www.copealcoy.es\/es\/optimismo-en-muro-y-cocentaina-ante-las-nuevas-medidas-para-las-fiestas\/"]}]},{"@type":"ImageObject","inLanguage":"es","@id":"https:\/\/www.copealcoy.es\/es\/optimismo-en-muro-y-cocentaina-ante-las-nuevas-medidas-para-las-fiestas\/#primaryimage","url":"https:\/\/www.copealcoy.es\/wp-content\/uploads\/2017\/08\/Esquadra-Gentils.jpg","contentUrl":"https:\/\/www.copealcoy.es\/wp-content\/uploads\/2017\/08\/Esquadra-Gentils.jpg","width":960,"height":640,"caption":"Escuadra Especial del Capit\u00e1n Cristiano de la Fil\u00e0 Gentils \/ Fotos: Fletxa"},{"@type":"BreadcrumbList","@id":"https:\/\/www.copealcoy.es\/es\/optimismo-en-muro-y-cocentaina-ante-las-nuevas-medidas-para-las-fiestas\/#breadcrumb","itemListElement":[{"@type":"ListItem","position":1,"name":"Portada","item":"https:\/\/www.copealcoy.es\/es\/"},{"@type":"ListItem","position":2,"name":"Optimismo en Muro y Cocentaina ante las nuevas medidas para las Fiestas"}]},{"@type":"WebSite","@id":"https:\/\/www.copealcoy.es\/es\/#website","url":"https:\/\/www.copealcoy.es\/es\/","name":"COPE Alcoy","description":"Emisora COPE de radio local con emisi\u00f3n online. Pont de Sant Jordi 8-10 03803 Alcoy","potentialAction":[{"@type":"SearchAction","target":{"@type":"EntryPoint","urlTemplate":"https:\/\/www.copealcoy.es\/es\/?s={search_term_string}"},"query-input":{"@type":"PropertyValueSpecification","valueRequired":true,"valueName":"search_term_string"}}],"inLanguage":"es"},{"@type":"Person","@id":"https:\/\/www.copealcoy.es\/es\/#\/schema\/person\/e777c87fa024e57d40170af9df39882c","name":"Cope Alcoy","image":{"@type":"ImageObject","inLanguage":"es","@id":"https:\/\/secure.gravatar.com\/avatar\/bb65d0283347e303893ba14f0692005417c1e0e690a325a4c5d8bb2b3943ee14?s=96&d=mm&r=g","url":"https:\/\/secure.gravatar.com\/avatar\/bb65d0283347e303893ba14f0692005417c1e0e690a325a4c5d8bb2b3943ee14?s=96&d=mm&r=g","contentUrl":"https:\/\/secure.gravatar.com\/avatar\/bb65d0283347e303893ba14f0692005417c1e0e690a325a4c5d8bb2b3943ee14?s=96&d=mm&r=g","caption":"Cope Alcoy"}}]}},"_links":{"self":[{"href":"https:\/\/www.copealcoy.es\/es\/wp-json\/wp\/v2\/posts\/83948","targetHints":{"allow":["GET"]}}],"collection":[{"href":"https:\/\/www.copealcoy.es\/es\/wp-json\/wp\/v2\/posts"}],"about":[{"href":"https:\/\/www.copealcoy.es\/es\/wp-json\/wp\/v2\/types\/post"}],"author":[{"embeddable":true,"href":"https:\/\/www.copealcoy.es\/es\/wp-json\/wp\/v2\/users\/1"}],"replies":[{"embeddable":true,"href":"https:\/\/www.copealcoy.es\/es\/wp-json\/wp\/v2\/comments?post=83948"}],"version-history":[{"count":0,"href":"https:\/\/www.copealcoy.es\/es\/wp-json\/wp\/v2\/posts\/83948\/revisions"}],"wp:featuredmedia":[{"embeddable":true,"href":"https:\/\/www.copealcoy.es\/es\/wp-json\/wp\/v2\/media\/34564"}],"wp:attachment":[{"href":"https:\/\/www.copealcoy.es\/es\/wp-json\/wp\/v2\/media?parent=83948"}],"wp:term":[{"taxonomy":"category","embeddable":true,"href":"https:\/\/www.copealcoy.es\/es\/wp-json\/wp\/v2\/categories?post=83948"},{"taxonomy":"post_tag","embeddable":true,"href":"https:\/\/www.copealcoy.es\/es\/wp-json\/wp\/v2\/tags?post=83948"}],"curies":[{"name":"wp","href":"https:\/\/api.w.org\/{rel}","templated":true}]}}