{"id":83938,"date":"2022-02-17T04:37:03","date_gmt":"2022-02-17T03:37:03","guid":{"rendered":"https:\/\/www.copealcoy.es\/?p=83938"},"modified":"2022-02-17T15:53:02","modified_gmt":"2022-02-17T14:53:02","slug":"la-comunitat-valenciana-suma-40-muertes-por-covid-mientras-los-contagios-siguen-bajando","status":"publish","type":"post","link":"https:\/\/www.copealcoy.es\/es\/la-comunitat-valenciana-suma-40-muertes-por-covid-mientras-los-contagios-siguen-bajando\/","title":{"rendered":"La Comunitat Valenciana suma 40 muertes por Covid mientras los contagios siguen bajando"},"content":{"rendered":"<p style=\"text-align: justify;\">La <strong>Conselleria de Sanidad Universal y Salud P\u00fablica<\/strong>\u00a0ha notificado un total de\u00a0<strong>6.380 nuevos casos de coronavirus<\/strong>\u00a0confirmados por prueba PCR o a trav\u00e9s de test de ant\u00edgenos. Con esta actualizaci\u00f3n, la cifra total de positivos se sit\u00faa en 1.259.631 personas. Los nuevos casos por provincias son 511 en Castell\u00f3n (153.397 en total), 1.836 en Alicante (442.460), 4.033 en Valencia (663.767). La cifra de casos no asignados se mantiene en 7.<\/p>\n<p style=\"text-align: justify;\">Respecto al n\u00famero de altas,\u00a0<strong>se han registrado 13.601.\u00a0<\/strong>De esta forma, el n\u00famero de personas que han superado la enfermedad desde que comenz\u00f3 la pandemia en la Comunitat Valenciana es de 1.187.788.<\/p>\n<p style=\"text-align: justify;\"><strong>Los hospitales valencianos tienen, actualmente, 1.225 personas ingresadas, 119 de ellas en la UCI:<\/strong>\u00a0179 en la provincia de Castell\u00f3n, 12 en UCI; 374 en la provincia de Alicante, 48 de ellas en la UCI; y 672 en la provincia de Valencia, 59 en UCI.<\/p>\n<p style=\"text-align: justify;\"><strong>Se han notificado 40 fallecimientos por coronavirus desde la \u00faltima actualizaci\u00f3n, todos de los \u00faltimos siete d\u00edas.<\/strong>\u00a0Se trata de 15 mujeres de entre 54 y 103 a\u00f1os; y 25 hombres, de entre 58 y 99 a\u00f1os. El total de decesos desde el inicio de la pandemia asciende a 8.906: 1.027 en la provincia de Castell\u00f3n, 3.399 en la de Alicante y 4.480 en la de Valencia.<\/p>\n<p style=\"text-align: justify;\">De acuerdo con los datos registrados, en estos momentos hay 74.378 casos activos, lo que supone un 5,85% del total de positivos.<\/p>\n<p style=\"text-align: justify;\">La cifra de contagios confirma la tendencia a la baja de la sexta ola. De hecho el Presidente Puig ha avanzado hoy que\u00a0<strong>la pr\u00f3xima semana se reunir\u00e1 la Comisi\u00f3n Interdepartametnal pero lo l\u00f3gico es avanzar en una desescalada hacia la nueva normalidad.<\/strong> De hecho las Fallas o la Magdalena se van a celebrar sin restricciones de aforos y con la \u00fanica medida del uso de la mascarilla para los eventos masivos o las aglomeraciones. Adem\u00e1s Puig avanz\u00f3 que la Generalitat no prorrogar\u00e1 el uso del pasaporte covid que decae el pr\u00f3ximo 28 de febrero.<\/p>\n","protected":false},"excerpt":{"rendered":"<p>La Conselleria de Sanidad Universal y Salud P\u00fablica\u00a0ha notificado un total de\u00a06.380 nuevos casos de coronavirus\u00a0confirmados por prueba PCR o&#8230;<\/p>\n","protected":false},"author":1,"featured_media":83773,"comment_status":"open","ping_status":"open","sticky":false,"template":"","format":"standard","meta":{"footnotes":""},"categories":[98,75],"tags":[7281,7397,7382,994,7477],"class_list":["post-83938","post","type-post","status-publish","format-standard","has-post-thumbnail","hentry","category-comarcas","category-noticias","tag-coronavirus","tag-covid-19","tag-datos","tag-generalitat-valenciana","tag-pandemia"],"yoast_head":"<!-- This site is optimized with the Yoast SEO plugin v27.3 - https:\/\/yoast.com\/product\/yoast-seo-wordpress\/ -->\n<title>La Comunitat Valenciana suma 40 muertes por Covid mientras los contagios siguen bajando - COPE Alcoy<\/title>\n<meta name=\"robots\" content=\"index, follow, max-snippet:-1, max-image-preview:large, max-video-preview:-1\" \/>\n<link rel=\"canonical\" href=\"https:\/\/www.copealcoy.es\/es\/la-comunitat-valenciana-suma-40-muertes-por-covid-mientras-los-contagios-siguen-bajando\/\" \/>\n<meta property=\"og:locale\" content=\"es_ES\" \/>\n<meta property=\"og:type\" content=\"article\" \/>\n<meta property=\"og:title\" content=\"La Comunitat Valenciana suma 40 muertes por Covid mientras los contagios siguen bajando - COPE Alcoy\" \/>\n<meta property=\"og:description\" content=\"La Conselleria de Sanidad Universal y Salud P\u00fablica\u00a0ha notificado un total de\u00a06.380 nuevos casos de coronavirus\u00a0confirmados por prueba PCR o...\" \/>\n<meta property=\"og:url\" content=\"https:\/\/www.copealcoy.es\/es\/la-comunitat-valenciana-suma-40-muertes-por-covid-mientras-los-contagios-siguen-bajando\/\" \/>\n<meta property=\"og:site_name\" content=\"COPE Alcoy\" \/>\n<meta property=\"article:published_time\" content=\"2022-02-17T03:37:03+00:00\" \/>\n<meta property=\"article:modified_time\" content=\"2022-02-17T14:53:02+00:00\" \/>\n<meta property=\"og:image\" content=\"https:\/\/www.copealcoy.es\/wp-content\/uploads\/2022\/02\/1630671244402.jpg\" \/>\n\t<meta property=\"og:image:width\" content=\"976\" \/>\n\t<meta property=\"og:image:height\" content=\"546\" \/>\n\t<meta property=\"og:image:type\" content=\"image\/jpeg\" \/>\n<meta name=\"author\" content=\"Cope Alcoy\" \/>\n<meta name=\"twitter:label1\" content=\"Escrito por\" \/>\n\t<meta name=\"twitter:data1\" content=\"Cope Alcoy\" \/>\n\t<meta name=\"twitter:label2\" content=\"Tiempo de lectura\" \/>\n\t<meta name=\"twitter:data2\" content=\"2 minutos\" \/>\n<script type=\"application\/ld+json\" class=\"yoast-schema-graph\">{\"@context\":\"https:\\\/\\\/schema.org\",\"@graph\":[{\"@type\":\"Article\",\"@id\":\"https:\\\/\\\/www.copealcoy.es\\\/es\\\/la-comunitat-valenciana-suma-40-muertes-por-covid-mientras-los-contagios-siguen-bajando\\\/#article\",\"isPartOf\":{\"@id\":\"https:\\\/\\\/www.copealcoy.es\\\/es\\\/la-comunitat-valenciana-suma-40-muertes-por-covid-mientras-los-contagios-siguen-bajando\\\/\"},\"author\":{\"name\":\"Cope Alcoy\",\"@id\":\"https:\\\/\\\/www.copealcoy.es\\\/es\\\/#\\\/schema\\\/person\\\/e777c87fa024e57d40170af9df39882c\"},\"headline\":\"La Comunitat Valenciana suma 40 muertes por Covid mientras los contagios siguen bajando\",\"datePublished\":\"2022-02-17T03:37:03+00:00\",\"dateModified\":\"2022-02-17T14:53:02+00:00\",\"mainEntityOfPage\":{\"@id\":\"https:\\\/\\\/www.copealcoy.es\\\/es\\\/la-comunitat-valenciana-suma-40-muertes-por-covid-mientras-los-contagios-siguen-bajando\\\/\"},\"wordCount\":332,\"commentCount\":0,\"image\":{\"@id\":\"https:\\\/\\\/www.copealcoy.es\\\/es\\\/la-comunitat-valenciana-suma-40-muertes-por-covid-mientras-los-contagios-siguen-bajando\\\/#primaryimage\"},\"thumbnailUrl\":\"https:\\\/\\\/www.copealcoy.es\\\/wp-content\\\/uploads\\\/2022\\\/02\\\/1630671244402.jpg\",\"keywords\":[\"Coronavirus\",\"Covid-19\",\"datos\",\"Generalitat Valenciana\",\"pandemia\"],\"articleSection\":[\"Comarcas\",\"Noticias\"],\"inLanguage\":\"es\"},{\"@type\":\"WebPage\",\"@id\":\"https:\\\/\\\/www.copealcoy.es\\\/es\\\/la-comunitat-valenciana-suma-40-muertes-por-covid-mientras-los-contagios-siguen-bajando\\\/\",\"url\":\"https:\\\/\\\/www.copealcoy.es\\\/es\\\/la-comunitat-valenciana-suma-40-muertes-por-covid-mientras-los-contagios-siguen-bajando\\\/\",\"name\":\"La Comunitat Valenciana suma 40 muertes por Covid mientras los contagios siguen bajando - COPE Alcoy\",\"isPartOf\":{\"@id\":\"https:\\\/\\\/www.copealcoy.es\\\/es\\\/#website\"},\"primaryImageOfPage\":{\"@id\":\"https:\\\/\\\/www.copealcoy.es\\\/es\\\/la-comunitat-valenciana-suma-40-muertes-por-covid-mientras-los-contagios-siguen-bajando\\\/#primaryimage\"},\"image\":{\"@id\":\"https:\\\/\\\/www.copealcoy.es\\\/es\\\/la-comunitat-valenciana-suma-40-muertes-por-covid-mientras-los-contagios-siguen-bajando\\\/#primaryimage\"},\"thumbnailUrl\":\"https:\\\/\\\/www.copealcoy.es\\\/wp-content\\\/uploads\\\/2022\\\/02\\\/1630671244402.jpg\",\"datePublished\":\"2022-02-17T03:37:03+00:00\",\"dateModified\":\"2022-02-17T14:53:02+00:00\",\"author\":{\"@id\":\"https:\\\/\\\/www.copealcoy.es\\\/es\\\/#\\\/schema\\\/person\\\/e777c87fa024e57d40170af9df39882c\"},\"breadcrumb\":{\"@id\":\"https:\\\/\\\/www.copealcoy.es\\\/es\\\/la-comunitat-valenciana-suma-40-muertes-por-covid-mientras-los-contagios-siguen-bajando\\\/#breadcrumb\"},\"inLanguage\":\"es\",\"potentialAction\":[{\"@type\":\"ReadAction\",\"target\":[\"https:\\\/\\\/www.copealcoy.es\\\/es\\\/la-comunitat-valenciana-suma-40-muertes-por-covid-mientras-los-contagios-siguen-bajando\\\/\"]}]},{\"@type\":\"ImageObject\",\"inLanguage\":\"es\",\"@id\":\"https:\\\/\\\/www.copealcoy.es\\\/es\\\/la-comunitat-valenciana-suma-40-muertes-por-covid-mientras-los-contagios-siguen-bajando\\\/#primaryimage\",\"url\":\"https:\\\/\\\/www.copealcoy.es\\\/wp-content\\\/uploads\\\/2022\\\/02\\\/1630671244402.jpg\",\"contentUrl\":\"https:\\\/\\\/www.copealcoy.es\\\/wp-content\\\/uploads\\\/2022\\\/02\\\/1630671244402.jpg\",\"width\":976,\"height\":546},{\"@type\":\"BreadcrumbList\",\"@id\":\"https:\\\/\\\/www.copealcoy.es\\\/es\\\/la-comunitat-valenciana-suma-40-muertes-por-covid-mientras-los-contagios-siguen-bajando\\\/#breadcrumb\",\"itemListElement\":[{\"@type\":\"ListItem\",\"position\":1,\"name\":\"Portada\",\"item\":\"https:\\\/\\\/www.copealcoy.es\\\/es\\\/\"},{\"@type\":\"ListItem\",\"position\":2,\"name\":\"La Comunitat Valenciana suma 40 muertes por Covid mientras los contagios siguen bajando\"}]},{\"@type\":\"WebSite\",\"@id\":\"https:\\\/\\\/www.copealcoy.es\\\/es\\\/#website\",\"url\":\"https:\\\/\\\/www.copealcoy.es\\\/es\\\/\",\"name\":\"COPE Alcoy\",\"description\":\"Emisora COPE de radio local con emisi\u00f3n online. Pont de Sant Jordi 8-10 03803 Alcoy\",\"potentialAction\":[{\"@type\":\"SearchAction\",\"target\":{\"@type\":\"EntryPoint\",\"urlTemplate\":\"https:\\\/\\\/www.copealcoy.es\\\/es\\\/?s={search_term_string}\"},\"query-input\":{\"@type\":\"PropertyValueSpecification\",\"valueRequired\":true,\"valueName\":\"search_term_string\"}}],\"inLanguage\":\"es\"},{\"@type\":\"Person\",\"@id\":\"https:\\\/\\\/www.copealcoy.es\\\/es\\\/#\\\/schema\\\/person\\\/e777c87fa024e57d40170af9df39882c\",\"name\":\"Cope Alcoy\",\"image\":{\"@type\":\"ImageObject\",\"inLanguage\":\"es\",\"@id\":\"https:\\\/\\\/secure.gravatar.com\\\/avatar\\\/bb65d0283347e303893ba14f0692005417c1e0e690a325a4c5d8bb2b3943ee14?s=96&d=mm&r=g\",\"url\":\"https:\\\/\\\/secure.gravatar.com\\\/avatar\\\/bb65d0283347e303893ba14f0692005417c1e0e690a325a4c5d8bb2b3943ee14?s=96&d=mm&r=g\",\"contentUrl\":\"https:\\\/\\\/secure.gravatar.com\\\/avatar\\\/bb65d0283347e303893ba14f0692005417c1e0e690a325a4c5d8bb2b3943ee14?s=96&d=mm&r=g\",\"caption\":\"Cope Alcoy\"}}]}<\/script>\n<!-- \/ Yoast SEO plugin. -->","yoast_head_json":{"title":"La Comunitat Valenciana suma 40 muertes por Covid mientras los contagios siguen bajando - COPE Alcoy","robots":{"index":"index","follow":"follow","max-snippet":"max-snippet:-1","max-image-preview":"max-image-preview:large","max-video-preview":"max-video-preview:-1"},"canonical":"https:\/\/www.copealcoy.es\/es\/la-comunitat-valenciana-suma-40-muertes-por-covid-mientras-los-contagios-siguen-bajando\/","og_locale":"es_ES","og_type":"article","og_title":"La Comunitat Valenciana suma 40 muertes por Covid mientras los contagios siguen bajando - COPE Alcoy","og_description":"La Conselleria de Sanidad Universal y Salud P\u00fablica\u00a0ha notificado un total de\u00a06.380 nuevos casos de coronavirus\u00a0confirmados por prueba PCR o...","og_url":"https:\/\/www.copealcoy.es\/es\/la-comunitat-valenciana-suma-40-muertes-por-covid-mientras-los-contagios-siguen-bajando\/","og_site_name":"COPE Alcoy","article_published_time":"2022-02-17T03:37:03+00:00","article_modified_time":"2022-02-17T14:53:02+00:00","og_image":[{"width":976,"height":546,"url":"https:\/\/www.copealcoy.es\/wp-content\/uploads\/2022\/02\/1630671244402.jpg","type":"image\/jpeg"}],"author":"Cope Alcoy","twitter_misc":{"Escrito por":"Cope Alcoy","Tiempo de lectura":"2 minutos"},"schema":{"@context":"https:\/\/schema.org","@graph":[{"@type":"Article","@id":"https:\/\/www.copealcoy.es\/es\/la-comunitat-valenciana-suma-40-muertes-por-covid-mientras-los-contagios-siguen-bajando\/#article","isPartOf":{"@id":"https:\/\/www.copealcoy.es\/es\/la-comunitat-valenciana-suma-40-muertes-por-covid-mientras-los-contagios-siguen-bajando\/"},"author":{"name":"Cope Alcoy","@id":"https:\/\/www.copealcoy.es\/es\/#\/schema\/person\/e777c87fa024e57d40170af9df39882c"},"headline":"La Comunitat Valenciana suma 40 muertes por Covid mientras los contagios siguen bajando","datePublished":"2022-02-17T03:37:03+00:00","dateModified":"2022-02-17T14:53:02+00:00","mainEntityOfPage":{"@id":"https:\/\/www.copealcoy.es\/es\/la-comunitat-valenciana-suma-40-muertes-por-covid-mientras-los-contagios-siguen-bajando\/"},"wordCount":332,"commentCount":0,"image":{"@id":"https:\/\/www.copealcoy.es\/es\/la-comunitat-valenciana-suma-40-muertes-por-covid-mientras-los-contagios-siguen-bajando\/#primaryimage"},"thumbnailUrl":"https:\/\/www.copealcoy.es\/wp-content\/uploads\/2022\/02\/1630671244402.jpg","keywords":["Coronavirus","Covid-19","datos","Generalitat Valenciana","pandemia"],"articleSection":["Comarcas","Noticias"],"inLanguage":"es"},{"@type":"WebPage","@id":"https:\/\/www.copealcoy.es\/es\/la-comunitat-valenciana-suma-40-muertes-por-covid-mientras-los-contagios-siguen-bajando\/","url":"https:\/\/www.copealcoy.es\/es\/la-comunitat-valenciana-suma-40-muertes-por-covid-mientras-los-contagios-siguen-bajando\/","name":"La Comunitat Valenciana suma 40 muertes por Covid mientras los contagios siguen bajando - COPE Alcoy","isPartOf":{"@id":"https:\/\/www.copealcoy.es\/es\/#website"},"primaryImageOfPage":{"@id":"https:\/\/www.copealcoy.es\/es\/la-comunitat-valenciana-suma-40-muertes-por-covid-mientras-los-contagios-siguen-bajando\/#primaryimage"},"image":{"@id":"https:\/\/www.copealcoy.es\/es\/la-comunitat-valenciana-suma-40-muertes-por-covid-mientras-los-contagios-siguen-bajando\/#primaryimage"},"thumbnailUrl":"https:\/\/www.copealcoy.es\/wp-content\/uploads\/2022\/02\/1630671244402.jpg","datePublished":"2022-02-17T03:37:03+00:00","dateModified":"2022-02-17T14:53:02+00:00","author":{"@id":"https:\/\/www.copealcoy.es\/es\/#\/schema\/person\/e777c87fa024e57d40170af9df39882c"},"breadcrumb":{"@id":"https:\/\/www.copealcoy.es\/es\/la-comunitat-valenciana-suma-40-muertes-por-covid-mientras-los-contagios-siguen-bajando\/#breadcrumb"},"inLanguage":"es","potentialAction":[{"@type":"ReadAction","target":["https:\/\/www.copealcoy.es\/es\/la-comunitat-valenciana-suma-40-muertes-por-covid-mientras-los-contagios-siguen-bajando\/"]}]},{"@type":"ImageObject","inLanguage":"es","@id":"https:\/\/www.copealcoy.es\/es\/la-comunitat-valenciana-suma-40-muertes-por-covid-mientras-los-contagios-siguen-bajando\/#primaryimage","url":"https:\/\/www.copealcoy.es\/wp-content\/uploads\/2022\/02\/1630671244402.jpg","contentUrl":"https:\/\/www.copealcoy.es\/wp-content\/uploads\/2022\/02\/1630671244402.jpg","width":976,"height":546},{"@type":"BreadcrumbList","@id":"https:\/\/www.copealcoy.es\/es\/la-comunitat-valenciana-suma-40-muertes-por-covid-mientras-los-contagios-siguen-bajando\/#breadcrumb","itemListElement":[{"@type":"ListItem","position":1,"name":"Portada","item":"https:\/\/www.copealcoy.es\/es\/"},{"@type":"ListItem","position":2,"name":"La Comunitat Valenciana suma 40 muertes por Covid mientras los contagios siguen bajando"}]},{"@type":"WebSite","@id":"https:\/\/www.copealcoy.es\/es\/#website","url":"https:\/\/www.copealcoy.es\/es\/","name":"COPE Alcoy","description":"Emisora COPE de radio local con emisi\u00f3n online. Pont de Sant Jordi 8-10 03803 Alcoy","potentialAction":[{"@type":"SearchAction","target":{"@type":"EntryPoint","urlTemplate":"https:\/\/www.copealcoy.es\/es\/?s={search_term_string}"},"query-input":{"@type":"PropertyValueSpecification","valueRequired":true,"valueName":"search_term_string"}}],"inLanguage":"es"},{"@type":"Person","@id":"https:\/\/www.copealcoy.es\/es\/#\/schema\/person\/e777c87fa024e57d40170af9df39882c","name":"Cope Alcoy","image":{"@type":"ImageObject","inLanguage":"es","@id":"https:\/\/secure.gravatar.com\/avatar\/bb65d0283347e303893ba14f0692005417c1e0e690a325a4c5d8bb2b3943ee14?s=96&d=mm&r=g","url":"https:\/\/secure.gravatar.com\/avatar\/bb65d0283347e303893ba14f0692005417c1e0e690a325a4c5d8bb2b3943ee14?s=96&d=mm&r=g","contentUrl":"https:\/\/secure.gravatar.com\/avatar\/bb65d0283347e303893ba14f0692005417c1e0e690a325a4c5d8bb2b3943ee14?s=96&d=mm&r=g","caption":"Cope Alcoy"}}]}},"_links":{"self":[{"href":"https:\/\/www.copealcoy.es\/es\/wp-json\/wp\/v2\/posts\/83938","targetHints":{"allow":["GET"]}}],"collection":[{"href":"https:\/\/www.copealcoy.es\/es\/wp-json\/wp\/v2\/posts"}],"about":[{"href":"https:\/\/www.copealcoy.es\/es\/wp-json\/wp\/v2\/types\/post"}],"author":[{"embeddable":true,"href":"https:\/\/www.copealcoy.es\/es\/wp-json\/wp\/v2\/users\/1"}],"replies":[{"embeddable":true,"href":"https:\/\/www.copealcoy.es\/es\/wp-json\/wp\/v2\/comments?post=83938"}],"version-history":[{"count":0,"href":"https:\/\/www.copealcoy.es\/es\/wp-json\/wp\/v2\/posts\/83938\/revisions"}],"wp:featuredmedia":[{"embeddable":true,"href":"https:\/\/www.copealcoy.es\/es\/wp-json\/wp\/v2\/media\/83773"}],"wp:attachment":[{"href":"https:\/\/www.copealcoy.es\/es\/wp-json\/wp\/v2\/media?parent=83938"}],"wp:term":[{"taxonomy":"category","embeddable":true,"href":"https:\/\/www.copealcoy.es\/es\/wp-json\/wp\/v2\/categories?post=83938"},{"taxonomy":"post_tag","embeddable":true,"href":"https:\/\/www.copealcoy.es\/es\/wp-json\/wp\/v2\/tags?post=83938"}],"curies":[{"name":"wp","href":"https:\/\/api.w.org\/{rel}","templated":true}]}}