{"id":83864,"date":"2022-02-15T15:24:24","date_gmt":"2022-02-15T14:24:24","guid":{"rendered":"https:\/\/www.copealcoy.es\/?p=83864"},"modified":"2022-02-15T15:27:47","modified_gmt":"2022-02-15T14:27:47","slug":"puig-apuesta-por-agotar-la-legislatura","status":"publish","type":"post","link":"https:\/\/www.copealcoy.es\/es\/puig-apuesta-por-agotar-la-legislatura\/","title":{"rendered":"Puig apuesta por agotar la legislatura"},"content":{"rendered":"<p style=\"text-align: justify;\">El President de la Generalitat, <strong>Ximo Puig<\/strong>, ha manifestado este martes que <strong>no ve motivos para un hipot\u00e9tico adelanto electoral en la Comunitat Valenciana<\/strong>, como s\u00ed ocurri\u00f3 en Castilla y Le\u00f3n, y ha apostado por agotar la legislatura porque lo contrario ser\u00eda hacer <em>&#8220;partidismo&#8221;.<\/em><\/p>\n<p style=\"text-align: justify;\">En declaraciones a los periodistas tras la presentaci\u00f3n del &#8216;Plan de Transformaci\u00f3n Digital de la Comunitat Valenciana&#8217;, el jefe del Consell ha sido preguntado por si los resultados en Castilla y Le\u00f3n alejan la posibilidad de un adelanto electoral en el territorio valenciano.<\/p>\n<p style=\"text-align: justify;\"><em>&#8220;Las elecciones en Castilla y Le\u00f3n no tienen nada que ver con la Comunitat Valenciana y nunca lo han tenido&#8221;<\/em>, ha recalcado Puig, quien ha proseguido que<em>&#8220;no hay que hacer partidismo a la hora de convocar elecciones, como se ha hecho&#8221;<\/em>, en su opini\u00f3n, en aquella autonom\u00eda.<\/p>\n<p style=\"text-align: justify;\"><em>&#8220;Las elecciones en la Comunitat Valenciana se har\u00e1n cuando sea positivo para la Comunitat y en estos momentos lo fundamental es nuestra agenda basada en la recuperaci\u00f3n econ\u00f3mica, social y emocional&#8221;<\/em>, ha argumentado <strong>el Jefe del Consell<\/strong>.<\/p>\n<p style=\"text-align: justify;\">Por ello, ha sostenido que<em>&#8220;por supuesto&#8221;<\/em>\u00a0pretende agotar la legislatura ya que en la Comunitat hay\u00a0<em>&#8220;un factor fundamental, la estabilidad&#8221;<\/em>y se <strong>cuenta con un presupuesto aprobado<\/strong> que hay que desarrollar, adem\u00e1s de\u00a0<em>&#8220;acuerdos de pa\u00eds&#8221;<\/em>\u00a0con los agentes sociales, econ\u00f3micos, institucionales y pol\u00edticos.<\/p>\n<p style=\"text-align: justify;\"><em>&#8220;Tenemos que desarrollar todo este trabajo y no tiene ninguna motivaci\u00f3n celebrar en estos momentos ninguna elecci\u00f3n, si no se juega simplemente a partidismo&#8221;<\/em>, ha reiterado.<\/p>\n<p style=\"text-align: justify;\">Ayer mismo, en plena resaca electoral de Castilla y Le\u00f3n, Puig insist\u00eda en que\u00a0<em>&#8220;parece que ya muchos anuncian el final de la legislatura&#8221;<\/em>, pero esta <strong>va a continuar y queda casi un tercio del mandato<\/strong> para conseguir <strong>los retos que se marcaron al inicio<\/strong>, por lo que no perder\u00e1n\u00a0<em>&#8220;ni un d\u00eda&#8221;<\/em>\u00a0con tal de lograrlos.<\/p>\n<p style=\"text-align: justify;\">Puig indicaba que este a\u00f1o va a ser<em>&#8220;decisivo&#8221;<\/em>\u00a0para la Comunitat Valenciana, no solo para el Consell, pues <strong>va a ser el a\u00f1o de la aceleraci\u00f3n de las transiciones<\/strong> que quedan pendientes, como la digital y la energ\u00e9tica, as\u00ed como el de la reactivaci\u00f3n econ\u00f3mica, social y tambi\u00e9n emocional.<\/p>\n","protected":false},"excerpt":{"rendered":"<p>El President de la Generalitat, Ximo Puig, ha manifestado este martes que no ve motivos para un hipot\u00e9tico adelanto electoral&#8230;<\/p>\n","protected":false},"author":1,"featured_media":68880,"comment_status":"open","ping_status":"open","sticky":false,"template":"","format":"standard","meta":{"footnotes":""},"categories":[6909,75,79],"tags":[389,560,422,1728],"class_list":["post-83864","post","type-post","status-publish","format-standard","has-post-thumbnail","hentry","category-actualidad","category-noticias","category-politicayeconomia","tag-elecciones-autonomicas","tag-legislatura","tag-politica","tag-ximo-puig"],"yoast_head":"<!-- This site is optimized with the Yoast SEO plugin v27.3 - https:\/\/yoast.com\/product\/yoast-seo-wordpress\/ -->\n<title>Puig apuesta por agotar la legislatura - COPE Alcoy<\/title>\n<meta name=\"robots\" content=\"index, follow, max-snippet:-1, max-image-preview:large, max-video-preview:-1\" \/>\n<link rel=\"canonical\" href=\"https:\/\/www.copealcoy.es\/es\/puig-apuesta-por-agotar-la-legislatura\/\" \/>\n<meta property=\"og:locale\" content=\"es_ES\" \/>\n<meta property=\"og:type\" content=\"article\" \/>\n<meta property=\"og:title\" content=\"Puig apuesta por agotar la legislatura - COPE Alcoy\" \/>\n<meta property=\"og:description\" content=\"El President de la Generalitat, Ximo Puig, ha manifestado este martes que no ve motivos para un hipot\u00e9tico adelanto electoral...\" \/>\n<meta property=\"og:url\" content=\"https:\/\/www.copealcoy.es\/es\/puig-apuesta-por-agotar-la-legislatura\/\" \/>\n<meta property=\"og:site_name\" content=\"COPE Alcoy\" \/>\n<meta property=\"article:published_time\" content=\"2022-02-15T14:24:24+00:00\" \/>\n<meta property=\"article:modified_time\" content=\"2022-02-15T14:27:47+00:00\" \/>\n<meta property=\"og:image\" content=\"https:\/\/www.copealcoy.es\/wp-content\/uploads\/2020\/12\/1603879710367.jpg\" \/>\n\t<meta property=\"og:image:width\" content=\"976\" \/>\n\t<meta property=\"og:image:height\" content=\"650\" \/>\n\t<meta property=\"og:image:type\" content=\"image\/jpeg\" \/>\n<meta name=\"author\" content=\"Cope Alcoy\" \/>\n<meta name=\"twitter:label1\" content=\"Escrito por\" \/>\n\t<meta name=\"twitter:data1\" content=\"Cope Alcoy\" \/>\n\t<meta name=\"twitter:label2\" content=\"Tiempo de lectura\" \/>\n\t<meta name=\"twitter:data2\" content=\"2 minutos\" \/>\n<script type=\"application\/ld+json\" class=\"yoast-schema-graph\">{\"@context\":\"https:\\\/\\\/schema.org\",\"@graph\":[{\"@type\":\"Article\",\"@id\":\"https:\\\/\\\/www.copealcoy.es\\\/es\\\/puig-apuesta-por-agotar-la-legislatura\\\/#article\",\"isPartOf\":{\"@id\":\"https:\\\/\\\/www.copealcoy.es\\\/es\\\/puig-apuesta-por-agotar-la-legislatura\\\/\"},\"author\":{\"name\":\"Cope Alcoy\",\"@id\":\"https:\\\/\\\/www.copealcoy.es\\\/es\\\/#\\\/schema\\\/person\\\/e777c87fa024e57d40170af9df39882c\"},\"headline\":\"Puig apuesta por agotar la legislatura\",\"datePublished\":\"2022-02-15T14:24:24+00:00\",\"dateModified\":\"2022-02-15T14:27:47+00:00\",\"mainEntityOfPage\":{\"@id\":\"https:\\\/\\\/www.copealcoy.es\\\/es\\\/puig-apuesta-por-agotar-la-legislatura\\\/\"},\"wordCount\":386,\"commentCount\":0,\"image\":{\"@id\":\"https:\\\/\\\/www.copealcoy.es\\\/es\\\/puig-apuesta-por-agotar-la-legislatura\\\/#primaryimage\"},\"thumbnailUrl\":\"https:\\\/\\\/www.copealcoy.es\\\/wp-content\\\/uploads\\\/2020\\\/12\\\/1603879710367.jpg\",\"keywords\":[\"Elecciones Auton\u00f3micas\",\"Legislatura\",\"Pol\u00edtica\",\"Ximo Puig\"],\"articleSection\":[\"Actualidad\",\"Noticias\",\"Pol\u00edtica y Econom\u00eda\"],\"inLanguage\":\"es\"},{\"@type\":\"WebPage\",\"@id\":\"https:\\\/\\\/www.copealcoy.es\\\/es\\\/puig-apuesta-por-agotar-la-legislatura\\\/\",\"url\":\"https:\\\/\\\/www.copealcoy.es\\\/es\\\/puig-apuesta-por-agotar-la-legislatura\\\/\",\"name\":\"Puig apuesta por agotar la legislatura - COPE Alcoy\",\"isPartOf\":{\"@id\":\"https:\\\/\\\/www.copealcoy.es\\\/es\\\/#website\"},\"primaryImageOfPage\":{\"@id\":\"https:\\\/\\\/www.copealcoy.es\\\/es\\\/puig-apuesta-por-agotar-la-legislatura\\\/#primaryimage\"},\"image\":{\"@id\":\"https:\\\/\\\/www.copealcoy.es\\\/es\\\/puig-apuesta-por-agotar-la-legislatura\\\/#primaryimage\"},\"thumbnailUrl\":\"https:\\\/\\\/www.copealcoy.es\\\/wp-content\\\/uploads\\\/2020\\\/12\\\/1603879710367.jpg\",\"datePublished\":\"2022-02-15T14:24:24+00:00\",\"dateModified\":\"2022-02-15T14:27:47+00:00\",\"author\":{\"@id\":\"https:\\\/\\\/www.copealcoy.es\\\/es\\\/#\\\/schema\\\/person\\\/e777c87fa024e57d40170af9df39882c\"},\"breadcrumb\":{\"@id\":\"https:\\\/\\\/www.copealcoy.es\\\/es\\\/puig-apuesta-por-agotar-la-legislatura\\\/#breadcrumb\"},\"inLanguage\":\"es\",\"potentialAction\":[{\"@type\":\"ReadAction\",\"target\":[\"https:\\\/\\\/www.copealcoy.es\\\/es\\\/puig-apuesta-por-agotar-la-legislatura\\\/\"]}]},{\"@type\":\"ImageObject\",\"inLanguage\":\"es\",\"@id\":\"https:\\\/\\\/www.copealcoy.es\\\/es\\\/puig-apuesta-por-agotar-la-legislatura\\\/#primaryimage\",\"url\":\"https:\\\/\\\/www.copealcoy.es\\\/wp-content\\\/uploads\\\/2020\\\/12\\\/1603879710367.jpg\",\"contentUrl\":\"https:\\\/\\\/www.copealcoy.es\\\/wp-content\\\/uploads\\\/2020\\\/12\\\/1603879710367.jpg\",\"width\":976,\"height\":650},{\"@type\":\"BreadcrumbList\",\"@id\":\"https:\\\/\\\/www.copealcoy.es\\\/es\\\/puig-apuesta-por-agotar-la-legislatura\\\/#breadcrumb\",\"itemListElement\":[{\"@type\":\"ListItem\",\"position\":1,\"name\":\"Portada\",\"item\":\"https:\\\/\\\/www.copealcoy.es\\\/es\\\/\"},{\"@type\":\"ListItem\",\"position\":2,\"name\":\"Puig apuesta por agotar la legislatura\"}]},{\"@type\":\"WebSite\",\"@id\":\"https:\\\/\\\/www.copealcoy.es\\\/es\\\/#website\",\"url\":\"https:\\\/\\\/www.copealcoy.es\\\/es\\\/\",\"name\":\"COPE Alcoy\",\"description\":\"Emisora COPE de radio local con emisi\u00f3n online. Pont de Sant Jordi 8-10 03803 Alcoy\",\"potentialAction\":[{\"@type\":\"SearchAction\",\"target\":{\"@type\":\"EntryPoint\",\"urlTemplate\":\"https:\\\/\\\/www.copealcoy.es\\\/es\\\/?s={search_term_string}\"},\"query-input\":{\"@type\":\"PropertyValueSpecification\",\"valueRequired\":true,\"valueName\":\"search_term_string\"}}],\"inLanguage\":\"es\"},{\"@type\":\"Person\",\"@id\":\"https:\\\/\\\/www.copealcoy.es\\\/es\\\/#\\\/schema\\\/person\\\/e777c87fa024e57d40170af9df39882c\",\"name\":\"Cope Alcoy\",\"image\":{\"@type\":\"ImageObject\",\"inLanguage\":\"es\",\"@id\":\"https:\\\/\\\/secure.gravatar.com\\\/avatar\\\/bb65d0283347e303893ba14f0692005417c1e0e690a325a4c5d8bb2b3943ee14?s=96&d=mm&r=g\",\"url\":\"https:\\\/\\\/secure.gravatar.com\\\/avatar\\\/bb65d0283347e303893ba14f0692005417c1e0e690a325a4c5d8bb2b3943ee14?s=96&d=mm&r=g\",\"contentUrl\":\"https:\\\/\\\/secure.gravatar.com\\\/avatar\\\/bb65d0283347e303893ba14f0692005417c1e0e690a325a4c5d8bb2b3943ee14?s=96&d=mm&r=g\",\"caption\":\"Cope Alcoy\"}}]}<\/script>\n<!-- \/ Yoast SEO plugin. -->","yoast_head_json":{"title":"Puig apuesta por agotar la legislatura - COPE Alcoy","robots":{"index":"index","follow":"follow","max-snippet":"max-snippet:-1","max-image-preview":"max-image-preview:large","max-video-preview":"max-video-preview:-1"},"canonical":"https:\/\/www.copealcoy.es\/es\/puig-apuesta-por-agotar-la-legislatura\/","og_locale":"es_ES","og_type":"article","og_title":"Puig apuesta por agotar la legislatura - COPE Alcoy","og_description":"El President de la Generalitat, Ximo Puig, ha manifestado este martes que no ve motivos para un hipot\u00e9tico adelanto electoral...","og_url":"https:\/\/www.copealcoy.es\/es\/puig-apuesta-por-agotar-la-legislatura\/","og_site_name":"COPE Alcoy","article_published_time":"2022-02-15T14:24:24+00:00","article_modified_time":"2022-02-15T14:27:47+00:00","og_image":[{"width":976,"height":650,"url":"https:\/\/www.copealcoy.es\/wp-content\/uploads\/2020\/12\/1603879710367.jpg","type":"image\/jpeg"}],"author":"Cope Alcoy","twitter_misc":{"Escrito por":"Cope Alcoy","Tiempo de lectura":"2 minutos"},"schema":{"@context":"https:\/\/schema.org","@graph":[{"@type":"Article","@id":"https:\/\/www.copealcoy.es\/es\/puig-apuesta-por-agotar-la-legislatura\/#article","isPartOf":{"@id":"https:\/\/www.copealcoy.es\/es\/puig-apuesta-por-agotar-la-legislatura\/"},"author":{"name":"Cope Alcoy","@id":"https:\/\/www.copealcoy.es\/es\/#\/schema\/person\/e777c87fa024e57d40170af9df39882c"},"headline":"Puig apuesta por agotar la legislatura","datePublished":"2022-02-15T14:24:24+00:00","dateModified":"2022-02-15T14:27:47+00:00","mainEntityOfPage":{"@id":"https:\/\/www.copealcoy.es\/es\/puig-apuesta-por-agotar-la-legislatura\/"},"wordCount":386,"commentCount":0,"image":{"@id":"https:\/\/www.copealcoy.es\/es\/puig-apuesta-por-agotar-la-legislatura\/#primaryimage"},"thumbnailUrl":"https:\/\/www.copealcoy.es\/wp-content\/uploads\/2020\/12\/1603879710367.jpg","keywords":["Elecciones Auton\u00f3micas","Legislatura","Pol\u00edtica","Ximo Puig"],"articleSection":["Actualidad","Noticias","Pol\u00edtica y Econom\u00eda"],"inLanguage":"es"},{"@type":"WebPage","@id":"https:\/\/www.copealcoy.es\/es\/puig-apuesta-por-agotar-la-legislatura\/","url":"https:\/\/www.copealcoy.es\/es\/puig-apuesta-por-agotar-la-legislatura\/","name":"Puig apuesta por agotar la legislatura - COPE Alcoy","isPartOf":{"@id":"https:\/\/www.copealcoy.es\/es\/#website"},"primaryImageOfPage":{"@id":"https:\/\/www.copealcoy.es\/es\/puig-apuesta-por-agotar-la-legislatura\/#primaryimage"},"image":{"@id":"https:\/\/www.copealcoy.es\/es\/puig-apuesta-por-agotar-la-legislatura\/#primaryimage"},"thumbnailUrl":"https:\/\/www.copealcoy.es\/wp-content\/uploads\/2020\/12\/1603879710367.jpg","datePublished":"2022-02-15T14:24:24+00:00","dateModified":"2022-02-15T14:27:47+00:00","author":{"@id":"https:\/\/www.copealcoy.es\/es\/#\/schema\/person\/e777c87fa024e57d40170af9df39882c"},"breadcrumb":{"@id":"https:\/\/www.copealcoy.es\/es\/puig-apuesta-por-agotar-la-legislatura\/#breadcrumb"},"inLanguage":"es","potentialAction":[{"@type":"ReadAction","target":["https:\/\/www.copealcoy.es\/es\/puig-apuesta-por-agotar-la-legislatura\/"]}]},{"@type":"ImageObject","inLanguage":"es","@id":"https:\/\/www.copealcoy.es\/es\/puig-apuesta-por-agotar-la-legislatura\/#primaryimage","url":"https:\/\/www.copealcoy.es\/wp-content\/uploads\/2020\/12\/1603879710367.jpg","contentUrl":"https:\/\/www.copealcoy.es\/wp-content\/uploads\/2020\/12\/1603879710367.jpg","width":976,"height":650},{"@type":"BreadcrumbList","@id":"https:\/\/www.copealcoy.es\/es\/puig-apuesta-por-agotar-la-legislatura\/#breadcrumb","itemListElement":[{"@type":"ListItem","position":1,"name":"Portada","item":"https:\/\/www.copealcoy.es\/es\/"},{"@type":"ListItem","position":2,"name":"Puig apuesta por agotar la legislatura"}]},{"@type":"WebSite","@id":"https:\/\/www.copealcoy.es\/es\/#website","url":"https:\/\/www.copealcoy.es\/es\/","name":"COPE Alcoy","description":"Emisora COPE de radio local con emisi\u00f3n online. Pont de Sant Jordi 8-10 03803 Alcoy","potentialAction":[{"@type":"SearchAction","target":{"@type":"EntryPoint","urlTemplate":"https:\/\/www.copealcoy.es\/es\/?s={search_term_string}"},"query-input":{"@type":"PropertyValueSpecification","valueRequired":true,"valueName":"search_term_string"}}],"inLanguage":"es"},{"@type":"Person","@id":"https:\/\/www.copealcoy.es\/es\/#\/schema\/person\/e777c87fa024e57d40170af9df39882c","name":"Cope Alcoy","image":{"@type":"ImageObject","inLanguage":"es","@id":"https:\/\/secure.gravatar.com\/avatar\/bb65d0283347e303893ba14f0692005417c1e0e690a325a4c5d8bb2b3943ee14?s=96&d=mm&r=g","url":"https:\/\/secure.gravatar.com\/avatar\/bb65d0283347e303893ba14f0692005417c1e0e690a325a4c5d8bb2b3943ee14?s=96&d=mm&r=g","contentUrl":"https:\/\/secure.gravatar.com\/avatar\/bb65d0283347e303893ba14f0692005417c1e0e690a325a4c5d8bb2b3943ee14?s=96&d=mm&r=g","caption":"Cope Alcoy"}}]}},"_links":{"self":[{"href":"https:\/\/www.copealcoy.es\/es\/wp-json\/wp\/v2\/posts\/83864","targetHints":{"allow":["GET"]}}],"collection":[{"href":"https:\/\/www.copealcoy.es\/es\/wp-json\/wp\/v2\/posts"}],"about":[{"href":"https:\/\/www.copealcoy.es\/es\/wp-json\/wp\/v2\/types\/post"}],"author":[{"embeddable":true,"href":"https:\/\/www.copealcoy.es\/es\/wp-json\/wp\/v2\/users\/1"}],"replies":[{"embeddable":true,"href":"https:\/\/www.copealcoy.es\/es\/wp-json\/wp\/v2\/comments?post=83864"}],"version-history":[{"count":0,"href":"https:\/\/www.copealcoy.es\/es\/wp-json\/wp\/v2\/posts\/83864\/revisions"}],"wp:featuredmedia":[{"embeddable":true,"href":"https:\/\/www.copealcoy.es\/es\/wp-json\/wp\/v2\/media\/68880"}],"wp:attachment":[{"href":"https:\/\/www.copealcoy.es\/es\/wp-json\/wp\/v2\/media?parent=83864"}],"wp:term":[{"taxonomy":"category","embeddable":true,"href":"https:\/\/www.copealcoy.es\/es\/wp-json\/wp\/v2\/categories?post=83864"},{"taxonomy":"post_tag","embeddable":true,"href":"https:\/\/www.copealcoy.es\/es\/wp-json\/wp\/v2\/tags?post=83864"}],"curies":[{"name":"wp","href":"https:\/\/api.w.org\/{rel}","templated":true}]}}