{"id":83805,"date":"2022-02-14T12:02:17","date_gmt":"2022-02-14T11:02:17","guid":{"rendered":"https:\/\/www.copealcoy.es\/?p=83805"},"modified":"2022-02-13T18:07:59","modified_gmt":"2022-02-13T17:07:59","slug":"aspanion-reconoce-a-fundacion-mutua-de-levante","status":"publish","type":"post","link":"https:\/\/www.copealcoy.es\/es\/aspanion-reconoce-a-fundacion-mutua-de-levante\/","title":{"rendered":"Aspanion reconoce a Fundaci\u00f3n Mutua de Levante"},"content":{"rendered":"<p style=\"text-align: justify;\">La<strong> Asociaci\u00f3n de Padres de Ni\u00f1os con C\u00e1ncer de la Comunidad Valenciana (ASPANION) <\/strong>ha otorgado el <strong>Sello \u2018Empresa Estrella 2021\u2019<\/strong> a <strong>Fundaci\u00f3n Mutua Levante <\/strong>en reconocimiento a<strong> la colaboraci\u00f3n que mantienen desde 2019<\/strong> con el objetivo de dar apoyo a las familias con ni\u00f1os y ni\u00f1as\u00a0 afectados por el c\u00e1ncer.<\/p>\n<p style=\"text-align: justify;\">Este convenio, con \u00e1mbito de actuaci\u00f3n en Alicante, Valencia y Castell\u00f3n, permite tanto <strong>el mantenimiento de los pisos de acogida<\/strong> que se ponen a disposici\u00f3n de las familias durante los periodos de tratamiento hospitalario; como el <strong>apoyo psicol\u00f3gico<\/strong>.<\/p>\n<p style=\"text-align: justify;\">Recordar que ASPANION <strong>tiene como objetivo contribuir al estado m\u00e9dico, asistencial y psicol\u00f3gico de los ni\u00f1os y sus padres<\/strong>, trabajando para que el desarrollo afectivo y educativo sea el m\u00e1s adecuado a sus circunstancias.\u00a0 Seg\u00fan cifras de ASPANION, en 2021 <strong>un total de 739 familias de toda la Comunidad Valenciana se beneficiaron de estas ayudas<\/strong>.<\/p>\n<p style=\"text-align: justify;\">Este reconocimiento llega <strong>en v\u00edspera del 15 de febrero<\/strong>, jornada en la que se conmemora <strong>el D\u00eda Internacional Contra El C\u00e1ncer Infantil<\/strong>.<\/p>\n","protected":false},"excerpt":{"rendered":"<p>La Asociaci\u00f3n de Padres de Ni\u00f1os con C\u00e1ncer de la Comunidad Valenciana (ASPANION) ha otorgado el Sello \u2018Empresa Estrella 2021\u2019&#8230;<\/p>\n","protected":false},"author":1,"featured_media":83806,"comment_status":"open","ping_status":"open","sticky":false,"template":"","format":"standard","meta":{"footnotes":""},"categories":[6909,97,78,75],"tags":[12419,1743,11771,603],"class_list":["post-83805","post","type-post","status-publish","format-standard","has-post-thumbnail","hentry","category-actualidad","category-alcoy","category-fiestaycultura","category-noticias","tag-aspanion","tag-fundacion","tag-mutua-de-levante","tag-reconocimiento"],"yoast_head":"<!-- This site is optimized with the Yoast SEO plugin v27.3 - https:\/\/yoast.com\/product\/yoast-seo-wordpress\/ -->\n<title>Aspanion reconoce a Fundaci\u00f3n Mutua de Levante - COPE Alcoy<\/title>\n<meta name=\"robots\" content=\"index, follow, max-snippet:-1, max-image-preview:large, max-video-preview:-1\" \/>\n<link rel=\"canonical\" href=\"https:\/\/www.copealcoy.es\/es\/aspanion-reconoce-a-fundacion-mutua-de-levante\/\" \/>\n<meta property=\"og:locale\" content=\"es_ES\" \/>\n<meta property=\"og:type\" content=\"article\" \/>\n<meta property=\"og:title\" content=\"Aspanion reconoce a Fundaci\u00f3n Mutua de Levante - COPE Alcoy\" \/>\n<meta property=\"og:description\" content=\"La Asociaci\u00f3n de Padres de Ni\u00f1os con C\u00e1ncer de la Comunidad Valenciana (ASPANION) ha otorgado el Sello \u2018Empresa Estrella 2021\u2019...\" \/>\n<meta property=\"og:url\" content=\"https:\/\/www.copealcoy.es\/es\/aspanion-reconoce-a-fundacion-mutua-de-levante\/\" \/>\n<meta property=\"og:site_name\" content=\"COPE Alcoy\" \/>\n<meta property=\"article:published_time\" content=\"2022-02-14T11:02:17+00:00\" \/>\n<meta property=\"og:image\" content=\"https:\/\/www.copealcoy.es\/wp-content\/uploads\/2022\/02\/timthumb.jpg\" \/>\n\t<meta property=\"og:image:width\" content=\"620\" \/>\n\t<meta property=\"og:image:height\" content=\"392\" \/>\n\t<meta property=\"og:image:type\" content=\"image\/jpeg\" \/>\n<meta name=\"author\" content=\"Cope Alcoy\" \/>\n<meta name=\"twitter:label1\" content=\"Escrito por\" \/>\n\t<meta name=\"twitter:data1\" content=\"Cope Alcoy\" \/>\n\t<meta name=\"twitter:label2\" content=\"Tiempo de lectura\" \/>\n\t<meta name=\"twitter:data2\" content=\"1 minuto\" \/>\n<script type=\"application\/ld+json\" class=\"yoast-schema-graph\">{\"@context\":\"https:\\\/\\\/schema.org\",\"@graph\":[{\"@type\":\"Article\",\"@id\":\"https:\\\/\\\/www.copealcoy.es\\\/es\\\/aspanion-reconoce-a-fundacion-mutua-de-levante\\\/#article\",\"isPartOf\":{\"@id\":\"https:\\\/\\\/www.copealcoy.es\\\/es\\\/aspanion-reconoce-a-fundacion-mutua-de-levante\\\/\"},\"author\":{\"name\":\"Cope Alcoy\",\"@id\":\"https:\\\/\\\/www.copealcoy.es\\\/es\\\/#\\\/schema\\\/person\\\/e777c87fa024e57d40170af9df39882c\"},\"headline\":\"Aspanion reconoce a Fundaci\u00f3n Mutua de Levante\",\"datePublished\":\"2022-02-14T11:02:17+00:00\",\"mainEntityOfPage\":{\"@id\":\"https:\\\/\\\/www.copealcoy.es\\\/es\\\/aspanion-reconoce-a-fundacion-mutua-de-levante\\\/\"},\"wordCount\":188,\"commentCount\":0,\"image\":{\"@id\":\"https:\\\/\\\/www.copealcoy.es\\\/es\\\/aspanion-reconoce-a-fundacion-mutua-de-levante\\\/#primaryimage\"},\"thumbnailUrl\":\"https:\\\/\\\/www.copealcoy.es\\\/wp-content\\\/uploads\\\/2022\\\/02\\\/timthumb.jpg\",\"keywords\":[\"Aspanion\",\"Fundaci\u00f3n\",\"Mutua de Levante\",\"Reconocimiento\"],\"articleSection\":[\"Actualidad\",\"Alcoy\",\"Fiesta y Cultura\",\"Noticias\"],\"inLanguage\":\"es\"},{\"@type\":\"WebPage\",\"@id\":\"https:\\\/\\\/www.copealcoy.es\\\/es\\\/aspanion-reconoce-a-fundacion-mutua-de-levante\\\/\",\"url\":\"https:\\\/\\\/www.copealcoy.es\\\/es\\\/aspanion-reconoce-a-fundacion-mutua-de-levante\\\/\",\"name\":\"Aspanion reconoce a Fundaci\u00f3n Mutua de Levante - COPE Alcoy\",\"isPartOf\":{\"@id\":\"https:\\\/\\\/www.copealcoy.es\\\/es\\\/#website\"},\"primaryImageOfPage\":{\"@id\":\"https:\\\/\\\/www.copealcoy.es\\\/es\\\/aspanion-reconoce-a-fundacion-mutua-de-levante\\\/#primaryimage\"},\"image\":{\"@id\":\"https:\\\/\\\/www.copealcoy.es\\\/es\\\/aspanion-reconoce-a-fundacion-mutua-de-levante\\\/#primaryimage\"},\"thumbnailUrl\":\"https:\\\/\\\/www.copealcoy.es\\\/wp-content\\\/uploads\\\/2022\\\/02\\\/timthumb.jpg\",\"datePublished\":\"2022-02-14T11:02:17+00:00\",\"author\":{\"@id\":\"https:\\\/\\\/www.copealcoy.es\\\/es\\\/#\\\/schema\\\/person\\\/e777c87fa024e57d40170af9df39882c\"},\"breadcrumb\":{\"@id\":\"https:\\\/\\\/www.copealcoy.es\\\/es\\\/aspanion-reconoce-a-fundacion-mutua-de-levante\\\/#breadcrumb\"},\"inLanguage\":\"es\",\"potentialAction\":[{\"@type\":\"ReadAction\",\"target\":[\"https:\\\/\\\/www.copealcoy.es\\\/es\\\/aspanion-reconoce-a-fundacion-mutua-de-levante\\\/\"]}]},{\"@type\":\"ImageObject\",\"inLanguage\":\"es\",\"@id\":\"https:\\\/\\\/www.copealcoy.es\\\/es\\\/aspanion-reconoce-a-fundacion-mutua-de-levante\\\/#primaryimage\",\"url\":\"https:\\\/\\\/www.copealcoy.es\\\/wp-content\\\/uploads\\\/2022\\\/02\\\/timthumb.jpg\",\"contentUrl\":\"https:\\\/\\\/www.copealcoy.es\\\/wp-content\\\/uploads\\\/2022\\\/02\\\/timthumb.jpg\",\"width\":620,\"height\":392},{\"@type\":\"BreadcrumbList\",\"@id\":\"https:\\\/\\\/www.copealcoy.es\\\/es\\\/aspanion-reconoce-a-fundacion-mutua-de-levante\\\/#breadcrumb\",\"itemListElement\":[{\"@type\":\"ListItem\",\"position\":1,\"name\":\"Portada\",\"item\":\"https:\\\/\\\/www.copealcoy.es\\\/es\\\/\"},{\"@type\":\"ListItem\",\"position\":2,\"name\":\"Aspanion reconoce a Fundaci\u00f3n Mutua de Levante\"}]},{\"@type\":\"WebSite\",\"@id\":\"https:\\\/\\\/www.copealcoy.es\\\/es\\\/#website\",\"url\":\"https:\\\/\\\/www.copealcoy.es\\\/es\\\/\",\"name\":\"COPE Alcoy\",\"description\":\"Emisora COPE de radio local con emisi\u00f3n online. Pont de Sant Jordi 8-10 03803 Alcoy\",\"potentialAction\":[{\"@type\":\"SearchAction\",\"target\":{\"@type\":\"EntryPoint\",\"urlTemplate\":\"https:\\\/\\\/www.copealcoy.es\\\/es\\\/?s={search_term_string}\"},\"query-input\":{\"@type\":\"PropertyValueSpecification\",\"valueRequired\":true,\"valueName\":\"search_term_string\"}}],\"inLanguage\":\"es\"},{\"@type\":\"Person\",\"@id\":\"https:\\\/\\\/www.copealcoy.es\\\/es\\\/#\\\/schema\\\/person\\\/e777c87fa024e57d40170af9df39882c\",\"name\":\"Cope Alcoy\",\"image\":{\"@type\":\"ImageObject\",\"inLanguage\":\"es\",\"@id\":\"https:\\\/\\\/secure.gravatar.com\\\/avatar\\\/bb65d0283347e303893ba14f0692005417c1e0e690a325a4c5d8bb2b3943ee14?s=96&d=mm&r=g\",\"url\":\"https:\\\/\\\/secure.gravatar.com\\\/avatar\\\/bb65d0283347e303893ba14f0692005417c1e0e690a325a4c5d8bb2b3943ee14?s=96&d=mm&r=g\",\"contentUrl\":\"https:\\\/\\\/secure.gravatar.com\\\/avatar\\\/bb65d0283347e303893ba14f0692005417c1e0e690a325a4c5d8bb2b3943ee14?s=96&d=mm&r=g\",\"caption\":\"Cope Alcoy\"}}]}<\/script>\n<!-- \/ Yoast SEO plugin. -->","yoast_head_json":{"title":"Aspanion reconoce a Fundaci\u00f3n Mutua de Levante - COPE Alcoy","robots":{"index":"index","follow":"follow","max-snippet":"max-snippet:-1","max-image-preview":"max-image-preview:large","max-video-preview":"max-video-preview:-1"},"canonical":"https:\/\/www.copealcoy.es\/es\/aspanion-reconoce-a-fundacion-mutua-de-levante\/","og_locale":"es_ES","og_type":"article","og_title":"Aspanion reconoce a Fundaci\u00f3n Mutua de Levante - COPE Alcoy","og_description":"La Asociaci\u00f3n de Padres de Ni\u00f1os con C\u00e1ncer de la Comunidad Valenciana (ASPANION) ha otorgado el Sello \u2018Empresa Estrella 2021\u2019...","og_url":"https:\/\/www.copealcoy.es\/es\/aspanion-reconoce-a-fundacion-mutua-de-levante\/","og_site_name":"COPE Alcoy","article_published_time":"2022-02-14T11:02:17+00:00","og_image":[{"width":620,"height":392,"url":"https:\/\/www.copealcoy.es\/wp-content\/uploads\/2022\/02\/timthumb.jpg","type":"image\/jpeg"}],"author":"Cope Alcoy","twitter_misc":{"Escrito por":"Cope Alcoy","Tiempo de lectura":"1 minuto"},"schema":{"@context":"https:\/\/schema.org","@graph":[{"@type":"Article","@id":"https:\/\/www.copealcoy.es\/es\/aspanion-reconoce-a-fundacion-mutua-de-levante\/#article","isPartOf":{"@id":"https:\/\/www.copealcoy.es\/es\/aspanion-reconoce-a-fundacion-mutua-de-levante\/"},"author":{"name":"Cope Alcoy","@id":"https:\/\/www.copealcoy.es\/es\/#\/schema\/person\/e777c87fa024e57d40170af9df39882c"},"headline":"Aspanion reconoce a Fundaci\u00f3n Mutua de Levante","datePublished":"2022-02-14T11:02:17+00:00","mainEntityOfPage":{"@id":"https:\/\/www.copealcoy.es\/es\/aspanion-reconoce-a-fundacion-mutua-de-levante\/"},"wordCount":188,"commentCount":0,"image":{"@id":"https:\/\/www.copealcoy.es\/es\/aspanion-reconoce-a-fundacion-mutua-de-levante\/#primaryimage"},"thumbnailUrl":"https:\/\/www.copealcoy.es\/wp-content\/uploads\/2022\/02\/timthumb.jpg","keywords":["Aspanion","Fundaci\u00f3n","Mutua de Levante","Reconocimiento"],"articleSection":["Actualidad","Alcoy","Fiesta y Cultura","Noticias"],"inLanguage":"es"},{"@type":"WebPage","@id":"https:\/\/www.copealcoy.es\/es\/aspanion-reconoce-a-fundacion-mutua-de-levante\/","url":"https:\/\/www.copealcoy.es\/es\/aspanion-reconoce-a-fundacion-mutua-de-levante\/","name":"Aspanion reconoce a Fundaci\u00f3n Mutua de Levante - COPE Alcoy","isPartOf":{"@id":"https:\/\/www.copealcoy.es\/es\/#website"},"primaryImageOfPage":{"@id":"https:\/\/www.copealcoy.es\/es\/aspanion-reconoce-a-fundacion-mutua-de-levante\/#primaryimage"},"image":{"@id":"https:\/\/www.copealcoy.es\/es\/aspanion-reconoce-a-fundacion-mutua-de-levante\/#primaryimage"},"thumbnailUrl":"https:\/\/www.copealcoy.es\/wp-content\/uploads\/2022\/02\/timthumb.jpg","datePublished":"2022-02-14T11:02:17+00:00","author":{"@id":"https:\/\/www.copealcoy.es\/es\/#\/schema\/person\/e777c87fa024e57d40170af9df39882c"},"breadcrumb":{"@id":"https:\/\/www.copealcoy.es\/es\/aspanion-reconoce-a-fundacion-mutua-de-levante\/#breadcrumb"},"inLanguage":"es","potentialAction":[{"@type":"ReadAction","target":["https:\/\/www.copealcoy.es\/es\/aspanion-reconoce-a-fundacion-mutua-de-levante\/"]}]},{"@type":"ImageObject","inLanguage":"es","@id":"https:\/\/www.copealcoy.es\/es\/aspanion-reconoce-a-fundacion-mutua-de-levante\/#primaryimage","url":"https:\/\/www.copealcoy.es\/wp-content\/uploads\/2022\/02\/timthumb.jpg","contentUrl":"https:\/\/www.copealcoy.es\/wp-content\/uploads\/2022\/02\/timthumb.jpg","width":620,"height":392},{"@type":"BreadcrumbList","@id":"https:\/\/www.copealcoy.es\/es\/aspanion-reconoce-a-fundacion-mutua-de-levante\/#breadcrumb","itemListElement":[{"@type":"ListItem","position":1,"name":"Portada","item":"https:\/\/www.copealcoy.es\/es\/"},{"@type":"ListItem","position":2,"name":"Aspanion reconoce a Fundaci\u00f3n Mutua de Levante"}]},{"@type":"WebSite","@id":"https:\/\/www.copealcoy.es\/es\/#website","url":"https:\/\/www.copealcoy.es\/es\/","name":"COPE Alcoy","description":"Emisora COPE de radio local con emisi\u00f3n online. Pont de Sant Jordi 8-10 03803 Alcoy","potentialAction":[{"@type":"SearchAction","target":{"@type":"EntryPoint","urlTemplate":"https:\/\/www.copealcoy.es\/es\/?s={search_term_string}"},"query-input":{"@type":"PropertyValueSpecification","valueRequired":true,"valueName":"search_term_string"}}],"inLanguage":"es"},{"@type":"Person","@id":"https:\/\/www.copealcoy.es\/es\/#\/schema\/person\/e777c87fa024e57d40170af9df39882c","name":"Cope Alcoy","image":{"@type":"ImageObject","inLanguage":"es","@id":"https:\/\/secure.gravatar.com\/avatar\/bb65d0283347e303893ba14f0692005417c1e0e690a325a4c5d8bb2b3943ee14?s=96&d=mm&r=g","url":"https:\/\/secure.gravatar.com\/avatar\/bb65d0283347e303893ba14f0692005417c1e0e690a325a4c5d8bb2b3943ee14?s=96&d=mm&r=g","contentUrl":"https:\/\/secure.gravatar.com\/avatar\/bb65d0283347e303893ba14f0692005417c1e0e690a325a4c5d8bb2b3943ee14?s=96&d=mm&r=g","caption":"Cope Alcoy"}}]}},"_links":{"self":[{"href":"https:\/\/www.copealcoy.es\/es\/wp-json\/wp\/v2\/posts\/83805","targetHints":{"allow":["GET"]}}],"collection":[{"href":"https:\/\/www.copealcoy.es\/es\/wp-json\/wp\/v2\/posts"}],"about":[{"href":"https:\/\/www.copealcoy.es\/es\/wp-json\/wp\/v2\/types\/post"}],"author":[{"embeddable":true,"href":"https:\/\/www.copealcoy.es\/es\/wp-json\/wp\/v2\/users\/1"}],"replies":[{"embeddable":true,"href":"https:\/\/www.copealcoy.es\/es\/wp-json\/wp\/v2\/comments?post=83805"}],"version-history":[{"count":0,"href":"https:\/\/www.copealcoy.es\/es\/wp-json\/wp\/v2\/posts\/83805\/revisions"}],"wp:featuredmedia":[{"embeddable":true,"href":"https:\/\/www.copealcoy.es\/es\/wp-json\/wp\/v2\/media\/83806"}],"wp:attachment":[{"href":"https:\/\/www.copealcoy.es\/es\/wp-json\/wp\/v2\/media?parent=83805"}],"wp:term":[{"taxonomy":"category","embeddable":true,"href":"https:\/\/www.copealcoy.es\/es\/wp-json\/wp\/v2\/categories?post=83805"},{"taxonomy":"post_tag","embeddable":true,"href":"https:\/\/www.copealcoy.es\/es\/wp-json\/wp\/v2\/tags?post=83805"}],"curies":[{"name":"wp","href":"https:\/\/api.w.org\/{rel}","templated":true}]}}