{"id":83787,"date":"2022-02-14T12:00:56","date_gmt":"2022-02-14T11:00:56","guid":{"rendered":"https:\/\/www.copealcoy.es\/?p=83787"},"modified":"2022-02-13T17:27:56","modified_gmt":"2022-02-13T16:27:56","slug":"rafa-briet-unic-candidat-a-la-secretaria-general-del-pspv-de-la-comarca","status":"publish","type":"post","link":"https:\/\/www.copealcoy.es\/es\/rafa-briet-unic-candidat-a-la-secretaria-general-del-pspv-de-la-comarca\/","title":{"rendered":"Rafa Briet, \u00fanic candidat a la Secretaria General del PSPV de la comarca"},"content":{"rendered":"<p style=\"text-align: justify;\">El\u00a0<span class=\"hiddenGrammarError\">contest\u00e0 <strong>Rafa<\/strong><\/span><strong>\u00a0<span class=\"hiddenSpellError\">Briet<\/span><\/strong>, alcalde de la Vila Comtal entre 2007 i 2015, <strong>ha presentat la seua candidatura per a revalidar el c\u00e0rrec de Secretari General\u00a0 dels socialistes de la Muntanya<\/strong>. Segons la informaci\u00f3 facilitada, <strong>\u00e9s l\u2019\u00fanica<\/strong> que concorre en aquest proc\u00e9s congressual el qual se celebrar\u00e0 a la fi del mes de mar\u00e7.<\/p>\n<p style=\"text-align: justify;\">Cal recordar que <strong>el Partit Socialista segueix el proc\u00e9s de renovaci\u00f3 d\u2019\u00f2rgans<\/strong> i, despr\u00e9s del Congr\u00e9s Provincial celebrat el passat 5 de febrer, ara arriba el moment de les diferents comarques d&#8217;Alacant.<\/p>\n<p style=\"text-align: justify;\">Aquesta candidatura, segons asseguren els socialistes de la comarca, <strong>mostra la unitat del partit\u00a0entorn de l\u2019actual secretari general comarcal<\/strong>, per a poder aix\u00ed continuar amb el projecte iniciat en l\u2019anterior congr\u00e9s. Un projecte, afirmen, <strong>amb la mirada posada ja en les pr\u00f2ximes eleccions municipals del 2023<\/strong> on l\u2019objectiu \u00e9s governar en la majoria dels pobles de l&#8217;Alcoi\u00e0 i el Comtat.<\/p>\n","protected":false},"excerpt":{"rendered":"<p>El\u00a0contest\u00e0 Rafa\u00a0Briet, alcalde de la Vila Comtal entre 2007 i 2015, ha presentat la seua candidatura per a revalidar el&#8230;<\/p>\n","protected":false},"author":1,"featured_media":9573,"comment_status":"open","ping_status":"open","sticky":false,"template":"","format":"standard","meta":{"footnotes":""},"categories":[98,75],"tags":[482,132,237,839,523,5372],"class_list":["post-83787","post","type-post","status-publish","format-standard","has-post-thumbnail","hentry","category-comarcas","category-noticias","tag-alcoia","tag-cocentaina","tag-comtat","tag-pspv","tag-rafa-briet","tag-secretaria-general"],"yoast_head":"<!-- This site is optimized with the Yoast SEO plugin v27.3 - https:\/\/yoast.com\/product\/yoast-seo-wordpress\/ -->\n<title>Rafa Briet, \u00fanic candidat a la Secretaria General del PSPV de la comarca - COPE Alcoy<\/title>\n<meta name=\"robots\" content=\"index, follow, max-snippet:-1, max-image-preview:large, max-video-preview:-1\" \/>\n<link rel=\"canonical\" href=\"https:\/\/www.copealcoy.es\/es\/rafa-briet-unic-candidat-a-la-secretaria-general-del-pspv-de-la-comarca\/\" \/>\n<meta property=\"og:locale\" content=\"es_ES\" \/>\n<meta property=\"og:type\" content=\"article\" \/>\n<meta property=\"og:title\" content=\"Rafa Briet, \u00fanic candidat a la Secretaria General del PSPV de la comarca - COPE Alcoy\" \/>\n<meta property=\"og:description\" content=\"El\u00a0contest\u00e0 Rafa\u00a0Briet, alcalde de la Vila Comtal entre 2007 i 2015, ha presentat la seua candidatura per a revalidar el...\" \/>\n<meta property=\"og:url\" content=\"https:\/\/www.copealcoy.es\/es\/rafa-briet-unic-candidat-a-la-secretaria-general-del-pspv-de-la-comarca\/\" \/>\n<meta property=\"og:site_name\" content=\"COPE Alcoy\" \/>\n<meta property=\"article:published_time\" content=\"2022-02-14T11:00:56+00:00\" \/>\n<meta property=\"og:image\" content=\"https:\/\/www.copealcoy.es\/wp-content\/uploads\/2015\/01\/image42-e1644768805165.jpg\" \/>\n\t<meta property=\"og:image:width\" content=\"640\" \/>\n\t<meta property=\"og:image:height\" content=\"481\" \/>\n\t<meta property=\"og:image:type\" content=\"image\/jpeg\" \/>\n<meta name=\"author\" content=\"Cope Alcoy\" \/>\n<meta name=\"twitter:label1\" content=\"Escrito por\" \/>\n\t<meta name=\"twitter:data1\" content=\"Cope Alcoy\" \/>\n\t<meta name=\"twitter:label2\" content=\"Tiempo de lectura\" \/>\n\t<meta name=\"twitter:data2\" content=\"1 minuto\" \/>\n<script type=\"application\/ld+json\" class=\"yoast-schema-graph\">{\"@context\":\"https:\\\/\\\/schema.org\",\"@graph\":[{\"@type\":\"Article\",\"@id\":\"https:\\\/\\\/www.copealcoy.es\\\/es\\\/rafa-briet-unic-candidat-a-la-secretaria-general-del-pspv-de-la-comarca\\\/#article\",\"isPartOf\":{\"@id\":\"https:\\\/\\\/www.copealcoy.es\\\/es\\\/rafa-briet-unic-candidat-a-la-secretaria-general-del-pspv-de-la-comarca\\\/\"},\"author\":{\"name\":\"Cope Alcoy\",\"@id\":\"https:\\\/\\\/www.copealcoy.es\\\/es\\\/#\\\/schema\\\/person\\\/e777c87fa024e57d40170af9df39882c\"},\"headline\":\"Rafa Briet, \u00fanic candidat a la Secretaria General del PSPV de la comarca\",\"datePublished\":\"2022-02-14T11:00:56+00:00\",\"mainEntityOfPage\":{\"@id\":\"https:\\\/\\\/www.copealcoy.es\\\/es\\\/rafa-briet-unic-candidat-a-la-secretaria-general-del-pspv-de-la-comarca\\\/\"},\"wordCount\":170,\"commentCount\":0,\"image\":{\"@id\":\"https:\\\/\\\/www.copealcoy.es\\\/es\\\/rafa-briet-unic-candidat-a-la-secretaria-general-del-pspv-de-la-comarca\\\/#primaryimage\"},\"thumbnailUrl\":\"https:\\\/\\\/www.copealcoy.es\\\/wp-content\\\/uploads\\\/2015\\\/01\\\/image42-e1644768805165.jpg\",\"keywords\":[\"Alcoi\u00e0\",\"Cocentaina\",\"Comtat\",\"PSPV\",\"Rafa Briet\",\"Secretar\u00eda General\"],\"articleSection\":[\"Comarcas\",\"Noticias\"],\"inLanguage\":\"es\"},{\"@type\":\"WebPage\",\"@id\":\"https:\\\/\\\/www.copealcoy.es\\\/es\\\/rafa-briet-unic-candidat-a-la-secretaria-general-del-pspv-de-la-comarca\\\/\",\"url\":\"https:\\\/\\\/www.copealcoy.es\\\/es\\\/rafa-briet-unic-candidat-a-la-secretaria-general-del-pspv-de-la-comarca\\\/\",\"name\":\"Rafa Briet, \u00fanic candidat a la Secretaria General del PSPV de la comarca - COPE Alcoy\",\"isPartOf\":{\"@id\":\"https:\\\/\\\/www.copealcoy.es\\\/es\\\/#website\"},\"primaryImageOfPage\":{\"@id\":\"https:\\\/\\\/www.copealcoy.es\\\/es\\\/rafa-briet-unic-candidat-a-la-secretaria-general-del-pspv-de-la-comarca\\\/#primaryimage\"},\"image\":{\"@id\":\"https:\\\/\\\/www.copealcoy.es\\\/es\\\/rafa-briet-unic-candidat-a-la-secretaria-general-del-pspv-de-la-comarca\\\/#primaryimage\"},\"thumbnailUrl\":\"https:\\\/\\\/www.copealcoy.es\\\/wp-content\\\/uploads\\\/2015\\\/01\\\/image42-e1644768805165.jpg\",\"datePublished\":\"2022-02-14T11:00:56+00:00\",\"author\":{\"@id\":\"https:\\\/\\\/www.copealcoy.es\\\/es\\\/#\\\/schema\\\/person\\\/e777c87fa024e57d40170af9df39882c\"},\"breadcrumb\":{\"@id\":\"https:\\\/\\\/www.copealcoy.es\\\/es\\\/rafa-briet-unic-candidat-a-la-secretaria-general-del-pspv-de-la-comarca\\\/#breadcrumb\"},\"inLanguage\":\"es\",\"potentialAction\":[{\"@type\":\"ReadAction\",\"target\":[\"https:\\\/\\\/www.copealcoy.es\\\/es\\\/rafa-briet-unic-candidat-a-la-secretaria-general-del-pspv-de-la-comarca\\\/\"]}]},{\"@type\":\"ImageObject\",\"inLanguage\":\"es\",\"@id\":\"https:\\\/\\\/www.copealcoy.es\\\/es\\\/rafa-briet-unic-candidat-a-la-secretaria-general-del-pspv-de-la-comarca\\\/#primaryimage\",\"url\":\"https:\\\/\\\/www.copealcoy.es\\\/wp-content\\\/uploads\\\/2015\\\/01\\\/image42-e1644768805165.jpg\",\"contentUrl\":\"https:\\\/\\\/www.copealcoy.es\\\/wp-content\\\/uploads\\\/2015\\\/01\\\/image42-e1644768805165.jpg\",\"width\":640,\"height\":481},{\"@type\":\"BreadcrumbList\",\"@id\":\"https:\\\/\\\/www.copealcoy.es\\\/es\\\/rafa-briet-unic-candidat-a-la-secretaria-general-del-pspv-de-la-comarca\\\/#breadcrumb\",\"itemListElement\":[{\"@type\":\"ListItem\",\"position\":1,\"name\":\"Portada\",\"item\":\"https:\\\/\\\/www.copealcoy.es\\\/es\\\/\"},{\"@type\":\"ListItem\",\"position\":2,\"name\":\"Rafa Briet, \u00fanic candidat a la Secretaria General del PSPV de la comarca\"}]},{\"@type\":\"WebSite\",\"@id\":\"https:\\\/\\\/www.copealcoy.es\\\/es\\\/#website\",\"url\":\"https:\\\/\\\/www.copealcoy.es\\\/es\\\/\",\"name\":\"COPE Alcoy\",\"description\":\"Emisora COPE de radio local con emisi\u00f3n online. Pont de Sant Jordi 8-10 03803 Alcoy\",\"potentialAction\":[{\"@type\":\"SearchAction\",\"target\":{\"@type\":\"EntryPoint\",\"urlTemplate\":\"https:\\\/\\\/www.copealcoy.es\\\/es\\\/?s={search_term_string}\"},\"query-input\":{\"@type\":\"PropertyValueSpecification\",\"valueRequired\":true,\"valueName\":\"search_term_string\"}}],\"inLanguage\":\"es\"},{\"@type\":\"Person\",\"@id\":\"https:\\\/\\\/www.copealcoy.es\\\/es\\\/#\\\/schema\\\/person\\\/e777c87fa024e57d40170af9df39882c\",\"name\":\"Cope Alcoy\",\"image\":{\"@type\":\"ImageObject\",\"inLanguage\":\"es\",\"@id\":\"https:\\\/\\\/secure.gravatar.com\\\/avatar\\\/bb65d0283347e303893ba14f0692005417c1e0e690a325a4c5d8bb2b3943ee14?s=96&d=mm&r=g\",\"url\":\"https:\\\/\\\/secure.gravatar.com\\\/avatar\\\/bb65d0283347e303893ba14f0692005417c1e0e690a325a4c5d8bb2b3943ee14?s=96&d=mm&r=g\",\"contentUrl\":\"https:\\\/\\\/secure.gravatar.com\\\/avatar\\\/bb65d0283347e303893ba14f0692005417c1e0e690a325a4c5d8bb2b3943ee14?s=96&d=mm&r=g\",\"caption\":\"Cope Alcoy\"}}]}<\/script>\n<!-- \/ Yoast SEO plugin. -->","yoast_head_json":{"title":"Rafa Briet, \u00fanic candidat a la Secretaria General del PSPV de la comarca - COPE Alcoy","robots":{"index":"index","follow":"follow","max-snippet":"max-snippet:-1","max-image-preview":"max-image-preview:large","max-video-preview":"max-video-preview:-1"},"canonical":"https:\/\/www.copealcoy.es\/es\/rafa-briet-unic-candidat-a-la-secretaria-general-del-pspv-de-la-comarca\/","og_locale":"es_ES","og_type":"article","og_title":"Rafa Briet, \u00fanic candidat a la Secretaria General del PSPV de la comarca - COPE Alcoy","og_description":"El\u00a0contest\u00e0 Rafa\u00a0Briet, alcalde de la Vila Comtal entre 2007 i 2015, ha presentat la seua candidatura per a revalidar el...","og_url":"https:\/\/www.copealcoy.es\/es\/rafa-briet-unic-candidat-a-la-secretaria-general-del-pspv-de-la-comarca\/","og_site_name":"COPE Alcoy","article_published_time":"2022-02-14T11:00:56+00:00","og_image":[{"width":640,"height":481,"url":"https:\/\/www.copealcoy.es\/wp-content\/uploads\/2015\/01\/image42-e1644768805165.jpg","type":"image\/jpeg"}],"author":"Cope Alcoy","twitter_misc":{"Escrito por":"Cope Alcoy","Tiempo de lectura":"1 minuto"},"schema":{"@context":"https:\/\/schema.org","@graph":[{"@type":"Article","@id":"https:\/\/www.copealcoy.es\/es\/rafa-briet-unic-candidat-a-la-secretaria-general-del-pspv-de-la-comarca\/#article","isPartOf":{"@id":"https:\/\/www.copealcoy.es\/es\/rafa-briet-unic-candidat-a-la-secretaria-general-del-pspv-de-la-comarca\/"},"author":{"name":"Cope Alcoy","@id":"https:\/\/www.copealcoy.es\/es\/#\/schema\/person\/e777c87fa024e57d40170af9df39882c"},"headline":"Rafa Briet, \u00fanic candidat a la Secretaria General del PSPV de la comarca","datePublished":"2022-02-14T11:00:56+00:00","mainEntityOfPage":{"@id":"https:\/\/www.copealcoy.es\/es\/rafa-briet-unic-candidat-a-la-secretaria-general-del-pspv-de-la-comarca\/"},"wordCount":170,"commentCount":0,"image":{"@id":"https:\/\/www.copealcoy.es\/es\/rafa-briet-unic-candidat-a-la-secretaria-general-del-pspv-de-la-comarca\/#primaryimage"},"thumbnailUrl":"https:\/\/www.copealcoy.es\/wp-content\/uploads\/2015\/01\/image42-e1644768805165.jpg","keywords":["Alcoi\u00e0","Cocentaina","Comtat","PSPV","Rafa Briet","Secretar\u00eda General"],"articleSection":["Comarcas","Noticias"],"inLanguage":"es"},{"@type":"WebPage","@id":"https:\/\/www.copealcoy.es\/es\/rafa-briet-unic-candidat-a-la-secretaria-general-del-pspv-de-la-comarca\/","url":"https:\/\/www.copealcoy.es\/es\/rafa-briet-unic-candidat-a-la-secretaria-general-del-pspv-de-la-comarca\/","name":"Rafa Briet, \u00fanic candidat a la Secretaria General del PSPV de la comarca - COPE Alcoy","isPartOf":{"@id":"https:\/\/www.copealcoy.es\/es\/#website"},"primaryImageOfPage":{"@id":"https:\/\/www.copealcoy.es\/es\/rafa-briet-unic-candidat-a-la-secretaria-general-del-pspv-de-la-comarca\/#primaryimage"},"image":{"@id":"https:\/\/www.copealcoy.es\/es\/rafa-briet-unic-candidat-a-la-secretaria-general-del-pspv-de-la-comarca\/#primaryimage"},"thumbnailUrl":"https:\/\/www.copealcoy.es\/wp-content\/uploads\/2015\/01\/image42-e1644768805165.jpg","datePublished":"2022-02-14T11:00:56+00:00","author":{"@id":"https:\/\/www.copealcoy.es\/es\/#\/schema\/person\/e777c87fa024e57d40170af9df39882c"},"breadcrumb":{"@id":"https:\/\/www.copealcoy.es\/es\/rafa-briet-unic-candidat-a-la-secretaria-general-del-pspv-de-la-comarca\/#breadcrumb"},"inLanguage":"es","potentialAction":[{"@type":"ReadAction","target":["https:\/\/www.copealcoy.es\/es\/rafa-briet-unic-candidat-a-la-secretaria-general-del-pspv-de-la-comarca\/"]}]},{"@type":"ImageObject","inLanguage":"es","@id":"https:\/\/www.copealcoy.es\/es\/rafa-briet-unic-candidat-a-la-secretaria-general-del-pspv-de-la-comarca\/#primaryimage","url":"https:\/\/www.copealcoy.es\/wp-content\/uploads\/2015\/01\/image42-e1644768805165.jpg","contentUrl":"https:\/\/www.copealcoy.es\/wp-content\/uploads\/2015\/01\/image42-e1644768805165.jpg","width":640,"height":481},{"@type":"BreadcrumbList","@id":"https:\/\/www.copealcoy.es\/es\/rafa-briet-unic-candidat-a-la-secretaria-general-del-pspv-de-la-comarca\/#breadcrumb","itemListElement":[{"@type":"ListItem","position":1,"name":"Portada","item":"https:\/\/www.copealcoy.es\/es\/"},{"@type":"ListItem","position":2,"name":"Rafa Briet, \u00fanic candidat a la Secretaria General del PSPV de la comarca"}]},{"@type":"WebSite","@id":"https:\/\/www.copealcoy.es\/es\/#website","url":"https:\/\/www.copealcoy.es\/es\/","name":"COPE Alcoy","description":"Emisora COPE de radio local con emisi\u00f3n online. Pont de Sant Jordi 8-10 03803 Alcoy","potentialAction":[{"@type":"SearchAction","target":{"@type":"EntryPoint","urlTemplate":"https:\/\/www.copealcoy.es\/es\/?s={search_term_string}"},"query-input":{"@type":"PropertyValueSpecification","valueRequired":true,"valueName":"search_term_string"}}],"inLanguage":"es"},{"@type":"Person","@id":"https:\/\/www.copealcoy.es\/es\/#\/schema\/person\/e777c87fa024e57d40170af9df39882c","name":"Cope Alcoy","image":{"@type":"ImageObject","inLanguage":"es","@id":"https:\/\/secure.gravatar.com\/avatar\/bb65d0283347e303893ba14f0692005417c1e0e690a325a4c5d8bb2b3943ee14?s=96&d=mm&r=g","url":"https:\/\/secure.gravatar.com\/avatar\/bb65d0283347e303893ba14f0692005417c1e0e690a325a4c5d8bb2b3943ee14?s=96&d=mm&r=g","contentUrl":"https:\/\/secure.gravatar.com\/avatar\/bb65d0283347e303893ba14f0692005417c1e0e690a325a4c5d8bb2b3943ee14?s=96&d=mm&r=g","caption":"Cope Alcoy"}}]}},"_links":{"self":[{"href":"https:\/\/www.copealcoy.es\/es\/wp-json\/wp\/v2\/posts\/83787","targetHints":{"allow":["GET"]}}],"collection":[{"href":"https:\/\/www.copealcoy.es\/es\/wp-json\/wp\/v2\/posts"}],"about":[{"href":"https:\/\/www.copealcoy.es\/es\/wp-json\/wp\/v2\/types\/post"}],"author":[{"embeddable":true,"href":"https:\/\/www.copealcoy.es\/es\/wp-json\/wp\/v2\/users\/1"}],"replies":[{"embeddable":true,"href":"https:\/\/www.copealcoy.es\/es\/wp-json\/wp\/v2\/comments?post=83787"}],"version-history":[{"count":0,"href":"https:\/\/www.copealcoy.es\/es\/wp-json\/wp\/v2\/posts\/83787\/revisions"}],"wp:featuredmedia":[{"embeddable":true,"href":"https:\/\/www.copealcoy.es\/es\/wp-json\/wp\/v2\/media\/9573"}],"wp:attachment":[{"href":"https:\/\/www.copealcoy.es\/es\/wp-json\/wp\/v2\/media?parent=83787"}],"wp:term":[{"taxonomy":"category","embeddable":true,"href":"https:\/\/www.copealcoy.es\/es\/wp-json\/wp\/v2\/categories?post=83787"},{"taxonomy":"post_tag","embeddable":true,"href":"https:\/\/www.copealcoy.es\/es\/wp-json\/wp\/v2\/tags?post=83787"}],"curies":[{"name":"wp","href":"https:\/\/api.w.org\/{rel}","templated":true}]}}