{"id":83664,"date":"2022-02-10T08:52:04","date_gmt":"2022-02-10T07:52:04","guid":{"rendered":"https:\/\/www.copealcoy.es\/?p=83664"},"modified":"2022-02-10T14:12:05","modified_gmt":"2022-02-10T13:12:05","slug":"como-podremos-usar-las-mascarillas-a-partir-de-hoy","status":"publish","type":"post","link":"https:\/\/www.copealcoy.es\/es\/como-podremos-usar-las-mascarillas-a-partir-de-hoy\/","title":{"rendered":"\u00bfC\u00f3mo podremos usar las mascarillas a partir de hoy?"},"content":{"rendered":"<p style=\"text-align: justify;\">A partir de este jueves las mascarilla dejan de ser obligatorias en espacios al aire libre. Tambi\u00e9n su uso ya no ser\u00e1 necesario en los patios de los colegios.<\/p>\n<p style=\"text-align: justify;\"><strong><span style=\"color: #0000ff;\">Se mantiene en los espacios cerrados<\/span><\/strong><\/p>\n<p style=\"text-align: justify;\">No obstante, deber\u00e1n usar siempre mascarilla <strong>las personas mayores de 6 a\u00f1os<\/strong>, independientemente de la distancia de seguridad, en los siguientes supuestos:<\/p>\n<p style=\"text-align: justify;\">&#8211; En\u00a0cualquier <strong>espacio cerrado de uso p\u00fablico<\/strong> o que <strong>se encuentre abierto<\/strong> al p\u00fablico<\/p>\n<p style=\"text-align: justify;\">&#8211; En los<strong>\u00a0eventos multitudinarios al aire libre<\/strong>, cuando los asistentes est\u00e9n de pie. Si est\u00e1n sentados ser\u00e1 obligatorio cuando no se pueda mantener una distancia de seguridad de 1,5 metros entre personas, salvo grupos de convivientes.<\/p>\n<p style=\"text-align: justify;\">&#8211; En los\u00a0<strong>medios de transporte a\u00e9reo, en autob\u00fas o por ferrocarril<\/strong>, incluyendo los andenes y estaciones de viajeros, o en telef\u00e9rico, as\u00ed como en los transportes p\u00fablicos y privados complementarios de viajeros en veh\u00edculos de hasta nueve plazas, incluido el conductor, si los ocupantes de los veh\u00edculos de turismo no conviven en el mismo domicilio.<\/p>\n<p style=\"text-align: justify;\">&#8211; En e<strong>spacios cerrados de buques y embarcaciones<\/strong>\u00a0cuando no se pueda mantener la distancia de seguridad de 1,5 metros, salvo grupos de convivientes.<\/p>\n<p style=\"text-align: justify;\"><strong><span style=\"color: #0000ff;\">Se exime en algunos casos<\/span><\/strong><\/p>\n<p style=\"text-align: justify;\">&#8211; A las<strong>\u00a0personas que presenten alg\u00fan tipo de enfermedad o dificultad respiratoria<\/strong>\u00a0que pueda verse agravada por el uso de la mascarilla o que, por su situaci\u00f3n de discapacidad o dependencia, no dispongan de autonom\u00eda para quitarse la mascarilla, o bien presenten alteraciones de conducta que hagan inviable su utilizaci\u00f3n.<\/p>\n<p style=\"text-align: justify;\">&#8211; En el caso de que, por la\u00a0<strong>propia naturaleza de las actividades<\/strong>, el uso de la mascarilla resulte incompatible, con arreglo a las indicaciones de las autoridades sanitarias.<\/p>\n<p style=\"text-align: justify;\">&#8211; En\u00a0<strong>espacios cerrados de uso p\u00fablico\u00a0<\/strong>que formen parte del lugar de residencia de los colectivos que all\u00ed se re\u00fanan, como son las instituciones para la atenci\u00f3n de personas mayores o con discapacidad.<\/p>\n<p style=\"text-align: justify;\">&#8211; Tambi\u00e9n en las<strong>\u00a0dependencias destinadas a residencia colectiva de trabajadores esenciales u otros colectivos<\/strong>\u00a0que re\u00fanan caracter\u00edsticas similares, siempre que la cobertura de vacunaci\u00f3n contra la covid-19 sea superior al 80 % con pauta completa y de la dosis de recuerdo, acreditado por la autoridad sanitaria competente.<\/p>\n<p style=\"text-align: justify;\">&#8211; Esta \u00faltima excepci\u00f3n\u00a0<strong>no ser\u00e1 de aplicaci\u00f3n a los visitantes externos ni a los trabajadores\u00a0<\/strong>de los centros residenciales de personas mayores o con discapacidad, ya que en este caso s\u00ed es obligatorio el uso de mascarilla.<\/p>\n<p>&nbsp;<\/p>\n","protected":false},"excerpt":{"rendered":"<p>A partir de este jueves las mascarilla dejan de ser obligatorias en espacios al aire libre. Tambi\u00e9n su uso ya&#8230;<\/p>\n","protected":false},"author":3,"featured_media":75098,"comment_status":"open","ping_status":"open","sticky":false,"template":"","format":"standard","meta":{"footnotes":""},"categories":[6909,98,75,125],"tags":[7281,7397,7341,7477,11347],"class_list":["post-83664","post","type-post","status-publish","format-standard","has-post-thumbnail","hentry","category-actualidad","category-comarcas","category-noticias","category-portada","tag-coronavirus","tag-covid-19","tag-mascarillas","tag-pandemia","tag-uso-obligatorio"],"yoast_head":"<!-- This site is optimized with the Yoast SEO plugin v27.3 - https:\/\/yoast.com\/product\/yoast-seo-wordpress\/ -->\n<title>\u00bfC\u00f3mo podremos usar las mascarillas a partir de hoy? - COPE Alcoy<\/title>\n<meta name=\"robots\" content=\"index, follow, max-snippet:-1, max-image-preview:large, max-video-preview:-1\" \/>\n<link rel=\"canonical\" href=\"https:\/\/www.copealcoy.es\/es\/como-podremos-usar-las-mascarillas-a-partir-de-hoy\/\" \/>\n<meta property=\"og:locale\" content=\"es_ES\" \/>\n<meta property=\"og:type\" content=\"article\" \/>\n<meta property=\"og:title\" content=\"\u00bfC\u00f3mo podremos usar las mascarillas a partir de hoy? - COPE Alcoy\" \/>\n<meta property=\"og:description\" content=\"A partir de este jueves las mascarilla dejan de ser obligatorias en espacios al aire libre. Tambi\u00e9n su uso ya...\" \/>\n<meta property=\"og:url\" content=\"https:\/\/www.copealcoy.es\/es\/como-podremos-usar-las-mascarillas-a-partir-de-hoy\/\" \/>\n<meta property=\"og:site_name\" content=\"COPE Alcoy\" \/>\n<meta property=\"article:published_time\" content=\"2022-02-10T07:52:04+00:00\" \/>\n<meta property=\"article:modified_time\" content=\"2022-02-10T13:12:05+00:00\" \/>\n<meta property=\"og:image\" content=\"https:\/\/www.copealcoy.es\/wp-content\/uploads\/2021\/06\/1619776021733-e1644479902874.jpg\" \/>\n\t<meta property=\"og:image:width\" content=\"640\" \/>\n\t<meta property=\"og:image:height\" content=\"360\" \/>\n\t<meta property=\"og:image:type\" content=\"image\/jpeg\" \/>\n<meta name=\"author\" content=\"Agencia Efe\" \/>\n<meta name=\"twitter:label1\" content=\"Escrito por\" \/>\n\t<meta name=\"twitter:data1\" content=\"Agencia Efe\" \/>\n\t<meta name=\"twitter:label2\" content=\"Tiempo de lectura\" \/>\n\t<meta name=\"twitter:data2\" content=\"2 minutos\" \/>\n<script type=\"application\/ld+json\" class=\"yoast-schema-graph\">{\"@context\":\"https:\\\/\\\/schema.org\",\"@graph\":[{\"@type\":\"Article\",\"@id\":\"https:\\\/\\\/www.copealcoy.es\\\/es\\\/como-podremos-usar-las-mascarillas-a-partir-de-hoy\\\/#article\",\"isPartOf\":{\"@id\":\"https:\\\/\\\/www.copealcoy.es\\\/es\\\/como-podremos-usar-las-mascarillas-a-partir-de-hoy\\\/\"},\"author\":{\"name\":\"Agencia Efe\",\"@id\":\"https:\\\/\\\/www.copealcoy.es\\\/es\\\/#\\\/schema\\\/person\\\/4144842c4462e8b245a7b185df99bd3c\"},\"headline\":\"\u00bfC\u00f3mo podremos usar las mascarillas a partir de hoy?\",\"datePublished\":\"2022-02-10T07:52:04+00:00\",\"dateModified\":\"2022-02-10T13:12:05+00:00\",\"mainEntityOfPage\":{\"@id\":\"https:\\\/\\\/www.copealcoy.es\\\/es\\\/como-podremos-usar-las-mascarillas-a-partir-de-hoy\\\/\"},\"wordCount\":426,\"commentCount\":0,\"image\":{\"@id\":\"https:\\\/\\\/www.copealcoy.es\\\/es\\\/como-podremos-usar-las-mascarillas-a-partir-de-hoy\\\/#primaryimage\"},\"thumbnailUrl\":\"https:\\\/\\\/www.copealcoy.es\\\/wp-content\\\/uploads\\\/2021\\\/06\\\/1619776021733-e1644479902874.jpg\",\"keywords\":[\"Coronavirus\",\"Covid-19\",\"mascarillas\",\"pandemia\",\"uso obligatorio\"],\"articleSection\":[\"Actualidad\",\"Comarcas\",\"Noticias\",\"Portada\"],\"inLanguage\":\"es\"},{\"@type\":\"WebPage\",\"@id\":\"https:\\\/\\\/www.copealcoy.es\\\/es\\\/como-podremos-usar-las-mascarillas-a-partir-de-hoy\\\/\",\"url\":\"https:\\\/\\\/www.copealcoy.es\\\/es\\\/como-podremos-usar-las-mascarillas-a-partir-de-hoy\\\/\",\"name\":\"\u00bfC\u00f3mo podremos usar las mascarillas a partir de hoy? - COPE Alcoy\",\"isPartOf\":{\"@id\":\"https:\\\/\\\/www.copealcoy.es\\\/es\\\/#website\"},\"primaryImageOfPage\":{\"@id\":\"https:\\\/\\\/www.copealcoy.es\\\/es\\\/como-podremos-usar-las-mascarillas-a-partir-de-hoy\\\/#primaryimage\"},\"image\":{\"@id\":\"https:\\\/\\\/www.copealcoy.es\\\/es\\\/como-podremos-usar-las-mascarillas-a-partir-de-hoy\\\/#primaryimage\"},\"thumbnailUrl\":\"https:\\\/\\\/www.copealcoy.es\\\/wp-content\\\/uploads\\\/2021\\\/06\\\/1619776021733-e1644479902874.jpg\",\"datePublished\":\"2022-02-10T07:52:04+00:00\",\"dateModified\":\"2022-02-10T13:12:05+00:00\",\"author\":{\"@id\":\"https:\\\/\\\/www.copealcoy.es\\\/es\\\/#\\\/schema\\\/person\\\/4144842c4462e8b245a7b185df99bd3c\"},\"breadcrumb\":{\"@id\":\"https:\\\/\\\/www.copealcoy.es\\\/es\\\/como-podremos-usar-las-mascarillas-a-partir-de-hoy\\\/#breadcrumb\"},\"inLanguage\":\"es\",\"potentialAction\":[{\"@type\":\"ReadAction\",\"target\":[\"https:\\\/\\\/www.copealcoy.es\\\/es\\\/como-podremos-usar-las-mascarillas-a-partir-de-hoy\\\/\"]}]},{\"@type\":\"ImageObject\",\"inLanguage\":\"es\",\"@id\":\"https:\\\/\\\/www.copealcoy.es\\\/es\\\/como-podremos-usar-las-mascarillas-a-partir-de-hoy\\\/#primaryimage\",\"url\":\"https:\\\/\\\/www.copealcoy.es\\\/wp-content\\\/uploads\\\/2021\\\/06\\\/1619776021733-e1644479902874.jpg\",\"contentUrl\":\"https:\\\/\\\/www.copealcoy.es\\\/wp-content\\\/uploads\\\/2021\\\/06\\\/1619776021733-e1644479902874.jpg\",\"width\":640,\"height\":360},{\"@type\":\"BreadcrumbList\",\"@id\":\"https:\\\/\\\/www.copealcoy.es\\\/es\\\/como-podremos-usar-las-mascarillas-a-partir-de-hoy\\\/#breadcrumb\",\"itemListElement\":[{\"@type\":\"ListItem\",\"position\":1,\"name\":\"Portada\",\"item\":\"https:\\\/\\\/www.copealcoy.es\\\/es\\\/\"},{\"@type\":\"ListItem\",\"position\":2,\"name\":\"\u00bfC\u00f3mo podremos usar las mascarillas a partir de hoy?\"}]},{\"@type\":\"WebSite\",\"@id\":\"https:\\\/\\\/www.copealcoy.es\\\/es\\\/#website\",\"url\":\"https:\\\/\\\/www.copealcoy.es\\\/es\\\/\",\"name\":\"COPE Alcoy\",\"description\":\"Emisora COPE de radio local con emisi\u00f3n online. Pont de Sant Jordi 8-10 03803 Alcoy\",\"potentialAction\":[{\"@type\":\"SearchAction\",\"target\":{\"@type\":\"EntryPoint\",\"urlTemplate\":\"https:\\\/\\\/www.copealcoy.es\\\/es\\\/?s={search_term_string}\"},\"query-input\":{\"@type\":\"PropertyValueSpecification\",\"valueRequired\":true,\"valueName\":\"search_term_string\"}}],\"inLanguage\":\"es\"},{\"@type\":\"Person\",\"@id\":\"https:\\\/\\\/www.copealcoy.es\\\/es\\\/#\\\/schema\\\/person\\\/4144842c4462e8b245a7b185df99bd3c\",\"name\":\"Agencia Efe\",\"image\":{\"@type\":\"ImageObject\",\"inLanguage\":\"es\",\"@id\":\"https:\\\/\\\/secure.gravatar.com\\\/avatar\\\/b0ecfda9cd886831d433e730aa88be5ebbbe0b2051a053717300c383cc7349c4?s=96&d=mm&r=g\",\"url\":\"https:\\\/\\\/secure.gravatar.com\\\/avatar\\\/b0ecfda9cd886831d433e730aa88be5ebbbe0b2051a053717300c383cc7349c4?s=96&d=mm&r=g\",\"contentUrl\":\"https:\\\/\\\/secure.gravatar.com\\\/avatar\\\/b0ecfda9cd886831d433e730aa88be5ebbbe0b2051a053717300c383cc7349c4?s=96&d=mm&r=g\",\"caption\":\"Agencia Efe\"}}]}<\/script>\n<!-- \/ Yoast SEO plugin. -->","yoast_head_json":{"title":"\u00bfC\u00f3mo podremos usar las mascarillas a partir de hoy? - COPE Alcoy","robots":{"index":"index","follow":"follow","max-snippet":"max-snippet:-1","max-image-preview":"max-image-preview:large","max-video-preview":"max-video-preview:-1"},"canonical":"https:\/\/www.copealcoy.es\/es\/como-podremos-usar-las-mascarillas-a-partir-de-hoy\/","og_locale":"es_ES","og_type":"article","og_title":"\u00bfC\u00f3mo podremos usar las mascarillas a partir de hoy? - COPE Alcoy","og_description":"A partir de este jueves las mascarilla dejan de ser obligatorias en espacios al aire libre. Tambi\u00e9n su uso ya...","og_url":"https:\/\/www.copealcoy.es\/es\/como-podremos-usar-las-mascarillas-a-partir-de-hoy\/","og_site_name":"COPE Alcoy","article_published_time":"2022-02-10T07:52:04+00:00","article_modified_time":"2022-02-10T13:12:05+00:00","og_image":[{"width":640,"height":360,"url":"https:\/\/www.copealcoy.es\/wp-content\/uploads\/2021\/06\/1619776021733-e1644479902874.jpg","type":"image\/jpeg"}],"author":"Agencia Efe","twitter_misc":{"Escrito por":"Agencia Efe","Tiempo de lectura":"2 minutos"},"schema":{"@context":"https:\/\/schema.org","@graph":[{"@type":"Article","@id":"https:\/\/www.copealcoy.es\/es\/como-podremos-usar-las-mascarillas-a-partir-de-hoy\/#article","isPartOf":{"@id":"https:\/\/www.copealcoy.es\/es\/como-podremos-usar-las-mascarillas-a-partir-de-hoy\/"},"author":{"name":"Agencia Efe","@id":"https:\/\/www.copealcoy.es\/es\/#\/schema\/person\/4144842c4462e8b245a7b185df99bd3c"},"headline":"\u00bfC\u00f3mo podremos usar las mascarillas a partir de hoy?","datePublished":"2022-02-10T07:52:04+00:00","dateModified":"2022-02-10T13:12:05+00:00","mainEntityOfPage":{"@id":"https:\/\/www.copealcoy.es\/es\/como-podremos-usar-las-mascarillas-a-partir-de-hoy\/"},"wordCount":426,"commentCount":0,"image":{"@id":"https:\/\/www.copealcoy.es\/es\/como-podremos-usar-las-mascarillas-a-partir-de-hoy\/#primaryimage"},"thumbnailUrl":"https:\/\/www.copealcoy.es\/wp-content\/uploads\/2021\/06\/1619776021733-e1644479902874.jpg","keywords":["Coronavirus","Covid-19","mascarillas","pandemia","uso obligatorio"],"articleSection":["Actualidad","Comarcas","Noticias","Portada"],"inLanguage":"es"},{"@type":"WebPage","@id":"https:\/\/www.copealcoy.es\/es\/como-podremos-usar-las-mascarillas-a-partir-de-hoy\/","url":"https:\/\/www.copealcoy.es\/es\/como-podremos-usar-las-mascarillas-a-partir-de-hoy\/","name":"\u00bfC\u00f3mo podremos usar las mascarillas a partir de hoy? - COPE Alcoy","isPartOf":{"@id":"https:\/\/www.copealcoy.es\/es\/#website"},"primaryImageOfPage":{"@id":"https:\/\/www.copealcoy.es\/es\/como-podremos-usar-las-mascarillas-a-partir-de-hoy\/#primaryimage"},"image":{"@id":"https:\/\/www.copealcoy.es\/es\/como-podremos-usar-las-mascarillas-a-partir-de-hoy\/#primaryimage"},"thumbnailUrl":"https:\/\/www.copealcoy.es\/wp-content\/uploads\/2021\/06\/1619776021733-e1644479902874.jpg","datePublished":"2022-02-10T07:52:04+00:00","dateModified":"2022-02-10T13:12:05+00:00","author":{"@id":"https:\/\/www.copealcoy.es\/es\/#\/schema\/person\/4144842c4462e8b245a7b185df99bd3c"},"breadcrumb":{"@id":"https:\/\/www.copealcoy.es\/es\/como-podremos-usar-las-mascarillas-a-partir-de-hoy\/#breadcrumb"},"inLanguage":"es","potentialAction":[{"@type":"ReadAction","target":["https:\/\/www.copealcoy.es\/es\/como-podremos-usar-las-mascarillas-a-partir-de-hoy\/"]}]},{"@type":"ImageObject","inLanguage":"es","@id":"https:\/\/www.copealcoy.es\/es\/como-podremos-usar-las-mascarillas-a-partir-de-hoy\/#primaryimage","url":"https:\/\/www.copealcoy.es\/wp-content\/uploads\/2021\/06\/1619776021733-e1644479902874.jpg","contentUrl":"https:\/\/www.copealcoy.es\/wp-content\/uploads\/2021\/06\/1619776021733-e1644479902874.jpg","width":640,"height":360},{"@type":"BreadcrumbList","@id":"https:\/\/www.copealcoy.es\/es\/como-podremos-usar-las-mascarillas-a-partir-de-hoy\/#breadcrumb","itemListElement":[{"@type":"ListItem","position":1,"name":"Portada","item":"https:\/\/www.copealcoy.es\/es\/"},{"@type":"ListItem","position":2,"name":"\u00bfC\u00f3mo podremos usar las mascarillas a partir de hoy?"}]},{"@type":"WebSite","@id":"https:\/\/www.copealcoy.es\/es\/#website","url":"https:\/\/www.copealcoy.es\/es\/","name":"COPE Alcoy","description":"Emisora COPE de radio local con emisi\u00f3n online. Pont de Sant Jordi 8-10 03803 Alcoy","potentialAction":[{"@type":"SearchAction","target":{"@type":"EntryPoint","urlTemplate":"https:\/\/www.copealcoy.es\/es\/?s={search_term_string}"},"query-input":{"@type":"PropertyValueSpecification","valueRequired":true,"valueName":"search_term_string"}}],"inLanguage":"es"},{"@type":"Person","@id":"https:\/\/www.copealcoy.es\/es\/#\/schema\/person\/4144842c4462e8b245a7b185df99bd3c","name":"Agencia Efe","image":{"@type":"ImageObject","inLanguage":"es","@id":"https:\/\/secure.gravatar.com\/avatar\/b0ecfda9cd886831d433e730aa88be5ebbbe0b2051a053717300c383cc7349c4?s=96&d=mm&r=g","url":"https:\/\/secure.gravatar.com\/avatar\/b0ecfda9cd886831d433e730aa88be5ebbbe0b2051a053717300c383cc7349c4?s=96&d=mm&r=g","contentUrl":"https:\/\/secure.gravatar.com\/avatar\/b0ecfda9cd886831d433e730aa88be5ebbbe0b2051a053717300c383cc7349c4?s=96&d=mm&r=g","caption":"Agencia Efe"}}]}},"_links":{"self":[{"href":"https:\/\/www.copealcoy.es\/es\/wp-json\/wp\/v2\/posts\/83664","targetHints":{"allow":["GET"]}}],"collection":[{"href":"https:\/\/www.copealcoy.es\/es\/wp-json\/wp\/v2\/posts"}],"about":[{"href":"https:\/\/www.copealcoy.es\/es\/wp-json\/wp\/v2\/types\/post"}],"author":[{"embeddable":true,"href":"https:\/\/www.copealcoy.es\/es\/wp-json\/wp\/v2\/users\/3"}],"replies":[{"embeddable":true,"href":"https:\/\/www.copealcoy.es\/es\/wp-json\/wp\/v2\/comments?post=83664"}],"version-history":[{"count":0,"href":"https:\/\/www.copealcoy.es\/es\/wp-json\/wp\/v2\/posts\/83664\/revisions"}],"wp:featuredmedia":[{"embeddable":true,"href":"https:\/\/www.copealcoy.es\/es\/wp-json\/wp\/v2\/media\/75098"}],"wp:attachment":[{"href":"https:\/\/www.copealcoy.es\/es\/wp-json\/wp\/v2\/media?parent=83664"}],"wp:term":[{"taxonomy":"category","embeddable":true,"href":"https:\/\/www.copealcoy.es\/es\/wp-json\/wp\/v2\/categories?post=83664"},{"taxonomy":"post_tag","embeddable":true,"href":"https:\/\/www.copealcoy.es\/es\/wp-json\/wp\/v2\/tags?post=83664"}],"curies":[{"name":"wp","href":"https:\/\/api.w.org\/{rel}","templated":true}]}}