{"id":83656,"date":"2022-02-09T20:50:05","date_gmt":"2022-02-09T19:50:05","guid":{"rendered":"https:\/\/www.copealcoy.es\/?p=83656"},"modified":"2022-02-09T21:00:42","modified_gmt":"2022-02-09T20:00:42","slug":"noves-millores-en-el-programa-respir","status":"publish","type":"post","link":"https:\/\/www.copealcoy.es\/es\/noves-millores-en-el-programa-respir\/","title":{"rendered":"Noves millores en el programa Respir"},"content":{"rendered":"<p style=\"text-align: justify;\">L&#8217;<strong>Ajuntament de Cocentaina<\/strong> ha destinat <strong>7.000 euros<\/strong> per a <strong>executar diferents millores al Centre de Respir<\/strong>. Aquesta quantitat, segons la informaci\u00f3 facilitada,<strong> procedeix del romament positiu de tresoreria del Consistori<\/strong>.<\/p>\n<p style=\"text-align: justify;\">El <strong>gros de la inversi\u00f3<\/strong> ha estat <strong>la coberta de la rampa d\u2019acc\u00e9s al centre d\u2019atenci\u00f3 di\u00fcrna<\/strong> amb un cost superior als 6.000 \u20ac, comprant-se amb la resta de diners<strong> noves butaques m\u00e9s c\u00f2modes<\/strong> per a les persones usu\u00e0ries. Aquestes inversions\u00a0<strong>se sumen a altres que la regidoria de Benestar Social ha fet al Centre<\/strong>, com els m\u00e9s de 15.000 \u20ac destinats a l\u2019espai exterior del\u00a0<span class=\"hiddenGrammarError\">TAPIS<\/span>\u00a0o altres que han revertit en algunes millores al Centre Social Real Blanc &#8220;<em>un dels objectius del govern \u00e9s garantir que les instal\u00b7lacions s\u2019adapten a les necessitats que van sorgint, per aix\u00f2 \u00e9s fonamental fer aquest tipus d\u2019inversions, especialment, quan van destinades a persones que no tenen una autonomia completa i que mereixen la nostra millor atenci\u00f3<\/em>&#8220;, afirma l&#8217;alcaldessa i regidora de Benestar Social; <strong>Mireia Estepa<\/strong>.<\/p>\n<p style=\"text-align: justify;\">Per a 2022 est\u00e0 previst <strong>adequar una rampa de baixada des del parc fins al carrer Barranc de Fraga<\/strong> per qu\u00e8 l\u2019acc\u00e9s al Respir per a les persones amb mobilitat redu\u00efda siga m\u00e9s f\u00e0cil.<\/p>\n","protected":false},"excerpt":{"rendered":"<p>L&#8217;Ajuntament de Cocentaina ha destinat 7.000 euros per a executar diferents millores al Centre de Respir. Aquesta quantitat, segons la&#8230;<\/p>\n","protected":false},"author":1,"featured_media":83657,"comment_status":"open","ping_status":"open","sticky":false,"template":"","format":"standard","meta":{"footnotes":""},"categories":[98,75],"tags":[9887,132,9728,9997],"class_list":["post-83656","post","type-post","status-publish","format-standard","has-post-thumbnail","hentry","category-comarcas","category-noticias","tag-centre-de-respir","tag-cocentaina","tag-inversions","tag-millores"],"yoast_head":"<!-- This site is optimized with the Yoast SEO plugin v27.3 - https:\/\/yoast.com\/product\/yoast-seo-wordpress\/ -->\n<title>Noves millores en el programa Respir - COPE Alcoy<\/title>\n<meta name=\"robots\" content=\"index, follow, max-snippet:-1, max-image-preview:large, max-video-preview:-1\" \/>\n<link rel=\"canonical\" href=\"https:\/\/www.copealcoy.es\/es\/noves-millores-en-el-programa-respir\/\" \/>\n<meta property=\"og:locale\" content=\"es_ES\" \/>\n<meta property=\"og:type\" content=\"article\" \/>\n<meta property=\"og:title\" content=\"Noves millores en el programa Respir - COPE Alcoy\" \/>\n<meta property=\"og:description\" content=\"L&#8217;Ajuntament de Cocentaina ha destinat 7.000 euros per a executar diferents millores al Centre de Respir. Aquesta quantitat, segons la...\" \/>\n<meta property=\"og:url\" content=\"https:\/\/www.copealcoy.es\/es\/noves-millores-en-el-programa-respir\/\" \/>\n<meta property=\"og:site_name\" content=\"COPE Alcoy\" \/>\n<meta property=\"article:published_time\" content=\"2022-02-09T19:50:05+00:00\" \/>\n<meta property=\"article:modified_time\" content=\"2022-02-09T20:00:42+00:00\" \/>\n<meta property=\"og:image\" content=\"https:\/\/www.copealcoy.es\/wp-content\/uploads\/2022\/02\/IMG-20211230-WA0008.jpg\" \/>\n\t<meta property=\"og:image:width\" content=\"2000\" \/>\n\t<meta property=\"og:image:height\" content=\"1500\" \/>\n\t<meta property=\"og:image:type\" content=\"image\/jpeg\" \/>\n<meta name=\"author\" content=\"Cope Alcoy\" \/>\n<meta name=\"twitter:label1\" content=\"Escrito por\" \/>\n\t<meta name=\"twitter:data1\" content=\"Cope Alcoy\" \/>\n\t<meta name=\"twitter:label2\" content=\"Tiempo de lectura\" \/>\n\t<meta name=\"twitter:data2\" content=\"1 minuto\" \/>\n<script type=\"application\/ld+json\" class=\"yoast-schema-graph\">{\"@context\":\"https:\\\/\\\/schema.org\",\"@graph\":[{\"@type\":\"Article\",\"@id\":\"https:\\\/\\\/www.copealcoy.es\\\/es\\\/noves-millores-en-el-programa-respir\\\/#article\",\"isPartOf\":{\"@id\":\"https:\\\/\\\/www.copealcoy.es\\\/es\\\/noves-millores-en-el-programa-respir\\\/\"},\"author\":{\"name\":\"Cope Alcoy\",\"@id\":\"https:\\\/\\\/www.copealcoy.es\\\/es\\\/#\\\/schema\\\/person\\\/e777c87fa024e57d40170af9df39882c\"},\"headline\":\"Noves millores en el programa Respir\",\"datePublished\":\"2022-02-09T19:50:05+00:00\",\"dateModified\":\"2022-02-09T20:00:42+00:00\",\"mainEntityOfPage\":{\"@id\":\"https:\\\/\\\/www.copealcoy.es\\\/es\\\/noves-millores-en-el-programa-respir\\\/\"},\"wordCount\":216,\"commentCount\":0,\"image\":{\"@id\":\"https:\\\/\\\/www.copealcoy.es\\\/es\\\/noves-millores-en-el-programa-respir\\\/#primaryimage\"},\"thumbnailUrl\":\"https:\\\/\\\/www.copealcoy.es\\\/wp-content\\\/uploads\\\/2022\\\/02\\\/IMG-20211230-WA0008.jpg\",\"keywords\":[\"Centre de Respir\",\"Cocentaina\",\"inversions\",\"millores\"],\"articleSection\":[\"Comarcas\",\"Noticias\"],\"inLanguage\":\"es\"},{\"@type\":\"WebPage\",\"@id\":\"https:\\\/\\\/www.copealcoy.es\\\/es\\\/noves-millores-en-el-programa-respir\\\/\",\"url\":\"https:\\\/\\\/www.copealcoy.es\\\/es\\\/noves-millores-en-el-programa-respir\\\/\",\"name\":\"Noves millores en el programa Respir - COPE Alcoy\",\"isPartOf\":{\"@id\":\"https:\\\/\\\/www.copealcoy.es\\\/es\\\/#website\"},\"primaryImageOfPage\":{\"@id\":\"https:\\\/\\\/www.copealcoy.es\\\/es\\\/noves-millores-en-el-programa-respir\\\/#primaryimage\"},\"image\":{\"@id\":\"https:\\\/\\\/www.copealcoy.es\\\/es\\\/noves-millores-en-el-programa-respir\\\/#primaryimage\"},\"thumbnailUrl\":\"https:\\\/\\\/www.copealcoy.es\\\/wp-content\\\/uploads\\\/2022\\\/02\\\/IMG-20211230-WA0008.jpg\",\"datePublished\":\"2022-02-09T19:50:05+00:00\",\"dateModified\":\"2022-02-09T20:00:42+00:00\",\"author\":{\"@id\":\"https:\\\/\\\/www.copealcoy.es\\\/es\\\/#\\\/schema\\\/person\\\/e777c87fa024e57d40170af9df39882c\"},\"breadcrumb\":{\"@id\":\"https:\\\/\\\/www.copealcoy.es\\\/es\\\/noves-millores-en-el-programa-respir\\\/#breadcrumb\"},\"inLanguage\":\"es\",\"potentialAction\":[{\"@type\":\"ReadAction\",\"target\":[\"https:\\\/\\\/www.copealcoy.es\\\/es\\\/noves-millores-en-el-programa-respir\\\/\"]}]},{\"@type\":\"ImageObject\",\"inLanguage\":\"es\",\"@id\":\"https:\\\/\\\/www.copealcoy.es\\\/es\\\/noves-millores-en-el-programa-respir\\\/#primaryimage\",\"url\":\"https:\\\/\\\/www.copealcoy.es\\\/wp-content\\\/uploads\\\/2022\\\/02\\\/IMG-20211230-WA0008.jpg\",\"contentUrl\":\"https:\\\/\\\/www.copealcoy.es\\\/wp-content\\\/uploads\\\/2022\\\/02\\\/IMG-20211230-WA0008.jpg\",\"width\":2000,\"height\":1500},{\"@type\":\"BreadcrumbList\",\"@id\":\"https:\\\/\\\/www.copealcoy.es\\\/es\\\/noves-millores-en-el-programa-respir\\\/#breadcrumb\",\"itemListElement\":[{\"@type\":\"ListItem\",\"position\":1,\"name\":\"Portada\",\"item\":\"https:\\\/\\\/www.copealcoy.es\\\/es\\\/\"},{\"@type\":\"ListItem\",\"position\":2,\"name\":\"Noves millores en el programa Respir\"}]},{\"@type\":\"WebSite\",\"@id\":\"https:\\\/\\\/www.copealcoy.es\\\/es\\\/#website\",\"url\":\"https:\\\/\\\/www.copealcoy.es\\\/es\\\/\",\"name\":\"COPE Alcoy\",\"description\":\"Emisora COPE de radio local con emisi\u00f3n online. Pont de Sant Jordi 8-10 03803 Alcoy\",\"potentialAction\":[{\"@type\":\"SearchAction\",\"target\":{\"@type\":\"EntryPoint\",\"urlTemplate\":\"https:\\\/\\\/www.copealcoy.es\\\/es\\\/?s={search_term_string}\"},\"query-input\":{\"@type\":\"PropertyValueSpecification\",\"valueRequired\":true,\"valueName\":\"search_term_string\"}}],\"inLanguage\":\"es\"},{\"@type\":\"Person\",\"@id\":\"https:\\\/\\\/www.copealcoy.es\\\/es\\\/#\\\/schema\\\/person\\\/e777c87fa024e57d40170af9df39882c\",\"name\":\"Cope Alcoy\",\"image\":{\"@type\":\"ImageObject\",\"inLanguage\":\"es\",\"@id\":\"https:\\\/\\\/secure.gravatar.com\\\/avatar\\\/bb65d0283347e303893ba14f0692005417c1e0e690a325a4c5d8bb2b3943ee14?s=96&d=mm&r=g\",\"url\":\"https:\\\/\\\/secure.gravatar.com\\\/avatar\\\/bb65d0283347e303893ba14f0692005417c1e0e690a325a4c5d8bb2b3943ee14?s=96&d=mm&r=g\",\"contentUrl\":\"https:\\\/\\\/secure.gravatar.com\\\/avatar\\\/bb65d0283347e303893ba14f0692005417c1e0e690a325a4c5d8bb2b3943ee14?s=96&d=mm&r=g\",\"caption\":\"Cope Alcoy\"}}]}<\/script>\n<!-- \/ Yoast SEO plugin. -->","yoast_head_json":{"title":"Noves millores en el programa Respir - COPE Alcoy","robots":{"index":"index","follow":"follow","max-snippet":"max-snippet:-1","max-image-preview":"max-image-preview:large","max-video-preview":"max-video-preview:-1"},"canonical":"https:\/\/www.copealcoy.es\/es\/noves-millores-en-el-programa-respir\/","og_locale":"es_ES","og_type":"article","og_title":"Noves millores en el programa Respir - COPE Alcoy","og_description":"L&#8217;Ajuntament de Cocentaina ha destinat 7.000 euros per a executar diferents millores al Centre de Respir. Aquesta quantitat, segons la...","og_url":"https:\/\/www.copealcoy.es\/es\/noves-millores-en-el-programa-respir\/","og_site_name":"COPE Alcoy","article_published_time":"2022-02-09T19:50:05+00:00","article_modified_time":"2022-02-09T20:00:42+00:00","og_image":[{"width":2000,"height":1500,"url":"https:\/\/www.copealcoy.es\/wp-content\/uploads\/2022\/02\/IMG-20211230-WA0008.jpg","type":"image\/jpeg"}],"author":"Cope Alcoy","twitter_misc":{"Escrito por":"Cope Alcoy","Tiempo de lectura":"1 minuto"},"schema":{"@context":"https:\/\/schema.org","@graph":[{"@type":"Article","@id":"https:\/\/www.copealcoy.es\/es\/noves-millores-en-el-programa-respir\/#article","isPartOf":{"@id":"https:\/\/www.copealcoy.es\/es\/noves-millores-en-el-programa-respir\/"},"author":{"name":"Cope Alcoy","@id":"https:\/\/www.copealcoy.es\/es\/#\/schema\/person\/e777c87fa024e57d40170af9df39882c"},"headline":"Noves millores en el programa Respir","datePublished":"2022-02-09T19:50:05+00:00","dateModified":"2022-02-09T20:00:42+00:00","mainEntityOfPage":{"@id":"https:\/\/www.copealcoy.es\/es\/noves-millores-en-el-programa-respir\/"},"wordCount":216,"commentCount":0,"image":{"@id":"https:\/\/www.copealcoy.es\/es\/noves-millores-en-el-programa-respir\/#primaryimage"},"thumbnailUrl":"https:\/\/www.copealcoy.es\/wp-content\/uploads\/2022\/02\/IMG-20211230-WA0008.jpg","keywords":["Centre de Respir","Cocentaina","inversions","millores"],"articleSection":["Comarcas","Noticias"],"inLanguage":"es"},{"@type":"WebPage","@id":"https:\/\/www.copealcoy.es\/es\/noves-millores-en-el-programa-respir\/","url":"https:\/\/www.copealcoy.es\/es\/noves-millores-en-el-programa-respir\/","name":"Noves millores en el programa Respir - COPE Alcoy","isPartOf":{"@id":"https:\/\/www.copealcoy.es\/es\/#website"},"primaryImageOfPage":{"@id":"https:\/\/www.copealcoy.es\/es\/noves-millores-en-el-programa-respir\/#primaryimage"},"image":{"@id":"https:\/\/www.copealcoy.es\/es\/noves-millores-en-el-programa-respir\/#primaryimage"},"thumbnailUrl":"https:\/\/www.copealcoy.es\/wp-content\/uploads\/2022\/02\/IMG-20211230-WA0008.jpg","datePublished":"2022-02-09T19:50:05+00:00","dateModified":"2022-02-09T20:00:42+00:00","author":{"@id":"https:\/\/www.copealcoy.es\/es\/#\/schema\/person\/e777c87fa024e57d40170af9df39882c"},"breadcrumb":{"@id":"https:\/\/www.copealcoy.es\/es\/noves-millores-en-el-programa-respir\/#breadcrumb"},"inLanguage":"es","potentialAction":[{"@type":"ReadAction","target":["https:\/\/www.copealcoy.es\/es\/noves-millores-en-el-programa-respir\/"]}]},{"@type":"ImageObject","inLanguage":"es","@id":"https:\/\/www.copealcoy.es\/es\/noves-millores-en-el-programa-respir\/#primaryimage","url":"https:\/\/www.copealcoy.es\/wp-content\/uploads\/2022\/02\/IMG-20211230-WA0008.jpg","contentUrl":"https:\/\/www.copealcoy.es\/wp-content\/uploads\/2022\/02\/IMG-20211230-WA0008.jpg","width":2000,"height":1500},{"@type":"BreadcrumbList","@id":"https:\/\/www.copealcoy.es\/es\/noves-millores-en-el-programa-respir\/#breadcrumb","itemListElement":[{"@type":"ListItem","position":1,"name":"Portada","item":"https:\/\/www.copealcoy.es\/es\/"},{"@type":"ListItem","position":2,"name":"Noves millores en el programa Respir"}]},{"@type":"WebSite","@id":"https:\/\/www.copealcoy.es\/es\/#website","url":"https:\/\/www.copealcoy.es\/es\/","name":"COPE Alcoy","description":"Emisora COPE de radio local con emisi\u00f3n online. Pont de Sant Jordi 8-10 03803 Alcoy","potentialAction":[{"@type":"SearchAction","target":{"@type":"EntryPoint","urlTemplate":"https:\/\/www.copealcoy.es\/es\/?s={search_term_string}"},"query-input":{"@type":"PropertyValueSpecification","valueRequired":true,"valueName":"search_term_string"}}],"inLanguage":"es"},{"@type":"Person","@id":"https:\/\/www.copealcoy.es\/es\/#\/schema\/person\/e777c87fa024e57d40170af9df39882c","name":"Cope Alcoy","image":{"@type":"ImageObject","inLanguage":"es","@id":"https:\/\/secure.gravatar.com\/avatar\/bb65d0283347e303893ba14f0692005417c1e0e690a325a4c5d8bb2b3943ee14?s=96&d=mm&r=g","url":"https:\/\/secure.gravatar.com\/avatar\/bb65d0283347e303893ba14f0692005417c1e0e690a325a4c5d8bb2b3943ee14?s=96&d=mm&r=g","contentUrl":"https:\/\/secure.gravatar.com\/avatar\/bb65d0283347e303893ba14f0692005417c1e0e690a325a4c5d8bb2b3943ee14?s=96&d=mm&r=g","caption":"Cope Alcoy"}}]}},"_links":{"self":[{"href":"https:\/\/www.copealcoy.es\/es\/wp-json\/wp\/v2\/posts\/83656","targetHints":{"allow":["GET"]}}],"collection":[{"href":"https:\/\/www.copealcoy.es\/es\/wp-json\/wp\/v2\/posts"}],"about":[{"href":"https:\/\/www.copealcoy.es\/es\/wp-json\/wp\/v2\/types\/post"}],"author":[{"embeddable":true,"href":"https:\/\/www.copealcoy.es\/es\/wp-json\/wp\/v2\/users\/1"}],"replies":[{"embeddable":true,"href":"https:\/\/www.copealcoy.es\/es\/wp-json\/wp\/v2\/comments?post=83656"}],"version-history":[{"count":0,"href":"https:\/\/www.copealcoy.es\/es\/wp-json\/wp\/v2\/posts\/83656\/revisions"}],"wp:featuredmedia":[{"embeddable":true,"href":"https:\/\/www.copealcoy.es\/es\/wp-json\/wp\/v2\/media\/83657"}],"wp:attachment":[{"href":"https:\/\/www.copealcoy.es\/es\/wp-json\/wp\/v2\/media?parent=83656"}],"wp:term":[{"taxonomy":"category","embeddable":true,"href":"https:\/\/www.copealcoy.es\/es\/wp-json\/wp\/v2\/categories?post=83656"},{"taxonomy":"post_tag","embeddable":true,"href":"https:\/\/www.copealcoy.es\/es\/wp-json\/wp\/v2\/tags?post=83656"}],"curies":[{"name":"wp","href":"https:\/\/api.w.org\/{rel}","templated":true}]}}