{"id":83566,"date":"2022-02-08T13:08:18","date_gmt":"2022-02-08T12:08:18","guid":{"rendered":"https:\/\/www.copealcoy.es\/?p=83566"},"modified":"2022-02-08T13:08:18","modified_gmt":"2022-02-08T12:08:18","slug":"las-aulas-confinadas-caen-a-la-mitad-en-la-comunitat-valenciana-en-tan-solo-una-semana","status":"publish","type":"post","link":"https:\/\/www.copealcoy.es\/es\/las-aulas-confinadas-caen-a-la-mitad-en-la-comunitat-valenciana-en-tan-solo-una-semana\/","title":{"rendered":"Las aulas confinadas caen a la mitad en la Comunitat Valenciana en tan solo una semana"},"content":{"rendered":"<p style=\"text-align: justify;\">La <strong>sexta ola<\/strong> comienza a remitir en la Comunitat Valenciana. Adem\u00e1s del <strong>descenso de contagios<\/strong> y de la incidencia acumulada, otro indicador importante es el n\u00famero de alumnos confinados por el coronavirus en los centros escolares.<\/p>\n<p style=\"text-align: justify;\">Seg\u00fan los datos facilitados por la Conselleria de Educaci\u00f3n, <strong>el n\u00famero de aulas confinadas en centros educativos de la Comunitat Valenciana han descendido un 44,8 % en la primera semana de febrero\u00a0<\/strong>respecto a la \u00faltima de enero, y actualmente hay un total de 449 grupos confinados de 244 centros. Datos que supone que el 87,6 % de los centros educativos ha concluido la pasada semana con todas sus aulas en funcionamiento.<\/p>\n<p style=\"text-align: justify;\">Adem\u00e1s,<strong>\u00a0el 98,9 % de los grupos de alumnos y alumnas han seguido las clases presenciales sin que se haya presentado ninguna incidencia<\/strong>, y durante la semana pasada se ha determinado el confinamiento de 106 grupos de 57 centros educativos.<\/p>\n<p style=\"text-align: justify;\">Asimismo, <strong>se han desconfiado 659 grupos de 283 centros educativos<\/strong> y permanecen confinados, de semanas anteriores, 343 grupos de 187 centros, indican las mismas fuentes. Por lo tanto,<strong> el total acumulado de grupos confinados es de 449 aulas de 244 centros educativos<\/strong>, frente a los 1.002 grupos de 470 centros de la \u00faltima semana de enero, un 44,8 % menos.<\/p>\n","protected":false},"excerpt":{"rendered":"<p>La sexta ola comienza a remitir en la Comunitat Valenciana. Adem\u00e1s del descenso de contagios y de la incidencia acumulada,&#8230;<\/p>\n","protected":false},"author":1,"featured_media":81928,"comment_status":"open","ping_status":"open","sticky":false,"template":"","format":"standard","meta":{"footnotes":""},"categories":[6909,900,75],"tags":[12402,1768,7281,10050,7477],"class_list":["post-83566","post","type-post","status-publish","format-standard","has-post-thumbnail","hentry","category-actualidad","category-educacion","category-noticias","tag-aulas-confinadas","tag-comunitat-valenciana","tag-coronavirus","tag-crisis-sanitaria","tag-pandemia"],"yoast_head":"<!-- This site is optimized with the Yoast SEO plugin v27.3 - https:\/\/yoast.com\/product\/yoast-seo-wordpress\/ -->\n<title>Las aulas confinadas caen a la mitad en la Comunitat Valenciana en tan solo una semana - COPE Alcoy<\/title>\n<meta name=\"robots\" content=\"index, follow, max-snippet:-1, max-image-preview:large, max-video-preview:-1\" \/>\n<link rel=\"canonical\" href=\"https:\/\/www.copealcoy.es\/es\/las-aulas-confinadas-caen-a-la-mitad-en-la-comunitat-valenciana-en-tan-solo-una-semana\/\" \/>\n<meta property=\"og:locale\" content=\"es_ES\" \/>\n<meta property=\"og:type\" content=\"article\" \/>\n<meta property=\"og:title\" content=\"Las aulas confinadas caen a la mitad en la Comunitat Valenciana en tan solo una semana - COPE Alcoy\" \/>\n<meta property=\"og:description\" content=\"La sexta ola comienza a remitir en la Comunitat Valenciana. Adem\u00e1s del descenso de contagios y de la incidencia acumulada,...\" \/>\n<meta property=\"og:url\" content=\"https:\/\/www.copealcoy.es\/es\/las-aulas-confinadas-caen-a-la-mitad-en-la-comunitat-valenciana-en-tan-solo-una-semana\/\" \/>\n<meta property=\"og:site_name\" content=\"COPE Alcoy\" \/>\n<meta property=\"article:published_time\" content=\"2022-02-08T12:08:18+00:00\" \/>\n<meta property=\"og:image\" content=\"https:\/\/www.copealcoy.es\/wp-content\/uploads\/2021\/12\/1640859479245.jpg\" \/>\n\t<meta property=\"og:image:width\" content=\"976\" \/>\n\t<meta property=\"og:image:height\" content=\"651\" \/>\n\t<meta property=\"og:image:type\" content=\"image\/jpeg\" \/>\n<meta name=\"author\" content=\"Cope Alcoy\" \/>\n<meta name=\"twitter:label1\" content=\"Escrito por\" \/>\n\t<meta name=\"twitter:data1\" content=\"Cope Alcoy\" \/>\n\t<meta name=\"twitter:label2\" content=\"Tiempo de lectura\" \/>\n\t<meta name=\"twitter:data2\" content=\"1 minuto\" \/>\n<script type=\"application\/ld+json\" class=\"yoast-schema-graph\">{\"@context\":\"https:\\\/\\\/schema.org\",\"@graph\":[{\"@type\":\"Article\",\"@id\":\"https:\\\/\\\/www.copealcoy.es\\\/es\\\/las-aulas-confinadas-caen-a-la-mitad-en-la-comunitat-valenciana-en-tan-solo-una-semana\\\/#article\",\"isPartOf\":{\"@id\":\"https:\\\/\\\/www.copealcoy.es\\\/es\\\/las-aulas-confinadas-caen-a-la-mitad-en-la-comunitat-valenciana-en-tan-solo-una-semana\\\/\"},\"author\":{\"name\":\"Cope Alcoy\",\"@id\":\"https:\\\/\\\/www.copealcoy.es\\\/es\\\/#\\\/schema\\\/person\\\/e777c87fa024e57d40170af9df39882c\"},\"headline\":\"Las aulas confinadas caen a la mitad en la Comunitat Valenciana en tan solo una semana\",\"datePublished\":\"2022-02-08T12:08:18+00:00\",\"mainEntityOfPage\":{\"@id\":\"https:\\\/\\\/www.copealcoy.es\\\/es\\\/las-aulas-confinadas-caen-a-la-mitad-en-la-comunitat-valenciana-en-tan-solo-una-semana\\\/\"},\"wordCount\":210,\"commentCount\":0,\"image\":{\"@id\":\"https:\\\/\\\/www.copealcoy.es\\\/es\\\/las-aulas-confinadas-caen-a-la-mitad-en-la-comunitat-valenciana-en-tan-solo-una-semana\\\/#primaryimage\"},\"thumbnailUrl\":\"https:\\\/\\\/www.copealcoy.es\\\/wp-content\\\/uploads\\\/2021\\\/12\\\/1640859479245.jpg\",\"keywords\":[\"aulas confinadas\",\"Comunitat Valenciana\",\"Coronavirus\",\"crisis sanitaria\",\"pandemia\"],\"articleSection\":[\"Actualidad\",\"Educaci\u00f3n\",\"Noticias\"],\"inLanguage\":\"es\"},{\"@type\":\"WebPage\",\"@id\":\"https:\\\/\\\/www.copealcoy.es\\\/es\\\/las-aulas-confinadas-caen-a-la-mitad-en-la-comunitat-valenciana-en-tan-solo-una-semana\\\/\",\"url\":\"https:\\\/\\\/www.copealcoy.es\\\/es\\\/las-aulas-confinadas-caen-a-la-mitad-en-la-comunitat-valenciana-en-tan-solo-una-semana\\\/\",\"name\":\"Las aulas confinadas caen a la mitad en la Comunitat Valenciana en tan solo una semana - COPE Alcoy\",\"isPartOf\":{\"@id\":\"https:\\\/\\\/www.copealcoy.es\\\/es\\\/#website\"},\"primaryImageOfPage\":{\"@id\":\"https:\\\/\\\/www.copealcoy.es\\\/es\\\/las-aulas-confinadas-caen-a-la-mitad-en-la-comunitat-valenciana-en-tan-solo-una-semana\\\/#primaryimage\"},\"image\":{\"@id\":\"https:\\\/\\\/www.copealcoy.es\\\/es\\\/las-aulas-confinadas-caen-a-la-mitad-en-la-comunitat-valenciana-en-tan-solo-una-semana\\\/#primaryimage\"},\"thumbnailUrl\":\"https:\\\/\\\/www.copealcoy.es\\\/wp-content\\\/uploads\\\/2021\\\/12\\\/1640859479245.jpg\",\"datePublished\":\"2022-02-08T12:08:18+00:00\",\"author\":{\"@id\":\"https:\\\/\\\/www.copealcoy.es\\\/es\\\/#\\\/schema\\\/person\\\/e777c87fa024e57d40170af9df39882c\"},\"breadcrumb\":{\"@id\":\"https:\\\/\\\/www.copealcoy.es\\\/es\\\/las-aulas-confinadas-caen-a-la-mitad-en-la-comunitat-valenciana-en-tan-solo-una-semana\\\/#breadcrumb\"},\"inLanguage\":\"es\",\"potentialAction\":[{\"@type\":\"ReadAction\",\"target\":[\"https:\\\/\\\/www.copealcoy.es\\\/es\\\/las-aulas-confinadas-caen-a-la-mitad-en-la-comunitat-valenciana-en-tan-solo-una-semana\\\/\"]}]},{\"@type\":\"ImageObject\",\"inLanguage\":\"es\",\"@id\":\"https:\\\/\\\/www.copealcoy.es\\\/es\\\/las-aulas-confinadas-caen-a-la-mitad-en-la-comunitat-valenciana-en-tan-solo-una-semana\\\/#primaryimage\",\"url\":\"https:\\\/\\\/www.copealcoy.es\\\/wp-content\\\/uploads\\\/2021\\\/12\\\/1640859479245.jpg\",\"contentUrl\":\"https:\\\/\\\/www.copealcoy.es\\\/wp-content\\\/uploads\\\/2021\\\/12\\\/1640859479245.jpg\",\"width\":976,\"height\":651},{\"@type\":\"BreadcrumbList\",\"@id\":\"https:\\\/\\\/www.copealcoy.es\\\/es\\\/las-aulas-confinadas-caen-a-la-mitad-en-la-comunitat-valenciana-en-tan-solo-una-semana\\\/#breadcrumb\",\"itemListElement\":[{\"@type\":\"ListItem\",\"position\":1,\"name\":\"Portada\",\"item\":\"https:\\\/\\\/www.copealcoy.es\\\/es\\\/\"},{\"@type\":\"ListItem\",\"position\":2,\"name\":\"Las aulas confinadas caen a la mitad en la Comunitat Valenciana en tan solo una semana\"}]},{\"@type\":\"WebSite\",\"@id\":\"https:\\\/\\\/www.copealcoy.es\\\/es\\\/#website\",\"url\":\"https:\\\/\\\/www.copealcoy.es\\\/es\\\/\",\"name\":\"COPE Alcoy\",\"description\":\"Emisora COPE de radio local con emisi\u00f3n online. Pont de Sant Jordi 8-10 03803 Alcoy\",\"potentialAction\":[{\"@type\":\"SearchAction\",\"target\":{\"@type\":\"EntryPoint\",\"urlTemplate\":\"https:\\\/\\\/www.copealcoy.es\\\/es\\\/?s={search_term_string}\"},\"query-input\":{\"@type\":\"PropertyValueSpecification\",\"valueRequired\":true,\"valueName\":\"search_term_string\"}}],\"inLanguage\":\"es\"},{\"@type\":\"Person\",\"@id\":\"https:\\\/\\\/www.copealcoy.es\\\/es\\\/#\\\/schema\\\/person\\\/e777c87fa024e57d40170af9df39882c\",\"name\":\"Cope Alcoy\",\"image\":{\"@type\":\"ImageObject\",\"inLanguage\":\"es\",\"@id\":\"https:\\\/\\\/secure.gravatar.com\\\/avatar\\\/bb65d0283347e303893ba14f0692005417c1e0e690a325a4c5d8bb2b3943ee14?s=96&d=mm&r=g\",\"url\":\"https:\\\/\\\/secure.gravatar.com\\\/avatar\\\/bb65d0283347e303893ba14f0692005417c1e0e690a325a4c5d8bb2b3943ee14?s=96&d=mm&r=g\",\"contentUrl\":\"https:\\\/\\\/secure.gravatar.com\\\/avatar\\\/bb65d0283347e303893ba14f0692005417c1e0e690a325a4c5d8bb2b3943ee14?s=96&d=mm&r=g\",\"caption\":\"Cope Alcoy\"}}]}<\/script>\n<!-- \/ Yoast SEO plugin. -->","yoast_head_json":{"title":"Las aulas confinadas caen a la mitad en la Comunitat Valenciana en tan solo una semana - COPE Alcoy","robots":{"index":"index","follow":"follow","max-snippet":"max-snippet:-1","max-image-preview":"max-image-preview:large","max-video-preview":"max-video-preview:-1"},"canonical":"https:\/\/www.copealcoy.es\/es\/las-aulas-confinadas-caen-a-la-mitad-en-la-comunitat-valenciana-en-tan-solo-una-semana\/","og_locale":"es_ES","og_type":"article","og_title":"Las aulas confinadas caen a la mitad en la Comunitat Valenciana en tan solo una semana - COPE Alcoy","og_description":"La sexta ola comienza a remitir en la Comunitat Valenciana. Adem\u00e1s del descenso de contagios y de la incidencia acumulada,...","og_url":"https:\/\/www.copealcoy.es\/es\/las-aulas-confinadas-caen-a-la-mitad-en-la-comunitat-valenciana-en-tan-solo-una-semana\/","og_site_name":"COPE Alcoy","article_published_time":"2022-02-08T12:08:18+00:00","og_image":[{"width":976,"height":651,"url":"https:\/\/www.copealcoy.es\/wp-content\/uploads\/2021\/12\/1640859479245.jpg","type":"image\/jpeg"}],"author":"Cope Alcoy","twitter_misc":{"Escrito por":"Cope Alcoy","Tiempo de lectura":"1 minuto"},"schema":{"@context":"https:\/\/schema.org","@graph":[{"@type":"Article","@id":"https:\/\/www.copealcoy.es\/es\/las-aulas-confinadas-caen-a-la-mitad-en-la-comunitat-valenciana-en-tan-solo-una-semana\/#article","isPartOf":{"@id":"https:\/\/www.copealcoy.es\/es\/las-aulas-confinadas-caen-a-la-mitad-en-la-comunitat-valenciana-en-tan-solo-una-semana\/"},"author":{"name":"Cope Alcoy","@id":"https:\/\/www.copealcoy.es\/es\/#\/schema\/person\/e777c87fa024e57d40170af9df39882c"},"headline":"Las aulas confinadas caen a la mitad en la Comunitat Valenciana en tan solo una semana","datePublished":"2022-02-08T12:08:18+00:00","mainEntityOfPage":{"@id":"https:\/\/www.copealcoy.es\/es\/las-aulas-confinadas-caen-a-la-mitad-en-la-comunitat-valenciana-en-tan-solo-una-semana\/"},"wordCount":210,"commentCount":0,"image":{"@id":"https:\/\/www.copealcoy.es\/es\/las-aulas-confinadas-caen-a-la-mitad-en-la-comunitat-valenciana-en-tan-solo-una-semana\/#primaryimage"},"thumbnailUrl":"https:\/\/www.copealcoy.es\/wp-content\/uploads\/2021\/12\/1640859479245.jpg","keywords":["aulas confinadas","Comunitat Valenciana","Coronavirus","crisis sanitaria","pandemia"],"articleSection":["Actualidad","Educaci\u00f3n","Noticias"],"inLanguage":"es"},{"@type":"WebPage","@id":"https:\/\/www.copealcoy.es\/es\/las-aulas-confinadas-caen-a-la-mitad-en-la-comunitat-valenciana-en-tan-solo-una-semana\/","url":"https:\/\/www.copealcoy.es\/es\/las-aulas-confinadas-caen-a-la-mitad-en-la-comunitat-valenciana-en-tan-solo-una-semana\/","name":"Las aulas confinadas caen a la mitad en la Comunitat Valenciana en tan solo una semana - COPE Alcoy","isPartOf":{"@id":"https:\/\/www.copealcoy.es\/es\/#website"},"primaryImageOfPage":{"@id":"https:\/\/www.copealcoy.es\/es\/las-aulas-confinadas-caen-a-la-mitad-en-la-comunitat-valenciana-en-tan-solo-una-semana\/#primaryimage"},"image":{"@id":"https:\/\/www.copealcoy.es\/es\/las-aulas-confinadas-caen-a-la-mitad-en-la-comunitat-valenciana-en-tan-solo-una-semana\/#primaryimage"},"thumbnailUrl":"https:\/\/www.copealcoy.es\/wp-content\/uploads\/2021\/12\/1640859479245.jpg","datePublished":"2022-02-08T12:08:18+00:00","author":{"@id":"https:\/\/www.copealcoy.es\/es\/#\/schema\/person\/e777c87fa024e57d40170af9df39882c"},"breadcrumb":{"@id":"https:\/\/www.copealcoy.es\/es\/las-aulas-confinadas-caen-a-la-mitad-en-la-comunitat-valenciana-en-tan-solo-una-semana\/#breadcrumb"},"inLanguage":"es","potentialAction":[{"@type":"ReadAction","target":["https:\/\/www.copealcoy.es\/es\/las-aulas-confinadas-caen-a-la-mitad-en-la-comunitat-valenciana-en-tan-solo-una-semana\/"]}]},{"@type":"ImageObject","inLanguage":"es","@id":"https:\/\/www.copealcoy.es\/es\/las-aulas-confinadas-caen-a-la-mitad-en-la-comunitat-valenciana-en-tan-solo-una-semana\/#primaryimage","url":"https:\/\/www.copealcoy.es\/wp-content\/uploads\/2021\/12\/1640859479245.jpg","contentUrl":"https:\/\/www.copealcoy.es\/wp-content\/uploads\/2021\/12\/1640859479245.jpg","width":976,"height":651},{"@type":"BreadcrumbList","@id":"https:\/\/www.copealcoy.es\/es\/las-aulas-confinadas-caen-a-la-mitad-en-la-comunitat-valenciana-en-tan-solo-una-semana\/#breadcrumb","itemListElement":[{"@type":"ListItem","position":1,"name":"Portada","item":"https:\/\/www.copealcoy.es\/es\/"},{"@type":"ListItem","position":2,"name":"Las aulas confinadas caen a la mitad en la Comunitat Valenciana en tan solo una semana"}]},{"@type":"WebSite","@id":"https:\/\/www.copealcoy.es\/es\/#website","url":"https:\/\/www.copealcoy.es\/es\/","name":"COPE Alcoy","description":"Emisora COPE de radio local con emisi\u00f3n online. Pont de Sant Jordi 8-10 03803 Alcoy","potentialAction":[{"@type":"SearchAction","target":{"@type":"EntryPoint","urlTemplate":"https:\/\/www.copealcoy.es\/es\/?s={search_term_string}"},"query-input":{"@type":"PropertyValueSpecification","valueRequired":true,"valueName":"search_term_string"}}],"inLanguage":"es"},{"@type":"Person","@id":"https:\/\/www.copealcoy.es\/es\/#\/schema\/person\/e777c87fa024e57d40170af9df39882c","name":"Cope Alcoy","image":{"@type":"ImageObject","inLanguage":"es","@id":"https:\/\/secure.gravatar.com\/avatar\/bb65d0283347e303893ba14f0692005417c1e0e690a325a4c5d8bb2b3943ee14?s=96&d=mm&r=g","url":"https:\/\/secure.gravatar.com\/avatar\/bb65d0283347e303893ba14f0692005417c1e0e690a325a4c5d8bb2b3943ee14?s=96&d=mm&r=g","contentUrl":"https:\/\/secure.gravatar.com\/avatar\/bb65d0283347e303893ba14f0692005417c1e0e690a325a4c5d8bb2b3943ee14?s=96&d=mm&r=g","caption":"Cope Alcoy"}}]}},"_links":{"self":[{"href":"https:\/\/www.copealcoy.es\/es\/wp-json\/wp\/v2\/posts\/83566","targetHints":{"allow":["GET"]}}],"collection":[{"href":"https:\/\/www.copealcoy.es\/es\/wp-json\/wp\/v2\/posts"}],"about":[{"href":"https:\/\/www.copealcoy.es\/es\/wp-json\/wp\/v2\/types\/post"}],"author":[{"embeddable":true,"href":"https:\/\/www.copealcoy.es\/es\/wp-json\/wp\/v2\/users\/1"}],"replies":[{"embeddable":true,"href":"https:\/\/www.copealcoy.es\/es\/wp-json\/wp\/v2\/comments?post=83566"}],"version-history":[{"count":0,"href":"https:\/\/www.copealcoy.es\/es\/wp-json\/wp\/v2\/posts\/83566\/revisions"}],"wp:featuredmedia":[{"embeddable":true,"href":"https:\/\/www.copealcoy.es\/es\/wp-json\/wp\/v2\/media\/81928"}],"wp:attachment":[{"href":"https:\/\/www.copealcoy.es\/es\/wp-json\/wp\/v2\/media?parent=83566"}],"wp:term":[{"taxonomy":"category","embeddable":true,"href":"https:\/\/www.copealcoy.es\/es\/wp-json\/wp\/v2\/categories?post=83566"},{"taxonomy":"post_tag","embeddable":true,"href":"https:\/\/www.copealcoy.es\/es\/wp-json\/wp\/v2\/tags?post=83566"}],"curies":[{"name":"wp","href":"https:\/\/api.w.org\/{rel}","templated":true}]}}