{"id":83532,"date":"2022-02-07T11:48:46","date_gmt":"2022-02-07T10:48:46","guid":{"rendered":"https:\/\/www.copealcoy.es\/?p=83532"},"modified":"2022-02-07T16:13:56","modified_gmt":"2022-02-07T15:13:56","slug":"naix-el-consell-de-la-fira-de-sant-isidre","status":"publish","type":"post","link":"https:\/\/www.copealcoy.es\/es\/naix-el-consell-de-la-fira-de-sant-isidre\/","title":{"rendered":"Naix el Consell de la Fira de Sant Isidre"},"content":{"rendered":"<p style=\"text-align: justify;\">L&#8217;Ajuntament de Castalla <strong>ha presentat el Consell de la Fira de Sant Isidre<\/strong>, un organisme que a partir d&#8217;ara <strong>regular\u00e0 la celebraci\u00f3 d&#8217;aquest tradicional esdeveniment<\/strong>. Recentment ha tingut lloc la primera reuni\u00f3 i <strong>estan previstos uns quatre encontres al llarg de l&#8217;any<\/strong> per tal d&#8217;organitzar una cita comercial que sempre desperta enorme inter\u00e9s a les nostres comarques.<\/p>\n<p style=\"text-align: justify;\">La Fira de Sant Isidre de Castalla <strong>tornar\u00e0 a tindre Mercat Medieval<\/strong> i s&#8217;apostar\u00e0 per <strong>nous expositors<\/strong> en sectors com el de l&#8217;automoci\u00f3. A m\u00e9s <strong>el Consistori vol incorporar m\u00e9s centres d&#8217;informaci\u00f3<\/strong> i <strong>m\u00e9s aparcaments<\/strong> per tal d&#8217;atendre les necessitats dels visitants.<\/p>\n<p style=\"text-align: justify;\">Aquesta festa arribar\u00e0 enguany a <strong>l&#8217;edici\u00f3 n\u00famero 28<\/strong> despr\u00e9s de dos anys d&#8217;abs\u00e8ncia a causa de la pand\u00e8mia del Coronavirus. La Fira de Sant Isidre <strong>t\u00e9 un pressupost de 130.000 euros<\/strong> i l&#8217;esmentat Ajuntament de Castalla <strong>es mostra partidari d&#8217;ampliar la partida<\/strong> en cas que siga necessari. A m\u00e9s enguany tindr\u00e0 lloc entre el 13 i el 15 de maig.<\/p>\n","protected":false},"excerpt":{"rendered":"<p>L&#8217;Ajuntament de Castalla ha presentat el Consell de la Fira de Sant Isidre, un organisme que a partir d&#8217;ara regular\u00e0&#8230;<\/p>\n","protected":false},"author":1,"featured_media":42046,"comment_status":"open","ping_status":"open","sticky":false,"template":"","format":"standard","meta":{"footnotes":""},"categories":[98,75],"tags":[1619,479,676,12401],"class_list":["post-83532","post","type-post","status-publish","format-standard","has-post-thumbnail","hentry","category-comarcas","category-noticias","tag-castalla","tag-consell","tag-fira","tag-sant-isidre"],"yoast_head":"<!-- This site is optimized with the Yoast SEO plugin v27.3 - https:\/\/yoast.com\/product\/yoast-seo-wordpress\/ -->\n<title>Naix el Consell de la Fira de Sant Isidre - COPE Alcoy<\/title>\n<meta name=\"robots\" content=\"index, follow, max-snippet:-1, max-image-preview:large, max-video-preview:-1\" \/>\n<link rel=\"canonical\" href=\"https:\/\/www.copealcoy.es\/es\/naix-el-consell-de-la-fira-de-sant-isidre\/\" \/>\n<meta property=\"og:locale\" content=\"es_ES\" \/>\n<meta property=\"og:type\" content=\"article\" \/>\n<meta property=\"og:title\" content=\"Naix el Consell de la Fira de Sant Isidre - COPE Alcoy\" \/>\n<meta property=\"og:description\" content=\"L&#8217;Ajuntament de Castalla ha presentat el Consell de la Fira de Sant Isidre, un organisme que a partir d&#8217;ara regular\u00e0...\" \/>\n<meta property=\"og:url\" content=\"https:\/\/www.copealcoy.es\/es\/naix-el-consell-de-la-fira-de-sant-isidre\/\" \/>\n<meta property=\"og:site_name\" content=\"COPE Alcoy\" \/>\n<meta property=\"article:published_time\" content=\"2022-02-07T10:48:46+00:00\" \/>\n<meta property=\"article:modified_time\" content=\"2022-02-07T15:13:56+00:00\" \/>\n<meta property=\"og:image\" content=\"https:\/\/www.copealcoy.es\/wp-content\/uploads\/2018\/05\/castalla3.jpg\" \/>\n\t<meta property=\"og:image:width\" content=\"1600\" \/>\n\t<meta property=\"og:image:height\" content=\"1103\" \/>\n\t<meta property=\"og:image:type\" content=\"image\/jpeg\" \/>\n<meta name=\"author\" content=\"Cope Alcoy\" \/>\n<meta name=\"twitter:label1\" content=\"Escrito por\" \/>\n\t<meta name=\"twitter:data1\" content=\"Cope Alcoy\" \/>\n\t<meta name=\"twitter:label2\" content=\"Tiempo de lectura\" \/>\n\t<meta name=\"twitter:data2\" content=\"1 minuto\" \/>\n<script type=\"application\/ld+json\" class=\"yoast-schema-graph\">{\"@context\":\"https:\\\/\\\/schema.org\",\"@graph\":[{\"@type\":\"Article\",\"@id\":\"https:\\\/\\\/www.copealcoy.es\\\/es\\\/naix-el-consell-de-la-fira-de-sant-isidre\\\/#article\",\"isPartOf\":{\"@id\":\"https:\\\/\\\/www.copealcoy.es\\\/es\\\/naix-el-consell-de-la-fira-de-sant-isidre\\\/\"},\"author\":{\"name\":\"Cope Alcoy\",\"@id\":\"https:\\\/\\\/www.copealcoy.es\\\/es\\\/#\\\/schema\\\/person\\\/e777c87fa024e57d40170af9df39882c\"},\"headline\":\"Naix el Consell de la Fira de Sant Isidre\",\"datePublished\":\"2022-02-07T10:48:46+00:00\",\"dateModified\":\"2022-02-07T15:13:56+00:00\",\"mainEntityOfPage\":{\"@id\":\"https:\\\/\\\/www.copealcoy.es\\\/es\\\/naix-el-consell-de-la-fira-de-sant-isidre\\\/\"},\"wordCount\":186,\"commentCount\":0,\"image\":{\"@id\":\"https:\\\/\\\/www.copealcoy.es\\\/es\\\/naix-el-consell-de-la-fira-de-sant-isidre\\\/#primaryimage\"},\"thumbnailUrl\":\"https:\\\/\\\/www.copealcoy.es\\\/wp-content\\\/uploads\\\/2018\\\/05\\\/castalla3.jpg\",\"keywords\":[\"Castalla\",\"Consell\",\"Fira\",\"Sant Isidre\"],\"articleSection\":[\"Comarcas\",\"Noticias\"],\"inLanguage\":\"es\"},{\"@type\":\"WebPage\",\"@id\":\"https:\\\/\\\/www.copealcoy.es\\\/es\\\/naix-el-consell-de-la-fira-de-sant-isidre\\\/\",\"url\":\"https:\\\/\\\/www.copealcoy.es\\\/es\\\/naix-el-consell-de-la-fira-de-sant-isidre\\\/\",\"name\":\"Naix el Consell de la Fira de Sant Isidre - COPE Alcoy\",\"isPartOf\":{\"@id\":\"https:\\\/\\\/www.copealcoy.es\\\/es\\\/#website\"},\"primaryImageOfPage\":{\"@id\":\"https:\\\/\\\/www.copealcoy.es\\\/es\\\/naix-el-consell-de-la-fira-de-sant-isidre\\\/#primaryimage\"},\"image\":{\"@id\":\"https:\\\/\\\/www.copealcoy.es\\\/es\\\/naix-el-consell-de-la-fira-de-sant-isidre\\\/#primaryimage\"},\"thumbnailUrl\":\"https:\\\/\\\/www.copealcoy.es\\\/wp-content\\\/uploads\\\/2018\\\/05\\\/castalla3.jpg\",\"datePublished\":\"2022-02-07T10:48:46+00:00\",\"dateModified\":\"2022-02-07T15:13:56+00:00\",\"author\":{\"@id\":\"https:\\\/\\\/www.copealcoy.es\\\/es\\\/#\\\/schema\\\/person\\\/e777c87fa024e57d40170af9df39882c\"},\"breadcrumb\":{\"@id\":\"https:\\\/\\\/www.copealcoy.es\\\/es\\\/naix-el-consell-de-la-fira-de-sant-isidre\\\/#breadcrumb\"},\"inLanguage\":\"es\",\"potentialAction\":[{\"@type\":\"ReadAction\",\"target\":[\"https:\\\/\\\/www.copealcoy.es\\\/es\\\/naix-el-consell-de-la-fira-de-sant-isidre\\\/\"]}]},{\"@type\":\"ImageObject\",\"inLanguage\":\"es\",\"@id\":\"https:\\\/\\\/www.copealcoy.es\\\/es\\\/naix-el-consell-de-la-fira-de-sant-isidre\\\/#primaryimage\",\"url\":\"https:\\\/\\\/www.copealcoy.es\\\/wp-content\\\/uploads\\\/2018\\\/05\\\/castalla3.jpg\",\"contentUrl\":\"https:\\\/\\\/www.copealcoy.es\\\/wp-content\\\/uploads\\\/2018\\\/05\\\/castalla3.jpg\",\"width\":1600,\"height\":1103},{\"@type\":\"BreadcrumbList\",\"@id\":\"https:\\\/\\\/www.copealcoy.es\\\/es\\\/naix-el-consell-de-la-fira-de-sant-isidre\\\/#breadcrumb\",\"itemListElement\":[{\"@type\":\"ListItem\",\"position\":1,\"name\":\"Portada\",\"item\":\"https:\\\/\\\/www.copealcoy.es\\\/es\\\/\"},{\"@type\":\"ListItem\",\"position\":2,\"name\":\"Naix el Consell de la Fira de Sant Isidre\"}]},{\"@type\":\"WebSite\",\"@id\":\"https:\\\/\\\/www.copealcoy.es\\\/es\\\/#website\",\"url\":\"https:\\\/\\\/www.copealcoy.es\\\/es\\\/\",\"name\":\"COPE Alcoy\",\"description\":\"Emisora COPE de radio local con emisi\u00f3n online. Pont de Sant Jordi 8-10 03803 Alcoy\",\"potentialAction\":[{\"@type\":\"SearchAction\",\"target\":{\"@type\":\"EntryPoint\",\"urlTemplate\":\"https:\\\/\\\/www.copealcoy.es\\\/es\\\/?s={search_term_string}\"},\"query-input\":{\"@type\":\"PropertyValueSpecification\",\"valueRequired\":true,\"valueName\":\"search_term_string\"}}],\"inLanguage\":\"es\"},{\"@type\":\"Person\",\"@id\":\"https:\\\/\\\/www.copealcoy.es\\\/es\\\/#\\\/schema\\\/person\\\/e777c87fa024e57d40170af9df39882c\",\"name\":\"Cope Alcoy\",\"image\":{\"@type\":\"ImageObject\",\"inLanguage\":\"es\",\"@id\":\"https:\\\/\\\/secure.gravatar.com\\\/avatar\\\/bb65d0283347e303893ba14f0692005417c1e0e690a325a4c5d8bb2b3943ee14?s=96&d=mm&r=g\",\"url\":\"https:\\\/\\\/secure.gravatar.com\\\/avatar\\\/bb65d0283347e303893ba14f0692005417c1e0e690a325a4c5d8bb2b3943ee14?s=96&d=mm&r=g\",\"contentUrl\":\"https:\\\/\\\/secure.gravatar.com\\\/avatar\\\/bb65d0283347e303893ba14f0692005417c1e0e690a325a4c5d8bb2b3943ee14?s=96&d=mm&r=g\",\"caption\":\"Cope Alcoy\"}}]}<\/script>\n<!-- \/ Yoast SEO plugin. -->","yoast_head_json":{"title":"Naix el Consell de la Fira de Sant Isidre - COPE Alcoy","robots":{"index":"index","follow":"follow","max-snippet":"max-snippet:-1","max-image-preview":"max-image-preview:large","max-video-preview":"max-video-preview:-1"},"canonical":"https:\/\/www.copealcoy.es\/es\/naix-el-consell-de-la-fira-de-sant-isidre\/","og_locale":"es_ES","og_type":"article","og_title":"Naix el Consell de la Fira de Sant Isidre - COPE Alcoy","og_description":"L&#8217;Ajuntament de Castalla ha presentat el Consell de la Fira de Sant Isidre, un organisme que a partir d&#8217;ara regular\u00e0...","og_url":"https:\/\/www.copealcoy.es\/es\/naix-el-consell-de-la-fira-de-sant-isidre\/","og_site_name":"COPE Alcoy","article_published_time":"2022-02-07T10:48:46+00:00","article_modified_time":"2022-02-07T15:13:56+00:00","og_image":[{"width":1600,"height":1103,"url":"https:\/\/www.copealcoy.es\/wp-content\/uploads\/2018\/05\/castalla3.jpg","type":"image\/jpeg"}],"author":"Cope Alcoy","twitter_misc":{"Escrito por":"Cope Alcoy","Tiempo de lectura":"1 minuto"},"schema":{"@context":"https:\/\/schema.org","@graph":[{"@type":"Article","@id":"https:\/\/www.copealcoy.es\/es\/naix-el-consell-de-la-fira-de-sant-isidre\/#article","isPartOf":{"@id":"https:\/\/www.copealcoy.es\/es\/naix-el-consell-de-la-fira-de-sant-isidre\/"},"author":{"name":"Cope Alcoy","@id":"https:\/\/www.copealcoy.es\/es\/#\/schema\/person\/e777c87fa024e57d40170af9df39882c"},"headline":"Naix el Consell de la Fira de Sant Isidre","datePublished":"2022-02-07T10:48:46+00:00","dateModified":"2022-02-07T15:13:56+00:00","mainEntityOfPage":{"@id":"https:\/\/www.copealcoy.es\/es\/naix-el-consell-de-la-fira-de-sant-isidre\/"},"wordCount":186,"commentCount":0,"image":{"@id":"https:\/\/www.copealcoy.es\/es\/naix-el-consell-de-la-fira-de-sant-isidre\/#primaryimage"},"thumbnailUrl":"https:\/\/www.copealcoy.es\/wp-content\/uploads\/2018\/05\/castalla3.jpg","keywords":["Castalla","Consell","Fira","Sant Isidre"],"articleSection":["Comarcas","Noticias"],"inLanguage":"es"},{"@type":"WebPage","@id":"https:\/\/www.copealcoy.es\/es\/naix-el-consell-de-la-fira-de-sant-isidre\/","url":"https:\/\/www.copealcoy.es\/es\/naix-el-consell-de-la-fira-de-sant-isidre\/","name":"Naix el Consell de la Fira de Sant Isidre - COPE Alcoy","isPartOf":{"@id":"https:\/\/www.copealcoy.es\/es\/#website"},"primaryImageOfPage":{"@id":"https:\/\/www.copealcoy.es\/es\/naix-el-consell-de-la-fira-de-sant-isidre\/#primaryimage"},"image":{"@id":"https:\/\/www.copealcoy.es\/es\/naix-el-consell-de-la-fira-de-sant-isidre\/#primaryimage"},"thumbnailUrl":"https:\/\/www.copealcoy.es\/wp-content\/uploads\/2018\/05\/castalla3.jpg","datePublished":"2022-02-07T10:48:46+00:00","dateModified":"2022-02-07T15:13:56+00:00","author":{"@id":"https:\/\/www.copealcoy.es\/es\/#\/schema\/person\/e777c87fa024e57d40170af9df39882c"},"breadcrumb":{"@id":"https:\/\/www.copealcoy.es\/es\/naix-el-consell-de-la-fira-de-sant-isidre\/#breadcrumb"},"inLanguage":"es","potentialAction":[{"@type":"ReadAction","target":["https:\/\/www.copealcoy.es\/es\/naix-el-consell-de-la-fira-de-sant-isidre\/"]}]},{"@type":"ImageObject","inLanguage":"es","@id":"https:\/\/www.copealcoy.es\/es\/naix-el-consell-de-la-fira-de-sant-isidre\/#primaryimage","url":"https:\/\/www.copealcoy.es\/wp-content\/uploads\/2018\/05\/castalla3.jpg","contentUrl":"https:\/\/www.copealcoy.es\/wp-content\/uploads\/2018\/05\/castalla3.jpg","width":1600,"height":1103},{"@type":"BreadcrumbList","@id":"https:\/\/www.copealcoy.es\/es\/naix-el-consell-de-la-fira-de-sant-isidre\/#breadcrumb","itemListElement":[{"@type":"ListItem","position":1,"name":"Portada","item":"https:\/\/www.copealcoy.es\/es\/"},{"@type":"ListItem","position":2,"name":"Naix el Consell de la Fira de Sant Isidre"}]},{"@type":"WebSite","@id":"https:\/\/www.copealcoy.es\/es\/#website","url":"https:\/\/www.copealcoy.es\/es\/","name":"COPE Alcoy","description":"Emisora COPE de radio local con emisi\u00f3n online. Pont de Sant Jordi 8-10 03803 Alcoy","potentialAction":[{"@type":"SearchAction","target":{"@type":"EntryPoint","urlTemplate":"https:\/\/www.copealcoy.es\/es\/?s={search_term_string}"},"query-input":{"@type":"PropertyValueSpecification","valueRequired":true,"valueName":"search_term_string"}}],"inLanguage":"es"},{"@type":"Person","@id":"https:\/\/www.copealcoy.es\/es\/#\/schema\/person\/e777c87fa024e57d40170af9df39882c","name":"Cope Alcoy","image":{"@type":"ImageObject","inLanguage":"es","@id":"https:\/\/secure.gravatar.com\/avatar\/bb65d0283347e303893ba14f0692005417c1e0e690a325a4c5d8bb2b3943ee14?s=96&d=mm&r=g","url":"https:\/\/secure.gravatar.com\/avatar\/bb65d0283347e303893ba14f0692005417c1e0e690a325a4c5d8bb2b3943ee14?s=96&d=mm&r=g","contentUrl":"https:\/\/secure.gravatar.com\/avatar\/bb65d0283347e303893ba14f0692005417c1e0e690a325a4c5d8bb2b3943ee14?s=96&d=mm&r=g","caption":"Cope Alcoy"}}]}},"_links":{"self":[{"href":"https:\/\/www.copealcoy.es\/es\/wp-json\/wp\/v2\/posts\/83532","targetHints":{"allow":["GET"]}}],"collection":[{"href":"https:\/\/www.copealcoy.es\/es\/wp-json\/wp\/v2\/posts"}],"about":[{"href":"https:\/\/www.copealcoy.es\/es\/wp-json\/wp\/v2\/types\/post"}],"author":[{"embeddable":true,"href":"https:\/\/www.copealcoy.es\/es\/wp-json\/wp\/v2\/users\/1"}],"replies":[{"embeddable":true,"href":"https:\/\/www.copealcoy.es\/es\/wp-json\/wp\/v2\/comments?post=83532"}],"version-history":[{"count":0,"href":"https:\/\/www.copealcoy.es\/es\/wp-json\/wp\/v2\/posts\/83532\/revisions"}],"wp:featuredmedia":[{"embeddable":true,"href":"https:\/\/www.copealcoy.es\/es\/wp-json\/wp\/v2\/media\/42046"}],"wp:attachment":[{"href":"https:\/\/www.copealcoy.es\/es\/wp-json\/wp\/v2\/media?parent=83532"}],"wp:term":[{"taxonomy":"category","embeddable":true,"href":"https:\/\/www.copealcoy.es\/es\/wp-json\/wp\/v2\/categories?post=83532"},{"taxonomy":"post_tag","embeddable":true,"href":"https:\/\/www.copealcoy.es\/es\/wp-json\/wp\/v2\/tags?post=83532"}],"curies":[{"name":"wp","href":"https:\/\/api.w.org\/{rel}","templated":true}]}}