{"id":83522,"date":"2022-02-07T08:58:45","date_gmt":"2022-02-07T07:58:45","guid":{"rendered":"https:\/\/www.copealcoy.es\/?p=83522"},"modified":"2022-02-07T08:58:45","modified_gmt":"2022-02-07T07:58:45","slug":"cuando-nos-podremos-quitar-la-mascarilla","status":"publish","type":"post","link":"https:\/\/www.copealcoy.es\/es\/cuando-nos-podremos-quitar-la-mascarilla\/","title":{"rendered":"\u00bfCu\u00e1ndo nos podremos quitar la mascarilla?"},"content":{"rendered":"<p style=\"text-align: justify;\">El cansancio pand\u00e9mico se nota, pero los vaivenes del Gobierno de Pedro S\u00e1ncez con la regulaci\u00f3n de las mascarillas <strong>tampoco ayuda a sobrellevar las restriccione<\/strong>s, el auge de contagios y la pandemia que parece nunca llega a su fin.<\/p>\n<p style=\"text-align: justify;\">Hace unos d\u00edas<strong> el Congreso ratificaba la pr\u00f3rroga para seguir llevando la mascarilla en exteriores. <\/strong>La Ministra de Sanidad, <strong>Carolina Darias, visitaba Valencia e insist\u00eda en que los datos confirmaban que se pod\u00edan relajar las restricciones pero no daba ninguna fecha.<\/strong>\u00a0El viernes <strong>el ejecutivo anunciaba<\/strong> que ser\u00e1 esta semana cuando el Consejo de Ministros elimine <strong>la obligatoriedad<\/strong> del uso de las mascarillas en exteriores.<\/p>\n<p style=\"text-align: justify;\">Aqu\u00ed l<strong>a Generalitat Valenciana insiste que es un <\/strong><em>&#8220;s\u00edmbolo&#8221;<\/em><strong> que nos hace recordar que seguimos en pandemia y que nos protege de contagios<\/strong>, por lo que siempre ha defendido su uso cuando no se pueda mantener la distancia de seguridad.<\/p>\n<p style=\"text-align: justify;\">En este sentido<strong>\u00a0el President de la Generalitat Ximo Puig insist\u00eda en el argumento y aseguraba que sea obligatoria o no, el Gobierno valenciano siempre recomendar\u00e1 su uso en situaciones de aglomeraciones o donde no se pueda garantizar la distancia.\u00a0<\/strong>Adem\u00e1s recordaba que en exteriores, <strong>cuando se est\u00e1 mucho tiempo con la misma gente<\/strong>, se convierte en un elemento clave de protecci\u00f3n, en alusi\u00f3n a estar en terrazas de bares o restaurantes sin ella demasiadas horas.<\/p>\n<p style=\"text-align: justify;\">Al respecto el jefe del Consell explicaba que <em>&#8220;la obligatoriedad no puede ser exactamente igual como en otros momentos cuando la pandemia ten\u00eda mayor virulencia&#8221;<\/em>. Eso s\u00ed,<em>&#8220;el que no sea obligatoria no quiere decir que no sea prudente, pero cada uno podr\u00e1 tomar su decisi\u00f3n&#8221;,<\/em>\u00a0a\u00f1ad\u00eda.<\/p>\n<p style=\"text-align: justify;\">Por tanto, pese al anuncio del <strong>Gobierno Central<\/strong> de retirar la obligatoriedad en espacios al aire libre, los valencianos no nos libraremos tan pronto de ella, al menos en determinados ambientes.La<strong> nueva regulaci\u00f3n del Gobierno central hace que la Generalitat valenciana no pueda imponer la medida pero s\u00ed como ha hecho hasta ahora recomendar su uso<\/strong>.<\/p>\n","protected":false},"excerpt":{"rendered":"<p>El cansancio pand\u00e9mico se nota, pero los vaivenes del Gobierno de Pedro S\u00e1ncez con la regulaci\u00f3n de las mascarillas tampoco&#8230;<\/p>\n","protected":false},"author":1,"featured_media":61289,"comment_status":"open","ping_status":"open","sticky":false,"template":"","format":"standard","meta":{"footnotes":""},"categories":[97,75,79],"tags":[1768,7281,7341,7477,3865],"class_list":["post-83522","post","type-post","status-publish","format-standard","has-post-thumbnail","hentry","category-alcoy","category-noticias","category-politicayeconomia","tag-comunitat-valenciana","tag-coronavirus","tag-mascarillas","tag-pandemia","tag-uso"],"yoast_head":"<!-- This site is optimized with the Yoast SEO plugin v27.3 - https:\/\/yoast.com\/product\/yoast-seo-wordpress\/ -->\n<title>\u00bfCu\u00e1ndo nos podremos quitar la mascarilla? - COPE Alcoy<\/title>\n<meta name=\"robots\" content=\"index, follow, max-snippet:-1, max-image-preview:large, max-video-preview:-1\" \/>\n<link rel=\"canonical\" href=\"https:\/\/www.copealcoy.es\/es\/cuando-nos-podremos-quitar-la-mascarilla\/\" \/>\n<meta property=\"og:locale\" content=\"es_ES\" \/>\n<meta property=\"og:type\" content=\"article\" \/>\n<meta property=\"og:title\" content=\"\u00bfCu\u00e1ndo nos podremos quitar la mascarilla? - COPE Alcoy\" \/>\n<meta property=\"og:description\" content=\"El cansancio pand\u00e9mico se nota, pero los vaivenes del Gobierno de Pedro S\u00e1ncez con la regulaci\u00f3n de las mascarillas tampoco...\" \/>\n<meta property=\"og:url\" content=\"https:\/\/www.copealcoy.es\/es\/cuando-nos-podremos-quitar-la-mascarilla\/\" \/>\n<meta property=\"og:site_name\" content=\"COPE Alcoy\" \/>\n<meta property=\"article:published_time\" content=\"2022-02-07T07:58:45+00:00\" \/>\n<meta property=\"og:image\" content=\"https:\/\/www.copealcoy.es\/wp-content\/uploads\/2020\/03\/mascarillas-1.jpg\" \/>\n\t<meta property=\"og:image:width\" content=\"690\" \/>\n\t<meta property=\"og:image:height\" content=\"309\" \/>\n\t<meta property=\"og:image:type\" content=\"image\/jpeg\" \/>\n<meta name=\"author\" content=\"Cope Alcoy\" \/>\n<meta name=\"twitter:label1\" content=\"Escrito por\" \/>\n\t<meta name=\"twitter:data1\" content=\"Cope Alcoy\" \/>\n\t<meta name=\"twitter:label2\" content=\"Tiempo de lectura\" \/>\n\t<meta name=\"twitter:data2\" content=\"2 minutos\" \/>\n<script type=\"application\/ld+json\" class=\"yoast-schema-graph\">{\"@context\":\"https:\\\/\\\/schema.org\",\"@graph\":[{\"@type\":\"Article\",\"@id\":\"https:\\\/\\\/www.copealcoy.es\\\/es\\\/cuando-nos-podremos-quitar-la-mascarilla\\\/#article\",\"isPartOf\":{\"@id\":\"https:\\\/\\\/www.copealcoy.es\\\/es\\\/cuando-nos-podremos-quitar-la-mascarilla\\\/\"},\"author\":{\"name\":\"Cope Alcoy\",\"@id\":\"https:\\\/\\\/www.copealcoy.es\\\/es\\\/#\\\/schema\\\/person\\\/e777c87fa024e57d40170af9df39882c\"},\"headline\":\"\u00bfCu\u00e1ndo nos podremos quitar la mascarilla?\",\"datePublished\":\"2022-02-07T07:58:45+00:00\",\"mainEntityOfPage\":{\"@id\":\"https:\\\/\\\/www.copealcoy.es\\\/es\\\/cuando-nos-podremos-quitar-la-mascarilla\\\/\"},\"wordCount\":348,\"commentCount\":0,\"image\":{\"@id\":\"https:\\\/\\\/www.copealcoy.es\\\/es\\\/cuando-nos-podremos-quitar-la-mascarilla\\\/#primaryimage\"},\"thumbnailUrl\":\"https:\\\/\\\/www.copealcoy.es\\\/wp-content\\\/uploads\\\/2020\\\/03\\\/mascarillas-1.jpg\",\"keywords\":[\"Comunitat Valenciana\",\"Coronavirus\",\"mascarillas\",\"pandemia\",\"uso\"],\"articleSection\":[\"Alcoy\",\"Noticias\",\"Pol\u00edtica y Econom\u00eda\"],\"inLanguage\":\"es\"},{\"@type\":\"WebPage\",\"@id\":\"https:\\\/\\\/www.copealcoy.es\\\/es\\\/cuando-nos-podremos-quitar-la-mascarilla\\\/\",\"url\":\"https:\\\/\\\/www.copealcoy.es\\\/es\\\/cuando-nos-podremos-quitar-la-mascarilla\\\/\",\"name\":\"\u00bfCu\u00e1ndo nos podremos quitar la mascarilla? - COPE Alcoy\",\"isPartOf\":{\"@id\":\"https:\\\/\\\/www.copealcoy.es\\\/es\\\/#website\"},\"primaryImageOfPage\":{\"@id\":\"https:\\\/\\\/www.copealcoy.es\\\/es\\\/cuando-nos-podremos-quitar-la-mascarilla\\\/#primaryimage\"},\"image\":{\"@id\":\"https:\\\/\\\/www.copealcoy.es\\\/es\\\/cuando-nos-podremos-quitar-la-mascarilla\\\/#primaryimage\"},\"thumbnailUrl\":\"https:\\\/\\\/www.copealcoy.es\\\/wp-content\\\/uploads\\\/2020\\\/03\\\/mascarillas-1.jpg\",\"datePublished\":\"2022-02-07T07:58:45+00:00\",\"author\":{\"@id\":\"https:\\\/\\\/www.copealcoy.es\\\/es\\\/#\\\/schema\\\/person\\\/e777c87fa024e57d40170af9df39882c\"},\"breadcrumb\":{\"@id\":\"https:\\\/\\\/www.copealcoy.es\\\/es\\\/cuando-nos-podremos-quitar-la-mascarilla\\\/#breadcrumb\"},\"inLanguage\":\"es\",\"potentialAction\":[{\"@type\":\"ReadAction\",\"target\":[\"https:\\\/\\\/www.copealcoy.es\\\/es\\\/cuando-nos-podremos-quitar-la-mascarilla\\\/\"]}]},{\"@type\":\"ImageObject\",\"inLanguage\":\"es\",\"@id\":\"https:\\\/\\\/www.copealcoy.es\\\/es\\\/cuando-nos-podremos-quitar-la-mascarilla\\\/#primaryimage\",\"url\":\"https:\\\/\\\/www.copealcoy.es\\\/wp-content\\\/uploads\\\/2020\\\/03\\\/mascarillas-1.jpg\",\"contentUrl\":\"https:\\\/\\\/www.copealcoy.es\\\/wp-content\\\/uploads\\\/2020\\\/03\\\/mascarillas-1.jpg\",\"width\":690,\"height\":309},{\"@type\":\"BreadcrumbList\",\"@id\":\"https:\\\/\\\/www.copealcoy.es\\\/es\\\/cuando-nos-podremos-quitar-la-mascarilla\\\/#breadcrumb\",\"itemListElement\":[{\"@type\":\"ListItem\",\"position\":1,\"name\":\"Portada\",\"item\":\"https:\\\/\\\/www.copealcoy.es\\\/es\\\/\"},{\"@type\":\"ListItem\",\"position\":2,\"name\":\"\u00bfCu\u00e1ndo nos podremos quitar la mascarilla?\"}]},{\"@type\":\"WebSite\",\"@id\":\"https:\\\/\\\/www.copealcoy.es\\\/es\\\/#website\",\"url\":\"https:\\\/\\\/www.copealcoy.es\\\/es\\\/\",\"name\":\"COPE Alcoy\",\"description\":\"Emisora COPE de radio local con emisi\u00f3n online. Pont de Sant Jordi 8-10 03803 Alcoy\",\"potentialAction\":[{\"@type\":\"SearchAction\",\"target\":{\"@type\":\"EntryPoint\",\"urlTemplate\":\"https:\\\/\\\/www.copealcoy.es\\\/es\\\/?s={search_term_string}\"},\"query-input\":{\"@type\":\"PropertyValueSpecification\",\"valueRequired\":true,\"valueName\":\"search_term_string\"}}],\"inLanguage\":\"es\"},{\"@type\":\"Person\",\"@id\":\"https:\\\/\\\/www.copealcoy.es\\\/es\\\/#\\\/schema\\\/person\\\/e777c87fa024e57d40170af9df39882c\",\"name\":\"Cope Alcoy\",\"image\":{\"@type\":\"ImageObject\",\"inLanguage\":\"es\",\"@id\":\"https:\\\/\\\/secure.gravatar.com\\\/avatar\\\/bb65d0283347e303893ba14f0692005417c1e0e690a325a4c5d8bb2b3943ee14?s=96&d=mm&r=g\",\"url\":\"https:\\\/\\\/secure.gravatar.com\\\/avatar\\\/bb65d0283347e303893ba14f0692005417c1e0e690a325a4c5d8bb2b3943ee14?s=96&d=mm&r=g\",\"contentUrl\":\"https:\\\/\\\/secure.gravatar.com\\\/avatar\\\/bb65d0283347e303893ba14f0692005417c1e0e690a325a4c5d8bb2b3943ee14?s=96&d=mm&r=g\",\"caption\":\"Cope Alcoy\"}}]}<\/script>\n<!-- \/ Yoast SEO plugin. -->","yoast_head_json":{"title":"\u00bfCu\u00e1ndo nos podremos quitar la mascarilla? - COPE Alcoy","robots":{"index":"index","follow":"follow","max-snippet":"max-snippet:-1","max-image-preview":"max-image-preview:large","max-video-preview":"max-video-preview:-1"},"canonical":"https:\/\/www.copealcoy.es\/es\/cuando-nos-podremos-quitar-la-mascarilla\/","og_locale":"es_ES","og_type":"article","og_title":"\u00bfCu\u00e1ndo nos podremos quitar la mascarilla? - COPE Alcoy","og_description":"El cansancio pand\u00e9mico se nota, pero los vaivenes del Gobierno de Pedro S\u00e1ncez con la regulaci\u00f3n de las mascarillas tampoco...","og_url":"https:\/\/www.copealcoy.es\/es\/cuando-nos-podremos-quitar-la-mascarilla\/","og_site_name":"COPE Alcoy","article_published_time":"2022-02-07T07:58:45+00:00","og_image":[{"width":690,"height":309,"url":"https:\/\/www.copealcoy.es\/wp-content\/uploads\/2020\/03\/mascarillas-1.jpg","type":"image\/jpeg"}],"author":"Cope Alcoy","twitter_misc":{"Escrito por":"Cope Alcoy","Tiempo de lectura":"2 minutos"},"schema":{"@context":"https:\/\/schema.org","@graph":[{"@type":"Article","@id":"https:\/\/www.copealcoy.es\/es\/cuando-nos-podremos-quitar-la-mascarilla\/#article","isPartOf":{"@id":"https:\/\/www.copealcoy.es\/es\/cuando-nos-podremos-quitar-la-mascarilla\/"},"author":{"name":"Cope Alcoy","@id":"https:\/\/www.copealcoy.es\/es\/#\/schema\/person\/e777c87fa024e57d40170af9df39882c"},"headline":"\u00bfCu\u00e1ndo nos podremos quitar la mascarilla?","datePublished":"2022-02-07T07:58:45+00:00","mainEntityOfPage":{"@id":"https:\/\/www.copealcoy.es\/es\/cuando-nos-podremos-quitar-la-mascarilla\/"},"wordCount":348,"commentCount":0,"image":{"@id":"https:\/\/www.copealcoy.es\/es\/cuando-nos-podremos-quitar-la-mascarilla\/#primaryimage"},"thumbnailUrl":"https:\/\/www.copealcoy.es\/wp-content\/uploads\/2020\/03\/mascarillas-1.jpg","keywords":["Comunitat Valenciana","Coronavirus","mascarillas","pandemia","uso"],"articleSection":["Alcoy","Noticias","Pol\u00edtica y Econom\u00eda"],"inLanguage":"es"},{"@type":"WebPage","@id":"https:\/\/www.copealcoy.es\/es\/cuando-nos-podremos-quitar-la-mascarilla\/","url":"https:\/\/www.copealcoy.es\/es\/cuando-nos-podremos-quitar-la-mascarilla\/","name":"\u00bfCu\u00e1ndo nos podremos quitar la mascarilla? - COPE Alcoy","isPartOf":{"@id":"https:\/\/www.copealcoy.es\/es\/#website"},"primaryImageOfPage":{"@id":"https:\/\/www.copealcoy.es\/es\/cuando-nos-podremos-quitar-la-mascarilla\/#primaryimage"},"image":{"@id":"https:\/\/www.copealcoy.es\/es\/cuando-nos-podremos-quitar-la-mascarilla\/#primaryimage"},"thumbnailUrl":"https:\/\/www.copealcoy.es\/wp-content\/uploads\/2020\/03\/mascarillas-1.jpg","datePublished":"2022-02-07T07:58:45+00:00","author":{"@id":"https:\/\/www.copealcoy.es\/es\/#\/schema\/person\/e777c87fa024e57d40170af9df39882c"},"breadcrumb":{"@id":"https:\/\/www.copealcoy.es\/es\/cuando-nos-podremos-quitar-la-mascarilla\/#breadcrumb"},"inLanguage":"es","potentialAction":[{"@type":"ReadAction","target":["https:\/\/www.copealcoy.es\/es\/cuando-nos-podremos-quitar-la-mascarilla\/"]}]},{"@type":"ImageObject","inLanguage":"es","@id":"https:\/\/www.copealcoy.es\/es\/cuando-nos-podremos-quitar-la-mascarilla\/#primaryimage","url":"https:\/\/www.copealcoy.es\/wp-content\/uploads\/2020\/03\/mascarillas-1.jpg","contentUrl":"https:\/\/www.copealcoy.es\/wp-content\/uploads\/2020\/03\/mascarillas-1.jpg","width":690,"height":309},{"@type":"BreadcrumbList","@id":"https:\/\/www.copealcoy.es\/es\/cuando-nos-podremos-quitar-la-mascarilla\/#breadcrumb","itemListElement":[{"@type":"ListItem","position":1,"name":"Portada","item":"https:\/\/www.copealcoy.es\/es\/"},{"@type":"ListItem","position":2,"name":"\u00bfCu\u00e1ndo nos podremos quitar la mascarilla?"}]},{"@type":"WebSite","@id":"https:\/\/www.copealcoy.es\/es\/#website","url":"https:\/\/www.copealcoy.es\/es\/","name":"COPE Alcoy","description":"Emisora COPE de radio local con emisi\u00f3n online. Pont de Sant Jordi 8-10 03803 Alcoy","potentialAction":[{"@type":"SearchAction","target":{"@type":"EntryPoint","urlTemplate":"https:\/\/www.copealcoy.es\/es\/?s={search_term_string}"},"query-input":{"@type":"PropertyValueSpecification","valueRequired":true,"valueName":"search_term_string"}}],"inLanguage":"es"},{"@type":"Person","@id":"https:\/\/www.copealcoy.es\/es\/#\/schema\/person\/e777c87fa024e57d40170af9df39882c","name":"Cope Alcoy","image":{"@type":"ImageObject","inLanguage":"es","@id":"https:\/\/secure.gravatar.com\/avatar\/bb65d0283347e303893ba14f0692005417c1e0e690a325a4c5d8bb2b3943ee14?s=96&d=mm&r=g","url":"https:\/\/secure.gravatar.com\/avatar\/bb65d0283347e303893ba14f0692005417c1e0e690a325a4c5d8bb2b3943ee14?s=96&d=mm&r=g","contentUrl":"https:\/\/secure.gravatar.com\/avatar\/bb65d0283347e303893ba14f0692005417c1e0e690a325a4c5d8bb2b3943ee14?s=96&d=mm&r=g","caption":"Cope Alcoy"}}]}},"_links":{"self":[{"href":"https:\/\/www.copealcoy.es\/es\/wp-json\/wp\/v2\/posts\/83522","targetHints":{"allow":["GET"]}}],"collection":[{"href":"https:\/\/www.copealcoy.es\/es\/wp-json\/wp\/v2\/posts"}],"about":[{"href":"https:\/\/www.copealcoy.es\/es\/wp-json\/wp\/v2\/types\/post"}],"author":[{"embeddable":true,"href":"https:\/\/www.copealcoy.es\/es\/wp-json\/wp\/v2\/users\/1"}],"replies":[{"embeddable":true,"href":"https:\/\/www.copealcoy.es\/es\/wp-json\/wp\/v2\/comments?post=83522"}],"version-history":[{"count":0,"href":"https:\/\/www.copealcoy.es\/es\/wp-json\/wp\/v2\/posts\/83522\/revisions"}],"wp:featuredmedia":[{"embeddable":true,"href":"https:\/\/www.copealcoy.es\/es\/wp-json\/wp\/v2\/media\/61289"}],"wp:attachment":[{"href":"https:\/\/www.copealcoy.es\/es\/wp-json\/wp\/v2\/media?parent=83522"}],"wp:term":[{"taxonomy":"category","embeddable":true,"href":"https:\/\/www.copealcoy.es\/es\/wp-json\/wp\/v2\/categories?post=83522"},{"taxonomy":"post_tag","embeddable":true,"href":"https:\/\/www.copealcoy.es\/es\/wp-json\/wp\/v2\/tags?post=83522"}],"curies":[{"name":"wp","href":"https:\/\/api.w.org\/{rel}","templated":true}]}}