{"id":83471,"date":"2022-02-04T17:50:05","date_gmt":"2022-02-04T16:50:05","guid":{"rendered":"https:\/\/www.copealcoy.es\/?p=83471"},"modified":"2022-02-06T18:08:31","modified_gmt":"2022-02-06T17:08:31","slug":"el-palau-comtal-ya-tiene-plan-director","status":"publish","type":"post","link":"https:\/\/www.copealcoy.es\/es\/el-palau-comtal-ya-tiene-plan-director\/","title":{"rendered":"El Palau Comtal ya tiene Plan Director"},"content":{"rendered":"<p style=\"text-align: justify;\">La <strong>Diputaci\u00f3n Provincial de Alicante<\/strong> y el <strong>Ayuntamiento de Cocentaina<\/strong> han presentado este viernes el <strong>Plan Director del Palau Comtal<\/strong>. Se trata de un documento que<strong> se ha trabajado en los \u00faltimos a\u00f1os<\/strong> y que <strong>marcar\u00e1 los usos as\u00ed como las diferentes actuaciones<\/strong> que se puedan hacer en este hist\u00f3rico edificio contestano.<\/p>\n<p style=\"text-align: justify;\">El mencionado Plan <strong>comenz\u00f3 a gestarse en 2012<\/strong> cuando el Consistorio, a trav\u00e9s del Departamento Municipal de Patrimonio,<strong> recogi\u00f3 las propuestas de numerosas entidades locales<\/strong> en relaci\u00f3n a lo que se pod\u00eda hacer en cada una de las estancias del Palau. Ya en 2017 <strong>se busc\u00f3 la implicaci\u00f3n de la Diputaci\u00f3n<\/strong> y en 2018 <strong>se firm\u00f3 un convenio para que las administraciones local y provincial hicieran una aportaci\u00f3n a un proyecto<\/strong> que ha tenido un coste de 37.000 euros.<\/p>\n<p style=\"text-align: justify;\">El Plan Director <strong>prev\u00e9 una importante inversi\u00f3n a lo largo de dos d\u00e9cadas<\/strong>, fijada en 1&#8217;5 millones de euros en las fases iniciales, para <strong>mejorar la accesibilidad<\/strong> y crear las correspondientes <strong>v\u00edas de evacuaci\u00f3n de visitantes<\/strong>. Tambi\u00e9n se contempla <strong>reforzar las excavaciones arqueol\u00f3gicas<\/strong> con el fin de conseguir m\u00e1s detalles que arrojen luz sobre la historia del inmueble <em>&#8220;todo sin dejar de lado las intervenciones en el entorno para conectar el Palau con la poblaci\u00f3n<\/em>&#8220;, ha destacado <strong>Pepe Amor\u00f3s<\/strong> del Estudio ARN Arquitectos que se ha encargado de ejecutar. Por su parte <strong>la Diputaci\u00f3n de Alicante ha tendido la mano al mencionado Ayuntamiento<\/strong> de cara a la realizaci\u00f3n de las intervenciones contempladas en el Plan &#8220;<em>vamos a estar ah\u00ed para ofrecer recursos t\u00e9cnicos y econ\u00f3micos en las diferentes fases del proyecto<\/em>&#8220;, ha dicho el Diputado de Arquitectura; <strong>Jos\u00e9 Ram\u00f3n Gonz\u00e1lez de Z\u00e1rate<\/strong>. Finalmente la alcaldesa de Cocentaina <strong>se ha mostrado satisfecha ante el hecho de que el Plan Director sea ya una realidad<\/strong> tras muchos a\u00f1os de trabajo &#8220;<em>estamos ante un documento que marca el presente y futuro de nuestro querido Palau. Vamos a optar a Fondos Europeos para que se puedan iniciar cuanto antes las actuaciones m\u00e1s urgentes<\/em>&#8220;, ha manifestado.<\/p>\n<p style=\"text-align: justify;\">En la presentaci\u00f3n del Plan <strong>tambi\u00e9n han estado presentes<\/strong> el edil de Cultura del Ayuntamiento de Cocentaina (<strong>Iv\u00e1n Jover<\/strong>), representantes de la Diputaci\u00f3n de Alicante y la t\u00e9cnica de patrimonio (<strong>Elisa Dom\u00e9nech<\/strong>). Esta \u00faltima ha avanzado que no se dispon\u00eda de un estudio completo sobre el Palau desde la compra del mismo por el Ayuntamiento a finales de la d\u00e9cada de los sesenta.<\/p>\n","protected":false},"excerpt":{"rendered":"<p>La Diputaci\u00f3n Provincial de Alicante y el Ayuntamiento de Cocentaina han presentado este viernes el Plan Director del Palau Comtal&#8230;.<\/p>\n","protected":false},"author":1,"featured_media":83472,"comment_status":"open","ping_status":"open","sticky":false,"template":"","format":"standard","meta":{"footnotes":""},"categories":[98,75],"tags":[132,947,12396,782,9730,1370],"class_list":["post-83471","post","type-post","status-publish","format-standard","has-post-thumbnail","hentry","category-comarcas","category-noticias","tag-cocentaina","tag-diputacion-de-alicante","tag-documento","tag-palau-comtal","tag-pla-director","tag-presentacion"],"yoast_head":"<!-- This site is optimized with the Yoast SEO plugin v27.3 - https:\/\/yoast.com\/product\/yoast-seo-wordpress\/ -->\n<title>El Palau Comtal ya tiene Plan Director - COPE Alcoy<\/title>\n<meta name=\"robots\" content=\"index, follow, max-snippet:-1, max-image-preview:large, max-video-preview:-1\" \/>\n<link rel=\"canonical\" href=\"https:\/\/www.copealcoy.es\/es\/el-palau-comtal-ya-tiene-plan-director\/\" \/>\n<meta property=\"og:locale\" content=\"es_ES\" \/>\n<meta property=\"og:type\" content=\"article\" \/>\n<meta property=\"og:title\" content=\"El Palau Comtal ya tiene Plan Director - COPE Alcoy\" \/>\n<meta property=\"og:description\" content=\"La Diputaci\u00f3n Provincial de Alicante y el Ayuntamiento de Cocentaina han presentado este viernes el Plan Director del Palau Comtal....\" \/>\n<meta property=\"og:url\" content=\"https:\/\/www.copealcoy.es\/es\/el-palau-comtal-ya-tiene-plan-director\/\" \/>\n<meta property=\"og:site_name\" content=\"COPE Alcoy\" \/>\n<meta property=\"article:published_time\" content=\"2022-02-04T16:50:05+00:00\" \/>\n<meta property=\"article:modified_time\" content=\"2022-02-06T17:08:31+00:00\" \/>\n<meta property=\"og:image\" content=\"https:\/\/www.copealcoy.es\/wp-content\/uploads\/2022\/02\/unnamed-2-scaled-e1643993738823.jpg\" \/>\n\t<meta property=\"og:image:width\" content=\"640\" \/>\n\t<meta property=\"og:image:height\" content=\"437\" \/>\n\t<meta property=\"og:image:type\" content=\"image\/jpeg\" \/>\n<meta name=\"author\" content=\"Cope Alcoy\" \/>\n<meta name=\"twitter:label1\" content=\"Escrito por\" \/>\n\t<meta name=\"twitter:data1\" content=\"Cope Alcoy\" \/>\n\t<meta name=\"twitter:label2\" content=\"Tiempo de lectura\" \/>\n\t<meta name=\"twitter:data2\" content=\"2 minutos\" \/>\n<script type=\"application\/ld+json\" class=\"yoast-schema-graph\">{\"@context\":\"https:\\\/\\\/schema.org\",\"@graph\":[{\"@type\":\"Article\",\"@id\":\"https:\\\/\\\/www.copealcoy.es\\\/es\\\/el-palau-comtal-ya-tiene-plan-director\\\/#article\",\"isPartOf\":{\"@id\":\"https:\\\/\\\/www.copealcoy.es\\\/es\\\/el-palau-comtal-ya-tiene-plan-director\\\/\"},\"author\":{\"name\":\"Cope Alcoy\",\"@id\":\"https:\\\/\\\/www.copealcoy.es\\\/es\\\/#\\\/schema\\\/person\\\/e777c87fa024e57d40170af9df39882c\"},\"headline\":\"El Palau Comtal ya tiene Plan Director\",\"datePublished\":\"2022-02-04T16:50:05+00:00\",\"dateModified\":\"2022-02-06T17:08:31+00:00\",\"mainEntityOfPage\":{\"@id\":\"https:\\\/\\\/www.copealcoy.es\\\/es\\\/el-palau-comtal-ya-tiene-plan-director\\\/\"},\"wordCount\":432,\"commentCount\":0,\"image\":{\"@id\":\"https:\\\/\\\/www.copealcoy.es\\\/es\\\/el-palau-comtal-ya-tiene-plan-director\\\/#primaryimage\"},\"thumbnailUrl\":\"https:\\\/\\\/www.copealcoy.es\\\/wp-content\\\/uploads\\\/2022\\\/02\\\/unnamed-2-scaled-e1643993738823.jpg\",\"keywords\":[\"Cocentaina\",\"Diputaci\u00f3n de Alicante\",\"documento\",\"Palau Comtal\",\"Pla Director\",\"presentaci\u00f3n\"],\"articleSection\":[\"Comarcas\",\"Noticias\"],\"inLanguage\":\"es\"},{\"@type\":\"WebPage\",\"@id\":\"https:\\\/\\\/www.copealcoy.es\\\/es\\\/el-palau-comtal-ya-tiene-plan-director\\\/\",\"url\":\"https:\\\/\\\/www.copealcoy.es\\\/es\\\/el-palau-comtal-ya-tiene-plan-director\\\/\",\"name\":\"El Palau Comtal ya tiene Plan Director - COPE Alcoy\",\"isPartOf\":{\"@id\":\"https:\\\/\\\/www.copealcoy.es\\\/es\\\/#website\"},\"primaryImageOfPage\":{\"@id\":\"https:\\\/\\\/www.copealcoy.es\\\/es\\\/el-palau-comtal-ya-tiene-plan-director\\\/#primaryimage\"},\"image\":{\"@id\":\"https:\\\/\\\/www.copealcoy.es\\\/es\\\/el-palau-comtal-ya-tiene-plan-director\\\/#primaryimage\"},\"thumbnailUrl\":\"https:\\\/\\\/www.copealcoy.es\\\/wp-content\\\/uploads\\\/2022\\\/02\\\/unnamed-2-scaled-e1643993738823.jpg\",\"datePublished\":\"2022-02-04T16:50:05+00:00\",\"dateModified\":\"2022-02-06T17:08:31+00:00\",\"author\":{\"@id\":\"https:\\\/\\\/www.copealcoy.es\\\/es\\\/#\\\/schema\\\/person\\\/e777c87fa024e57d40170af9df39882c\"},\"breadcrumb\":{\"@id\":\"https:\\\/\\\/www.copealcoy.es\\\/es\\\/el-palau-comtal-ya-tiene-plan-director\\\/#breadcrumb\"},\"inLanguage\":\"es\",\"potentialAction\":[{\"@type\":\"ReadAction\",\"target\":[\"https:\\\/\\\/www.copealcoy.es\\\/es\\\/el-palau-comtal-ya-tiene-plan-director\\\/\"]}]},{\"@type\":\"ImageObject\",\"inLanguage\":\"es\",\"@id\":\"https:\\\/\\\/www.copealcoy.es\\\/es\\\/el-palau-comtal-ya-tiene-plan-director\\\/#primaryimage\",\"url\":\"https:\\\/\\\/www.copealcoy.es\\\/wp-content\\\/uploads\\\/2022\\\/02\\\/unnamed-2-scaled-e1643993738823.jpg\",\"contentUrl\":\"https:\\\/\\\/www.copealcoy.es\\\/wp-content\\\/uploads\\\/2022\\\/02\\\/unnamed-2-scaled-e1643993738823.jpg\",\"width\":640,\"height\":437},{\"@type\":\"BreadcrumbList\",\"@id\":\"https:\\\/\\\/www.copealcoy.es\\\/es\\\/el-palau-comtal-ya-tiene-plan-director\\\/#breadcrumb\",\"itemListElement\":[{\"@type\":\"ListItem\",\"position\":1,\"name\":\"Portada\",\"item\":\"https:\\\/\\\/www.copealcoy.es\\\/es\\\/\"},{\"@type\":\"ListItem\",\"position\":2,\"name\":\"El Palau Comtal ya tiene Plan Director\"}]},{\"@type\":\"WebSite\",\"@id\":\"https:\\\/\\\/www.copealcoy.es\\\/es\\\/#website\",\"url\":\"https:\\\/\\\/www.copealcoy.es\\\/es\\\/\",\"name\":\"COPE Alcoy\",\"description\":\"Emisora COPE de radio local con emisi\u00f3n online. Pont de Sant Jordi 8-10 03803 Alcoy\",\"potentialAction\":[{\"@type\":\"SearchAction\",\"target\":{\"@type\":\"EntryPoint\",\"urlTemplate\":\"https:\\\/\\\/www.copealcoy.es\\\/es\\\/?s={search_term_string}\"},\"query-input\":{\"@type\":\"PropertyValueSpecification\",\"valueRequired\":true,\"valueName\":\"search_term_string\"}}],\"inLanguage\":\"es\"},{\"@type\":\"Person\",\"@id\":\"https:\\\/\\\/www.copealcoy.es\\\/es\\\/#\\\/schema\\\/person\\\/e777c87fa024e57d40170af9df39882c\",\"name\":\"Cope Alcoy\",\"image\":{\"@type\":\"ImageObject\",\"inLanguage\":\"es\",\"@id\":\"https:\\\/\\\/secure.gravatar.com\\\/avatar\\\/bb65d0283347e303893ba14f0692005417c1e0e690a325a4c5d8bb2b3943ee14?s=96&d=mm&r=g\",\"url\":\"https:\\\/\\\/secure.gravatar.com\\\/avatar\\\/bb65d0283347e303893ba14f0692005417c1e0e690a325a4c5d8bb2b3943ee14?s=96&d=mm&r=g\",\"contentUrl\":\"https:\\\/\\\/secure.gravatar.com\\\/avatar\\\/bb65d0283347e303893ba14f0692005417c1e0e690a325a4c5d8bb2b3943ee14?s=96&d=mm&r=g\",\"caption\":\"Cope Alcoy\"}}]}<\/script>\n<!-- \/ Yoast SEO plugin. -->","yoast_head_json":{"title":"El Palau Comtal ya tiene Plan Director - COPE Alcoy","robots":{"index":"index","follow":"follow","max-snippet":"max-snippet:-1","max-image-preview":"max-image-preview:large","max-video-preview":"max-video-preview:-1"},"canonical":"https:\/\/www.copealcoy.es\/es\/el-palau-comtal-ya-tiene-plan-director\/","og_locale":"es_ES","og_type":"article","og_title":"El Palau Comtal ya tiene Plan Director - COPE Alcoy","og_description":"La Diputaci\u00f3n Provincial de Alicante y el Ayuntamiento de Cocentaina han presentado este viernes el Plan Director del Palau Comtal....","og_url":"https:\/\/www.copealcoy.es\/es\/el-palau-comtal-ya-tiene-plan-director\/","og_site_name":"COPE Alcoy","article_published_time":"2022-02-04T16:50:05+00:00","article_modified_time":"2022-02-06T17:08:31+00:00","og_image":[{"width":640,"height":437,"url":"https:\/\/www.copealcoy.es\/wp-content\/uploads\/2022\/02\/unnamed-2-scaled-e1643993738823.jpg","type":"image\/jpeg"}],"author":"Cope Alcoy","twitter_misc":{"Escrito por":"Cope Alcoy","Tiempo de lectura":"2 minutos"},"schema":{"@context":"https:\/\/schema.org","@graph":[{"@type":"Article","@id":"https:\/\/www.copealcoy.es\/es\/el-palau-comtal-ya-tiene-plan-director\/#article","isPartOf":{"@id":"https:\/\/www.copealcoy.es\/es\/el-palau-comtal-ya-tiene-plan-director\/"},"author":{"name":"Cope Alcoy","@id":"https:\/\/www.copealcoy.es\/es\/#\/schema\/person\/e777c87fa024e57d40170af9df39882c"},"headline":"El Palau Comtal ya tiene Plan Director","datePublished":"2022-02-04T16:50:05+00:00","dateModified":"2022-02-06T17:08:31+00:00","mainEntityOfPage":{"@id":"https:\/\/www.copealcoy.es\/es\/el-palau-comtal-ya-tiene-plan-director\/"},"wordCount":432,"commentCount":0,"image":{"@id":"https:\/\/www.copealcoy.es\/es\/el-palau-comtal-ya-tiene-plan-director\/#primaryimage"},"thumbnailUrl":"https:\/\/www.copealcoy.es\/wp-content\/uploads\/2022\/02\/unnamed-2-scaled-e1643993738823.jpg","keywords":["Cocentaina","Diputaci\u00f3n de Alicante","documento","Palau Comtal","Pla Director","presentaci\u00f3n"],"articleSection":["Comarcas","Noticias"],"inLanguage":"es"},{"@type":"WebPage","@id":"https:\/\/www.copealcoy.es\/es\/el-palau-comtal-ya-tiene-plan-director\/","url":"https:\/\/www.copealcoy.es\/es\/el-palau-comtal-ya-tiene-plan-director\/","name":"El Palau Comtal ya tiene Plan Director - COPE Alcoy","isPartOf":{"@id":"https:\/\/www.copealcoy.es\/es\/#website"},"primaryImageOfPage":{"@id":"https:\/\/www.copealcoy.es\/es\/el-palau-comtal-ya-tiene-plan-director\/#primaryimage"},"image":{"@id":"https:\/\/www.copealcoy.es\/es\/el-palau-comtal-ya-tiene-plan-director\/#primaryimage"},"thumbnailUrl":"https:\/\/www.copealcoy.es\/wp-content\/uploads\/2022\/02\/unnamed-2-scaled-e1643993738823.jpg","datePublished":"2022-02-04T16:50:05+00:00","dateModified":"2022-02-06T17:08:31+00:00","author":{"@id":"https:\/\/www.copealcoy.es\/es\/#\/schema\/person\/e777c87fa024e57d40170af9df39882c"},"breadcrumb":{"@id":"https:\/\/www.copealcoy.es\/es\/el-palau-comtal-ya-tiene-plan-director\/#breadcrumb"},"inLanguage":"es","potentialAction":[{"@type":"ReadAction","target":["https:\/\/www.copealcoy.es\/es\/el-palau-comtal-ya-tiene-plan-director\/"]}]},{"@type":"ImageObject","inLanguage":"es","@id":"https:\/\/www.copealcoy.es\/es\/el-palau-comtal-ya-tiene-plan-director\/#primaryimage","url":"https:\/\/www.copealcoy.es\/wp-content\/uploads\/2022\/02\/unnamed-2-scaled-e1643993738823.jpg","contentUrl":"https:\/\/www.copealcoy.es\/wp-content\/uploads\/2022\/02\/unnamed-2-scaled-e1643993738823.jpg","width":640,"height":437},{"@type":"BreadcrumbList","@id":"https:\/\/www.copealcoy.es\/es\/el-palau-comtal-ya-tiene-plan-director\/#breadcrumb","itemListElement":[{"@type":"ListItem","position":1,"name":"Portada","item":"https:\/\/www.copealcoy.es\/es\/"},{"@type":"ListItem","position":2,"name":"El Palau Comtal ya tiene Plan Director"}]},{"@type":"WebSite","@id":"https:\/\/www.copealcoy.es\/es\/#website","url":"https:\/\/www.copealcoy.es\/es\/","name":"COPE Alcoy","description":"Emisora COPE de radio local con emisi\u00f3n online. Pont de Sant Jordi 8-10 03803 Alcoy","potentialAction":[{"@type":"SearchAction","target":{"@type":"EntryPoint","urlTemplate":"https:\/\/www.copealcoy.es\/es\/?s={search_term_string}"},"query-input":{"@type":"PropertyValueSpecification","valueRequired":true,"valueName":"search_term_string"}}],"inLanguage":"es"},{"@type":"Person","@id":"https:\/\/www.copealcoy.es\/es\/#\/schema\/person\/e777c87fa024e57d40170af9df39882c","name":"Cope Alcoy","image":{"@type":"ImageObject","inLanguage":"es","@id":"https:\/\/secure.gravatar.com\/avatar\/bb65d0283347e303893ba14f0692005417c1e0e690a325a4c5d8bb2b3943ee14?s=96&d=mm&r=g","url":"https:\/\/secure.gravatar.com\/avatar\/bb65d0283347e303893ba14f0692005417c1e0e690a325a4c5d8bb2b3943ee14?s=96&d=mm&r=g","contentUrl":"https:\/\/secure.gravatar.com\/avatar\/bb65d0283347e303893ba14f0692005417c1e0e690a325a4c5d8bb2b3943ee14?s=96&d=mm&r=g","caption":"Cope Alcoy"}}]}},"_links":{"self":[{"href":"https:\/\/www.copealcoy.es\/es\/wp-json\/wp\/v2\/posts\/83471","targetHints":{"allow":["GET"]}}],"collection":[{"href":"https:\/\/www.copealcoy.es\/es\/wp-json\/wp\/v2\/posts"}],"about":[{"href":"https:\/\/www.copealcoy.es\/es\/wp-json\/wp\/v2\/types\/post"}],"author":[{"embeddable":true,"href":"https:\/\/www.copealcoy.es\/es\/wp-json\/wp\/v2\/users\/1"}],"replies":[{"embeddable":true,"href":"https:\/\/www.copealcoy.es\/es\/wp-json\/wp\/v2\/comments?post=83471"}],"version-history":[{"count":0,"href":"https:\/\/www.copealcoy.es\/es\/wp-json\/wp\/v2\/posts\/83471\/revisions"}],"wp:featuredmedia":[{"embeddable":true,"href":"https:\/\/www.copealcoy.es\/es\/wp-json\/wp\/v2\/media\/83472"}],"wp:attachment":[{"href":"https:\/\/www.copealcoy.es\/es\/wp-json\/wp\/v2\/media?parent=83471"}],"wp:term":[{"taxonomy":"category","embeddable":true,"href":"https:\/\/www.copealcoy.es\/es\/wp-json\/wp\/v2\/categories?post=83471"},{"taxonomy":"post_tag","embeddable":true,"href":"https:\/\/www.copealcoy.es\/es\/wp-json\/wp\/v2\/tags?post=83471"}],"curies":[{"name":"wp","href":"https:\/\/api.w.org\/{rel}","templated":true}]}}