{"id":83439,"date":"2022-02-04T12:55:49","date_gmt":"2022-02-04T11:55:49","guid":{"rendered":"https:\/\/www.copealcoy.es\/?p=83439"},"modified":"2022-02-04T13:02:24","modified_gmt":"2022-02-04T12:02:24","slug":"una-bona-oportunitat-per-al-teatre-amateur","status":"publish","type":"post","link":"https:\/\/www.copealcoy.es\/es\/una-bona-oportunitat-per-al-teatre-amateur\/","title":{"rendered":"Una bona oportunitat per al teatre amateur"},"content":{"rendered":"<p style=\"text-align: justify;\">Cocentaina estrena aquest cap de setmana <strong>l&#8217;edici\u00f3 2022 de la Mostra de Teatre Amateur<\/strong>, un esdeveniment que <strong>fa possible cada any el grup local Tel\u00f3 Teatre<\/strong> i que torna de nou <strong>als escenaris del Centre Cultural El Teular<\/strong> despr\u00e9s que en <strong>el passat hivern<\/strong> la pand\u00e8mia del Coronavirus ho impedira.<\/p>\n<p style=\"text-align: justify;\">En aquesta ocasi\u00f3 <strong>s&#8217;han previst tres propostes culturals<\/strong> i la primera d&#8217;elles <strong>tindr\u00e0 lloc aquest diumenge<\/strong> a partir de les 12:00h del migdia. Es tracta d&#8217;una representaci\u00f3 familiar <strong>titulada \u2018Cachivaches\u2019<\/strong>, que presentaran el grup <strong>Clowndestino Teatre<\/strong>, i a la qual es podr\u00e0 accedir amb entrada gratu\u00efta. Ja <strong>el 12 de febrer<\/strong> <strong>es representar\u00e0 l&#8217;obra \u2018La Tortuga de Darwin\u2019<\/strong>, sota la direcci\u00f3 d&#8217;Adolfo Mataix, i la mateixa la posaran en escena actors de la talla de Dolo Mart\u00ed, Enric Piera, \u00c0ngels Vicedo i Ximo Llorens. En aquest cas el muntatge donar\u00e0 inici a les 20:00h i tamb\u00e9 tindr\u00e0 entrada gratu\u00efta. Finalment, <strong>Tel\u00f3 Teatre representar\u00e0 el dissabte 19<\/strong>, a la mateixa hora, el muntatge <strong>\u2018Beren\u00e0vem a les Fosques\u2019<\/strong> dirigit per Joan Aura i amb l&#8217;assessorament art\u00edstic de Paco Insa. En aquest \u00faltim cas <strong>si que ser\u00e0 necessari adquirir una entrada al preu de cinc euros<\/strong> en la web <a href=\"https:\/\/entrades.cocentaina.es\/par-public\/rest\/evento\/listado\"><strong><span style=\"color: #0000ff;\">entrades.cocentaina.es<\/span><\/strong><\/a> \u201c<em>estem molt il\u00b7lusionats per poder fer de nou la Mostra ja que els mesos que deixem arrere han sigut molt durs. La pand\u00e8mia va obligar a reduir l&#8217;activitat cultural i amb aix\u00f2 tamb\u00e9 es van veure minvades les representacions teatrals. Ara tornem als escenaris amb les piles carregades i esperem que en aquest 2022 es puga executar amb normalitat tot el nostre calendari habitual de funcions i activitats<\/em>\u201d, manifestava aquesta mateixa setmana el President de Tel\u00f3 Teatre; <strong>Sa\u00fal Santonja Miralles<\/strong>.<\/p>\n<p style=\"text-align: justify;\">La Mostra de Teatre Amateur compta tamb\u00e9 <strong>amb el suport<\/strong> de l&#8217;\u00e0rea de cultura de l&#8217;Ajuntament de Cocentaina, la Universitat d&#8217;Alacant i la seu que aquesta \u00faltima t\u00e9 en la Vila Comtal.<\/p>\n","protected":false},"excerpt":{"rendered":"<p>Cocentaina estrena aquest cap de setmana l&#8217;edici\u00f3 2022 de la Mostra de Teatre Amateur, un esdeveniment que fa possible cada&#8230;<\/p>\n","protected":false},"author":1,"featured_media":10387,"comment_status":"open","ping_status":"open","sticky":false,"template":"","format":"standard","meta":{"footnotes":""},"categories":[98,75],"tags":[132,7062,12395,630],"class_list":["post-83439","post","type-post","status-publish","format-standard","has-post-thumbnail","hentry","category-comarcas","category-noticias","tag-cocentaina","tag-mostra-de-teatre-amateur","tag-representacions-teatrals","tag-telo-teatre"],"yoast_head":"<!-- This site is optimized with the Yoast SEO plugin v27.3 - https:\/\/yoast.com\/product\/yoast-seo-wordpress\/ -->\n<title>Una bona oportunitat per al teatre amateur - COPE Alcoy<\/title>\n<meta name=\"robots\" content=\"index, follow, max-snippet:-1, max-image-preview:large, max-video-preview:-1\" \/>\n<link rel=\"canonical\" href=\"https:\/\/www.copealcoy.es\/es\/una-bona-oportunitat-per-al-teatre-amateur\/\" \/>\n<meta property=\"og:locale\" content=\"es_ES\" \/>\n<meta property=\"og:type\" content=\"article\" \/>\n<meta property=\"og:title\" content=\"Una bona oportunitat per al teatre amateur - COPE Alcoy\" \/>\n<meta property=\"og:description\" content=\"Cocentaina estrena aquest cap de setmana l&#8217;edici\u00f3 2022 de la Mostra de Teatre Amateur, un esdeveniment que fa possible cada...\" \/>\n<meta property=\"og:url\" content=\"https:\/\/www.copealcoy.es\/es\/una-bona-oportunitat-per-al-teatre-amateur\/\" \/>\n<meta property=\"og:site_name\" content=\"COPE Alcoy\" \/>\n<meta property=\"article:published_time\" content=\"2022-02-04T11:55:49+00:00\" \/>\n<meta property=\"article:modified_time\" content=\"2022-02-04T12:02:24+00:00\" \/>\n<meta property=\"og:image\" content=\"https:\/\/www.copealcoy.es\/wp-content\/uploads\/2015\/02\/image16.jpg\" \/>\n\t<meta property=\"og:image:width\" content=\"960\" \/>\n\t<meta property=\"og:image:height\" content=\"593\" \/>\n\t<meta property=\"og:image:type\" content=\"image\/jpeg\" \/>\n<meta name=\"author\" content=\"Cope Alcoy\" \/>\n<meta name=\"twitter:label1\" content=\"Escrito por\" \/>\n\t<meta name=\"twitter:data1\" content=\"Cope Alcoy\" \/>\n\t<meta name=\"twitter:label2\" content=\"Tiempo de lectura\" \/>\n\t<meta name=\"twitter:data2\" content=\"2 minutos\" \/>\n<script type=\"application\/ld+json\" class=\"yoast-schema-graph\">{\"@context\":\"https:\\\/\\\/schema.org\",\"@graph\":[{\"@type\":\"Article\",\"@id\":\"https:\\\/\\\/www.copealcoy.es\\\/es\\\/una-bona-oportunitat-per-al-teatre-amateur\\\/#article\",\"isPartOf\":{\"@id\":\"https:\\\/\\\/www.copealcoy.es\\\/es\\\/una-bona-oportunitat-per-al-teatre-amateur\\\/\"},\"author\":{\"name\":\"Cope Alcoy\",\"@id\":\"https:\\\/\\\/www.copealcoy.es\\\/es\\\/#\\\/schema\\\/person\\\/e777c87fa024e57d40170af9df39882c\"},\"headline\":\"Una bona oportunitat per al teatre amateur\",\"datePublished\":\"2022-02-04T11:55:49+00:00\",\"dateModified\":\"2022-02-04T12:02:24+00:00\",\"mainEntityOfPage\":{\"@id\":\"https:\\\/\\\/www.copealcoy.es\\\/es\\\/una-bona-oportunitat-per-al-teatre-amateur\\\/\"},\"wordCount\":334,\"commentCount\":0,\"image\":{\"@id\":\"https:\\\/\\\/www.copealcoy.es\\\/es\\\/una-bona-oportunitat-per-al-teatre-amateur\\\/#primaryimage\"},\"thumbnailUrl\":\"https:\\\/\\\/www.copealcoy.es\\\/wp-content\\\/uploads\\\/2015\\\/02\\\/image16.jpg\",\"keywords\":[\"Cocentaina\",\"Mostra de Teatre Amateur\",\"representacions teatrals\",\"Tel\u00f3 Teatre\"],\"articleSection\":[\"Comarcas\",\"Noticias\"],\"inLanguage\":\"es\"},{\"@type\":\"WebPage\",\"@id\":\"https:\\\/\\\/www.copealcoy.es\\\/es\\\/una-bona-oportunitat-per-al-teatre-amateur\\\/\",\"url\":\"https:\\\/\\\/www.copealcoy.es\\\/es\\\/una-bona-oportunitat-per-al-teatre-amateur\\\/\",\"name\":\"Una bona oportunitat per al teatre amateur - COPE Alcoy\",\"isPartOf\":{\"@id\":\"https:\\\/\\\/www.copealcoy.es\\\/es\\\/#website\"},\"primaryImageOfPage\":{\"@id\":\"https:\\\/\\\/www.copealcoy.es\\\/es\\\/una-bona-oportunitat-per-al-teatre-amateur\\\/#primaryimage\"},\"image\":{\"@id\":\"https:\\\/\\\/www.copealcoy.es\\\/es\\\/una-bona-oportunitat-per-al-teatre-amateur\\\/#primaryimage\"},\"thumbnailUrl\":\"https:\\\/\\\/www.copealcoy.es\\\/wp-content\\\/uploads\\\/2015\\\/02\\\/image16.jpg\",\"datePublished\":\"2022-02-04T11:55:49+00:00\",\"dateModified\":\"2022-02-04T12:02:24+00:00\",\"author\":{\"@id\":\"https:\\\/\\\/www.copealcoy.es\\\/es\\\/#\\\/schema\\\/person\\\/e777c87fa024e57d40170af9df39882c\"},\"breadcrumb\":{\"@id\":\"https:\\\/\\\/www.copealcoy.es\\\/es\\\/una-bona-oportunitat-per-al-teatre-amateur\\\/#breadcrumb\"},\"inLanguage\":\"es\",\"potentialAction\":[{\"@type\":\"ReadAction\",\"target\":[\"https:\\\/\\\/www.copealcoy.es\\\/es\\\/una-bona-oportunitat-per-al-teatre-amateur\\\/\"]}]},{\"@type\":\"ImageObject\",\"inLanguage\":\"es\",\"@id\":\"https:\\\/\\\/www.copealcoy.es\\\/es\\\/una-bona-oportunitat-per-al-teatre-amateur\\\/#primaryimage\",\"url\":\"https:\\\/\\\/www.copealcoy.es\\\/wp-content\\\/uploads\\\/2015\\\/02\\\/image16.jpg\",\"contentUrl\":\"https:\\\/\\\/www.copealcoy.es\\\/wp-content\\\/uploads\\\/2015\\\/02\\\/image16.jpg\",\"width\":960,\"height\":593,\"caption\":\"P\u00edntame en la Eternidad abri\u00f3 La Mostra de Teatre de Cocentaina en 2015\"},{\"@type\":\"BreadcrumbList\",\"@id\":\"https:\\\/\\\/www.copealcoy.es\\\/es\\\/una-bona-oportunitat-per-al-teatre-amateur\\\/#breadcrumb\",\"itemListElement\":[{\"@type\":\"ListItem\",\"position\":1,\"name\":\"Portada\",\"item\":\"https:\\\/\\\/www.copealcoy.es\\\/es\\\/\"},{\"@type\":\"ListItem\",\"position\":2,\"name\":\"Una bona oportunitat per al teatre amateur\"}]},{\"@type\":\"WebSite\",\"@id\":\"https:\\\/\\\/www.copealcoy.es\\\/es\\\/#website\",\"url\":\"https:\\\/\\\/www.copealcoy.es\\\/es\\\/\",\"name\":\"COPE Alcoy\",\"description\":\"Emisora COPE de radio local con emisi\u00f3n online. Pont de Sant Jordi 8-10 03803 Alcoy\",\"potentialAction\":[{\"@type\":\"SearchAction\",\"target\":{\"@type\":\"EntryPoint\",\"urlTemplate\":\"https:\\\/\\\/www.copealcoy.es\\\/es\\\/?s={search_term_string}\"},\"query-input\":{\"@type\":\"PropertyValueSpecification\",\"valueRequired\":true,\"valueName\":\"search_term_string\"}}],\"inLanguage\":\"es\"},{\"@type\":\"Person\",\"@id\":\"https:\\\/\\\/www.copealcoy.es\\\/es\\\/#\\\/schema\\\/person\\\/e777c87fa024e57d40170af9df39882c\",\"name\":\"Cope Alcoy\",\"image\":{\"@type\":\"ImageObject\",\"inLanguage\":\"es\",\"@id\":\"https:\\\/\\\/secure.gravatar.com\\\/avatar\\\/bb65d0283347e303893ba14f0692005417c1e0e690a325a4c5d8bb2b3943ee14?s=96&d=mm&r=g\",\"url\":\"https:\\\/\\\/secure.gravatar.com\\\/avatar\\\/bb65d0283347e303893ba14f0692005417c1e0e690a325a4c5d8bb2b3943ee14?s=96&d=mm&r=g\",\"contentUrl\":\"https:\\\/\\\/secure.gravatar.com\\\/avatar\\\/bb65d0283347e303893ba14f0692005417c1e0e690a325a4c5d8bb2b3943ee14?s=96&d=mm&r=g\",\"caption\":\"Cope Alcoy\"}}]}<\/script>\n<!-- \/ Yoast SEO plugin. -->","yoast_head_json":{"title":"Una bona oportunitat per al teatre amateur - COPE Alcoy","robots":{"index":"index","follow":"follow","max-snippet":"max-snippet:-1","max-image-preview":"max-image-preview:large","max-video-preview":"max-video-preview:-1"},"canonical":"https:\/\/www.copealcoy.es\/es\/una-bona-oportunitat-per-al-teatre-amateur\/","og_locale":"es_ES","og_type":"article","og_title":"Una bona oportunitat per al teatre amateur - COPE Alcoy","og_description":"Cocentaina estrena aquest cap de setmana l&#8217;edici\u00f3 2022 de la Mostra de Teatre Amateur, un esdeveniment que fa possible cada...","og_url":"https:\/\/www.copealcoy.es\/es\/una-bona-oportunitat-per-al-teatre-amateur\/","og_site_name":"COPE Alcoy","article_published_time":"2022-02-04T11:55:49+00:00","article_modified_time":"2022-02-04T12:02:24+00:00","og_image":[{"width":960,"height":593,"url":"https:\/\/www.copealcoy.es\/wp-content\/uploads\/2015\/02\/image16.jpg","type":"image\/jpeg"}],"author":"Cope Alcoy","twitter_misc":{"Escrito por":"Cope Alcoy","Tiempo de lectura":"2 minutos"},"schema":{"@context":"https:\/\/schema.org","@graph":[{"@type":"Article","@id":"https:\/\/www.copealcoy.es\/es\/una-bona-oportunitat-per-al-teatre-amateur\/#article","isPartOf":{"@id":"https:\/\/www.copealcoy.es\/es\/una-bona-oportunitat-per-al-teatre-amateur\/"},"author":{"name":"Cope Alcoy","@id":"https:\/\/www.copealcoy.es\/es\/#\/schema\/person\/e777c87fa024e57d40170af9df39882c"},"headline":"Una bona oportunitat per al teatre amateur","datePublished":"2022-02-04T11:55:49+00:00","dateModified":"2022-02-04T12:02:24+00:00","mainEntityOfPage":{"@id":"https:\/\/www.copealcoy.es\/es\/una-bona-oportunitat-per-al-teatre-amateur\/"},"wordCount":334,"commentCount":0,"image":{"@id":"https:\/\/www.copealcoy.es\/es\/una-bona-oportunitat-per-al-teatre-amateur\/#primaryimage"},"thumbnailUrl":"https:\/\/www.copealcoy.es\/wp-content\/uploads\/2015\/02\/image16.jpg","keywords":["Cocentaina","Mostra de Teatre Amateur","representacions teatrals","Tel\u00f3 Teatre"],"articleSection":["Comarcas","Noticias"],"inLanguage":"es"},{"@type":"WebPage","@id":"https:\/\/www.copealcoy.es\/es\/una-bona-oportunitat-per-al-teatre-amateur\/","url":"https:\/\/www.copealcoy.es\/es\/una-bona-oportunitat-per-al-teatre-amateur\/","name":"Una bona oportunitat per al teatre amateur - COPE Alcoy","isPartOf":{"@id":"https:\/\/www.copealcoy.es\/es\/#website"},"primaryImageOfPage":{"@id":"https:\/\/www.copealcoy.es\/es\/una-bona-oportunitat-per-al-teatre-amateur\/#primaryimage"},"image":{"@id":"https:\/\/www.copealcoy.es\/es\/una-bona-oportunitat-per-al-teatre-amateur\/#primaryimage"},"thumbnailUrl":"https:\/\/www.copealcoy.es\/wp-content\/uploads\/2015\/02\/image16.jpg","datePublished":"2022-02-04T11:55:49+00:00","dateModified":"2022-02-04T12:02:24+00:00","author":{"@id":"https:\/\/www.copealcoy.es\/es\/#\/schema\/person\/e777c87fa024e57d40170af9df39882c"},"breadcrumb":{"@id":"https:\/\/www.copealcoy.es\/es\/una-bona-oportunitat-per-al-teatre-amateur\/#breadcrumb"},"inLanguage":"es","potentialAction":[{"@type":"ReadAction","target":["https:\/\/www.copealcoy.es\/es\/una-bona-oportunitat-per-al-teatre-amateur\/"]}]},{"@type":"ImageObject","inLanguage":"es","@id":"https:\/\/www.copealcoy.es\/es\/una-bona-oportunitat-per-al-teatre-amateur\/#primaryimage","url":"https:\/\/www.copealcoy.es\/wp-content\/uploads\/2015\/02\/image16.jpg","contentUrl":"https:\/\/www.copealcoy.es\/wp-content\/uploads\/2015\/02\/image16.jpg","width":960,"height":593,"caption":"P\u00edntame en la Eternidad abri\u00f3 La Mostra de Teatre de Cocentaina en 2015"},{"@type":"BreadcrumbList","@id":"https:\/\/www.copealcoy.es\/es\/una-bona-oportunitat-per-al-teatre-amateur\/#breadcrumb","itemListElement":[{"@type":"ListItem","position":1,"name":"Portada","item":"https:\/\/www.copealcoy.es\/es\/"},{"@type":"ListItem","position":2,"name":"Una bona oportunitat per al teatre amateur"}]},{"@type":"WebSite","@id":"https:\/\/www.copealcoy.es\/es\/#website","url":"https:\/\/www.copealcoy.es\/es\/","name":"COPE Alcoy","description":"Emisora COPE de radio local con emisi\u00f3n online. Pont de Sant Jordi 8-10 03803 Alcoy","potentialAction":[{"@type":"SearchAction","target":{"@type":"EntryPoint","urlTemplate":"https:\/\/www.copealcoy.es\/es\/?s={search_term_string}"},"query-input":{"@type":"PropertyValueSpecification","valueRequired":true,"valueName":"search_term_string"}}],"inLanguage":"es"},{"@type":"Person","@id":"https:\/\/www.copealcoy.es\/es\/#\/schema\/person\/e777c87fa024e57d40170af9df39882c","name":"Cope Alcoy","image":{"@type":"ImageObject","inLanguage":"es","@id":"https:\/\/secure.gravatar.com\/avatar\/bb65d0283347e303893ba14f0692005417c1e0e690a325a4c5d8bb2b3943ee14?s=96&d=mm&r=g","url":"https:\/\/secure.gravatar.com\/avatar\/bb65d0283347e303893ba14f0692005417c1e0e690a325a4c5d8bb2b3943ee14?s=96&d=mm&r=g","contentUrl":"https:\/\/secure.gravatar.com\/avatar\/bb65d0283347e303893ba14f0692005417c1e0e690a325a4c5d8bb2b3943ee14?s=96&d=mm&r=g","caption":"Cope Alcoy"}}]}},"_links":{"self":[{"href":"https:\/\/www.copealcoy.es\/es\/wp-json\/wp\/v2\/posts\/83439","targetHints":{"allow":["GET"]}}],"collection":[{"href":"https:\/\/www.copealcoy.es\/es\/wp-json\/wp\/v2\/posts"}],"about":[{"href":"https:\/\/www.copealcoy.es\/es\/wp-json\/wp\/v2\/types\/post"}],"author":[{"embeddable":true,"href":"https:\/\/www.copealcoy.es\/es\/wp-json\/wp\/v2\/users\/1"}],"replies":[{"embeddable":true,"href":"https:\/\/www.copealcoy.es\/es\/wp-json\/wp\/v2\/comments?post=83439"}],"version-history":[{"count":0,"href":"https:\/\/www.copealcoy.es\/es\/wp-json\/wp\/v2\/posts\/83439\/revisions"}],"wp:featuredmedia":[{"embeddable":true,"href":"https:\/\/www.copealcoy.es\/es\/wp-json\/wp\/v2\/media\/10387"}],"wp:attachment":[{"href":"https:\/\/www.copealcoy.es\/es\/wp-json\/wp\/v2\/media?parent=83439"}],"wp:term":[{"taxonomy":"category","embeddable":true,"href":"https:\/\/www.copealcoy.es\/es\/wp-json\/wp\/v2\/categories?post=83439"},{"taxonomy":"post_tag","embeddable":true,"href":"https:\/\/www.copealcoy.es\/es\/wp-json\/wp\/v2\/tags?post=83439"}],"curies":[{"name":"wp","href":"https:\/\/api.w.org\/{rel}","templated":true}]}}