{"id":83437,"date":"2022-02-04T09:04:40","date_gmt":"2022-02-04T08:04:40","guid":{"rendered":"https:\/\/www.copealcoy.es\/?p=83437"},"modified":"2022-02-04T13:09:40","modified_gmt":"2022-02-04T12:09:40","slug":"la-mascarilla-dejara-de-ser-obligatoria-en-exteriores-a-partir-del-martes","status":"publish","type":"post","link":"https:\/\/www.copealcoy.es\/es\/la-mascarilla-dejara-de-ser-obligatoria-en-exteriores-a-partir-del-martes\/","title":{"rendered":"La mascarilla dejar\u00e1 de ser obligatoria en exteriores a partir del martes"},"content":{"rendered":"<p style=\"text-align: justify;\">La Ministra de Sanidad, <strong>Carolina Darias<\/strong>, ha anunciado que el pr\u00f3ximo martes <strong>el Gobierno eliminar\u00e1 la obligatoriedad del uso de las mascarillas en exteriores<\/strong> despu\u00e9s de que el lunes sea debatido este asunto <strong>en el seno del Consejo Interterritorial del Sistema Nacional de Salud (CISNS)<\/strong>.<\/p>\n<p style=\"text-align: justify;\">&#8220;<em>Le confirmo que el pr\u00f3ximo martes llevaremos al Consejo de Ministros el Real Decreto en virtud del cual eliminaremos la obligatoriedad del uso de las mascarillas en el exterior<\/em>&#8220;, ha se\u00f1alado la misma Ministra en una entrevista.<\/p>\n<p style=\"text-align: justify;\">La titular de Sanidad ha se\u00f1alado que <strong>la idea es que se publique en el Bolet\u00edn Oficial del Estado (BOE) el mi\u00e9rcoles<\/strong> y que pueda ser efectiva el jueves.\u00a0<em>&#8220;Ese es un poco el &#8216;timing&#8217; que tenemos en previsi\u00f3n&#8221;<\/em>, ha apuntado.<\/p>\n<p style=\"text-align: justify;\">La Ministra ha se\u00f1alado que convocar\u00e1n un CISNS para debatir la decisi\u00f3n antes de que sea llevaba al Consejo de Ministros, al tiempo que ha defendido que esta medida ha sido \u00fatil y ha actuado de &#8220;<em>efecto barrera<\/em>&#8221; porque se aprob\u00f3 de cara a las Navidades, que implican una &#8220;<em>mayor interacci\u00f3n social<\/em>&#8220;.<\/p>\n<p style=\"text-align: justify;\">Darias ha enfatizado que ha sido una &#8220;<em>medida de prudencia durante el tiempo estrictamente necesario hasta que los indicadores aconsejaran una medida distinta<\/em>&#8220;. En este sentido, ha apuntado que\u00a0<strong>los indicadores <\/strong><em>&#8220;van mejorando&#8221;<\/em><strong> y <\/strong><em>&#8220;especialmente&#8221; <\/em><strong>el que habla del nivel de circulaci\u00f3n del virus<\/strong>. Este, seg\u00fan la Ministra, se &#8220;<em>ha aminorado un 30 por ciento las \u00faltimas semanas desde que ha comenzado el descenso<\/em>&#8220;.<\/p>\n<p style=\"text-align: justify;\">Preguntada acerca de por qu\u00e9 forzaron<strong> la convalidaci\u00f3n de las mascarillas<\/strong> en el decreto en el que iban las pensiones para d\u00edas despu\u00e9s eliminar la obligatoriedad de estas, ha explicado que &#8220;<em>la convalidaci\u00f3n es una previsi\u00f3n constitucional<\/em>&#8220;. &#8220;<em>En el mes de diciembre se adoptaron una serie de acuerdos, uno de ellos la vuelta de las mascarillas ante el crecimiento exponencial y la incertidumbre de esta variante<\/em>&#8220;, ha deslizado.<\/p>\n","protected":false},"excerpt":{"rendered":"<p>La Ministra de Sanidad, Carolina Darias, ha anunciado que el pr\u00f3ximo martes el Gobierno eliminar\u00e1 la obligatoriedad del uso de&#8230;<\/p>\n","protected":false},"author":1,"featured_media":75098,"comment_status":"open","ping_status":"open","sticky":false,"template":"","format":"standard","meta":{"footnotes":""},"categories":[6909,75,79],"tags":[7281,7341,12394,7477,11347],"class_list":["post-83437","post","type-post","status-publish","format-standard","has-post-thumbnail","hentry","category-actualidad","category-noticias","category-politicayeconomia","tag-coronavirus","tag-mascarillas","tag-ministra-de-sanidad","tag-pandemia","tag-uso-obligatorio"],"yoast_head":"<!-- This site is optimized with the Yoast SEO plugin v27.3 - https:\/\/yoast.com\/product\/yoast-seo-wordpress\/ -->\n<title>La mascarilla dejar\u00e1 de ser obligatoria en exteriores a partir del martes - COPE Alcoy<\/title>\n<meta name=\"robots\" content=\"index, follow, max-snippet:-1, max-image-preview:large, max-video-preview:-1\" \/>\n<link rel=\"canonical\" href=\"https:\/\/www.copealcoy.es\/es\/la-mascarilla-dejara-de-ser-obligatoria-en-exteriores-a-partir-del-martes\/\" \/>\n<meta property=\"og:locale\" content=\"es_ES\" \/>\n<meta property=\"og:type\" content=\"article\" \/>\n<meta property=\"og:title\" content=\"La mascarilla dejar\u00e1 de ser obligatoria en exteriores a partir del martes - COPE Alcoy\" \/>\n<meta property=\"og:description\" content=\"La Ministra de Sanidad, Carolina Darias, ha anunciado que el pr\u00f3ximo martes el Gobierno eliminar\u00e1 la obligatoriedad del uso de...\" \/>\n<meta property=\"og:url\" content=\"https:\/\/www.copealcoy.es\/es\/la-mascarilla-dejara-de-ser-obligatoria-en-exteriores-a-partir-del-martes\/\" \/>\n<meta property=\"og:site_name\" content=\"COPE Alcoy\" \/>\n<meta property=\"article:published_time\" content=\"2022-02-04T08:04:40+00:00\" \/>\n<meta property=\"article:modified_time\" content=\"2022-02-04T12:09:40+00:00\" \/>\n<meta property=\"og:image\" content=\"https:\/\/www.copealcoy.es\/wp-content\/uploads\/2021\/06\/1619776021733.jpg\" \/>\n\t<meta property=\"og:image:width\" content=\"976\" \/>\n\t<meta property=\"og:image:height\" content=\"549\" \/>\n\t<meta property=\"og:image:type\" content=\"image\/jpeg\" \/>\n<meta name=\"author\" content=\"Cope Alcoy\" \/>\n<meta name=\"twitter:label1\" content=\"Escrito por\" \/>\n\t<meta name=\"twitter:data1\" content=\"Cope Alcoy\" \/>\n\t<meta name=\"twitter:label2\" content=\"Tiempo de lectura\" \/>\n\t<meta name=\"twitter:data2\" content=\"2 minutos\" \/>\n<script type=\"application\/ld+json\" class=\"yoast-schema-graph\">{\"@context\":\"https:\\\/\\\/schema.org\",\"@graph\":[{\"@type\":\"Article\",\"@id\":\"https:\\\/\\\/www.copealcoy.es\\\/es\\\/la-mascarilla-dejara-de-ser-obligatoria-en-exteriores-a-partir-del-martes\\\/#article\",\"isPartOf\":{\"@id\":\"https:\\\/\\\/www.copealcoy.es\\\/es\\\/la-mascarilla-dejara-de-ser-obligatoria-en-exteriores-a-partir-del-martes\\\/\"},\"author\":{\"name\":\"Cope Alcoy\",\"@id\":\"https:\\\/\\\/www.copealcoy.es\\\/es\\\/#\\\/schema\\\/person\\\/e777c87fa024e57d40170af9df39882c\"},\"headline\":\"La mascarilla dejar\u00e1 de ser obligatoria en exteriores a partir del martes\",\"datePublished\":\"2022-02-04T08:04:40+00:00\",\"dateModified\":\"2022-02-04T12:09:40+00:00\",\"mainEntityOfPage\":{\"@id\":\"https:\\\/\\\/www.copealcoy.es\\\/es\\\/la-mascarilla-dejara-de-ser-obligatoria-en-exteriores-a-partir-del-martes\\\/\"},\"wordCount\":337,\"commentCount\":0,\"image\":{\"@id\":\"https:\\\/\\\/www.copealcoy.es\\\/es\\\/la-mascarilla-dejara-de-ser-obligatoria-en-exteriores-a-partir-del-martes\\\/#primaryimage\"},\"thumbnailUrl\":\"https:\\\/\\\/www.copealcoy.es\\\/wp-content\\\/uploads\\\/2021\\\/06\\\/1619776021733-e1644479902874.jpg\",\"keywords\":[\"Coronavirus\",\"mascarillas\",\"Ministra de Sanidad\",\"pandemia\",\"uso obligatorio\"],\"articleSection\":[\"Actualidad\",\"Noticias\",\"Pol\u00edtica y Econom\u00eda\"],\"inLanguage\":\"es\"},{\"@type\":\"WebPage\",\"@id\":\"https:\\\/\\\/www.copealcoy.es\\\/es\\\/la-mascarilla-dejara-de-ser-obligatoria-en-exteriores-a-partir-del-martes\\\/\",\"url\":\"https:\\\/\\\/www.copealcoy.es\\\/es\\\/la-mascarilla-dejara-de-ser-obligatoria-en-exteriores-a-partir-del-martes\\\/\",\"name\":\"La mascarilla dejar\u00e1 de ser obligatoria en exteriores a partir del martes - COPE Alcoy\",\"isPartOf\":{\"@id\":\"https:\\\/\\\/www.copealcoy.es\\\/es\\\/#website\"},\"primaryImageOfPage\":{\"@id\":\"https:\\\/\\\/www.copealcoy.es\\\/es\\\/la-mascarilla-dejara-de-ser-obligatoria-en-exteriores-a-partir-del-martes\\\/#primaryimage\"},\"image\":{\"@id\":\"https:\\\/\\\/www.copealcoy.es\\\/es\\\/la-mascarilla-dejara-de-ser-obligatoria-en-exteriores-a-partir-del-martes\\\/#primaryimage\"},\"thumbnailUrl\":\"https:\\\/\\\/www.copealcoy.es\\\/wp-content\\\/uploads\\\/2021\\\/06\\\/1619776021733-e1644479902874.jpg\",\"datePublished\":\"2022-02-04T08:04:40+00:00\",\"dateModified\":\"2022-02-04T12:09:40+00:00\",\"author\":{\"@id\":\"https:\\\/\\\/www.copealcoy.es\\\/es\\\/#\\\/schema\\\/person\\\/e777c87fa024e57d40170af9df39882c\"},\"breadcrumb\":{\"@id\":\"https:\\\/\\\/www.copealcoy.es\\\/es\\\/la-mascarilla-dejara-de-ser-obligatoria-en-exteriores-a-partir-del-martes\\\/#breadcrumb\"},\"inLanguage\":\"es\",\"potentialAction\":[{\"@type\":\"ReadAction\",\"target\":[\"https:\\\/\\\/www.copealcoy.es\\\/es\\\/la-mascarilla-dejara-de-ser-obligatoria-en-exteriores-a-partir-del-martes\\\/\"]}]},{\"@type\":\"ImageObject\",\"inLanguage\":\"es\",\"@id\":\"https:\\\/\\\/www.copealcoy.es\\\/es\\\/la-mascarilla-dejara-de-ser-obligatoria-en-exteriores-a-partir-del-martes\\\/#primaryimage\",\"url\":\"https:\\\/\\\/www.copealcoy.es\\\/wp-content\\\/uploads\\\/2021\\\/06\\\/1619776021733-e1644479902874.jpg\",\"contentUrl\":\"https:\\\/\\\/www.copealcoy.es\\\/wp-content\\\/uploads\\\/2021\\\/06\\\/1619776021733-e1644479902874.jpg\",\"width\":640,\"height\":360},{\"@type\":\"BreadcrumbList\",\"@id\":\"https:\\\/\\\/www.copealcoy.es\\\/es\\\/la-mascarilla-dejara-de-ser-obligatoria-en-exteriores-a-partir-del-martes\\\/#breadcrumb\",\"itemListElement\":[{\"@type\":\"ListItem\",\"position\":1,\"name\":\"Portada\",\"item\":\"https:\\\/\\\/www.copealcoy.es\\\/es\\\/\"},{\"@type\":\"ListItem\",\"position\":2,\"name\":\"La mascarilla dejar\u00e1 de ser obligatoria en exteriores a partir del martes\"}]},{\"@type\":\"WebSite\",\"@id\":\"https:\\\/\\\/www.copealcoy.es\\\/es\\\/#website\",\"url\":\"https:\\\/\\\/www.copealcoy.es\\\/es\\\/\",\"name\":\"COPE Alcoy\",\"description\":\"Emisora COPE de radio local con emisi\u00f3n online. Pont de Sant Jordi 8-10 03803 Alcoy\",\"potentialAction\":[{\"@type\":\"SearchAction\",\"target\":{\"@type\":\"EntryPoint\",\"urlTemplate\":\"https:\\\/\\\/www.copealcoy.es\\\/es\\\/?s={search_term_string}\"},\"query-input\":{\"@type\":\"PropertyValueSpecification\",\"valueRequired\":true,\"valueName\":\"search_term_string\"}}],\"inLanguage\":\"es\"},{\"@type\":\"Person\",\"@id\":\"https:\\\/\\\/www.copealcoy.es\\\/es\\\/#\\\/schema\\\/person\\\/e777c87fa024e57d40170af9df39882c\",\"name\":\"Cope Alcoy\",\"image\":{\"@type\":\"ImageObject\",\"inLanguage\":\"es\",\"@id\":\"https:\\\/\\\/secure.gravatar.com\\\/avatar\\\/bb65d0283347e303893ba14f0692005417c1e0e690a325a4c5d8bb2b3943ee14?s=96&d=mm&r=g\",\"url\":\"https:\\\/\\\/secure.gravatar.com\\\/avatar\\\/bb65d0283347e303893ba14f0692005417c1e0e690a325a4c5d8bb2b3943ee14?s=96&d=mm&r=g\",\"contentUrl\":\"https:\\\/\\\/secure.gravatar.com\\\/avatar\\\/bb65d0283347e303893ba14f0692005417c1e0e690a325a4c5d8bb2b3943ee14?s=96&d=mm&r=g\",\"caption\":\"Cope Alcoy\"}}]}<\/script>\n<!-- \/ Yoast SEO plugin. -->","yoast_head_json":{"title":"La mascarilla dejar\u00e1 de ser obligatoria en exteriores a partir del martes - COPE Alcoy","robots":{"index":"index","follow":"follow","max-snippet":"max-snippet:-1","max-image-preview":"max-image-preview:large","max-video-preview":"max-video-preview:-1"},"canonical":"https:\/\/www.copealcoy.es\/es\/la-mascarilla-dejara-de-ser-obligatoria-en-exteriores-a-partir-del-martes\/","og_locale":"es_ES","og_type":"article","og_title":"La mascarilla dejar\u00e1 de ser obligatoria en exteriores a partir del martes - COPE Alcoy","og_description":"La Ministra de Sanidad, Carolina Darias, ha anunciado que el pr\u00f3ximo martes el Gobierno eliminar\u00e1 la obligatoriedad del uso de...","og_url":"https:\/\/www.copealcoy.es\/es\/la-mascarilla-dejara-de-ser-obligatoria-en-exteriores-a-partir-del-martes\/","og_site_name":"COPE Alcoy","article_published_time":"2022-02-04T08:04:40+00:00","article_modified_time":"2022-02-04T12:09:40+00:00","og_image":[{"width":976,"height":549,"url":"https:\/\/www.copealcoy.es\/wp-content\/uploads\/2021\/06\/1619776021733.jpg","type":"image\/jpeg"}],"author":"Cope Alcoy","twitter_misc":{"Escrito por":"Cope Alcoy","Tiempo de lectura":"2 minutos"},"schema":{"@context":"https:\/\/schema.org","@graph":[{"@type":"Article","@id":"https:\/\/www.copealcoy.es\/es\/la-mascarilla-dejara-de-ser-obligatoria-en-exteriores-a-partir-del-martes\/#article","isPartOf":{"@id":"https:\/\/www.copealcoy.es\/es\/la-mascarilla-dejara-de-ser-obligatoria-en-exteriores-a-partir-del-martes\/"},"author":{"name":"Cope Alcoy","@id":"https:\/\/www.copealcoy.es\/es\/#\/schema\/person\/e777c87fa024e57d40170af9df39882c"},"headline":"La mascarilla dejar\u00e1 de ser obligatoria en exteriores a partir del martes","datePublished":"2022-02-04T08:04:40+00:00","dateModified":"2022-02-04T12:09:40+00:00","mainEntityOfPage":{"@id":"https:\/\/www.copealcoy.es\/es\/la-mascarilla-dejara-de-ser-obligatoria-en-exteriores-a-partir-del-martes\/"},"wordCount":337,"commentCount":0,"image":{"@id":"https:\/\/www.copealcoy.es\/es\/la-mascarilla-dejara-de-ser-obligatoria-en-exteriores-a-partir-del-martes\/#primaryimage"},"thumbnailUrl":"https:\/\/www.copealcoy.es\/wp-content\/uploads\/2021\/06\/1619776021733-e1644479902874.jpg","keywords":["Coronavirus","mascarillas","Ministra de Sanidad","pandemia","uso obligatorio"],"articleSection":["Actualidad","Noticias","Pol\u00edtica y Econom\u00eda"],"inLanguage":"es"},{"@type":"WebPage","@id":"https:\/\/www.copealcoy.es\/es\/la-mascarilla-dejara-de-ser-obligatoria-en-exteriores-a-partir-del-martes\/","url":"https:\/\/www.copealcoy.es\/es\/la-mascarilla-dejara-de-ser-obligatoria-en-exteriores-a-partir-del-martes\/","name":"La mascarilla dejar\u00e1 de ser obligatoria en exteriores a partir del martes - COPE Alcoy","isPartOf":{"@id":"https:\/\/www.copealcoy.es\/es\/#website"},"primaryImageOfPage":{"@id":"https:\/\/www.copealcoy.es\/es\/la-mascarilla-dejara-de-ser-obligatoria-en-exteriores-a-partir-del-martes\/#primaryimage"},"image":{"@id":"https:\/\/www.copealcoy.es\/es\/la-mascarilla-dejara-de-ser-obligatoria-en-exteriores-a-partir-del-martes\/#primaryimage"},"thumbnailUrl":"https:\/\/www.copealcoy.es\/wp-content\/uploads\/2021\/06\/1619776021733-e1644479902874.jpg","datePublished":"2022-02-04T08:04:40+00:00","dateModified":"2022-02-04T12:09:40+00:00","author":{"@id":"https:\/\/www.copealcoy.es\/es\/#\/schema\/person\/e777c87fa024e57d40170af9df39882c"},"breadcrumb":{"@id":"https:\/\/www.copealcoy.es\/es\/la-mascarilla-dejara-de-ser-obligatoria-en-exteriores-a-partir-del-martes\/#breadcrumb"},"inLanguage":"es","potentialAction":[{"@type":"ReadAction","target":["https:\/\/www.copealcoy.es\/es\/la-mascarilla-dejara-de-ser-obligatoria-en-exteriores-a-partir-del-martes\/"]}]},{"@type":"ImageObject","inLanguage":"es","@id":"https:\/\/www.copealcoy.es\/es\/la-mascarilla-dejara-de-ser-obligatoria-en-exteriores-a-partir-del-martes\/#primaryimage","url":"https:\/\/www.copealcoy.es\/wp-content\/uploads\/2021\/06\/1619776021733-e1644479902874.jpg","contentUrl":"https:\/\/www.copealcoy.es\/wp-content\/uploads\/2021\/06\/1619776021733-e1644479902874.jpg","width":640,"height":360},{"@type":"BreadcrumbList","@id":"https:\/\/www.copealcoy.es\/es\/la-mascarilla-dejara-de-ser-obligatoria-en-exteriores-a-partir-del-martes\/#breadcrumb","itemListElement":[{"@type":"ListItem","position":1,"name":"Portada","item":"https:\/\/www.copealcoy.es\/es\/"},{"@type":"ListItem","position":2,"name":"La mascarilla dejar\u00e1 de ser obligatoria en exteriores a partir del martes"}]},{"@type":"WebSite","@id":"https:\/\/www.copealcoy.es\/es\/#website","url":"https:\/\/www.copealcoy.es\/es\/","name":"COPE Alcoy","description":"Emisora COPE de radio local con emisi\u00f3n online. Pont de Sant Jordi 8-10 03803 Alcoy","potentialAction":[{"@type":"SearchAction","target":{"@type":"EntryPoint","urlTemplate":"https:\/\/www.copealcoy.es\/es\/?s={search_term_string}"},"query-input":{"@type":"PropertyValueSpecification","valueRequired":true,"valueName":"search_term_string"}}],"inLanguage":"es"},{"@type":"Person","@id":"https:\/\/www.copealcoy.es\/es\/#\/schema\/person\/e777c87fa024e57d40170af9df39882c","name":"Cope Alcoy","image":{"@type":"ImageObject","inLanguage":"es","@id":"https:\/\/secure.gravatar.com\/avatar\/bb65d0283347e303893ba14f0692005417c1e0e690a325a4c5d8bb2b3943ee14?s=96&d=mm&r=g","url":"https:\/\/secure.gravatar.com\/avatar\/bb65d0283347e303893ba14f0692005417c1e0e690a325a4c5d8bb2b3943ee14?s=96&d=mm&r=g","contentUrl":"https:\/\/secure.gravatar.com\/avatar\/bb65d0283347e303893ba14f0692005417c1e0e690a325a4c5d8bb2b3943ee14?s=96&d=mm&r=g","caption":"Cope Alcoy"}}]}},"_links":{"self":[{"href":"https:\/\/www.copealcoy.es\/es\/wp-json\/wp\/v2\/posts\/83437","targetHints":{"allow":["GET"]}}],"collection":[{"href":"https:\/\/www.copealcoy.es\/es\/wp-json\/wp\/v2\/posts"}],"about":[{"href":"https:\/\/www.copealcoy.es\/es\/wp-json\/wp\/v2\/types\/post"}],"author":[{"embeddable":true,"href":"https:\/\/www.copealcoy.es\/es\/wp-json\/wp\/v2\/users\/1"}],"replies":[{"embeddable":true,"href":"https:\/\/www.copealcoy.es\/es\/wp-json\/wp\/v2\/comments?post=83437"}],"version-history":[{"count":0,"href":"https:\/\/www.copealcoy.es\/es\/wp-json\/wp\/v2\/posts\/83437\/revisions"}],"wp:featuredmedia":[{"embeddable":true,"href":"https:\/\/www.copealcoy.es\/es\/wp-json\/wp\/v2\/media\/75098"}],"wp:attachment":[{"href":"https:\/\/www.copealcoy.es\/es\/wp-json\/wp\/v2\/media?parent=83437"}],"wp:term":[{"taxonomy":"category","embeddable":true,"href":"https:\/\/www.copealcoy.es\/es\/wp-json\/wp\/v2\/categories?post=83437"},{"taxonomy":"post_tag","embeddable":true,"href":"https:\/\/www.copealcoy.es\/es\/wp-json\/wp\/v2\/tags?post=83437"}],"curies":[{"name":"wp","href":"https:\/\/api.w.org\/{rel}","templated":true}]}}