{"id":83418,"date":"2022-02-03T15:22:46","date_gmt":"2022-02-03T14:22:46","guid":{"rendered":"https:\/\/www.copealcoy.es\/?p=83418"},"modified":"2022-02-03T15:34:58","modified_gmt":"2022-02-03T14:34:58","slug":"alcoy-incorporara-a-partir-del-lunes-220-patinetes-electricos","status":"publish","type":"post","link":"https:\/\/www.copealcoy.es\/es\/alcoy-incorporara-a-partir-del-lunes-220-patinetes-electricos\/","title":{"rendered":"Alcoy incorporar\u00e1 a partir del lunes 220 patinetes el\u00e9ctricos"},"content":{"rendered":"<p style=\"text-align: justify;\">Alcoy incorpora <strong>nuevas herramientas para fomentar la movilidad sostenible<\/strong> en la ciudad. Se trata de <strong>220 patinetes el\u00e9ctricos<\/strong> que comenzar\u00e1n a rodar a partir del pr\u00f3ximo lunes 7 de febrero y que <strong>contar\u00e1n con sus correspondientes puntos de aparcamiento<\/strong> en varias zonas de la ciudad.<\/p>\n<p style=\"text-align: justify;\">Para poder usarlos <strong>nos tendremos que descargar la aplicaci\u00f3n m\u00f3vil Bird<\/strong> y all\u00ed encontraremos <strong>toda la informaci\u00f3n<\/strong> sobre los patinetes que hay disponibles en cada momento, el tiempo de uso e incluso la forma para poder usarlos. Para este \u00faltimo aspecto <strong>ser\u00e1 necesario abonar un euro<\/strong>, que permitir\u00e1 desbloquear el mencionado patinete, mientras que despu\u00e9s se pagar\u00e1n quince c\u00e9ntimos por minuto de uso. Las <strong>tareas de mantenimiento, carga el\u00e9ctrica y desinfecci\u00f3n de los patinetes<\/strong> se encargar\u00e1 una empresa local seg\u00fan han explicado desde Bird y el concejal de Movilidad (Jordi Mart\u00ednez).<\/p>\n<p style=\"text-align: justify;\"><a href=\"https:\/\/www.copealcoy.es\/wp-content\/uploads\/2022\/02\/com-funciona-aplicacio-bird.jpg\"><img loading=\"lazy\" decoding=\"async\" class=\"alignnone wp-image-83422 size-full\" src=\"https:\/\/www.copealcoy.es\/wp-content\/uploads\/2022\/02\/com-funciona-aplicacio-bird.jpg\" alt=\"\" width=\"2560\" height=\"1407\" srcset=\"https:\/\/www.copealcoy.es\/wp-content\/uploads\/2022\/02\/com-funciona-aplicacio-bird.jpg 2560w, https:\/\/www.copealcoy.es\/wp-content\/uploads\/2022\/02\/com-funciona-aplicacio-bird-768x422.jpg 768w, https:\/\/www.copealcoy.es\/wp-content\/uploads\/2022\/02\/com-funciona-aplicacio-bird-1536x844.jpg 1536w, https:\/\/www.copealcoy.es\/wp-content\/uploads\/2022\/02\/com-funciona-aplicacio-bird-2048x1126.jpg 2048w\" sizes=\"auto, (max-width: 2560px) 100vw, 2560px\" \/><\/a><\/p>\n<p style=\"text-align: justify;\">Este servicio <strong>se pondr\u00e1 en marcha con car\u00e1cter piloto durante un a\u00f1o<\/strong> y a partir de febrero de 2023 <strong>se decidir\u00e1 si continuar\u00e1 o no en Alcoy<\/strong>. Nuestra ciudad <strong>es una de las pioneras de la Comunitat Valenciana<\/strong> en incorporar el uso de patinetes a trav\u00e9s de esta modalidad.<\/p>\n","protected":false},"excerpt":{"rendered":"<p>Alcoy incorpora nuevas herramientas para fomentar la movilidad sostenible en la ciudad. Se trata de 220 patinetes el\u00e9ctricos que comenzar\u00e1n&#8230;<\/p>\n","protected":false},"author":1,"featured_media":83419,"comment_status":"open","ping_status":"open","sticky":false,"template":"","format":"standard","meta":{"footnotes":""},"categories":[97,75,79],"tags":[1494,204,12346,12393],"class_list":["post-83418","post","type-post","status-publish","format-standard","has-post-thumbnail","hentry","category-alcoy","category-noticias","category-politicayeconomia","tag-alcoy","tag-movilidad","tag-patinetes","tag-patinetes-electricos"],"yoast_head":"<!-- This site is optimized with the Yoast SEO plugin v27.3 - https:\/\/yoast.com\/product\/yoast-seo-wordpress\/ -->\n<title>Alcoy incorporar\u00e1 a partir del lunes 220 patinetes el\u00e9ctricos - COPE Alcoy<\/title>\n<meta name=\"robots\" content=\"index, follow, max-snippet:-1, max-image-preview:large, max-video-preview:-1\" \/>\n<link rel=\"canonical\" href=\"https:\/\/www.copealcoy.es\/es\/alcoy-incorporara-a-partir-del-lunes-220-patinetes-electricos\/\" \/>\n<meta property=\"og:locale\" content=\"es_ES\" \/>\n<meta property=\"og:type\" content=\"article\" \/>\n<meta property=\"og:title\" content=\"Alcoy incorporar\u00e1 a partir del lunes 220 patinetes el\u00e9ctricos - COPE Alcoy\" \/>\n<meta property=\"og:description\" content=\"Alcoy incorpora nuevas herramientas para fomentar la movilidad sostenible en la ciudad. Se trata de 220 patinetes el\u00e9ctricos que comenzar\u00e1n...\" \/>\n<meta property=\"og:url\" content=\"https:\/\/www.copealcoy.es\/es\/alcoy-incorporara-a-partir-del-lunes-220-patinetes-electricos\/\" \/>\n<meta property=\"og:site_name\" content=\"COPE Alcoy\" \/>\n<meta property=\"article:published_time\" content=\"2022-02-03T14:22:46+00:00\" \/>\n<meta property=\"article:modified_time\" content=\"2022-02-03T14:34:58+00:00\" \/>\n<meta property=\"og:image\" content=\"https:\/\/www.copealcoy.es\/wp-content\/uploads\/2022\/02\/El-regidor-de-Mobilitat-amb-els-nous-patinets-e1643898144485.png\" \/>\n\t<meta property=\"og:image:width\" content=\"640\" \/>\n\t<meta property=\"og:image:height\" content=\"360\" \/>\n\t<meta property=\"og:image:type\" content=\"image\/png\" \/>\n<meta name=\"author\" content=\"Cope Alcoy\" \/>\n<meta name=\"twitter:label1\" content=\"Escrito por\" \/>\n\t<meta name=\"twitter:data1\" content=\"Cope Alcoy\" \/>\n\t<meta name=\"twitter:label2\" content=\"Tiempo de lectura\" \/>\n\t<meta name=\"twitter:data2\" content=\"2 minutos\" \/>\n<script type=\"application\/ld+json\" class=\"yoast-schema-graph\">{\"@context\":\"https:\\\/\\\/schema.org\",\"@graph\":[{\"@type\":\"Article\",\"@id\":\"https:\\\/\\\/www.copealcoy.es\\\/es\\\/alcoy-incorporara-a-partir-del-lunes-220-patinetes-electricos\\\/#article\",\"isPartOf\":{\"@id\":\"https:\\\/\\\/www.copealcoy.es\\\/es\\\/alcoy-incorporara-a-partir-del-lunes-220-patinetes-electricos\\\/\"},\"author\":{\"name\":\"Cope Alcoy\",\"@id\":\"https:\\\/\\\/www.copealcoy.es\\\/es\\\/#\\\/schema\\\/person\\\/e777c87fa024e57d40170af9df39882c\"},\"headline\":\"Alcoy incorporar\u00e1 a partir del lunes 220 patinetes el\u00e9ctricos\",\"datePublished\":\"2022-02-03T14:22:46+00:00\",\"dateModified\":\"2022-02-03T14:34:58+00:00\",\"mainEntityOfPage\":{\"@id\":\"https:\\\/\\\/www.copealcoy.es\\\/es\\\/alcoy-incorporara-a-partir-del-lunes-220-patinetes-electricos\\\/\"},\"wordCount\":208,\"commentCount\":0,\"image\":{\"@id\":\"https:\\\/\\\/www.copealcoy.es\\\/es\\\/alcoy-incorporara-a-partir-del-lunes-220-patinetes-electricos\\\/#primaryimage\"},\"thumbnailUrl\":\"https:\\\/\\\/www.copealcoy.es\\\/wp-content\\\/uploads\\\/2022\\\/02\\\/El-regidor-de-Mobilitat-amb-els-nous-patinets-e1643898144485.png\",\"keywords\":[\"Alcoy\",\"Movilidad\",\"patinetes\",\"patinetes el\u00e9ctricos\"],\"articleSection\":[\"Alcoy\",\"Noticias\",\"Pol\u00edtica y Econom\u00eda\"],\"inLanguage\":\"es\"},{\"@type\":\"WebPage\",\"@id\":\"https:\\\/\\\/www.copealcoy.es\\\/es\\\/alcoy-incorporara-a-partir-del-lunes-220-patinetes-electricos\\\/\",\"url\":\"https:\\\/\\\/www.copealcoy.es\\\/es\\\/alcoy-incorporara-a-partir-del-lunes-220-patinetes-electricos\\\/\",\"name\":\"Alcoy incorporar\u00e1 a partir del lunes 220 patinetes el\u00e9ctricos - COPE Alcoy\",\"isPartOf\":{\"@id\":\"https:\\\/\\\/www.copealcoy.es\\\/es\\\/#website\"},\"primaryImageOfPage\":{\"@id\":\"https:\\\/\\\/www.copealcoy.es\\\/es\\\/alcoy-incorporara-a-partir-del-lunes-220-patinetes-electricos\\\/#primaryimage\"},\"image\":{\"@id\":\"https:\\\/\\\/www.copealcoy.es\\\/es\\\/alcoy-incorporara-a-partir-del-lunes-220-patinetes-electricos\\\/#primaryimage\"},\"thumbnailUrl\":\"https:\\\/\\\/www.copealcoy.es\\\/wp-content\\\/uploads\\\/2022\\\/02\\\/El-regidor-de-Mobilitat-amb-els-nous-patinets-e1643898144485.png\",\"datePublished\":\"2022-02-03T14:22:46+00:00\",\"dateModified\":\"2022-02-03T14:34:58+00:00\",\"author\":{\"@id\":\"https:\\\/\\\/www.copealcoy.es\\\/es\\\/#\\\/schema\\\/person\\\/e777c87fa024e57d40170af9df39882c\"},\"breadcrumb\":{\"@id\":\"https:\\\/\\\/www.copealcoy.es\\\/es\\\/alcoy-incorporara-a-partir-del-lunes-220-patinetes-electricos\\\/#breadcrumb\"},\"inLanguage\":\"es\",\"potentialAction\":[{\"@type\":\"ReadAction\",\"target\":[\"https:\\\/\\\/www.copealcoy.es\\\/es\\\/alcoy-incorporara-a-partir-del-lunes-220-patinetes-electricos\\\/\"]}]},{\"@type\":\"ImageObject\",\"inLanguage\":\"es\",\"@id\":\"https:\\\/\\\/www.copealcoy.es\\\/es\\\/alcoy-incorporara-a-partir-del-lunes-220-patinetes-electricos\\\/#primaryimage\",\"url\":\"https:\\\/\\\/www.copealcoy.es\\\/wp-content\\\/uploads\\\/2022\\\/02\\\/El-regidor-de-Mobilitat-amb-els-nous-patinets-e1643898144485.png\",\"contentUrl\":\"https:\\\/\\\/www.copealcoy.es\\\/wp-content\\\/uploads\\\/2022\\\/02\\\/El-regidor-de-Mobilitat-amb-els-nous-patinets-e1643898144485.png\",\"width\":640,\"height\":360},{\"@type\":\"BreadcrumbList\",\"@id\":\"https:\\\/\\\/www.copealcoy.es\\\/es\\\/alcoy-incorporara-a-partir-del-lunes-220-patinetes-electricos\\\/#breadcrumb\",\"itemListElement\":[{\"@type\":\"ListItem\",\"position\":1,\"name\":\"Portada\",\"item\":\"https:\\\/\\\/www.copealcoy.es\\\/es\\\/\"},{\"@type\":\"ListItem\",\"position\":2,\"name\":\"Alcoy incorporar\u00e1 a partir del lunes 220 patinetes el\u00e9ctricos\"}]},{\"@type\":\"WebSite\",\"@id\":\"https:\\\/\\\/www.copealcoy.es\\\/es\\\/#website\",\"url\":\"https:\\\/\\\/www.copealcoy.es\\\/es\\\/\",\"name\":\"COPE Alcoy\",\"description\":\"Emisora COPE de radio local con emisi\u00f3n online. Pont de Sant Jordi 8-10 03803 Alcoy\",\"potentialAction\":[{\"@type\":\"SearchAction\",\"target\":{\"@type\":\"EntryPoint\",\"urlTemplate\":\"https:\\\/\\\/www.copealcoy.es\\\/es\\\/?s={search_term_string}\"},\"query-input\":{\"@type\":\"PropertyValueSpecification\",\"valueRequired\":true,\"valueName\":\"search_term_string\"}}],\"inLanguage\":\"es\"},{\"@type\":\"Person\",\"@id\":\"https:\\\/\\\/www.copealcoy.es\\\/es\\\/#\\\/schema\\\/person\\\/e777c87fa024e57d40170af9df39882c\",\"name\":\"Cope Alcoy\",\"image\":{\"@type\":\"ImageObject\",\"inLanguage\":\"es\",\"@id\":\"https:\\\/\\\/secure.gravatar.com\\\/avatar\\\/bb65d0283347e303893ba14f0692005417c1e0e690a325a4c5d8bb2b3943ee14?s=96&d=mm&r=g\",\"url\":\"https:\\\/\\\/secure.gravatar.com\\\/avatar\\\/bb65d0283347e303893ba14f0692005417c1e0e690a325a4c5d8bb2b3943ee14?s=96&d=mm&r=g\",\"contentUrl\":\"https:\\\/\\\/secure.gravatar.com\\\/avatar\\\/bb65d0283347e303893ba14f0692005417c1e0e690a325a4c5d8bb2b3943ee14?s=96&d=mm&r=g\",\"caption\":\"Cope Alcoy\"}}]}<\/script>\n<!-- \/ Yoast SEO plugin. -->","yoast_head_json":{"title":"Alcoy incorporar\u00e1 a partir del lunes 220 patinetes el\u00e9ctricos - COPE Alcoy","robots":{"index":"index","follow":"follow","max-snippet":"max-snippet:-1","max-image-preview":"max-image-preview:large","max-video-preview":"max-video-preview:-1"},"canonical":"https:\/\/www.copealcoy.es\/es\/alcoy-incorporara-a-partir-del-lunes-220-patinetes-electricos\/","og_locale":"es_ES","og_type":"article","og_title":"Alcoy incorporar\u00e1 a partir del lunes 220 patinetes el\u00e9ctricos - COPE Alcoy","og_description":"Alcoy incorpora nuevas herramientas para fomentar la movilidad sostenible en la ciudad. Se trata de 220 patinetes el\u00e9ctricos que comenzar\u00e1n...","og_url":"https:\/\/www.copealcoy.es\/es\/alcoy-incorporara-a-partir-del-lunes-220-patinetes-electricos\/","og_site_name":"COPE Alcoy","article_published_time":"2022-02-03T14:22:46+00:00","article_modified_time":"2022-02-03T14:34:58+00:00","og_image":[{"width":640,"height":360,"url":"https:\/\/www.copealcoy.es\/wp-content\/uploads\/2022\/02\/El-regidor-de-Mobilitat-amb-els-nous-patinets-e1643898144485.png","type":"image\/png"}],"author":"Cope Alcoy","twitter_misc":{"Escrito por":"Cope Alcoy","Tiempo de lectura":"2 minutos"},"schema":{"@context":"https:\/\/schema.org","@graph":[{"@type":"Article","@id":"https:\/\/www.copealcoy.es\/es\/alcoy-incorporara-a-partir-del-lunes-220-patinetes-electricos\/#article","isPartOf":{"@id":"https:\/\/www.copealcoy.es\/es\/alcoy-incorporara-a-partir-del-lunes-220-patinetes-electricos\/"},"author":{"name":"Cope Alcoy","@id":"https:\/\/www.copealcoy.es\/es\/#\/schema\/person\/e777c87fa024e57d40170af9df39882c"},"headline":"Alcoy incorporar\u00e1 a partir del lunes 220 patinetes el\u00e9ctricos","datePublished":"2022-02-03T14:22:46+00:00","dateModified":"2022-02-03T14:34:58+00:00","mainEntityOfPage":{"@id":"https:\/\/www.copealcoy.es\/es\/alcoy-incorporara-a-partir-del-lunes-220-patinetes-electricos\/"},"wordCount":208,"commentCount":0,"image":{"@id":"https:\/\/www.copealcoy.es\/es\/alcoy-incorporara-a-partir-del-lunes-220-patinetes-electricos\/#primaryimage"},"thumbnailUrl":"https:\/\/www.copealcoy.es\/wp-content\/uploads\/2022\/02\/El-regidor-de-Mobilitat-amb-els-nous-patinets-e1643898144485.png","keywords":["Alcoy","Movilidad","patinetes","patinetes el\u00e9ctricos"],"articleSection":["Alcoy","Noticias","Pol\u00edtica y Econom\u00eda"],"inLanguage":"es"},{"@type":"WebPage","@id":"https:\/\/www.copealcoy.es\/es\/alcoy-incorporara-a-partir-del-lunes-220-patinetes-electricos\/","url":"https:\/\/www.copealcoy.es\/es\/alcoy-incorporara-a-partir-del-lunes-220-patinetes-electricos\/","name":"Alcoy incorporar\u00e1 a partir del lunes 220 patinetes el\u00e9ctricos - COPE Alcoy","isPartOf":{"@id":"https:\/\/www.copealcoy.es\/es\/#website"},"primaryImageOfPage":{"@id":"https:\/\/www.copealcoy.es\/es\/alcoy-incorporara-a-partir-del-lunes-220-patinetes-electricos\/#primaryimage"},"image":{"@id":"https:\/\/www.copealcoy.es\/es\/alcoy-incorporara-a-partir-del-lunes-220-patinetes-electricos\/#primaryimage"},"thumbnailUrl":"https:\/\/www.copealcoy.es\/wp-content\/uploads\/2022\/02\/El-regidor-de-Mobilitat-amb-els-nous-patinets-e1643898144485.png","datePublished":"2022-02-03T14:22:46+00:00","dateModified":"2022-02-03T14:34:58+00:00","author":{"@id":"https:\/\/www.copealcoy.es\/es\/#\/schema\/person\/e777c87fa024e57d40170af9df39882c"},"breadcrumb":{"@id":"https:\/\/www.copealcoy.es\/es\/alcoy-incorporara-a-partir-del-lunes-220-patinetes-electricos\/#breadcrumb"},"inLanguage":"es","potentialAction":[{"@type":"ReadAction","target":["https:\/\/www.copealcoy.es\/es\/alcoy-incorporara-a-partir-del-lunes-220-patinetes-electricos\/"]}]},{"@type":"ImageObject","inLanguage":"es","@id":"https:\/\/www.copealcoy.es\/es\/alcoy-incorporara-a-partir-del-lunes-220-patinetes-electricos\/#primaryimage","url":"https:\/\/www.copealcoy.es\/wp-content\/uploads\/2022\/02\/El-regidor-de-Mobilitat-amb-els-nous-patinets-e1643898144485.png","contentUrl":"https:\/\/www.copealcoy.es\/wp-content\/uploads\/2022\/02\/El-regidor-de-Mobilitat-amb-els-nous-patinets-e1643898144485.png","width":640,"height":360},{"@type":"BreadcrumbList","@id":"https:\/\/www.copealcoy.es\/es\/alcoy-incorporara-a-partir-del-lunes-220-patinetes-electricos\/#breadcrumb","itemListElement":[{"@type":"ListItem","position":1,"name":"Portada","item":"https:\/\/www.copealcoy.es\/es\/"},{"@type":"ListItem","position":2,"name":"Alcoy incorporar\u00e1 a partir del lunes 220 patinetes el\u00e9ctricos"}]},{"@type":"WebSite","@id":"https:\/\/www.copealcoy.es\/es\/#website","url":"https:\/\/www.copealcoy.es\/es\/","name":"COPE Alcoy","description":"Emisora COPE de radio local con emisi\u00f3n online. Pont de Sant Jordi 8-10 03803 Alcoy","potentialAction":[{"@type":"SearchAction","target":{"@type":"EntryPoint","urlTemplate":"https:\/\/www.copealcoy.es\/es\/?s={search_term_string}"},"query-input":{"@type":"PropertyValueSpecification","valueRequired":true,"valueName":"search_term_string"}}],"inLanguage":"es"},{"@type":"Person","@id":"https:\/\/www.copealcoy.es\/es\/#\/schema\/person\/e777c87fa024e57d40170af9df39882c","name":"Cope Alcoy","image":{"@type":"ImageObject","inLanguage":"es","@id":"https:\/\/secure.gravatar.com\/avatar\/bb65d0283347e303893ba14f0692005417c1e0e690a325a4c5d8bb2b3943ee14?s=96&d=mm&r=g","url":"https:\/\/secure.gravatar.com\/avatar\/bb65d0283347e303893ba14f0692005417c1e0e690a325a4c5d8bb2b3943ee14?s=96&d=mm&r=g","contentUrl":"https:\/\/secure.gravatar.com\/avatar\/bb65d0283347e303893ba14f0692005417c1e0e690a325a4c5d8bb2b3943ee14?s=96&d=mm&r=g","caption":"Cope Alcoy"}}]}},"_links":{"self":[{"href":"https:\/\/www.copealcoy.es\/es\/wp-json\/wp\/v2\/posts\/83418","targetHints":{"allow":["GET"]}}],"collection":[{"href":"https:\/\/www.copealcoy.es\/es\/wp-json\/wp\/v2\/posts"}],"about":[{"href":"https:\/\/www.copealcoy.es\/es\/wp-json\/wp\/v2\/types\/post"}],"author":[{"embeddable":true,"href":"https:\/\/www.copealcoy.es\/es\/wp-json\/wp\/v2\/users\/1"}],"replies":[{"embeddable":true,"href":"https:\/\/www.copealcoy.es\/es\/wp-json\/wp\/v2\/comments?post=83418"}],"version-history":[{"count":0,"href":"https:\/\/www.copealcoy.es\/es\/wp-json\/wp\/v2\/posts\/83418\/revisions"}],"wp:featuredmedia":[{"embeddable":true,"href":"https:\/\/www.copealcoy.es\/es\/wp-json\/wp\/v2\/media\/83419"}],"wp:attachment":[{"href":"https:\/\/www.copealcoy.es\/es\/wp-json\/wp\/v2\/media?parent=83418"}],"wp:term":[{"taxonomy":"category","embeddable":true,"href":"https:\/\/www.copealcoy.es\/es\/wp-json\/wp\/v2\/categories?post=83418"},{"taxonomy":"post_tag","embeddable":true,"href":"https:\/\/www.copealcoy.es\/es\/wp-json\/wp\/v2\/tags?post=83418"}],"curies":[{"name":"wp","href":"https:\/\/api.w.org\/{rel}","templated":true}]}}