{"id":83398,"date":"2022-02-03T14:29:57","date_gmt":"2022-02-03T13:29:57","guid":{"rendered":"https:\/\/www.copealcoy.es\/?p=83398"},"modified":"2022-02-03T14:36:47","modified_gmt":"2022-02-03T13:36:47","slug":"hasta-cuando-sera-obligatoria-la-mascarilla-en-la-comunitat-valenciana","status":"publish","type":"post","link":"https:\/\/www.copealcoy.es\/es\/hasta-cuando-sera-obligatoria-la-mascarilla-en-la-comunitat-valenciana\/","title":{"rendered":"\u00bfHasta cu\u00e1ndo ser\u00e1 obligatoria la mascarilla en la Comunitat Valenciana?"},"content":{"rendered":"<p style=\"text-align: justify;\">El <strong>Presidente de la Generalitat, Ximo Puig, se ha mostrado partidario de la obligatoriedad del uso de mascarilla en exteriores<\/strong>\u00a0porque &#8220;<em>es un s\u00edmbolo de que la pandemia est\u00e1 entre nosotros<\/em>&#8220;.<\/p>\n<p style=\"text-align: justify;\">Puig ha defendido que <strong>las mascarillas<\/strong> &#8220;<em>han sido sin lugar a duda uno de los elementos clave para superar la pandemia<\/em>&#8221; y &#8220;<em>el gran protector que hemos tenido<\/em>&#8220;, al tiempo que ha insistido en que el coronavirus &#8220;<em>contin\u00faa entre nosotros<\/em>&#8220;.<\/p>\n<p style=\"text-align: justify;\">Por ello, cree que <em>&#8220;llevar la mascarilla en la calle no es ning\u00fan problema en principio y advierte es un s\u00edmbolo d que la pandemia est\u00e1 entre nosotros&#8221;.<\/em><\/p>\n<p style=\"text-align: justify;\">As\u00ed, <strong>ha afirmado<\/strong> que\u00a0<em>&#8220;cuando antes se pueda quitar en la calle, mejor&#8221;<\/em><strong>, pero ha abogado por <\/strong><em>&#8220;administrar la gesti\u00f3n de la pandemia con prudencia&#8221;.<\/em>\u00a0Pero asegura que, &#8220;<em>cualquier retirada ha de ser muy sopesada y hay que buscar una retirada prudente<\/em>&#8220;<\/p>\n<p style=\"text-align: justify;\">En esta l\u00ednea, <strong>ha considerado<\/strong> que &#8220;<em>todav\u00eda es importante que, en la calle, cuando hay tantas personas que se contagian, se sepa que estamos en pandemia<\/em>&#8220;.<\/p>\n<p style=\"text-align: justify;\">El President de la Generalitat asegur\u00f3 que <strong>la estabilizaci\u00f3n de los contagios en la Comunitat Valenciana es evidente<\/strong>, pero a\u00fan no ha pasado la sexta ola y <strong>sigue habiendo enfermos y muertos<\/strong> debido a la pandemia, por lo que insisti\u00f3 en la prudencia a la hora de adoptar cualquier decisi\u00f3n.<\/p>\n<p style=\"text-align: justify;\">Recordar que en la Comunitat Valenciana adem\u00e1s del uso de la mascarilla en exteriores, medida que viene marcada por el ejecutivo central, <b>est\u00e1 en vigor el pasaporte covid para acceder a determinados establecimientos, as\u00ed como la limitaci\u00f3n a un m\u00e1ximo de 10 personas por mesa en el interior de los locales.<\/b> Medidas que el Gobierno Valenciano <strong>ha prorrogado hasta el pr\u00f3ximo 28 de febrero<\/strong>.<\/p>\n","protected":false},"excerpt":{"rendered":"<p>El Presidente de la Generalitat, Ximo Puig, se ha mostrado partidario de la obligatoriedad del uso de mascarilla en exteriores\u00a0porque&#8230;<\/p>\n","protected":false},"author":5,"featured_media":61289,"comment_status":"open","ping_status":"open","sticky":false,"template":"","format":"standard","meta":{"footnotes":""},"categories":[98,75],"tags":[1768,7281,10050,11679,7477],"class_list":["post-83398","post","type-post","status-publish","format-standard","has-post-thumbnail","hentry","category-comarcas","category-noticias","tag-comunitat-valenciana","tag-coronavirus","tag-crisis-sanitaria","tag-mascarilla","tag-pandemia"],"yoast_head":"<!-- This site is optimized with the Yoast SEO plugin v27.3 - https:\/\/yoast.com\/product\/yoast-seo-wordpress\/ -->\n<title>\u00bfHasta cu\u00e1ndo ser\u00e1 obligatoria la mascarilla en la Comunitat Valenciana? - COPE Alcoy<\/title>\n<meta name=\"robots\" content=\"index, follow, max-snippet:-1, max-image-preview:large, max-video-preview:-1\" \/>\n<link rel=\"canonical\" href=\"https:\/\/www.copealcoy.es\/es\/hasta-cuando-sera-obligatoria-la-mascarilla-en-la-comunitat-valenciana\/\" \/>\n<meta property=\"og:locale\" content=\"es_ES\" \/>\n<meta property=\"og:type\" content=\"article\" \/>\n<meta property=\"og:title\" content=\"\u00bfHasta cu\u00e1ndo ser\u00e1 obligatoria la mascarilla en la Comunitat Valenciana? - COPE Alcoy\" \/>\n<meta property=\"og:description\" content=\"El Presidente de la Generalitat, Ximo Puig, se ha mostrado partidario de la obligatoriedad del uso de mascarilla en exteriores\u00a0porque...\" \/>\n<meta property=\"og:url\" content=\"https:\/\/www.copealcoy.es\/es\/hasta-cuando-sera-obligatoria-la-mascarilla-en-la-comunitat-valenciana\/\" \/>\n<meta property=\"og:site_name\" content=\"COPE Alcoy\" \/>\n<meta property=\"article:published_time\" content=\"2022-02-03T13:29:57+00:00\" \/>\n<meta property=\"article:modified_time\" content=\"2022-02-03T13:36:47+00:00\" \/>\n<meta property=\"og:image\" content=\"https:\/\/www.copealcoy.es\/wp-content\/uploads\/2020\/03\/mascarillas-1.jpg\" \/>\n\t<meta property=\"og:image:width\" content=\"690\" \/>\n\t<meta property=\"og:image:height\" content=\"309\" \/>\n\t<meta property=\"og:image:type\" content=\"image\/jpeg\" \/>\n<meta name=\"author\" content=\"Mireia Rodrigo\" \/>\n<meta name=\"twitter:label1\" content=\"Escrito por\" \/>\n\t<meta name=\"twitter:data1\" content=\"Mireia Rodrigo\" \/>\n\t<meta name=\"twitter:label2\" content=\"Tiempo de lectura\" \/>\n\t<meta name=\"twitter:data2\" content=\"2 minutos\" \/>\n<script type=\"application\/ld+json\" class=\"yoast-schema-graph\">{\"@context\":\"https:\\\/\\\/schema.org\",\"@graph\":[{\"@type\":\"Article\",\"@id\":\"https:\\\/\\\/www.copealcoy.es\\\/es\\\/hasta-cuando-sera-obligatoria-la-mascarilla-en-la-comunitat-valenciana\\\/#article\",\"isPartOf\":{\"@id\":\"https:\\\/\\\/www.copealcoy.es\\\/es\\\/hasta-cuando-sera-obligatoria-la-mascarilla-en-la-comunitat-valenciana\\\/\"},\"author\":{\"name\":\"Mireia Rodrigo\",\"@id\":\"https:\\\/\\\/www.copealcoy.es\\\/es\\\/#\\\/schema\\\/person\\\/54113dad28b95a6b8a007d2566b1ff3d\"},\"headline\":\"\u00bfHasta cu\u00e1ndo ser\u00e1 obligatoria la mascarilla en la Comunitat Valenciana?\",\"datePublished\":\"2022-02-03T13:29:57+00:00\",\"dateModified\":\"2022-02-03T13:36:47+00:00\",\"mainEntityOfPage\":{\"@id\":\"https:\\\/\\\/www.copealcoy.es\\\/es\\\/hasta-cuando-sera-obligatoria-la-mascarilla-en-la-comunitat-valenciana\\\/\"},\"wordCount\":304,\"commentCount\":0,\"image\":{\"@id\":\"https:\\\/\\\/www.copealcoy.es\\\/es\\\/hasta-cuando-sera-obligatoria-la-mascarilla-en-la-comunitat-valenciana\\\/#primaryimage\"},\"thumbnailUrl\":\"https:\\\/\\\/www.copealcoy.es\\\/wp-content\\\/uploads\\\/2020\\\/03\\\/mascarillas-1.jpg\",\"keywords\":[\"Comunitat Valenciana\",\"Coronavirus\",\"crisis sanitaria\",\"Mascarilla\",\"pandemia\"],\"articleSection\":[\"Comarcas\",\"Noticias\"],\"inLanguage\":\"es\"},{\"@type\":\"WebPage\",\"@id\":\"https:\\\/\\\/www.copealcoy.es\\\/es\\\/hasta-cuando-sera-obligatoria-la-mascarilla-en-la-comunitat-valenciana\\\/\",\"url\":\"https:\\\/\\\/www.copealcoy.es\\\/es\\\/hasta-cuando-sera-obligatoria-la-mascarilla-en-la-comunitat-valenciana\\\/\",\"name\":\"\u00bfHasta cu\u00e1ndo ser\u00e1 obligatoria la mascarilla en la Comunitat Valenciana? - COPE Alcoy\",\"isPartOf\":{\"@id\":\"https:\\\/\\\/www.copealcoy.es\\\/es\\\/#website\"},\"primaryImageOfPage\":{\"@id\":\"https:\\\/\\\/www.copealcoy.es\\\/es\\\/hasta-cuando-sera-obligatoria-la-mascarilla-en-la-comunitat-valenciana\\\/#primaryimage\"},\"image\":{\"@id\":\"https:\\\/\\\/www.copealcoy.es\\\/es\\\/hasta-cuando-sera-obligatoria-la-mascarilla-en-la-comunitat-valenciana\\\/#primaryimage\"},\"thumbnailUrl\":\"https:\\\/\\\/www.copealcoy.es\\\/wp-content\\\/uploads\\\/2020\\\/03\\\/mascarillas-1.jpg\",\"datePublished\":\"2022-02-03T13:29:57+00:00\",\"dateModified\":\"2022-02-03T13:36:47+00:00\",\"author\":{\"@id\":\"https:\\\/\\\/www.copealcoy.es\\\/es\\\/#\\\/schema\\\/person\\\/54113dad28b95a6b8a007d2566b1ff3d\"},\"breadcrumb\":{\"@id\":\"https:\\\/\\\/www.copealcoy.es\\\/es\\\/hasta-cuando-sera-obligatoria-la-mascarilla-en-la-comunitat-valenciana\\\/#breadcrumb\"},\"inLanguage\":\"es\",\"potentialAction\":[{\"@type\":\"ReadAction\",\"target\":[\"https:\\\/\\\/www.copealcoy.es\\\/es\\\/hasta-cuando-sera-obligatoria-la-mascarilla-en-la-comunitat-valenciana\\\/\"]}]},{\"@type\":\"ImageObject\",\"inLanguage\":\"es\",\"@id\":\"https:\\\/\\\/www.copealcoy.es\\\/es\\\/hasta-cuando-sera-obligatoria-la-mascarilla-en-la-comunitat-valenciana\\\/#primaryimage\",\"url\":\"https:\\\/\\\/www.copealcoy.es\\\/wp-content\\\/uploads\\\/2020\\\/03\\\/mascarillas-1.jpg\",\"contentUrl\":\"https:\\\/\\\/www.copealcoy.es\\\/wp-content\\\/uploads\\\/2020\\\/03\\\/mascarillas-1.jpg\",\"width\":690,\"height\":309},{\"@type\":\"BreadcrumbList\",\"@id\":\"https:\\\/\\\/www.copealcoy.es\\\/es\\\/hasta-cuando-sera-obligatoria-la-mascarilla-en-la-comunitat-valenciana\\\/#breadcrumb\",\"itemListElement\":[{\"@type\":\"ListItem\",\"position\":1,\"name\":\"Portada\",\"item\":\"https:\\\/\\\/www.copealcoy.es\\\/es\\\/\"},{\"@type\":\"ListItem\",\"position\":2,\"name\":\"\u00bfHasta cu\u00e1ndo ser\u00e1 obligatoria la mascarilla en la Comunitat Valenciana?\"}]},{\"@type\":\"WebSite\",\"@id\":\"https:\\\/\\\/www.copealcoy.es\\\/es\\\/#website\",\"url\":\"https:\\\/\\\/www.copealcoy.es\\\/es\\\/\",\"name\":\"COPE Alcoy\",\"description\":\"Emisora COPE de radio local con emisi\u00f3n online. Pont de Sant Jordi 8-10 03803 Alcoy\",\"potentialAction\":[{\"@type\":\"SearchAction\",\"target\":{\"@type\":\"EntryPoint\",\"urlTemplate\":\"https:\\\/\\\/www.copealcoy.es\\\/es\\\/?s={search_term_string}\"},\"query-input\":{\"@type\":\"PropertyValueSpecification\",\"valueRequired\":true,\"valueName\":\"search_term_string\"}}],\"inLanguage\":\"es\"},{\"@type\":\"Person\",\"@id\":\"https:\\\/\\\/www.copealcoy.es\\\/es\\\/#\\\/schema\\\/person\\\/54113dad28b95a6b8a007d2566b1ff3d\",\"name\":\"Mireia Rodrigo\",\"image\":{\"@type\":\"ImageObject\",\"inLanguage\":\"es\",\"@id\":\"https:\\\/\\\/secure.gravatar.com\\\/avatar\\\/aeb041f8c3ec7feb35f288806dfae23fa1c6fc0fa34c665a83a313edd0ca630c?s=96&d=mm&r=g\",\"url\":\"https:\\\/\\\/secure.gravatar.com\\\/avatar\\\/aeb041f8c3ec7feb35f288806dfae23fa1c6fc0fa34c665a83a313edd0ca630c?s=96&d=mm&r=g\",\"contentUrl\":\"https:\\\/\\\/secure.gravatar.com\\\/avatar\\\/aeb041f8c3ec7feb35f288806dfae23fa1c6fc0fa34c665a83a313edd0ca630c?s=96&d=mm&r=g\",\"caption\":\"Mireia Rodrigo\"}}]}<\/script>\n<!-- \/ Yoast SEO plugin. -->","yoast_head_json":{"title":"\u00bfHasta cu\u00e1ndo ser\u00e1 obligatoria la mascarilla en la Comunitat Valenciana? - COPE Alcoy","robots":{"index":"index","follow":"follow","max-snippet":"max-snippet:-1","max-image-preview":"max-image-preview:large","max-video-preview":"max-video-preview:-1"},"canonical":"https:\/\/www.copealcoy.es\/es\/hasta-cuando-sera-obligatoria-la-mascarilla-en-la-comunitat-valenciana\/","og_locale":"es_ES","og_type":"article","og_title":"\u00bfHasta cu\u00e1ndo ser\u00e1 obligatoria la mascarilla en la Comunitat Valenciana? - COPE Alcoy","og_description":"El Presidente de la Generalitat, Ximo Puig, se ha mostrado partidario de la obligatoriedad del uso de mascarilla en exteriores\u00a0porque...","og_url":"https:\/\/www.copealcoy.es\/es\/hasta-cuando-sera-obligatoria-la-mascarilla-en-la-comunitat-valenciana\/","og_site_name":"COPE Alcoy","article_published_time":"2022-02-03T13:29:57+00:00","article_modified_time":"2022-02-03T13:36:47+00:00","og_image":[{"width":690,"height":309,"url":"https:\/\/www.copealcoy.es\/wp-content\/uploads\/2020\/03\/mascarillas-1.jpg","type":"image\/jpeg"}],"author":"Mireia Rodrigo","twitter_misc":{"Escrito por":"Mireia Rodrigo","Tiempo de lectura":"2 minutos"},"schema":{"@context":"https:\/\/schema.org","@graph":[{"@type":"Article","@id":"https:\/\/www.copealcoy.es\/es\/hasta-cuando-sera-obligatoria-la-mascarilla-en-la-comunitat-valenciana\/#article","isPartOf":{"@id":"https:\/\/www.copealcoy.es\/es\/hasta-cuando-sera-obligatoria-la-mascarilla-en-la-comunitat-valenciana\/"},"author":{"name":"Mireia Rodrigo","@id":"https:\/\/www.copealcoy.es\/es\/#\/schema\/person\/54113dad28b95a6b8a007d2566b1ff3d"},"headline":"\u00bfHasta cu\u00e1ndo ser\u00e1 obligatoria la mascarilla en la Comunitat Valenciana?","datePublished":"2022-02-03T13:29:57+00:00","dateModified":"2022-02-03T13:36:47+00:00","mainEntityOfPage":{"@id":"https:\/\/www.copealcoy.es\/es\/hasta-cuando-sera-obligatoria-la-mascarilla-en-la-comunitat-valenciana\/"},"wordCount":304,"commentCount":0,"image":{"@id":"https:\/\/www.copealcoy.es\/es\/hasta-cuando-sera-obligatoria-la-mascarilla-en-la-comunitat-valenciana\/#primaryimage"},"thumbnailUrl":"https:\/\/www.copealcoy.es\/wp-content\/uploads\/2020\/03\/mascarillas-1.jpg","keywords":["Comunitat Valenciana","Coronavirus","crisis sanitaria","Mascarilla","pandemia"],"articleSection":["Comarcas","Noticias"],"inLanguage":"es"},{"@type":"WebPage","@id":"https:\/\/www.copealcoy.es\/es\/hasta-cuando-sera-obligatoria-la-mascarilla-en-la-comunitat-valenciana\/","url":"https:\/\/www.copealcoy.es\/es\/hasta-cuando-sera-obligatoria-la-mascarilla-en-la-comunitat-valenciana\/","name":"\u00bfHasta cu\u00e1ndo ser\u00e1 obligatoria la mascarilla en la Comunitat Valenciana? - COPE Alcoy","isPartOf":{"@id":"https:\/\/www.copealcoy.es\/es\/#website"},"primaryImageOfPage":{"@id":"https:\/\/www.copealcoy.es\/es\/hasta-cuando-sera-obligatoria-la-mascarilla-en-la-comunitat-valenciana\/#primaryimage"},"image":{"@id":"https:\/\/www.copealcoy.es\/es\/hasta-cuando-sera-obligatoria-la-mascarilla-en-la-comunitat-valenciana\/#primaryimage"},"thumbnailUrl":"https:\/\/www.copealcoy.es\/wp-content\/uploads\/2020\/03\/mascarillas-1.jpg","datePublished":"2022-02-03T13:29:57+00:00","dateModified":"2022-02-03T13:36:47+00:00","author":{"@id":"https:\/\/www.copealcoy.es\/es\/#\/schema\/person\/54113dad28b95a6b8a007d2566b1ff3d"},"breadcrumb":{"@id":"https:\/\/www.copealcoy.es\/es\/hasta-cuando-sera-obligatoria-la-mascarilla-en-la-comunitat-valenciana\/#breadcrumb"},"inLanguage":"es","potentialAction":[{"@type":"ReadAction","target":["https:\/\/www.copealcoy.es\/es\/hasta-cuando-sera-obligatoria-la-mascarilla-en-la-comunitat-valenciana\/"]}]},{"@type":"ImageObject","inLanguage":"es","@id":"https:\/\/www.copealcoy.es\/es\/hasta-cuando-sera-obligatoria-la-mascarilla-en-la-comunitat-valenciana\/#primaryimage","url":"https:\/\/www.copealcoy.es\/wp-content\/uploads\/2020\/03\/mascarillas-1.jpg","contentUrl":"https:\/\/www.copealcoy.es\/wp-content\/uploads\/2020\/03\/mascarillas-1.jpg","width":690,"height":309},{"@type":"BreadcrumbList","@id":"https:\/\/www.copealcoy.es\/es\/hasta-cuando-sera-obligatoria-la-mascarilla-en-la-comunitat-valenciana\/#breadcrumb","itemListElement":[{"@type":"ListItem","position":1,"name":"Portada","item":"https:\/\/www.copealcoy.es\/es\/"},{"@type":"ListItem","position":2,"name":"\u00bfHasta cu\u00e1ndo ser\u00e1 obligatoria la mascarilla en la Comunitat Valenciana?"}]},{"@type":"WebSite","@id":"https:\/\/www.copealcoy.es\/es\/#website","url":"https:\/\/www.copealcoy.es\/es\/","name":"COPE Alcoy","description":"Emisora COPE de radio local con emisi\u00f3n online. Pont de Sant Jordi 8-10 03803 Alcoy","potentialAction":[{"@type":"SearchAction","target":{"@type":"EntryPoint","urlTemplate":"https:\/\/www.copealcoy.es\/es\/?s={search_term_string}"},"query-input":{"@type":"PropertyValueSpecification","valueRequired":true,"valueName":"search_term_string"}}],"inLanguage":"es"},{"@type":"Person","@id":"https:\/\/www.copealcoy.es\/es\/#\/schema\/person\/54113dad28b95a6b8a007d2566b1ff3d","name":"Mireia Rodrigo","image":{"@type":"ImageObject","inLanguage":"es","@id":"https:\/\/secure.gravatar.com\/avatar\/aeb041f8c3ec7feb35f288806dfae23fa1c6fc0fa34c665a83a313edd0ca630c?s=96&d=mm&r=g","url":"https:\/\/secure.gravatar.com\/avatar\/aeb041f8c3ec7feb35f288806dfae23fa1c6fc0fa34c665a83a313edd0ca630c?s=96&d=mm&r=g","contentUrl":"https:\/\/secure.gravatar.com\/avatar\/aeb041f8c3ec7feb35f288806dfae23fa1c6fc0fa34c665a83a313edd0ca630c?s=96&d=mm&r=g","caption":"Mireia Rodrigo"}}]}},"_links":{"self":[{"href":"https:\/\/www.copealcoy.es\/es\/wp-json\/wp\/v2\/posts\/83398","targetHints":{"allow":["GET"]}}],"collection":[{"href":"https:\/\/www.copealcoy.es\/es\/wp-json\/wp\/v2\/posts"}],"about":[{"href":"https:\/\/www.copealcoy.es\/es\/wp-json\/wp\/v2\/types\/post"}],"author":[{"embeddable":true,"href":"https:\/\/www.copealcoy.es\/es\/wp-json\/wp\/v2\/users\/5"}],"replies":[{"embeddable":true,"href":"https:\/\/www.copealcoy.es\/es\/wp-json\/wp\/v2\/comments?post=83398"}],"version-history":[{"count":0,"href":"https:\/\/www.copealcoy.es\/es\/wp-json\/wp\/v2\/posts\/83398\/revisions"}],"wp:featuredmedia":[{"embeddable":true,"href":"https:\/\/www.copealcoy.es\/es\/wp-json\/wp\/v2\/media\/61289"}],"wp:attachment":[{"href":"https:\/\/www.copealcoy.es\/es\/wp-json\/wp\/v2\/media?parent=83398"}],"wp:term":[{"taxonomy":"category","embeddable":true,"href":"https:\/\/www.copealcoy.es\/es\/wp-json\/wp\/v2\/categories?post=83398"},{"taxonomy":"post_tag","embeddable":true,"href":"https:\/\/www.copealcoy.es\/es\/wp-json\/wp\/v2\/tags?post=83398"}],"curies":[{"name":"wp","href":"https:\/\/api.w.org\/{rel}","templated":true}]}}