{"id":83369,"date":"2022-02-02T19:27:05","date_gmt":"2022-02-02T18:27:05","guid":{"rendered":"https:\/\/www.copealcoy.es\/?p=83369"},"modified":"2022-02-02T19:29:28","modified_gmt":"2022-02-02T18:29:28","slug":"nuevo-record-de-fallecidos-por-coronavirus-en-la-comunitat","status":"publish","type":"post","link":"https:\/\/www.copealcoy.es\/es\/nuevo-record-de-fallecidos-por-coronavirus-en-la-comunitat\/","title":{"rendered":"Nuevo r\u00e9cord de fallecidos por Coronavirus en la Comunitat"},"content":{"rendered":"<p style=\"text-align: justify;\">La<strong> Conselleria de Sanidad Universal y Salud P\u00fablica ha notificado un total de 17.677 nuevos casos positivos de Coronavirus<\/strong>\u00a0confirmados por prueba PCR o a trav\u00e9s de test de ant\u00edgenos. Con esta actualizaci\u00f3n, <strong>la cifra total de positivos<\/strong> se sit\u00faa en 1.150.738 personas.<\/p>\n<p style=\"text-align: justify;\">El<strong> n\u00famero de altas supera por tercer d\u00eda al n\u00famero de nuevos casos. As\u00ed, se han registrado 22.076 altas a pacientes con Coronavirus, 4.399 m\u00e1s que nuevos casos. <\/strong>De esta forma, <strong>el n\u00famero de personas que han superado la enfermedad<\/strong> desde que comenz\u00f3 la pandemia en la Comunitat Valenciana asciende a 965.020 personas. Por <strong>provincias<\/strong>, las altas se distribuyen as\u00ed: 116.268 en Castell\u00f3n, <strong>347.391 en Alicante<\/strong> y 501.301 en Valencia. El <strong>total de altas no asignadas asciende a 60<\/strong>, al haberse registrado una nueva en la \u00faltima actualizaci\u00f3n.<\/p>\n<p style=\"text-align: justify;\">Los<strong> hospitales valencianos <\/strong>tienen, actualmente, <strong>1.756 personas ingresadas, 174 de ellas en la UCI:<\/strong>\u00a0256 en la provincia de Castell\u00f3n, 16 en UCI; <strong>575 en la provincia de Alicante<\/strong>, 60 de ellas en la UCI; y 925 en la provincia de Valencia, 98 en UCI.<\/p>\n<p style=\"text-align: justify;\">Se han notificado\u00a0<strong>51 fallecimientos por Coronavirus desde la \u00faltima actualizaci\u00f3n, todos ellos son personas fallecidas durante los \u00faltimos siete d\u00edas. Se trata 20 mujeres de entre 51 y 95 a\u00f1os; y 31 hombres, de entre 54 y 104 a\u00f1os.<\/strong>\u00a0El <strong>total de decesos<\/strong> desde el inicio de la pandemia asciende a 8.615: 985 en la provincia de Castell\u00f3n, <strong>3.306 en la de Alicante<\/strong> y 4.324 en la de Valencia.<\/p>\n<p style=\"text-align: justify;\">De acuerdo con los datos registrados,\u00a0<strong>en estos momentos hay 188.544 casos activos,<\/strong>\u00a0lo que supone <strong>un 16,22% del total de positivos<\/strong>.<\/p>\n","protected":false},"excerpt":{"rendered":"<p>La Conselleria de Sanidad Universal y Salud P\u00fablica ha notificado un total de 17.677 nuevos casos positivos de Coronavirus\u00a0confirmados por&#8230;<\/p>\n","protected":false},"author":1,"featured_media":62059,"comment_status":"open","ping_status":"open","sticky":false,"template":"","format":"standard","meta":{"footnotes":""},"categories":[6909,75,125],"tags":[639,7401,7281,10050],"class_list":["post-83369","post","type-post","status-publish","format-standard","has-post-thumbnail","hentry","category-actualidad","category-noticias","category-portada","tag-comunidad-valenciana","tag-contagios","tag-coronavirus","tag-crisis-sanitaria"],"yoast_head":"<!-- This site is optimized with the Yoast SEO plugin v27.3 - https:\/\/yoast.com\/product\/yoast-seo-wordpress\/ -->\n<title>Nuevo r\u00e9cord de fallecidos por Coronavirus en la Comunitat - COPE Alcoy<\/title>\n<meta name=\"robots\" content=\"index, follow, max-snippet:-1, max-image-preview:large, max-video-preview:-1\" \/>\n<link rel=\"canonical\" href=\"https:\/\/www.copealcoy.es\/es\/nuevo-record-de-fallecidos-por-coronavirus-en-la-comunitat\/\" \/>\n<meta property=\"og:locale\" content=\"es_ES\" \/>\n<meta property=\"og:type\" content=\"article\" \/>\n<meta property=\"og:title\" content=\"Nuevo r\u00e9cord de fallecidos por Coronavirus en la Comunitat - COPE Alcoy\" \/>\n<meta property=\"og:description\" content=\"La Conselleria de Sanidad Universal y Salud P\u00fablica ha notificado un total de 17.677 nuevos casos positivos de Coronavirus\u00a0confirmados por...\" \/>\n<meta property=\"og:url\" content=\"https:\/\/www.copealcoy.es\/es\/nuevo-record-de-fallecidos-por-coronavirus-en-la-comunitat\/\" \/>\n<meta property=\"og:site_name\" content=\"COPE Alcoy\" \/>\n<meta property=\"article:published_time\" content=\"2022-02-02T18:27:05+00:00\" \/>\n<meta property=\"article:modified_time\" content=\"2022-02-02T18:29:28+00:00\" \/>\n<meta property=\"og:image\" content=\"https:\/\/www.copealcoy.es\/wp-content\/uploads\/2020\/04\/Captura-de-pantalla-2020-04-22-a-las-17.34.34-1.jpg\" \/>\n\t<meta property=\"og:image:width\" content=\"931\" \/>\n\t<meta property=\"og:image:height\" content=\"436\" \/>\n\t<meta property=\"og:image:type\" content=\"image\/jpeg\" \/>\n<meta name=\"author\" content=\"Cope Alcoy\" \/>\n<meta name=\"twitter:label1\" content=\"Escrito por\" \/>\n\t<meta name=\"twitter:data1\" content=\"Cope Alcoy\" \/>\n\t<meta name=\"twitter:label2\" content=\"Tiempo de lectura\" \/>\n\t<meta name=\"twitter:data2\" content=\"2 minutos\" \/>\n<script type=\"application\/ld+json\" class=\"yoast-schema-graph\">{\"@context\":\"https:\\\/\\\/schema.org\",\"@graph\":[{\"@type\":\"Article\",\"@id\":\"https:\\\/\\\/www.copealcoy.es\\\/es\\\/nuevo-record-de-fallecidos-por-coronavirus-en-la-comunitat\\\/#article\",\"isPartOf\":{\"@id\":\"https:\\\/\\\/www.copealcoy.es\\\/es\\\/nuevo-record-de-fallecidos-por-coronavirus-en-la-comunitat\\\/\"},\"author\":{\"name\":\"Cope Alcoy\",\"@id\":\"https:\\\/\\\/www.copealcoy.es\\\/es\\\/#\\\/schema\\\/person\\\/e777c87fa024e57d40170af9df39882c\"},\"headline\":\"Nuevo r\u00e9cord de fallecidos por Coronavirus en la Comunitat\",\"datePublished\":\"2022-02-02T18:27:05+00:00\",\"dateModified\":\"2022-02-02T18:29:28+00:00\",\"mainEntityOfPage\":{\"@id\":\"https:\\\/\\\/www.copealcoy.es\\\/es\\\/nuevo-record-de-fallecidos-por-coronavirus-en-la-comunitat\\\/\"},\"wordCount\":266,\"commentCount\":0,\"image\":{\"@id\":\"https:\\\/\\\/www.copealcoy.es\\\/es\\\/nuevo-record-de-fallecidos-por-coronavirus-en-la-comunitat\\\/#primaryimage\"},\"thumbnailUrl\":\"https:\\\/\\\/www.copealcoy.es\\\/wp-content\\\/uploads\\\/2020\\\/04\\\/Captura-de-pantalla-2020-04-22-a-las-17.34.34-1.jpg\",\"keywords\":[\"Comunidad Valenciana\",\"contagios\",\"Coronavirus\",\"crisis sanitaria\"],\"articleSection\":[\"Actualidad\",\"Noticias\",\"Portada\"],\"inLanguage\":\"es\"},{\"@type\":\"WebPage\",\"@id\":\"https:\\\/\\\/www.copealcoy.es\\\/es\\\/nuevo-record-de-fallecidos-por-coronavirus-en-la-comunitat\\\/\",\"url\":\"https:\\\/\\\/www.copealcoy.es\\\/es\\\/nuevo-record-de-fallecidos-por-coronavirus-en-la-comunitat\\\/\",\"name\":\"Nuevo r\u00e9cord de fallecidos por Coronavirus en la Comunitat - COPE Alcoy\",\"isPartOf\":{\"@id\":\"https:\\\/\\\/www.copealcoy.es\\\/es\\\/#website\"},\"primaryImageOfPage\":{\"@id\":\"https:\\\/\\\/www.copealcoy.es\\\/es\\\/nuevo-record-de-fallecidos-por-coronavirus-en-la-comunitat\\\/#primaryimage\"},\"image\":{\"@id\":\"https:\\\/\\\/www.copealcoy.es\\\/es\\\/nuevo-record-de-fallecidos-por-coronavirus-en-la-comunitat\\\/#primaryimage\"},\"thumbnailUrl\":\"https:\\\/\\\/www.copealcoy.es\\\/wp-content\\\/uploads\\\/2020\\\/04\\\/Captura-de-pantalla-2020-04-22-a-las-17.34.34-1.jpg\",\"datePublished\":\"2022-02-02T18:27:05+00:00\",\"dateModified\":\"2022-02-02T18:29:28+00:00\",\"author\":{\"@id\":\"https:\\\/\\\/www.copealcoy.es\\\/es\\\/#\\\/schema\\\/person\\\/e777c87fa024e57d40170af9df39882c\"},\"breadcrumb\":{\"@id\":\"https:\\\/\\\/www.copealcoy.es\\\/es\\\/nuevo-record-de-fallecidos-por-coronavirus-en-la-comunitat\\\/#breadcrumb\"},\"inLanguage\":\"es\",\"potentialAction\":[{\"@type\":\"ReadAction\",\"target\":[\"https:\\\/\\\/www.copealcoy.es\\\/es\\\/nuevo-record-de-fallecidos-por-coronavirus-en-la-comunitat\\\/\"]}]},{\"@type\":\"ImageObject\",\"inLanguage\":\"es\",\"@id\":\"https:\\\/\\\/www.copealcoy.es\\\/es\\\/nuevo-record-de-fallecidos-por-coronavirus-en-la-comunitat\\\/#primaryimage\",\"url\":\"https:\\\/\\\/www.copealcoy.es\\\/wp-content\\\/uploads\\\/2020\\\/04\\\/Captura-de-pantalla-2020-04-22-a-las-17.34.34-1.jpg\",\"contentUrl\":\"https:\\\/\\\/www.copealcoy.es\\\/wp-content\\\/uploads\\\/2020\\\/04\\\/Captura-de-pantalla-2020-04-22-a-las-17.34.34-1.jpg\",\"width\":931,\"height\":436},{\"@type\":\"BreadcrumbList\",\"@id\":\"https:\\\/\\\/www.copealcoy.es\\\/es\\\/nuevo-record-de-fallecidos-por-coronavirus-en-la-comunitat\\\/#breadcrumb\",\"itemListElement\":[{\"@type\":\"ListItem\",\"position\":1,\"name\":\"Portada\",\"item\":\"https:\\\/\\\/www.copealcoy.es\\\/es\\\/\"},{\"@type\":\"ListItem\",\"position\":2,\"name\":\"Nuevo r\u00e9cord de fallecidos por Coronavirus en la Comunitat\"}]},{\"@type\":\"WebSite\",\"@id\":\"https:\\\/\\\/www.copealcoy.es\\\/es\\\/#website\",\"url\":\"https:\\\/\\\/www.copealcoy.es\\\/es\\\/\",\"name\":\"COPE Alcoy\",\"description\":\"Emisora COPE de radio local con emisi\u00f3n online. Pont de Sant Jordi 8-10 03803 Alcoy\",\"potentialAction\":[{\"@type\":\"SearchAction\",\"target\":{\"@type\":\"EntryPoint\",\"urlTemplate\":\"https:\\\/\\\/www.copealcoy.es\\\/es\\\/?s={search_term_string}\"},\"query-input\":{\"@type\":\"PropertyValueSpecification\",\"valueRequired\":true,\"valueName\":\"search_term_string\"}}],\"inLanguage\":\"es\"},{\"@type\":\"Person\",\"@id\":\"https:\\\/\\\/www.copealcoy.es\\\/es\\\/#\\\/schema\\\/person\\\/e777c87fa024e57d40170af9df39882c\",\"name\":\"Cope Alcoy\",\"image\":{\"@type\":\"ImageObject\",\"inLanguage\":\"es\",\"@id\":\"https:\\\/\\\/secure.gravatar.com\\\/avatar\\\/bb65d0283347e303893ba14f0692005417c1e0e690a325a4c5d8bb2b3943ee14?s=96&d=mm&r=g\",\"url\":\"https:\\\/\\\/secure.gravatar.com\\\/avatar\\\/bb65d0283347e303893ba14f0692005417c1e0e690a325a4c5d8bb2b3943ee14?s=96&d=mm&r=g\",\"contentUrl\":\"https:\\\/\\\/secure.gravatar.com\\\/avatar\\\/bb65d0283347e303893ba14f0692005417c1e0e690a325a4c5d8bb2b3943ee14?s=96&d=mm&r=g\",\"caption\":\"Cope Alcoy\"}}]}<\/script>\n<!-- \/ Yoast SEO plugin. -->","yoast_head_json":{"title":"Nuevo r\u00e9cord de fallecidos por Coronavirus en la Comunitat - COPE Alcoy","robots":{"index":"index","follow":"follow","max-snippet":"max-snippet:-1","max-image-preview":"max-image-preview:large","max-video-preview":"max-video-preview:-1"},"canonical":"https:\/\/www.copealcoy.es\/es\/nuevo-record-de-fallecidos-por-coronavirus-en-la-comunitat\/","og_locale":"es_ES","og_type":"article","og_title":"Nuevo r\u00e9cord de fallecidos por Coronavirus en la Comunitat - COPE Alcoy","og_description":"La Conselleria de Sanidad Universal y Salud P\u00fablica ha notificado un total de 17.677 nuevos casos positivos de Coronavirus\u00a0confirmados por...","og_url":"https:\/\/www.copealcoy.es\/es\/nuevo-record-de-fallecidos-por-coronavirus-en-la-comunitat\/","og_site_name":"COPE Alcoy","article_published_time":"2022-02-02T18:27:05+00:00","article_modified_time":"2022-02-02T18:29:28+00:00","og_image":[{"width":931,"height":436,"url":"https:\/\/www.copealcoy.es\/wp-content\/uploads\/2020\/04\/Captura-de-pantalla-2020-04-22-a-las-17.34.34-1.jpg","type":"image\/jpeg"}],"author":"Cope Alcoy","twitter_misc":{"Escrito por":"Cope Alcoy","Tiempo de lectura":"2 minutos"},"schema":{"@context":"https:\/\/schema.org","@graph":[{"@type":"Article","@id":"https:\/\/www.copealcoy.es\/es\/nuevo-record-de-fallecidos-por-coronavirus-en-la-comunitat\/#article","isPartOf":{"@id":"https:\/\/www.copealcoy.es\/es\/nuevo-record-de-fallecidos-por-coronavirus-en-la-comunitat\/"},"author":{"name":"Cope Alcoy","@id":"https:\/\/www.copealcoy.es\/es\/#\/schema\/person\/e777c87fa024e57d40170af9df39882c"},"headline":"Nuevo r\u00e9cord de fallecidos por Coronavirus en la Comunitat","datePublished":"2022-02-02T18:27:05+00:00","dateModified":"2022-02-02T18:29:28+00:00","mainEntityOfPage":{"@id":"https:\/\/www.copealcoy.es\/es\/nuevo-record-de-fallecidos-por-coronavirus-en-la-comunitat\/"},"wordCount":266,"commentCount":0,"image":{"@id":"https:\/\/www.copealcoy.es\/es\/nuevo-record-de-fallecidos-por-coronavirus-en-la-comunitat\/#primaryimage"},"thumbnailUrl":"https:\/\/www.copealcoy.es\/wp-content\/uploads\/2020\/04\/Captura-de-pantalla-2020-04-22-a-las-17.34.34-1.jpg","keywords":["Comunidad Valenciana","contagios","Coronavirus","crisis sanitaria"],"articleSection":["Actualidad","Noticias","Portada"],"inLanguage":"es"},{"@type":"WebPage","@id":"https:\/\/www.copealcoy.es\/es\/nuevo-record-de-fallecidos-por-coronavirus-en-la-comunitat\/","url":"https:\/\/www.copealcoy.es\/es\/nuevo-record-de-fallecidos-por-coronavirus-en-la-comunitat\/","name":"Nuevo r\u00e9cord de fallecidos por Coronavirus en la Comunitat - COPE Alcoy","isPartOf":{"@id":"https:\/\/www.copealcoy.es\/es\/#website"},"primaryImageOfPage":{"@id":"https:\/\/www.copealcoy.es\/es\/nuevo-record-de-fallecidos-por-coronavirus-en-la-comunitat\/#primaryimage"},"image":{"@id":"https:\/\/www.copealcoy.es\/es\/nuevo-record-de-fallecidos-por-coronavirus-en-la-comunitat\/#primaryimage"},"thumbnailUrl":"https:\/\/www.copealcoy.es\/wp-content\/uploads\/2020\/04\/Captura-de-pantalla-2020-04-22-a-las-17.34.34-1.jpg","datePublished":"2022-02-02T18:27:05+00:00","dateModified":"2022-02-02T18:29:28+00:00","author":{"@id":"https:\/\/www.copealcoy.es\/es\/#\/schema\/person\/e777c87fa024e57d40170af9df39882c"},"breadcrumb":{"@id":"https:\/\/www.copealcoy.es\/es\/nuevo-record-de-fallecidos-por-coronavirus-en-la-comunitat\/#breadcrumb"},"inLanguage":"es","potentialAction":[{"@type":"ReadAction","target":["https:\/\/www.copealcoy.es\/es\/nuevo-record-de-fallecidos-por-coronavirus-en-la-comunitat\/"]}]},{"@type":"ImageObject","inLanguage":"es","@id":"https:\/\/www.copealcoy.es\/es\/nuevo-record-de-fallecidos-por-coronavirus-en-la-comunitat\/#primaryimage","url":"https:\/\/www.copealcoy.es\/wp-content\/uploads\/2020\/04\/Captura-de-pantalla-2020-04-22-a-las-17.34.34-1.jpg","contentUrl":"https:\/\/www.copealcoy.es\/wp-content\/uploads\/2020\/04\/Captura-de-pantalla-2020-04-22-a-las-17.34.34-1.jpg","width":931,"height":436},{"@type":"BreadcrumbList","@id":"https:\/\/www.copealcoy.es\/es\/nuevo-record-de-fallecidos-por-coronavirus-en-la-comunitat\/#breadcrumb","itemListElement":[{"@type":"ListItem","position":1,"name":"Portada","item":"https:\/\/www.copealcoy.es\/es\/"},{"@type":"ListItem","position":2,"name":"Nuevo r\u00e9cord de fallecidos por Coronavirus en la Comunitat"}]},{"@type":"WebSite","@id":"https:\/\/www.copealcoy.es\/es\/#website","url":"https:\/\/www.copealcoy.es\/es\/","name":"COPE Alcoy","description":"Emisora COPE de radio local con emisi\u00f3n online. Pont de Sant Jordi 8-10 03803 Alcoy","potentialAction":[{"@type":"SearchAction","target":{"@type":"EntryPoint","urlTemplate":"https:\/\/www.copealcoy.es\/es\/?s={search_term_string}"},"query-input":{"@type":"PropertyValueSpecification","valueRequired":true,"valueName":"search_term_string"}}],"inLanguage":"es"},{"@type":"Person","@id":"https:\/\/www.copealcoy.es\/es\/#\/schema\/person\/e777c87fa024e57d40170af9df39882c","name":"Cope Alcoy","image":{"@type":"ImageObject","inLanguage":"es","@id":"https:\/\/secure.gravatar.com\/avatar\/bb65d0283347e303893ba14f0692005417c1e0e690a325a4c5d8bb2b3943ee14?s=96&d=mm&r=g","url":"https:\/\/secure.gravatar.com\/avatar\/bb65d0283347e303893ba14f0692005417c1e0e690a325a4c5d8bb2b3943ee14?s=96&d=mm&r=g","contentUrl":"https:\/\/secure.gravatar.com\/avatar\/bb65d0283347e303893ba14f0692005417c1e0e690a325a4c5d8bb2b3943ee14?s=96&d=mm&r=g","caption":"Cope Alcoy"}}]}},"_links":{"self":[{"href":"https:\/\/www.copealcoy.es\/es\/wp-json\/wp\/v2\/posts\/83369","targetHints":{"allow":["GET"]}}],"collection":[{"href":"https:\/\/www.copealcoy.es\/es\/wp-json\/wp\/v2\/posts"}],"about":[{"href":"https:\/\/www.copealcoy.es\/es\/wp-json\/wp\/v2\/types\/post"}],"author":[{"embeddable":true,"href":"https:\/\/www.copealcoy.es\/es\/wp-json\/wp\/v2\/users\/1"}],"replies":[{"embeddable":true,"href":"https:\/\/www.copealcoy.es\/es\/wp-json\/wp\/v2\/comments?post=83369"}],"version-history":[{"count":0,"href":"https:\/\/www.copealcoy.es\/es\/wp-json\/wp\/v2\/posts\/83369\/revisions"}],"wp:featuredmedia":[{"embeddable":true,"href":"https:\/\/www.copealcoy.es\/es\/wp-json\/wp\/v2\/media\/62059"}],"wp:attachment":[{"href":"https:\/\/www.copealcoy.es\/es\/wp-json\/wp\/v2\/media?parent=83369"}],"wp:term":[{"taxonomy":"category","embeddable":true,"href":"https:\/\/www.copealcoy.es\/es\/wp-json\/wp\/v2\/categories?post=83369"},{"taxonomy":"post_tag","embeddable":true,"href":"https:\/\/www.copealcoy.es\/es\/wp-json\/wp\/v2\/tags?post=83369"}],"curies":[{"name":"wp","href":"https:\/\/api.w.org\/{rel}","templated":true}]}}