{"id":83367,"date":"2022-02-02T08:19:02","date_gmt":"2022-02-02T07:19:02","guid":{"rendered":"https:\/\/www.copealcoy.es\/?p=83367"},"modified":"2022-02-02T19:23:44","modified_gmt":"2022-02-02T18:23:44","slug":"mas-de-6-000-trabajadores-en-la-comunitat-siguen-en-erte-por-covid-en-el-mes-de-enero","status":"publish","type":"post","link":"https:\/\/www.copealcoy.es\/es\/mas-de-6-000-trabajadores-en-la-comunitat-siguen-en-erte-por-covid-en-el-mes-de-enero\/","title":{"rendered":"M\u00e1s de 6.000 trabajadores en la Comunitat siguen en ERTE por Covid en el mes de enero"},"content":{"rendered":"<p style=\"text-align: justify;\">El<strong> mes de enero finaliz\u00f3 con 6.441 trabajadores de la Comunitat Valenciana acogidos a un expediente de regulaci\u00f3n temporal de empleo (ERTE) derivado de la Covid-19<\/strong>, lo que supone un aumento de 637 personas con respecto al mes anterior.<\/p>\n<p style=\"text-align: justify;\">Por provincias, en la de\u00a0<strong>Alicante el \u00faltimo d\u00eda de enero hab\u00eda 3.586 trabajadores en ERTE covid,<\/strong>\u00a0en la de Valencia 2.366 y en la de Castell\u00f3n 489, seg\u00fan los datos del Ministerio de Inclusi\u00f3n dados a conocer este mi\u00e9rcoles.<\/p>\n<p style=\"text-align: justify;\">En<strong> Espa\u00f1a, el n\u00famero de trabajadores acogidos a un ERTE derivado de la Covid-19 aument\u00f3 en enero en 2.495<\/strong>\u00a0personas, debido a las restricciones ocasionadas por la sexta ola de la pandemia.<\/p>\n<p style=\"text-align: justify;\">As\u00ed, enero <strong>finaliz\u00f3 con 105.043 trabajadores en ERTE Covid<\/strong>, por encima de los 102.548 con los que cerr\u00f3 diciembre, pero con 30.000 personas menos que el 31 de octubre cuando se pusieron en marcha <strong>el nuevo esquema con ayudas vinculadas a la formaci\u00f3n<\/strong> y obligando a las empresas a volver a pedir el ERTE sin prorroga autom\u00e1tica.<\/p>\n<p style=\"text-align: justify;\">Adem\u00e1s, <strong>estos 105.043 trabajadores suponen un descenso de m\u00e1s de 820.000 respecto a los protegidos hace justo un a\u00f1o<\/strong> y <strong>una disminuci\u00f3n de m\u00e1s de tres millones respecto al momento m\u00e1s agudo de la pandemia<\/strong>, de forma que m\u00e1s del 97 % de las personas que estuvieron protegidas por este mecanismo ya se han reincorporado.<\/p>\n","protected":false},"excerpt":{"rendered":"<p>El mes de enero finaliz\u00f3 con 6.441 trabajadores de la Comunitat Valenciana acogidos a un expediente de regulaci\u00f3n temporal de&#8230;<\/p>\n","protected":false},"author":1,"featured_media":70462,"comment_status":"open","ping_status":"open","sticky":false,"template":"","format":"standard","meta":{"footnotes":""},"categories":[6909,98,75],"tags":[1768,7281,10050,390,394,7477,341],"class_list":["post-83367","post","type-post","status-publish","format-standard","has-post-thumbnail","hentry","category-actualidad","category-comarcas","category-noticias","tag-comunitat-valenciana","tag-coronavirus","tag-crisis-sanitaria","tag-economia","tag-empleo","tag-pandemia","tag-paro"],"yoast_head":"<!-- This site is optimized with the Yoast SEO plugin v27.3 - https:\/\/yoast.com\/product\/yoast-seo-wordpress\/ -->\n<title>M\u00e1s de 6.000 trabajadores en la Comunitat siguen en ERTE por Covid en el mes de enero - COPE Alcoy<\/title>\n<meta name=\"robots\" content=\"index, follow, max-snippet:-1, max-image-preview:large, max-video-preview:-1\" \/>\n<link rel=\"canonical\" href=\"https:\/\/www.copealcoy.es\/es\/mas-de-6-000-trabajadores-en-la-comunitat-siguen-en-erte-por-covid-en-el-mes-de-enero\/\" \/>\n<meta property=\"og:locale\" content=\"es_ES\" \/>\n<meta property=\"og:type\" content=\"article\" \/>\n<meta property=\"og:title\" content=\"M\u00e1s de 6.000 trabajadores en la Comunitat siguen en ERTE por Covid en el mes de enero - COPE Alcoy\" \/>\n<meta property=\"og:description\" content=\"El mes de enero finaliz\u00f3 con 6.441 trabajadores de la Comunitat Valenciana acogidos a un expediente de regulaci\u00f3n temporal de...\" \/>\n<meta property=\"og:url\" content=\"https:\/\/www.copealcoy.es\/es\/mas-de-6-000-trabajadores-en-la-comunitat-siguen-en-erte-por-covid-en-el-mes-de-enero\/\" \/>\n<meta property=\"og:site_name\" content=\"COPE Alcoy\" \/>\n<meta property=\"article:published_time\" content=\"2022-02-02T07:19:02+00:00\" \/>\n<meta property=\"article:modified_time\" content=\"2022-02-02T18:23:44+00:00\" \/>\n<meta property=\"og:image\" content=\"https:\/\/www.copealcoy.es\/wp-content\/uploads\/2021\/02\/1612257033407-e1641581927170.jpg\" \/>\n\t<meta property=\"og:image:width\" content=\"640\" \/>\n\t<meta property=\"og:image:height\" content=\"427\" \/>\n\t<meta property=\"og:image:type\" content=\"image\/jpeg\" \/>\n<meta name=\"author\" content=\"Cope Alcoy\" \/>\n<meta name=\"twitter:label1\" content=\"Escrito por\" \/>\n\t<meta name=\"twitter:data1\" content=\"Cope Alcoy\" \/>\n\t<meta name=\"twitter:label2\" content=\"Tiempo de lectura\" \/>\n\t<meta name=\"twitter:data2\" content=\"2 minutos\" \/>\n<script type=\"application\/ld+json\" class=\"yoast-schema-graph\">{\"@context\":\"https:\\\/\\\/schema.org\",\"@graph\":[{\"@type\":\"Article\",\"@id\":\"https:\\\/\\\/www.copealcoy.es\\\/es\\\/mas-de-6-000-trabajadores-en-la-comunitat-siguen-en-erte-por-covid-en-el-mes-de-enero\\\/#article\",\"isPartOf\":{\"@id\":\"https:\\\/\\\/www.copealcoy.es\\\/es\\\/mas-de-6-000-trabajadores-en-la-comunitat-siguen-en-erte-por-covid-en-el-mes-de-enero\\\/\"},\"author\":{\"name\":\"Cope Alcoy\",\"@id\":\"https:\\\/\\\/www.copealcoy.es\\\/es\\\/#\\\/schema\\\/person\\\/e777c87fa024e57d40170af9df39882c\"},\"headline\":\"M\u00e1s de 6.000 trabajadores en la Comunitat siguen en ERTE por Covid en el mes de enero\",\"datePublished\":\"2022-02-02T07:19:02+00:00\",\"dateModified\":\"2022-02-02T18:23:44+00:00\",\"mainEntityOfPage\":{\"@id\":\"https:\\\/\\\/www.copealcoy.es\\\/es\\\/mas-de-6-000-trabajadores-en-la-comunitat-siguen-en-erte-por-covid-en-el-mes-de-enero\\\/\"},\"wordCount\":244,\"commentCount\":0,\"image\":{\"@id\":\"https:\\\/\\\/www.copealcoy.es\\\/es\\\/mas-de-6-000-trabajadores-en-la-comunitat-siguen-en-erte-por-covid-en-el-mes-de-enero\\\/#primaryimage\"},\"thumbnailUrl\":\"https:\\\/\\\/www.copealcoy.es\\\/wp-content\\\/uploads\\\/2021\\\/02\\\/1612257033407-e1641581927170.jpg\",\"keywords\":[\"Comunitat Valenciana\",\"Coronavirus\",\"crisis sanitaria\",\"Econom\u00eda\",\"Empleo\",\"pandemia\",\"Paro\"],\"articleSection\":[\"Actualidad\",\"Comarcas\",\"Noticias\"],\"inLanguage\":\"es\"},{\"@type\":\"WebPage\",\"@id\":\"https:\\\/\\\/www.copealcoy.es\\\/es\\\/mas-de-6-000-trabajadores-en-la-comunitat-siguen-en-erte-por-covid-en-el-mes-de-enero\\\/\",\"url\":\"https:\\\/\\\/www.copealcoy.es\\\/es\\\/mas-de-6-000-trabajadores-en-la-comunitat-siguen-en-erte-por-covid-en-el-mes-de-enero\\\/\",\"name\":\"M\u00e1s de 6.000 trabajadores en la Comunitat siguen en ERTE por Covid en el mes de enero - COPE Alcoy\",\"isPartOf\":{\"@id\":\"https:\\\/\\\/www.copealcoy.es\\\/es\\\/#website\"},\"primaryImageOfPage\":{\"@id\":\"https:\\\/\\\/www.copealcoy.es\\\/es\\\/mas-de-6-000-trabajadores-en-la-comunitat-siguen-en-erte-por-covid-en-el-mes-de-enero\\\/#primaryimage\"},\"image\":{\"@id\":\"https:\\\/\\\/www.copealcoy.es\\\/es\\\/mas-de-6-000-trabajadores-en-la-comunitat-siguen-en-erte-por-covid-en-el-mes-de-enero\\\/#primaryimage\"},\"thumbnailUrl\":\"https:\\\/\\\/www.copealcoy.es\\\/wp-content\\\/uploads\\\/2021\\\/02\\\/1612257033407-e1641581927170.jpg\",\"datePublished\":\"2022-02-02T07:19:02+00:00\",\"dateModified\":\"2022-02-02T18:23:44+00:00\",\"author\":{\"@id\":\"https:\\\/\\\/www.copealcoy.es\\\/es\\\/#\\\/schema\\\/person\\\/e777c87fa024e57d40170af9df39882c\"},\"breadcrumb\":{\"@id\":\"https:\\\/\\\/www.copealcoy.es\\\/es\\\/mas-de-6-000-trabajadores-en-la-comunitat-siguen-en-erte-por-covid-en-el-mes-de-enero\\\/#breadcrumb\"},\"inLanguage\":\"es\",\"potentialAction\":[{\"@type\":\"ReadAction\",\"target\":[\"https:\\\/\\\/www.copealcoy.es\\\/es\\\/mas-de-6-000-trabajadores-en-la-comunitat-siguen-en-erte-por-covid-en-el-mes-de-enero\\\/\"]}]},{\"@type\":\"ImageObject\",\"inLanguage\":\"es\",\"@id\":\"https:\\\/\\\/www.copealcoy.es\\\/es\\\/mas-de-6-000-trabajadores-en-la-comunitat-siguen-en-erte-por-covid-en-el-mes-de-enero\\\/#primaryimage\",\"url\":\"https:\\\/\\\/www.copealcoy.es\\\/wp-content\\\/uploads\\\/2021\\\/02\\\/1612257033407-e1641581927170.jpg\",\"contentUrl\":\"https:\\\/\\\/www.copealcoy.es\\\/wp-content\\\/uploads\\\/2021\\\/02\\\/1612257033407-e1641581927170.jpg\",\"width\":640,\"height\":427},{\"@type\":\"BreadcrumbList\",\"@id\":\"https:\\\/\\\/www.copealcoy.es\\\/es\\\/mas-de-6-000-trabajadores-en-la-comunitat-siguen-en-erte-por-covid-en-el-mes-de-enero\\\/#breadcrumb\",\"itemListElement\":[{\"@type\":\"ListItem\",\"position\":1,\"name\":\"Portada\",\"item\":\"https:\\\/\\\/www.copealcoy.es\\\/es\\\/\"},{\"@type\":\"ListItem\",\"position\":2,\"name\":\"M\u00e1s de 6.000 trabajadores en la Comunitat siguen en ERTE por Covid en el mes de enero\"}]},{\"@type\":\"WebSite\",\"@id\":\"https:\\\/\\\/www.copealcoy.es\\\/es\\\/#website\",\"url\":\"https:\\\/\\\/www.copealcoy.es\\\/es\\\/\",\"name\":\"COPE Alcoy\",\"description\":\"Emisora COPE de radio local con emisi\u00f3n online. Pont de Sant Jordi 8-10 03803 Alcoy\",\"potentialAction\":[{\"@type\":\"SearchAction\",\"target\":{\"@type\":\"EntryPoint\",\"urlTemplate\":\"https:\\\/\\\/www.copealcoy.es\\\/es\\\/?s={search_term_string}\"},\"query-input\":{\"@type\":\"PropertyValueSpecification\",\"valueRequired\":true,\"valueName\":\"search_term_string\"}}],\"inLanguage\":\"es\"},{\"@type\":\"Person\",\"@id\":\"https:\\\/\\\/www.copealcoy.es\\\/es\\\/#\\\/schema\\\/person\\\/e777c87fa024e57d40170af9df39882c\",\"name\":\"Cope Alcoy\",\"image\":{\"@type\":\"ImageObject\",\"inLanguage\":\"es\",\"@id\":\"https:\\\/\\\/secure.gravatar.com\\\/avatar\\\/bb65d0283347e303893ba14f0692005417c1e0e690a325a4c5d8bb2b3943ee14?s=96&d=mm&r=g\",\"url\":\"https:\\\/\\\/secure.gravatar.com\\\/avatar\\\/bb65d0283347e303893ba14f0692005417c1e0e690a325a4c5d8bb2b3943ee14?s=96&d=mm&r=g\",\"contentUrl\":\"https:\\\/\\\/secure.gravatar.com\\\/avatar\\\/bb65d0283347e303893ba14f0692005417c1e0e690a325a4c5d8bb2b3943ee14?s=96&d=mm&r=g\",\"caption\":\"Cope Alcoy\"}}]}<\/script>\n<!-- \/ Yoast SEO plugin. -->","yoast_head_json":{"title":"M\u00e1s de 6.000 trabajadores en la Comunitat siguen en ERTE por Covid en el mes de enero - COPE Alcoy","robots":{"index":"index","follow":"follow","max-snippet":"max-snippet:-1","max-image-preview":"max-image-preview:large","max-video-preview":"max-video-preview:-1"},"canonical":"https:\/\/www.copealcoy.es\/es\/mas-de-6-000-trabajadores-en-la-comunitat-siguen-en-erte-por-covid-en-el-mes-de-enero\/","og_locale":"es_ES","og_type":"article","og_title":"M\u00e1s de 6.000 trabajadores en la Comunitat siguen en ERTE por Covid en el mes de enero - COPE Alcoy","og_description":"El mes de enero finaliz\u00f3 con 6.441 trabajadores de la Comunitat Valenciana acogidos a un expediente de regulaci\u00f3n temporal de...","og_url":"https:\/\/www.copealcoy.es\/es\/mas-de-6-000-trabajadores-en-la-comunitat-siguen-en-erte-por-covid-en-el-mes-de-enero\/","og_site_name":"COPE Alcoy","article_published_time":"2022-02-02T07:19:02+00:00","article_modified_time":"2022-02-02T18:23:44+00:00","og_image":[{"width":640,"height":427,"url":"https:\/\/www.copealcoy.es\/wp-content\/uploads\/2021\/02\/1612257033407-e1641581927170.jpg","type":"image\/jpeg"}],"author":"Cope Alcoy","twitter_misc":{"Escrito por":"Cope Alcoy","Tiempo de lectura":"2 minutos"},"schema":{"@context":"https:\/\/schema.org","@graph":[{"@type":"Article","@id":"https:\/\/www.copealcoy.es\/es\/mas-de-6-000-trabajadores-en-la-comunitat-siguen-en-erte-por-covid-en-el-mes-de-enero\/#article","isPartOf":{"@id":"https:\/\/www.copealcoy.es\/es\/mas-de-6-000-trabajadores-en-la-comunitat-siguen-en-erte-por-covid-en-el-mes-de-enero\/"},"author":{"name":"Cope Alcoy","@id":"https:\/\/www.copealcoy.es\/es\/#\/schema\/person\/e777c87fa024e57d40170af9df39882c"},"headline":"M\u00e1s de 6.000 trabajadores en la Comunitat siguen en ERTE por Covid en el mes de enero","datePublished":"2022-02-02T07:19:02+00:00","dateModified":"2022-02-02T18:23:44+00:00","mainEntityOfPage":{"@id":"https:\/\/www.copealcoy.es\/es\/mas-de-6-000-trabajadores-en-la-comunitat-siguen-en-erte-por-covid-en-el-mes-de-enero\/"},"wordCount":244,"commentCount":0,"image":{"@id":"https:\/\/www.copealcoy.es\/es\/mas-de-6-000-trabajadores-en-la-comunitat-siguen-en-erte-por-covid-en-el-mes-de-enero\/#primaryimage"},"thumbnailUrl":"https:\/\/www.copealcoy.es\/wp-content\/uploads\/2021\/02\/1612257033407-e1641581927170.jpg","keywords":["Comunitat Valenciana","Coronavirus","crisis sanitaria","Econom\u00eda","Empleo","pandemia","Paro"],"articleSection":["Actualidad","Comarcas","Noticias"],"inLanguage":"es"},{"@type":"WebPage","@id":"https:\/\/www.copealcoy.es\/es\/mas-de-6-000-trabajadores-en-la-comunitat-siguen-en-erte-por-covid-en-el-mes-de-enero\/","url":"https:\/\/www.copealcoy.es\/es\/mas-de-6-000-trabajadores-en-la-comunitat-siguen-en-erte-por-covid-en-el-mes-de-enero\/","name":"M\u00e1s de 6.000 trabajadores en la Comunitat siguen en ERTE por Covid en el mes de enero - COPE Alcoy","isPartOf":{"@id":"https:\/\/www.copealcoy.es\/es\/#website"},"primaryImageOfPage":{"@id":"https:\/\/www.copealcoy.es\/es\/mas-de-6-000-trabajadores-en-la-comunitat-siguen-en-erte-por-covid-en-el-mes-de-enero\/#primaryimage"},"image":{"@id":"https:\/\/www.copealcoy.es\/es\/mas-de-6-000-trabajadores-en-la-comunitat-siguen-en-erte-por-covid-en-el-mes-de-enero\/#primaryimage"},"thumbnailUrl":"https:\/\/www.copealcoy.es\/wp-content\/uploads\/2021\/02\/1612257033407-e1641581927170.jpg","datePublished":"2022-02-02T07:19:02+00:00","dateModified":"2022-02-02T18:23:44+00:00","author":{"@id":"https:\/\/www.copealcoy.es\/es\/#\/schema\/person\/e777c87fa024e57d40170af9df39882c"},"breadcrumb":{"@id":"https:\/\/www.copealcoy.es\/es\/mas-de-6-000-trabajadores-en-la-comunitat-siguen-en-erte-por-covid-en-el-mes-de-enero\/#breadcrumb"},"inLanguage":"es","potentialAction":[{"@type":"ReadAction","target":["https:\/\/www.copealcoy.es\/es\/mas-de-6-000-trabajadores-en-la-comunitat-siguen-en-erte-por-covid-en-el-mes-de-enero\/"]}]},{"@type":"ImageObject","inLanguage":"es","@id":"https:\/\/www.copealcoy.es\/es\/mas-de-6-000-trabajadores-en-la-comunitat-siguen-en-erte-por-covid-en-el-mes-de-enero\/#primaryimage","url":"https:\/\/www.copealcoy.es\/wp-content\/uploads\/2021\/02\/1612257033407-e1641581927170.jpg","contentUrl":"https:\/\/www.copealcoy.es\/wp-content\/uploads\/2021\/02\/1612257033407-e1641581927170.jpg","width":640,"height":427},{"@type":"BreadcrumbList","@id":"https:\/\/www.copealcoy.es\/es\/mas-de-6-000-trabajadores-en-la-comunitat-siguen-en-erte-por-covid-en-el-mes-de-enero\/#breadcrumb","itemListElement":[{"@type":"ListItem","position":1,"name":"Portada","item":"https:\/\/www.copealcoy.es\/es\/"},{"@type":"ListItem","position":2,"name":"M\u00e1s de 6.000 trabajadores en la Comunitat siguen en ERTE por Covid en el mes de enero"}]},{"@type":"WebSite","@id":"https:\/\/www.copealcoy.es\/es\/#website","url":"https:\/\/www.copealcoy.es\/es\/","name":"COPE Alcoy","description":"Emisora COPE de radio local con emisi\u00f3n online. Pont de Sant Jordi 8-10 03803 Alcoy","potentialAction":[{"@type":"SearchAction","target":{"@type":"EntryPoint","urlTemplate":"https:\/\/www.copealcoy.es\/es\/?s={search_term_string}"},"query-input":{"@type":"PropertyValueSpecification","valueRequired":true,"valueName":"search_term_string"}}],"inLanguage":"es"},{"@type":"Person","@id":"https:\/\/www.copealcoy.es\/es\/#\/schema\/person\/e777c87fa024e57d40170af9df39882c","name":"Cope Alcoy","image":{"@type":"ImageObject","inLanguage":"es","@id":"https:\/\/secure.gravatar.com\/avatar\/bb65d0283347e303893ba14f0692005417c1e0e690a325a4c5d8bb2b3943ee14?s=96&d=mm&r=g","url":"https:\/\/secure.gravatar.com\/avatar\/bb65d0283347e303893ba14f0692005417c1e0e690a325a4c5d8bb2b3943ee14?s=96&d=mm&r=g","contentUrl":"https:\/\/secure.gravatar.com\/avatar\/bb65d0283347e303893ba14f0692005417c1e0e690a325a4c5d8bb2b3943ee14?s=96&d=mm&r=g","caption":"Cope Alcoy"}}]}},"_links":{"self":[{"href":"https:\/\/www.copealcoy.es\/es\/wp-json\/wp\/v2\/posts\/83367","targetHints":{"allow":["GET"]}}],"collection":[{"href":"https:\/\/www.copealcoy.es\/es\/wp-json\/wp\/v2\/posts"}],"about":[{"href":"https:\/\/www.copealcoy.es\/es\/wp-json\/wp\/v2\/types\/post"}],"author":[{"embeddable":true,"href":"https:\/\/www.copealcoy.es\/es\/wp-json\/wp\/v2\/users\/1"}],"replies":[{"embeddable":true,"href":"https:\/\/www.copealcoy.es\/es\/wp-json\/wp\/v2\/comments?post=83367"}],"version-history":[{"count":0,"href":"https:\/\/www.copealcoy.es\/es\/wp-json\/wp\/v2\/posts\/83367\/revisions"}],"wp:featuredmedia":[{"embeddable":true,"href":"https:\/\/www.copealcoy.es\/es\/wp-json\/wp\/v2\/media\/70462"}],"wp:attachment":[{"href":"https:\/\/www.copealcoy.es\/es\/wp-json\/wp\/v2\/media?parent=83367"}],"wp:term":[{"taxonomy":"category","embeddable":true,"href":"https:\/\/www.copealcoy.es\/es\/wp-json\/wp\/v2\/categories?post=83367"},{"taxonomy":"post_tag","embeddable":true,"href":"https:\/\/www.copealcoy.es\/es\/wp-json\/wp\/v2\/tags?post=83367"}],"curies":[{"name":"wp","href":"https:\/\/api.w.org\/{rel}","templated":true}]}}