{"id":83363,"date":"2022-02-02T19:13:26","date_gmt":"2022-02-02T18:13:26","guid":{"rendered":"https:\/\/www.copealcoy.es\/?p=83363"},"modified":"2022-02-02T19:17:14","modified_gmt":"2022-02-02T18:17:14","slug":"cocentaina-tindra-moros-i-cristians-entre-el-12-i-el-15-dagost","status":"publish","type":"post","link":"https:\/\/www.copealcoy.es\/es\/cocentaina-tindra-moros-i-cristians-entre-el-12-i-el-15-dagost\/","title":{"rendered":"Cocentaina tindr\u00e0 moros i cristians entre el 12 i el 15 d&#8217;agost"},"content":{"rendered":"<p style=\"text-align: justify;\">La <strong>Federaci\u00f3 Junta de Festes de Moros i Cristians de Cocentaina<\/strong> espera que a l&#8217;agost d&#8217;enguany <strong>es puguen celebrar amb normalitat els festejos en honor a Sant Hip\u00f2lit M\u00e1rtir<\/strong>. Des de l&#8217;entitat festera <strong>han preparat ja el calendari per a 2022<\/strong> i el mateix es va donar a con\u00e9ixer a la fi de desembre.<\/p>\n<p style=\"text-align: justify;\">En aquest <strong>es contempla la trilogia festera entre el 13 i el 15 d&#8217;agost<\/strong> sent <strong>el mateix dissabte 13 l&#8217;Entrada<\/strong>, <strong>el diumenge 14 la festivitat del patr\u00f3<\/strong> i <strong>el dilluns 15 l&#8217;Alardo<\/strong>. Aix\u00ed mateix, e<strong>l 12 d&#8217;agost, arrancarien els festejos amb la tradicional \u2018Nit de l\u2019Olla\u2019<\/strong> despr\u00e9s de la interpretaci\u00f3 de l&#8217;Himne de Festes. Abans d&#8217;aix\u00f2 tindrien lloc <strong>actes previs<\/strong> com La Publicaci\u00f3 el 25 de juny, la Presentaci\u00f3 de C\u00e0rrecs el dissabte 2 de juliol i la Presentaci\u00f3 de la Revista de Festes al pati d&#8217;armes del Palau Comtal el divendres dia 15 d&#8217;aquest \u00faltim mes.<\/p>\n<p style=\"text-align: justify;\">La <strong>Setmana Festera<\/strong>, amb els seus habituals concerts i activitats religioses, donaria inici el cap de setmana del 6 i 7 d&#8217;agost amb \u2018Els Comptes\u2019 mentre que els dissabtes 9, 16, 23 i 30 de juliol estarien reservats per a les cl\u00e0ssiques \u2018Voltetes\u2019 pel Passeig del Comtat. El mateix<strong> President de la Junta de Festes<\/strong> confia que cap a estiu haja millorat la situaci\u00f3 derivada de la pand\u00e8mia i espera que les Festes contestanes puguen eixir al carrer amb m\u00e0xima normalitat \u201c<em>portem dos anys esperant aquest moment i tots tenim moltes ganes de tornar al carrer, especialment les Filaes que anaven a tindre c\u00e0rrecs en 2020 i que, a causa d&#8217;aquesta male\u00efda pand\u00e8mia; no han pogut encara fer el seu somni realitat<\/em>\u201d, manifestava sobre aquest tema Juan Francisco Masanet.<\/p>\n<p style=\"text-align: justify;\">Indicar que l&#8217;esmentat calendari fester <strong>es completa <\/strong>amb el <strong>II Certamen de M\u00fasica Festera<\/strong> el 30 d&#8217;abril, <strong>els actes del 421 aniversari de l&#8217;elecci\u00f3 i proclamaci\u00f3 de Sant Hip\u00f2lit M\u00e1rtir com a patr\u00f3<\/strong> el dissabte 7 de maig, les<strong> paelles populars<\/strong> el dissabte 28, el <strong>Concurs d&#8217;Herberet<\/strong> el 26 de novembre i <strong>l&#8217; &#8216;Olleta de la Pur\u00edssima&#8217;<\/strong>\u00a0el 7 de desembre.<\/p>\n","protected":false},"excerpt":{"rendered":"<p>La Federaci\u00f3 Junta de Festes de Moros i Cristians de Cocentaina espera que a l&#8217;agost d&#8217;enguany es puguen celebrar amb&#8230;<\/p>\n","protected":false},"author":1,"featured_media":34565,"comment_status":"open","ping_status":"open","sticky":false,"template":"","format":"standard","meta":{"footnotes":""},"categories":[98,75],"tags":[12387,132,1987,924,856],"class_list":["post-83363","post","type-post","status-publish","format-standard","has-post-thumbnail","hentry","category-comarcas","category-noticias","tag-calendari-fester","tag-cocentaina","tag-entrada","tag-festes","tag-moros-i-cristians"],"yoast_head":"<!-- This site is optimized with the Yoast SEO plugin v27.3 - https:\/\/yoast.com\/product\/yoast-seo-wordpress\/ -->\n<title>Cocentaina tindr\u00e0 moros i cristians entre el 12 i el 15 d&#039;agost - COPE Alcoy<\/title>\n<meta name=\"robots\" content=\"index, follow, max-snippet:-1, max-image-preview:large, max-video-preview:-1\" \/>\n<link rel=\"canonical\" href=\"https:\/\/www.copealcoy.es\/es\/cocentaina-tindra-moros-i-cristians-entre-el-12-i-el-15-dagost\/\" \/>\n<meta property=\"og:locale\" content=\"es_ES\" \/>\n<meta property=\"og:type\" content=\"article\" \/>\n<meta property=\"og:title\" content=\"Cocentaina tindr\u00e0 moros i cristians entre el 12 i el 15 d&#039;agost - COPE Alcoy\" \/>\n<meta property=\"og:description\" content=\"La Federaci\u00f3 Junta de Festes de Moros i Cristians de Cocentaina espera que a l&#8217;agost d&#8217;enguany es puguen celebrar amb...\" \/>\n<meta property=\"og:url\" content=\"https:\/\/www.copealcoy.es\/es\/cocentaina-tindra-moros-i-cristians-entre-el-12-i-el-15-dagost\/\" \/>\n<meta property=\"og:site_name\" content=\"COPE Alcoy\" \/>\n<meta property=\"article:published_time\" content=\"2022-02-02T18:13:26+00:00\" \/>\n<meta property=\"article:modified_time\" content=\"2022-02-02T18:17:14+00:00\" \/>\n<meta property=\"og:image\" content=\"https:\/\/www.copealcoy.es\/wp-content\/uploads\/2017\/08\/Esquadra-Cavallets.jpg\" \/>\n\t<meta property=\"og:image:width\" content=\"960\" \/>\n\t<meta property=\"og:image:height\" content=\"640\" \/>\n\t<meta property=\"og:image:type\" content=\"image\/jpeg\" \/>\n<meta name=\"author\" content=\"Cope Alcoy\" \/>\n<meta name=\"twitter:label1\" content=\"Escrito por\" \/>\n\t<meta name=\"twitter:data1\" content=\"Cope Alcoy\" \/>\n\t<meta name=\"twitter:label2\" content=\"Tiempo de lectura\" \/>\n\t<meta name=\"twitter:data2\" content=\"2 minutos\" \/>\n<script type=\"application\/ld+json\" class=\"yoast-schema-graph\">{\"@context\":\"https:\\\/\\\/schema.org\",\"@graph\":[{\"@type\":\"Article\",\"@id\":\"https:\\\/\\\/www.copealcoy.es\\\/es\\\/cocentaina-tindra-moros-i-cristians-entre-el-12-i-el-15-dagost\\\/#article\",\"isPartOf\":{\"@id\":\"https:\\\/\\\/www.copealcoy.es\\\/es\\\/cocentaina-tindra-moros-i-cristians-entre-el-12-i-el-15-dagost\\\/\"},\"author\":{\"name\":\"Cope Alcoy\",\"@id\":\"https:\\\/\\\/www.copealcoy.es\\\/es\\\/#\\\/schema\\\/person\\\/e777c87fa024e57d40170af9df39882c\"},\"headline\":\"Cocentaina tindr\u00e0 moros i cristians entre el 12 i el 15 d&#8217;agost\",\"datePublished\":\"2022-02-02T18:13:26+00:00\",\"dateModified\":\"2022-02-02T18:17:14+00:00\",\"mainEntityOfPage\":{\"@id\":\"https:\\\/\\\/www.copealcoy.es\\\/es\\\/cocentaina-tindra-moros-i-cristians-entre-el-12-i-el-15-dagost\\\/\"},\"wordCount\":362,\"commentCount\":0,\"image\":{\"@id\":\"https:\\\/\\\/www.copealcoy.es\\\/es\\\/cocentaina-tindra-moros-i-cristians-entre-el-12-i-el-15-dagost\\\/#primaryimage\"},\"thumbnailUrl\":\"https:\\\/\\\/www.copealcoy.es\\\/wp-content\\\/uploads\\\/2017\\\/08\\\/Esquadra-Cavallets.jpg\",\"keywords\":[\"calendari fester\",\"Cocentaina\",\"Entrada\",\"Festes\",\"Moros i Cristians\"],\"articleSection\":[\"Comarcas\",\"Noticias\"],\"inLanguage\":\"es\"},{\"@type\":\"WebPage\",\"@id\":\"https:\\\/\\\/www.copealcoy.es\\\/es\\\/cocentaina-tindra-moros-i-cristians-entre-el-12-i-el-15-dagost\\\/\",\"url\":\"https:\\\/\\\/www.copealcoy.es\\\/es\\\/cocentaina-tindra-moros-i-cristians-entre-el-12-i-el-15-dagost\\\/\",\"name\":\"Cocentaina tindr\u00e0 moros i cristians entre el 12 i el 15 d'agost - COPE Alcoy\",\"isPartOf\":{\"@id\":\"https:\\\/\\\/www.copealcoy.es\\\/es\\\/#website\"},\"primaryImageOfPage\":{\"@id\":\"https:\\\/\\\/www.copealcoy.es\\\/es\\\/cocentaina-tindra-moros-i-cristians-entre-el-12-i-el-15-dagost\\\/#primaryimage\"},\"image\":{\"@id\":\"https:\\\/\\\/www.copealcoy.es\\\/es\\\/cocentaina-tindra-moros-i-cristians-entre-el-12-i-el-15-dagost\\\/#primaryimage\"},\"thumbnailUrl\":\"https:\\\/\\\/www.copealcoy.es\\\/wp-content\\\/uploads\\\/2017\\\/08\\\/Esquadra-Cavallets.jpg\",\"datePublished\":\"2022-02-02T18:13:26+00:00\",\"dateModified\":\"2022-02-02T18:17:14+00:00\",\"author\":{\"@id\":\"https:\\\/\\\/www.copealcoy.es\\\/es\\\/#\\\/schema\\\/person\\\/e777c87fa024e57d40170af9df39882c\"},\"breadcrumb\":{\"@id\":\"https:\\\/\\\/www.copealcoy.es\\\/es\\\/cocentaina-tindra-moros-i-cristians-entre-el-12-i-el-15-dagost\\\/#breadcrumb\"},\"inLanguage\":\"es\",\"potentialAction\":[{\"@type\":\"ReadAction\",\"target\":[\"https:\\\/\\\/www.copealcoy.es\\\/es\\\/cocentaina-tindra-moros-i-cristians-entre-el-12-i-el-15-dagost\\\/\"]}]},{\"@type\":\"ImageObject\",\"inLanguage\":\"es\",\"@id\":\"https:\\\/\\\/www.copealcoy.es\\\/es\\\/cocentaina-tindra-moros-i-cristians-entre-el-12-i-el-15-dagost\\\/#primaryimage\",\"url\":\"https:\\\/\\\/www.copealcoy.es\\\/wp-content\\\/uploads\\\/2017\\\/08\\\/Esquadra-Cavallets.jpg\",\"contentUrl\":\"https:\\\/\\\/www.copealcoy.es\\\/wp-content\\\/uploads\\\/2017\\\/08\\\/Esquadra-Cavallets.jpg\",\"width\":960,\"height\":640,\"caption\":\"Escuadra Especial del Abanderado Cristiano de la Fil\u00e0 Cavallets \\\/ Fotos: Fletxa\"},{\"@type\":\"BreadcrumbList\",\"@id\":\"https:\\\/\\\/www.copealcoy.es\\\/es\\\/cocentaina-tindra-moros-i-cristians-entre-el-12-i-el-15-dagost\\\/#breadcrumb\",\"itemListElement\":[{\"@type\":\"ListItem\",\"position\":1,\"name\":\"Portada\",\"item\":\"https:\\\/\\\/www.copealcoy.es\\\/es\\\/\"},{\"@type\":\"ListItem\",\"position\":2,\"name\":\"Cocentaina tindr\u00e0 moros i cristians entre el 12 i el 15 d&#8217;agost\"}]},{\"@type\":\"WebSite\",\"@id\":\"https:\\\/\\\/www.copealcoy.es\\\/es\\\/#website\",\"url\":\"https:\\\/\\\/www.copealcoy.es\\\/es\\\/\",\"name\":\"COPE Alcoy\",\"description\":\"Emisora COPE de radio local con emisi\u00f3n online. Pont de Sant Jordi 8-10 03803 Alcoy\",\"potentialAction\":[{\"@type\":\"SearchAction\",\"target\":{\"@type\":\"EntryPoint\",\"urlTemplate\":\"https:\\\/\\\/www.copealcoy.es\\\/es\\\/?s={search_term_string}\"},\"query-input\":{\"@type\":\"PropertyValueSpecification\",\"valueRequired\":true,\"valueName\":\"search_term_string\"}}],\"inLanguage\":\"es\"},{\"@type\":\"Person\",\"@id\":\"https:\\\/\\\/www.copealcoy.es\\\/es\\\/#\\\/schema\\\/person\\\/e777c87fa024e57d40170af9df39882c\",\"name\":\"Cope Alcoy\",\"image\":{\"@type\":\"ImageObject\",\"inLanguage\":\"es\",\"@id\":\"https:\\\/\\\/secure.gravatar.com\\\/avatar\\\/bb65d0283347e303893ba14f0692005417c1e0e690a325a4c5d8bb2b3943ee14?s=96&d=mm&r=g\",\"url\":\"https:\\\/\\\/secure.gravatar.com\\\/avatar\\\/bb65d0283347e303893ba14f0692005417c1e0e690a325a4c5d8bb2b3943ee14?s=96&d=mm&r=g\",\"contentUrl\":\"https:\\\/\\\/secure.gravatar.com\\\/avatar\\\/bb65d0283347e303893ba14f0692005417c1e0e690a325a4c5d8bb2b3943ee14?s=96&d=mm&r=g\",\"caption\":\"Cope Alcoy\"}}]}<\/script>\n<!-- \/ Yoast SEO plugin. -->","yoast_head_json":{"title":"Cocentaina tindr\u00e0 moros i cristians entre el 12 i el 15 d'agost - COPE Alcoy","robots":{"index":"index","follow":"follow","max-snippet":"max-snippet:-1","max-image-preview":"max-image-preview:large","max-video-preview":"max-video-preview:-1"},"canonical":"https:\/\/www.copealcoy.es\/es\/cocentaina-tindra-moros-i-cristians-entre-el-12-i-el-15-dagost\/","og_locale":"es_ES","og_type":"article","og_title":"Cocentaina tindr\u00e0 moros i cristians entre el 12 i el 15 d'agost - COPE Alcoy","og_description":"La Federaci\u00f3 Junta de Festes de Moros i Cristians de Cocentaina espera que a l&#8217;agost d&#8217;enguany es puguen celebrar amb...","og_url":"https:\/\/www.copealcoy.es\/es\/cocentaina-tindra-moros-i-cristians-entre-el-12-i-el-15-dagost\/","og_site_name":"COPE Alcoy","article_published_time":"2022-02-02T18:13:26+00:00","article_modified_time":"2022-02-02T18:17:14+00:00","og_image":[{"width":960,"height":640,"url":"https:\/\/www.copealcoy.es\/wp-content\/uploads\/2017\/08\/Esquadra-Cavallets.jpg","type":"image\/jpeg"}],"author":"Cope Alcoy","twitter_misc":{"Escrito por":"Cope Alcoy","Tiempo de lectura":"2 minutos"},"schema":{"@context":"https:\/\/schema.org","@graph":[{"@type":"Article","@id":"https:\/\/www.copealcoy.es\/es\/cocentaina-tindra-moros-i-cristians-entre-el-12-i-el-15-dagost\/#article","isPartOf":{"@id":"https:\/\/www.copealcoy.es\/es\/cocentaina-tindra-moros-i-cristians-entre-el-12-i-el-15-dagost\/"},"author":{"name":"Cope Alcoy","@id":"https:\/\/www.copealcoy.es\/es\/#\/schema\/person\/e777c87fa024e57d40170af9df39882c"},"headline":"Cocentaina tindr\u00e0 moros i cristians entre el 12 i el 15 d&#8217;agost","datePublished":"2022-02-02T18:13:26+00:00","dateModified":"2022-02-02T18:17:14+00:00","mainEntityOfPage":{"@id":"https:\/\/www.copealcoy.es\/es\/cocentaina-tindra-moros-i-cristians-entre-el-12-i-el-15-dagost\/"},"wordCount":362,"commentCount":0,"image":{"@id":"https:\/\/www.copealcoy.es\/es\/cocentaina-tindra-moros-i-cristians-entre-el-12-i-el-15-dagost\/#primaryimage"},"thumbnailUrl":"https:\/\/www.copealcoy.es\/wp-content\/uploads\/2017\/08\/Esquadra-Cavallets.jpg","keywords":["calendari fester","Cocentaina","Entrada","Festes","Moros i Cristians"],"articleSection":["Comarcas","Noticias"],"inLanguage":"es"},{"@type":"WebPage","@id":"https:\/\/www.copealcoy.es\/es\/cocentaina-tindra-moros-i-cristians-entre-el-12-i-el-15-dagost\/","url":"https:\/\/www.copealcoy.es\/es\/cocentaina-tindra-moros-i-cristians-entre-el-12-i-el-15-dagost\/","name":"Cocentaina tindr\u00e0 moros i cristians entre el 12 i el 15 d'agost - COPE Alcoy","isPartOf":{"@id":"https:\/\/www.copealcoy.es\/es\/#website"},"primaryImageOfPage":{"@id":"https:\/\/www.copealcoy.es\/es\/cocentaina-tindra-moros-i-cristians-entre-el-12-i-el-15-dagost\/#primaryimage"},"image":{"@id":"https:\/\/www.copealcoy.es\/es\/cocentaina-tindra-moros-i-cristians-entre-el-12-i-el-15-dagost\/#primaryimage"},"thumbnailUrl":"https:\/\/www.copealcoy.es\/wp-content\/uploads\/2017\/08\/Esquadra-Cavallets.jpg","datePublished":"2022-02-02T18:13:26+00:00","dateModified":"2022-02-02T18:17:14+00:00","author":{"@id":"https:\/\/www.copealcoy.es\/es\/#\/schema\/person\/e777c87fa024e57d40170af9df39882c"},"breadcrumb":{"@id":"https:\/\/www.copealcoy.es\/es\/cocentaina-tindra-moros-i-cristians-entre-el-12-i-el-15-dagost\/#breadcrumb"},"inLanguage":"es","potentialAction":[{"@type":"ReadAction","target":["https:\/\/www.copealcoy.es\/es\/cocentaina-tindra-moros-i-cristians-entre-el-12-i-el-15-dagost\/"]}]},{"@type":"ImageObject","inLanguage":"es","@id":"https:\/\/www.copealcoy.es\/es\/cocentaina-tindra-moros-i-cristians-entre-el-12-i-el-15-dagost\/#primaryimage","url":"https:\/\/www.copealcoy.es\/wp-content\/uploads\/2017\/08\/Esquadra-Cavallets.jpg","contentUrl":"https:\/\/www.copealcoy.es\/wp-content\/uploads\/2017\/08\/Esquadra-Cavallets.jpg","width":960,"height":640,"caption":"Escuadra Especial del Abanderado Cristiano de la Fil\u00e0 Cavallets \/ Fotos: Fletxa"},{"@type":"BreadcrumbList","@id":"https:\/\/www.copealcoy.es\/es\/cocentaina-tindra-moros-i-cristians-entre-el-12-i-el-15-dagost\/#breadcrumb","itemListElement":[{"@type":"ListItem","position":1,"name":"Portada","item":"https:\/\/www.copealcoy.es\/es\/"},{"@type":"ListItem","position":2,"name":"Cocentaina tindr\u00e0 moros i cristians entre el 12 i el 15 d&#8217;agost"}]},{"@type":"WebSite","@id":"https:\/\/www.copealcoy.es\/es\/#website","url":"https:\/\/www.copealcoy.es\/es\/","name":"COPE Alcoy","description":"Emisora COPE de radio local con emisi\u00f3n online. Pont de Sant Jordi 8-10 03803 Alcoy","potentialAction":[{"@type":"SearchAction","target":{"@type":"EntryPoint","urlTemplate":"https:\/\/www.copealcoy.es\/es\/?s={search_term_string}"},"query-input":{"@type":"PropertyValueSpecification","valueRequired":true,"valueName":"search_term_string"}}],"inLanguage":"es"},{"@type":"Person","@id":"https:\/\/www.copealcoy.es\/es\/#\/schema\/person\/e777c87fa024e57d40170af9df39882c","name":"Cope Alcoy","image":{"@type":"ImageObject","inLanguage":"es","@id":"https:\/\/secure.gravatar.com\/avatar\/bb65d0283347e303893ba14f0692005417c1e0e690a325a4c5d8bb2b3943ee14?s=96&d=mm&r=g","url":"https:\/\/secure.gravatar.com\/avatar\/bb65d0283347e303893ba14f0692005417c1e0e690a325a4c5d8bb2b3943ee14?s=96&d=mm&r=g","contentUrl":"https:\/\/secure.gravatar.com\/avatar\/bb65d0283347e303893ba14f0692005417c1e0e690a325a4c5d8bb2b3943ee14?s=96&d=mm&r=g","caption":"Cope Alcoy"}}]}},"_links":{"self":[{"href":"https:\/\/www.copealcoy.es\/es\/wp-json\/wp\/v2\/posts\/83363","targetHints":{"allow":["GET"]}}],"collection":[{"href":"https:\/\/www.copealcoy.es\/es\/wp-json\/wp\/v2\/posts"}],"about":[{"href":"https:\/\/www.copealcoy.es\/es\/wp-json\/wp\/v2\/types\/post"}],"author":[{"embeddable":true,"href":"https:\/\/www.copealcoy.es\/es\/wp-json\/wp\/v2\/users\/1"}],"replies":[{"embeddable":true,"href":"https:\/\/www.copealcoy.es\/es\/wp-json\/wp\/v2\/comments?post=83363"}],"version-history":[{"count":0,"href":"https:\/\/www.copealcoy.es\/es\/wp-json\/wp\/v2\/posts\/83363\/revisions"}],"wp:featuredmedia":[{"embeddable":true,"href":"https:\/\/www.copealcoy.es\/es\/wp-json\/wp\/v2\/media\/34565"}],"wp:attachment":[{"href":"https:\/\/www.copealcoy.es\/es\/wp-json\/wp\/v2\/media?parent=83363"}],"wp:term":[{"taxonomy":"category","embeddable":true,"href":"https:\/\/www.copealcoy.es\/es\/wp-json\/wp\/v2\/categories?post=83363"},{"taxonomy":"post_tag","embeddable":true,"href":"https:\/\/www.copealcoy.es\/es\/wp-json\/wp\/v2\/tags?post=83363"}],"curies":[{"name":"wp","href":"https:\/\/api.w.org\/{rel}","templated":true}]}}