{"id":83322,"date":"2022-02-01T11:26:24","date_gmt":"2022-02-01T10:26:24","guid":{"rendered":"https:\/\/www.copealcoy.es\/?p=83322"},"modified":"2022-02-01T11:43:33","modified_gmt":"2022-02-01T10:43:33","slug":"una-campanya-per-a-fomentar-el-consum-de-laigua-potable","status":"publish","type":"post","link":"https:\/\/www.copealcoy.es\/es\/una-campanya-per-a-fomentar-el-consum-de-laigua-potable\/","title":{"rendered":"Una campanya per a fomentar el consum de l&#8217;aigua potable"},"content":{"rendered":"<p style=\"text-align: justify;\">L&#8217;<strong>Ajuntament d&#8217;Alcoi<\/strong> ha llan\u00e7at <strong>una campanya per tal de fomentar l&#8217;\u00fas de l&#8217;aigua potable<\/strong> a la nostra ciutat. Aquesta iniciativa <strong>va ser la segona proposta de despesa corrent m\u00e9s votada en els pressupostos participatius de 2019<\/strong> i l&#8217;\u00fanica que encara no s&#8217;havia pogut dur a terme.<\/p>\n<p style=\"text-align: justify;\">Entre les accions que proposa l&#8217;esmentada campanya destaquen <strong>donar a con\u00e9ixer la qualitat aigua potable d&#8217;Alcoi<\/strong>, <strong>incentivar el seu consum<\/strong> i <strong>la reducci\u00f3 de la utilitzaci\u00f3 d&#8217;ampolles de pl\u00e0stic<\/strong>. Per altre costat es remarca <strong>la import\u00e0ncia de fer un consum responsable de la nostra aigua potable<\/strong> &#8220;<em>amb aquest projecte volem fer valdre el fet que tenim una aigua d&#8217;excel\u00b7lent qualitat i que compta amb els \u00edndexs adequats de cloraci\u00f3 despr\u00e9s que fa uns anys se suavitzaren els protocols de prevenci\u00f3 de la legionel\u00b7la que estaven vigents<\/em>&#8220;, van afirmar la passada setmana al respecte <strong>el regidor d&#8217;Obres i Serveis<\/strong> (Jordi Mart\u00ednez) i <strong>la regidora de Democr\u00e0cia Participativa<\/strong> (Tere\u00a0<span class=\"hiddenSpellError\">Sanju\u00e1n<\/span>).<\/p>\n<p style=\"text-align: justify;\">Els missatges de la campanya <strong>es difondran per xarxes socials<\/strong> i a trav\u00e9s dels <strong>mitjans de comunicaci\u00f3 locals<\/strong>. Tamb\u00e9 s&#8217;instal\u00b7laran <strong>anuncis en les tanques publicit\u00e0ries municipals<\/strong> amb el nou logo d&#8217;Aigua d&#8217;Alcoi.<\/p>\n","protected":false},"excerpt":{"rendered":"<p>L&#8217;Ajuntament d&#8217;Alcoi ha llan\u00e7at una campanya per tal de fomentar l&#8217;\u00fas de l&#8217;aigua potable a la nostra ciutat. Aquesta iniciativa&#8230;<\/p>\n","protected":false},"author":1,"featured_media":83323,"comment_status":"open","ping_status":"open","sticky":false,"template":"","format":"standard","meta":{"footnotes":""},"categories":[97,75,79],"tags":[9597,160,9579,12385],"class_list":["post-83322","post","type-post","status-publish","format-standard","has-post-thumbnail","hentry","category-alcoy","category-noticias","category-politicayeconomia","tag-aigua-potable","tag-alcoi","tag-campanya","tag-consum"],"yoast_head":"<!-- This site is optimized with the Yoast SEO plugin v27.3 - https:\/\/yoast.com\/product\/yoast-seo-wordpress\/ -->\n<title>Una campanya per a fomentar el consum de l&#039;aigua potable - COPE Alcoy<\/title>\n<meta name=\"robots\" content=\"index, follow, max-snippet:-1, max-image-preview:large, max-video-preview:-1\" \/>\n<link rel=\"canonical\" href=\"https:\/\/www.copealcoy.es\/es\/una-campanya-per-a-fomentar-el-consum-de-laigua-potable\/\" \/>\n<meta property=\"og:locale\" content=\"es_ES\" \/>\n<meta property=\"og:type\" content=\"article\" \/>\n<meta property=\"og:title\" content=\"Una campanya per a fomentar el consum de l&#039;aigua potable - COPE Alcoy\" \/>\n<meta property=\"og:description\" content=\"L&#8217;Ajuntament d&#8217;Alcoi ha llan\u00e7at una campanya per tal de fomentar l&#8217;\u00fas de l&#8217;aigua potable a la nostra ciutat. Aquesta iniciativa...\" \/>\n<meta property=\"og:url\" content=\"https:\/\/www.copealcoy.es\/es\/una-campanya-per-a-fomentar-el-consum-de-laigua-potable\/\" \/>\n<meta property=\"og:site_name\" content=\"COPE Alcoy\" \/>\n<meta property=\"article:published_time\" content=\"2022-02-01T10:26:24+00:00\" \/>\n<meta property=\"article:modified_time\" content=\"2022-02-01T10:43:33+00:00\" \/>\n<meta property=\"og:image\" content=\"https:\/\/www.copealcoy.es\/wp-content\/uploads\/2022\/02\/Foto-de-la-roda-de-premsa-de-presentacio-de-la-Campanya-de-lAigua.jpg\" \/>\n\t<meta property=\"og:image:width\" content=\"1599\" \/>\n\t<meta property=\"og:image:height\" content=\"1066\" \/>\n\t<meta property=\"og:image:type\" content=\"image\/jpeg\" \/>\n<meta name=\"author\" content=\"Cope Alcoy\" \/>\n<meta name=\"twitter:label1\" content=\"Escrito por\" \/>\n\t<meta name=\"twitter:data1\" content=\"Cope Alcoy\" \/>\n\t<meta name=\"twitter:label2\" content=\"Tiempo de lectura\" \/>\n\t<meta name=\"twitter:data2\" content=\"1 minuto\" \/>\n<script type=\"application\/ld+json\" class=\"yoast-schema-graph\">{\"@context\":\"https:\\\/\\\/schema.org\",\"@graph\":[{\"@type\":\"Article\",\"@id\":\"https:\\\/\\\/www.copealcoy.es\\\/es\\\/una-campanya-per-a-fomentar-el-consum-de-laigua-potable\\\/#article\",\"isPartOf\":{\"@id\":\"https:\\\/\\\/www.copealcoy.es\\\/es\\\/una-campanya-per-a-fomentar-el-consum-de-laigua-potable\\\/\"},\"author\":{\"name\":\"Cope Alcoy\",\"@id\":\"https:\\\/\\\/www.copealcoy.es\\\/es\\\/#\\\/schema\\\/person\\\/e777c87fa024e57d40170af9df39882c\"},\"headline\":\"Una campanya per a fomentar el consum de l&#8217;aigua potable\",\"datePublished\":\"2022-02-01T10:26:24+00:00\",\"dateModified\":\"2022-02-01T10:43:33+00:00\",\"mainEntityOfPage\":{\"@id\":\"https:\\\/\\\/www.copealcoy.es\\\/es\\\/una-campanya-per-a-fomentar-el-consum-de-laigua-potable\\\/\"},\"wordCount\":224,\"commentCount\":0,\"image\":{\"@id\":\"https:\\\/\\\/www.copealcoy.es\\\/es\\\/una-campanya-per-a-fomentar-el-consum-de-laigua-potable\\\/#primaryimage\"},\"thumbnailUrl\":\"https:\\\/\\\/www.copealcoy.es\\\/wp-content\\\/uploads\\\/2022\\\/02\\\/Foto-de-la-roda-de-premsa-de-presentacio-de-la-Campanya-de-lAigua.jpg\",\"keywords\":[\"aigua potable\",\"Alcoi\",\"campanya\",\"consum\"],\"articleSection\":[\"Alcoy\",\"Noticias\",\"Pol\u00edtica y Econom\u00eda\"],\"inLanguage\":\"es\"},{\"@type\":\"WebPage\",\"@id\":\"https:\\\/\\\/www.copealcoy.es\\\/es\\\/una-campanya-per-a-fomentar-el-consum-de-laigua-potable\\\/\",\"url\":\"https:\\\/\\\/www.copealcoy.es\\\/es\\\/una-campanya-per-a-fomentar-el-consum-de-laigua-potable\\\/\",\"name\":\"Una campanya per a fomentar el consum de l'aigua potable - COPE Alcoy\",\"isPartOf\":{\"@id\":\"https:\\\/\\\/www.copealcoy.es\\\/es\\\/#website\"},\"primaryImageOfPage\":{\"@id\":\"https:\\\/\\\/www.copealcoy.es\\\/es\\\/una-campanya-per-a-fomentar-el-consum-de-laigua-potable\\\/#primaryimage\"},\"image\":{\"@id\":\"https:\\\/\\\/www.copealcoy.es\\\/es\\\/una-campanya-per-a-fomentar-el-consum-de-laigua-potable\\\/#primaryimage\"},\"thumbnailUrl\":\"https:\\\/\\\/www.copealcoy.es\\\/wp-content\\\/uploads\\\/2022\\\/02\\\/Foto-de-la-roda-de-premsa-de-presentacio-de-la-Campanya-de-lAigua.jpg\",\"datePublished\":\"2022-02-01T10:26:24+00:00\",\"dateModified\":\"2022-02-01T10:43:33+00:00\",\"author\":{\"@id\":\"https:\\\/\\\/www.copealcoy.es\\\/es\\\/#\\\/schema\\\/person\\\/e777c87fa024e57d40170af9df39882c\"},\"breadcrumb\":{\"@id\":\"https:\\\/\\\/www.copealcoy.es\\\/es\\\/una-campanya-per-a-fomentar-el-consum-de-laigua-potable\\\/#breadcrumb\"},\"inLanguage\":\"es\",\"potentialAction\":[{\"@type\":\"ReadAction\",\"target\":[\"https:\\\/\\\/www.copealcoy.es\\\/es\\\/una-campanya-per-a-fomentar-el-consum-de-laigua-potable\\\/\"]}]},{\"@type\":\"ImageObject\",\"inLanguage\":\"es\",\"@id\":\"https:\\\/\\\/www.copealcoy.es\\\/es\\\/una-campanya-per-a-fomentar-el-consum-de-laigua-potable\\\/#primaryimage\",\"url\":\"https:\\\/\\\/www.copealcoy.es\\\/wp-content\\\/uploads\\\/2022\\\/02\\\/Foto-de-la-roda-de-premsa-de-presentacio-de-la-Campanya-de-lAigua.jpg\",\"contentUrl\":\"https:\\\/\\\/www.copealcoy.es\\\/wp-content\\\/uploads\\\/2022\\\/02\\\/Foto-de-la-roda-de-premsa-de-presentacio-de-la-Campanya-de-lAigua.jpg\",\"width\":1599,\"height\":1066},{\"@type\":\"BreadcrumbList\",\"@id\":\"https:\\\/\\\/www.copealcoy.es\\\/es\\\/una-campanya-per-a-fomentar-el-consum-de-laigua-potable\\\/#breadcrumb\",\"itemListElement\":[{\"@type\":\"ListItem\",\"position\":1,\"name\":\"Portada\",\"item\":\"https:\\\/\\\/www.copealcoy.es\\\/es\\\/\"},{\"@type\":\"ListItem\",\"position\":2,\"name\":\"Una campanya per a fomentar el consum de l&#8217;aigua potable\"}]},{\"@type\":\"WebSite\",\"@id\":\"https:\\\/\\\/www.copealcoy.es\\\/es\\\/#website\",\"url\":\"https:\\\/\\\/www.copealcoy.es\\\/es\\\/\",\"name\":\"COPE Alcoy\",\"description\":\"Emisora COPE de radio local con emisi\u00f3n online. Pont de Sant Jordi 8-10 03803 Alcoy\",\"potentialAction\":[{\"@type\":\"SearchAction\",\"target\":{\"@type\":\"EntryPoint\",\"urlTemplate\":\"https:\\\/\\\/www.copealcoy.es\\\/es\\\/?s={search_term_string}\"},\"query-input\":{\"@type\":\"PropertyValueSpecification\",\"valueRequired\":true,\"valueName\":\"search_term_string\"}}],\"inLanguage\":\"es\"},{\"@type\":\"Person\",\"@id\":\"https:\\\/\\\/www.copealcoy.es\\\/es\\\/#\\\/schema\\\/person\\\/e777c87fa024e57d40170af9df39882c\",\"name\":\"Cope Alcoy\",\"image\":{\"@type\":\"ImageObject\",\"inLanguage\":\"es\",\"@id\":\"https:\\\/\\\/secure.gravatar.com\\\/avatar\\\/bb65d0283347e303893ba14f0692005417c1e0e690a325a4c5d8bb2b3943ee14?s=96&d=mm&r=g\",\"url\":\"https:\\\/\\\/secure.gravatar.com\\\/avatar\\\/bb65d0283347e303893ba14f0692005417c1e0e690a325a4c5d8bb2b3943ee14?s=96&d=mm&r=g\",\"contentUrl\":\"https:\\\/\\\/secure.gravatar.com\\\/avatar\\\/bb65d0283347e303893ba14f0692005417c1e0e690a325a4c5d8bb2b3943ee14?s=96&d=mm&r=g\",\"caption\":\"Cope Alcoy\"}}]}<\/script>\n<!-- \/ Yoast SEO plugin. -->","yoast_head_json":{"title":"Una campanya per a fomentar el consum de l'aigua potable - COPE Alcoy","robots":{"index":"index","follow":"follow","max-snippet":"max-snippet:-1","max-image-preview":"max-image-preview:large","max-video-preview":"max-video-preview:-1"},"canonical":"https:\/\/www.copealcoy.es\/es\/una-campanya-per-a-fomentar-el-consum-de-laigua-potable\/","og_locale":"es_ES","og_type":"article","og_title":"Una campanya per a fomentar el consum de l'aigua potable - COPE Alcoy","og_description":"L&#8217;Ajuntament d&#8217;Alcoi ha llan\u00e7at una campanya per tal de fomentar l&#8217;\u00fas de l&#8217;aigua potable a la nostra ciutat. Aquesta iniciativa...","og_url":"https:\/\/www.copealcoy.es\/es\/una-campanya-per-a-fomentar-el-consum-de-laigua-potable\/","og_site_name":"COPE Alcoy","article_published_time":"2022-02-01T10:26:24+00:00","article_modified_time":"2022-02-01T10:43:33+00:00","og_image":[{"width":1599,"height":1066,"url":"https:\/\/www.copealcoy.es\/wp-content\/uploads\/2022\/02\/Foto-de-la-roda-de-premsa-de-presentacio-de-la-Campanya-de-lAigua.jpg","type":"image\/jpeg"}],"author":"Cope Alcoy","twitter_misc":{"Escrito por":"Cope Alcoy","Tiempo de lectura":"1 minuto"},"schema":{"@context":"https:\/\/schema.org","@graph":[{"@type":"Article","@id":"https:\/\/www.copealcoy.es\/es\/una-campanya-per-a-fomentar-el-consum-de-laigua-potable\/#article","isPartOf":{"@id":"https:\/\/www.copealcoy.es\/es\/una-campanya-per-a-fomentar-el-consum-de-laigua-potable\/"},"author":{"name":"Cope Alcoy","@id":"https:\/\/www.copealcoy.es\/es\/#\/schema\/person\/e777c87fa024e57d40170af9df39882c"},"headline":"Una campanya per a fomentar el consum de l&#8217;aigua potable","datePublished":"2022-02-01T10:26:24+00:00","dateModified":"2022-02-01T10:43:33+00:00","mainEntityOfPage":{"@id":"https:\/\/www.copealcoy.es\/es\/una-campanya-per-a-fomentar-el-consum-de-laigua-potable\/"},"wordCount":224,"commentCount":0,"image":{"@id":"https:\/\/www.copealcoy.es\/es\/una-campanya-per-a-fomentar-el-consum-de-laigua-potable\/#primaryimage"},"thumbnailUrl":"https:\/\/www.copealcoy.es\/wp-content\/uploads\/2022\/02\/Foto-de-la-roda-de-premsa-de-presentacio-de-la-Campanya-de-lAigua.jpg","keywords":["aigua potable","Alcoi","campanya","consum"],"articleSection":["Alcoy","Noticias","Pol\u00edtica y Econom\u00eda"],"inLanguage":"es"},{"@type":"WebPage","@id":"https:\/\/www.copealcoy.es\/es\/una-campanya-per-a-fomentar-el-consum-de-laigua-potable\/","url":"https:\/\/www.copealcoy.es\/es\/una-campanya-per-a-fomentar-el-consum-de-laigua-potable\/","name":"Una campanya per a fomentar el consum de l'aigua potable - COPE Alcoy","isPartOf":{"@id":"https:\/\/www.copealcoy.es\/es\/#website"},"primaryImageOfPage":{"@id":"https:\/\/www.copealcoy.es\/es\/una-campanya-per-a-fomentar-el-consum-de-laigua-potable\/#primaryimage"},"image":{"@id":"https:\/\/www.copealcoy.es\/es\/una-campanya-per-a-fomentar-el-consum-de-laigua-potable\/#primaryimage"},"thumbnailUrl":"https:\/\/www.copealcoy.es\/wp-content\/uploads\/2022\/02\/Foto-de-la-roda-de-premsa-de-presentacio-de-la-Campanya-de-lAigua.jpg","datePublished":"2022-02-01T10:26:24+00:00","dateModified":"2022-02-01T10:43:33+00:00","author":{"@id":"https:\/\/www.copealcoy.es\/es\/#\/schema\/person\/e777c87fa024e57d40170af9df39882c"},"breadcrumb":{"@id":"https:\/\/www.copealcoy.es\/es\/una-campanya-per-a-fomentar-el-consum-de-laigua-potable\/#breadcrumb"},"inLanguage":"es","potentialAction":[{"@type":"ReadAction","target":["https:\/\/www.copealcoy.es\/es\/una-campanya-per-a-fomentar-el-consum-de-laigua-potable\/"]}]},{"@type":"ImageObject","inLanguage":"es","@id":"https:\/\/www.copealcoy.es\/es\/una-campanya-per-a-fomentar-el-consum-de-laigua-potable\/#primaryimage","url":"https:\/\/www.copealcoy.es\/wp-content\/uploads\/2022\/02\/Foto-de-la-roda-de-premsa-de-presentacio-de-la-Campanya-de-lAigua.jpg","contentUrl":"https:\/\/www.copealcoy.es\/wp-content\/uploads\/2022\/02\/Foto-de-la-roda-de-premsa-de-presentacio-de-la-Campanya-de-lAigua.jpg","width":1599,"height":1066},{"@type":"BreadcrumbList","@id":"https:\/\/www.copealcoy.es\/es\/una-campanya-per-a-fomentar-el-consum-de-laigua-potable\/#breadcrumb","itemListElement":[{"@type":"ListItem","position":1,"name":"Portada","item":"https:\/\/www.copealcoy.es\/es\/"},{"@type":"ListItem","position":2,"name":"Una campanya per a fomentar el consum de l&#8217;aigua potable"}]},{"@type":"WebSite","@id":"https:\/\/www.copealcoy.es\/es\/#website","url":"https:\/\/www.copealcoy.es\/es\/","name":"COPE Alcoy","description":"Emisora COPE de radio local con emisi\u00f3n online. Pont de Sant Jordi 8-10 03803 Alcoy","potentialAction":[{"@type":"SearchAction","target":{"@type":"EntryPoint","urlTemplate":"https:\/\/www.copealcoy.es\/es\/?s={search_term_string}"},"query-input":{"@type":"PropertyValueSpecification","valueRequired":true,"valueName":"search_term_string"}}],"inLanguage":"es"},{"@type":"Person","@id":"https:\/\/www.copealcoy.es\/es\/#\/schema\/person\/e777c87fa024e57d40170af9df39882c","name":"Cope Alcoy","image":{"@type":"ImageObject","inLanguage":"es","@id":"https:\/\/secure.gravatar.com\/avatar\/bb65d0283347e303893ba14f0692005417c1e0e690a325a4c5d8bb2b3943ee14?s=96&d=mm&r=g","url":"https:\/\/secure.gravatar.com\/avatar\/bb65d0283347e303893ba14f0692005417c1e0e690a325a4c5d8bb2b3943ee14?s=96&d=mm&r=g","contentUrl":"https:\/\/secure.gravatar.com\/avatar\/bb65d0283347e303893ba14f0692005417c1e0e690a325a4c5d8bb2b3943ee14?s=96&d=mm&r=g","caption":"Cope Alcoy"}}]}},"_links":{"self":[{"href":"https:\/\/www.copealcoy.es\/es\/wp-json\/wp\/v2\/posts\/83322","targetHints":{"allow":["GET"]}}],"collection":[{"href":"https:\/\/www.copealcoy.es\/es\/wp-json\/wp\/v2\/posts"}],"about":[{"href":"https:\/\/www.copealcoy.es\/es\/wp-json\/wp\/v2\/types\/post"}],"author":[{"embeddable":true,"href":"https:\/\/www.copealcoy.es\/es\/wp-json\/wp\/v2\/users\/1"}],"replies":[{"embeddable":true,"href":"https:\/\/www.copealcoy.es\/es\/wp-json\/wp\/v2\/comments?post=83322"}],"version-history":[{"count":0,"href":"https:\/\/www.copealcoy.es\/es\/wp-json\/wp\/v2\/posts\/83322\/revisions"}],"wp:featuredmedia":[{"embeddable":true,"href":"https:\/\/www.copealcoy.es\/es\/wp-json\/wp\/v2\/media\/83323"}],"wp:attachment":[{"href":"https:\/\/www.copealcoy.es\/es\/wp-json\/wp\/v2\/media?parent=83322"}],"wp:term":[{"taxonomy":"category","embeddable":true,"href":"https:\/\/www.copealcoy.es\/es\/wp-json\/wp\/v2\/categories?post=83322"},{"taxonomy":"post_tag","embeddable":true,"href":"https:\/\/www.copealcoy.es\/es\/wp-json\/wp\/v2\/tags?post=83322"}],"curies":[{"name":"wp","href":"https:\/\/api.w.org\/{rel}","templated":true}]}}