{"id":83217,"date":"2022-01-28T23:15:42","date_gmt":"2022-01-28T22:15:42","guid":{"rendered":"https:\/\/www.copealcoy.es\/?p=83217"},"modified":"2022-01-28T23:33:52","modified_gmt":"2022-01-28T22:33:52","slug":"todo-listo-para-la-festividad-del-jesuset-del-miracle","status":"publish","type":"post","link":"https:\/\/www.copealcoy.es\/es\/todo-listo-para-la-festividad-del-jesuset-del-miracle\/","title":{"rendered":"Todo listo para la festividad del Jesuset del Miracle"},"content":{"rendered":"<p style=\"text-align: justify;\">La <strong>Asociaci\u00f3n del Jesuset del Miracle<\/strong> de Alcoy ha preparado diferentes <strong>actividades religiosas<\/strong> que tendr\u00e1n lugar ma\u00f1ana en la ciudad. Ser\u00e1 en <strong>el d\u00eda grande de la festividad en honor al Sant\u00edsimo Ni\u00f1o Jes\u00fas del Milagro<\/strong>, una tradici\u00f3n muy arraigada que <strong>recupera este a\u00f1o su formato habitual<\/strong> tras haber estado condicionada el pasado a\u00f1o por la pandemia del Coronavirus.<\/p>\n<p style=\"text-align: justify;\">Los actos arrancar\u00e1n a las nueve de la ma\u00f1ana con <strong>la &#8216;Misa del Tullidet&#8217;<\/strong> en la iglesia del Monasterio del Santo Sepulcro. Dos horas m\u00e1s tarde, a las once, s<strong>e efectuar\u00e1 el traslado del Sant\u00edsimo Sacramento<\/strong> desde la Parroquia de Santa Mar\u00eda hasta el templo donde se venera al Jesuset del Miracle para la celebraci\u00f3n de <strong>la Misa Solemne en su honor<\/strong>. La misma contar\u00e1 con acompa\u00f1amiento musical y en el transcurso de esta eucarist\u00eda <strong>el alcalde leer\u00e1 el voto hecho por el pueblo de Alcoy en 1569<\/strong> para recordar siempre <strong>la intercesi\u00f3n del Jesuset del Miracle en el robo y hallazgo de las sagradas formas<\/strong> <em>&#8220;es una fiesta que est\u00e1 considerada como el segundo Corpus y esperamos que la ciudad la viva con mucho entusiasmo y cumpliendo con las preceptivas medidas para la prevenci\u00f3n de la Covid-19&#8221;<\/em>, aseguraba en COPE ALCOY <strong>Don Jos\u00e9 Lu\u00eds Llopis<\/strong>; titular de las Parroquias del Centro. La ma\u00f1ana avanzar\u00e1 con <strong>la procesi\u00f3n solemne<\/strong> que dar\u00e1 inicio hacia el mediod\u00eda &#8220;<em>el Gremio de Labradores y el Grup de Danses Sant Jordi acompa\u00f1ar\u00e1n a la imagen del Jesuset del Miracle y al Sant\u00edsimo Sacramento por las calles del Centro. Estamos muy contentos por volver a manifestar esta devoci\u00f3n fuera del templo<\/em>&#8220;, afirma <strong>Jorge Ponsoda<\/strong>; Presidente de la mencionada <strong>Asociaci\u00f3n del Jesuset del Miracle<\/strong>.<\/p>\n<p style=\"text-align: justify;\">La festividad del Jesuset terminar\u00e1 el lunes con <strong>una misa en recuerdo de los asociados difuntos<\/strong>. La cita ser\u00e1 a partir de las siete de la tarde.<\/p>\n","protected":false},"excerpt":{"rendered":"<p>La Asociaci\u00f3n del Jesuset del Miracle de Alcoy ha preparado diferentes actividades religiosas que tendr\u00e1n lugar ma\u00f1ana en la ciudad&#8230;.<\/p>\n","protected":false},"author":1,"featured_media":0,"comment_status":"open","ping_status":"open","sticky":false,"template":"","format":"standard","meta":{"footnotes":""},"categories":[97,78,75],"tags":[1494,6997,598,7013,447],"class_list":["post-83217","post","type-post","status-publish","format-standard","hentry","category-alcoy","category-fiestaycultura","category-noticias","tag-alcoy","tag-festividad","tag-jesuset-del-miracle","tag-monasterio-del-santo-sepulcro","tag-tradiciones"],"yoast_head":"<!-- This site is optimized with the Yoast SEO plugin v27.3 - https:\/\/yoast.com\/product\/yoast-seo-wordpress\/ -->\n<title>Todo listo para la festividad del Jesuset del Miracle - COPE Alcoy<\/title>\n<meta name=\"robots\" content=\"index, follow, max-snippet:-1, max-image-preview:large, max-video-preview:-1\" \/>\n<link rel=\"canonical\" href=\"https:\/\/www.copealcoy.es\/es\/todo-listo-para-la-festividad-del-jesuset-del-miracle\/\" \/>\n<meta property=\"og:locale\" content=\"es_ES\" \/>\n<meta property=\"og:type\" content=\"article\" \/>\n<meta property=\"og:title\" content=\"Todo listo para la festividad del Jesuset del Miracle - COPE Alcoy\" \/>\n<meta property=\"og:description\" content=\"La Asociaci\u00f3n del Jesuset del Miracle de Alcoy ha preparado diferentes actividades religiosas que tendr\u00e1n lugar ma\u00f1ana en la ciudad....\" \/>\n<meta property=\"og:url\" content=\"https:\/\/www.copealcoy.es\/es\/todo-listo-para-la-festividad-del-jesuset-del-miracle\/\" \/>\n<meta property=\"og:site_name\" content=\"COPE Alcoy\" \/>\n<meta property=\"article:published_time\" content=\"2022-01-28T22:15:42+00:00\" \/>\n<meta property=\"article:modified_time\" content=\"2022-01-28T22:33:52+00:00\" \/>\n<meta property=\"og:image\" content=\"https:\/\/www.copealcoy.es\/wp-content\/uploads\/2015\/01\/image107.jpg\" \/>\n\t<meta property=\"og:image:width\" content=\"616\" \/>\n\t<meta property=\"og:image:height\" content=\"505\" \/>\n\t<meta property=\"og:image:type\" content=\"image\/jpeg\" \/>\n<meta name=\"author\" content=\"Cope Alcoy\" \/>\n<meta name=\"twitter:label1\" content=\"Escrito por\" \/>\n\t<meta name=\"twitter:data1\" content=\"Cope Alcoy\" \/>\n\t<meta name=\"twitter:label2\" content=\"Tiempo de lectura\" \/>\n\t<meta name=\"twitter:data2\" content=\"2 minutos\" \/>\n<script type=\"application\/ld+json\" class=\"yoast-schema-graph\">{\"@context\":\"https:\\\/\\\/schema.org\",\"@graph\":[{\"@type\":\"Article\",\"@id\":\"https:\\\/\\\/www.copealcoy.es\\\/es\\\/todo-listo-para-la-festividad-del-jesuset-del-miracle\\\/#article\",\"isPartOf\":{\"@id\":\"https:\\\/\\\/www.copealcoy.es\\\/es\\\/todo-listo-para-la-festividad-del-jesuset-del-miracle\\\/\"},\"author\":{\"name\":\"Cope Alcoy\",\"@id\":\"https:\\\/\\\/www.copealcoy.es\\\/es\\\/#\\\/schema\\\/person\\\/e777c87fa024e57d40170af9df39882c\"},\"headline\":\"Todo listo para la festividad del Jesuset del Miracle\",\"datePublished\":\"2022-01-28T22:15:42+00:00\",\"dateModified\":\"2022-01-28T22:33:52+00:00\",\"mainEntityOfPage\":{\"@id\":\"https:\\\/\\\/www.copealcoy.es\\\/es\\\/todo-listo-para-la-festividad-del-jesuset-del-miracle\\\/\"},\"wordCount\":340,\"commentCount\":0,\"keywords\":[\"Alcoy\",\"festividad\",\"Jesuset del Miracle\",\"Monasterio del Santo Sepulcro\",\"Tradiciones\"],\"articleSection\":[\"Alcoy\",\"Fiesta y Cultura\",\"Noticias\"],\"inLanguage\":\"es\"},{\"@type\":\"WebPage\",\"@id\":\"https:\\\/\\\/www.copealcoy.es\\\/es\\\/todo-listo-para-la-festividad-del-jesuset-del-miracle\\\/\",\"url\":\"https:\\\/\\\/www.copealcoy.es\\\/es\\\/todo-listo-para-la-festividad-del-jesuset-del-miracle\\\/\",\"name\":\"Todo listo para la festividad del Jesuset del Miracle - COPE Alcoy\",\"isPartOf\":{\"@id\":\"https:\\\/\\\/www.copealcoy.es\\\/es\\\/#website\"},\"datePublished\":\"2022-01-28T22:15:42+00:00\",\"dateModified\":\"2022-01-28T22:33:52+00:00\",\"author\":{\"@id\":\"https:\\\/\\\/www.copealcoy.es\\\/es\\\/#\\\/schema\\\/person\\\/e777c87fa024e57d40170af9df39882c\"},\"breadcrumb\":{\"@id\":\"https:\\\/\\\/www.copealcoy.es\\\/es\\\/todo-listo-para-la-festividad-del-jesuset-del-miracle\\\/#breadcrumb\"},\"inLanguage\":\"es\",\"potentialAction\":[{\"@type\":\"ReadAction\",\"target\":[\"https:\\\/\\\/www.copealcoy.es\\\/es\\\/todo-listo-para-la-festividad-del-jesuset-del-miracle\\\/\"]}]},{\"@type\":\"BreadcrumbList\",\"@id\":\"https:\\\/\\\/www.copealcoy.es\\\/es\\\/todo-listo-para-la-festividad-del-jesuset-del-miracle\\\/#breadcrumb\",\"itemListElement\":[{\"@type\":\"ListItem\",\"position\":1,\"name\":\"Portada\",\"item\":\"https:\\\/\\\/www.copealcoy.es\\\/es\\\/\"},{\"@type\":\"ListItem\",\"position\":2,\"name\":\"Todo listo para la festividad del Jesuset del Miracle\"}]},{\"@type\":\"WebSite\",\"@id\":\"https:\\\/\\\/www.copealcoy.es\\\/es\\\/#website\",\"url\":\"https:\\\/\\\/www.copealcoy.es\\\/es\\\/\",\"name\":\"COPE Alcoy\",\"description\":\"Emisora COPE de radio local con emisi\u00f3n online. Pont de Sant Jordi 8-10 03803 Alcoy\",\"potentialAction\":[{\"@type\":\"SearchAction\",\"target\":{\"@type\":\"EntryPoint\",\"urlTemplate\":\"https:\\\/\\\/www.copealcoy.es\\\/es\\\/?s={search_term_string}\"},\"query-input\":{\"@type\":\"PropertyValueSpecification\",\"valueRequired\":true,\"valueName\":\"search_term_string\"}}],\"inLanguage\":\"es\"},{\"@type\":\"Person\",\"@id\":\"https:\\\/\\\/www.copealcoy.es\\\/es\\\/#\\\/schema\\\/person\\\/e777c87fa024e57d40170af9df39882c\",\"name\":\"Cope Alcoy\",\"image\":{\"@type\":\"ImageObject\",\"inLanguage\":\"es\",\"@id\":\"https:\\\/\\\/secure.gravatar.com\\\/avatar\\\/bb65d0283347e303893ba14f0692005417c1e0e690a325a4c5d8bb2b3943ee14?s=96&d=mm&r=g\",\"url\":\"https:\\\/\\\/secure.gravatar.com\\\/avatar\\\/bb65d0283347e303893ba14f0692005417c1e0e690a325a4c5d8bb2b3943ee14?s=96&d=mm&r=g\",\"contentUrl\":\"https:\\\/\\\/secure.gravatar.com\\\/avatar\\\/bb65d0283347e303893ba14f0692005417c1e0e690a325a4c5d8bb2b3943ee14?s=96&d=mm&r=g\",\"caption\":\"Cope Alcoy\"}}]}<\/script>\n<!-- \/ Yoast SEO plugin. -->","yoast_head_json":{"title":"Todo listo para la festividad del Jesuset del Miracle - COPE Alcoy","robots":{"index":"index","follow":"follow","max-snippet":"max-snippet:-1","max-image-preview":"max-image-preview:large","max-video-preview":"max-video-preview:-1"},"canonical":"https:\/\/www.copealcoy.es\/es\/todo-listo-para-la-festividad-del-jesuset-del-miracle\/","og_locale":"es_ES","og_type":"article","og_title":"Todo listo para la festividad del Jesuset del Miracle - COPE Alcoy","og_description":"La Asociaci\u00f3n del Jesuset del Miracle de Alcoy ha preparado diferentes actividades religiosas que tendr\u00e1n lugar ma\u00f1ana en la ciudad....","og_url":"https:\/\/www.copealcoy.es\/es\/todo-listo-para-la-festividad-del-jesuset-del-miracle\/","og_site_name":"COPE Alcoy","article_published_time":"2022-01-28T22:15:42+00:00","article_modified_time":"2022-01-28T22:33:52+00:00","og_image":[{"width":616,"height":505,"url":"https:\/\/www.copealcoy.es\/wp-content\/uploads\/2015\/01\/image107.jpg","type":"image\/jpeg"}],"author":"Cope Alcoy","twitter_misc":{"Escrito por":"Cope Alcoy","Tiempo de lectura":"2 minutos"},"schema":{"@context":"https:\/\/schema.org","@graph":[{"@type":"Article","@id":"https:\/\/www.copealcoy.es\/es\/todo-listo-para-la-festividad-del-jesuset-del-miracle\/#article","isPartOf":{"@id":"https:\/\/www.copealcoy.es\/es\/todo-listo-para-la-festividad-del-jesuset-del-miracle\/"},"author":{"name":"Cope Alcoy","@id":"https:\/\/www.copealcoy.es\/es\/#\/schema\/person\/e777c87fa024e57d40170af9df39882c"},"headline":"Todo listo para la festividad del Jesuset del Miracle","datePublished":"2022-01-28T22:15:42+00:00","dateModified":"2022-01-28T22:33:52+00:00","mainEntityOfPage":{"@id":"https:\/\/www.copealcoy.es\/es\/todo-listo-para-la-festividad-del-jesuset-del-miracle\/"},"wordCount":340,"commentCount":0,"keywords":["Alcoy","festividad","Jesuset del Miracle","Monasterio del Santo Sepulcro","Tradiciones"],"articleSection":["Alcoy","Fiesta y Cultura","Noticias"],"inLanguage":"es"},{"@type":"WebPage","@id":"https:\/\/www.copealcoy.es\/es\/todo-listo-para-la-festividad-del-jesuset-del-miracle\/","url":"https:\/\/www.copealcoy.es\/es\/todo-listo-para-la-festividad-del-jesuset-del-miracle\/","name":"Todo listo para la festividad del Jesuset del Miracle - COPE Alcoy","isPartOf":{"@id":"https:\/\/www.copealcoy.es\/es\/#website"},"datePublished":"2022-01-28T22:15:42+00:00","dateModified":"2022-01-28T22:33:52+00:00","author":{"@id":"https:\/\/www.copealcoy.es\/es\/#\/schema\/person\/e777c87fa024e57d40170af9df39882c"},"breadcrumb":{"@id":"https:\/\/www.copealcoy.es\/es\/todo-listo-para-la-festividad-del-jesuset-del-miracle\/#breadcrumb"},"inLanguage":"es","potentialAction":[{"@type":"ReadAction","target":["https:\/\/www.copealcoy.es\/es\/todo-listo-para-la-festividad-del-jesuset-del-miracle\/"]}]},{"@type":"BreadcrumbList","@id":"https:\/\/www.copealcoy.es\/es\/todo-listo-para-la-festividad-del-jesuset-del-miracle\/#breadcrumb","itemListElement":[{"@type":"ListItem","position":1,"name":"Portada","item":"https:\/\/www.copealcoy.es\/es\/"},{"@type":"ListItem","position":2,"name":"Todo listo para la festividad del Jesuset del Miracle"}]},{"@type":"WebSite","@id":"https:\/\/www.copealcoy.es\/es\/#website","url":"https:\/\/www.copealcoy.es\/es\/","name":"COPE Alcoy","description":"Emisora COPE de radio local con emisi\u00f3n online. Pont de Sant Jordi 8-10 03803 Alcoy","potentialAction":[{"@type":"SearchAction","target":{"@type":"EntryPoint","urlTemplate":"https:\/\/www.copealcoy.es\/es\/?s={search_term_string}"},"query-input":{"@type":"PropertyValueSpecification","valueRequired":true,"valueName":"search_term_string"}}],"inLanguage":"es"},{"@type":"Person","@id":"https:\/\/www.copealcoy.es\/es\/#\/schema\/person\/e777c87fa024e57d40170af9df39882c","name":"Cope Alcoy","image":{"@type":"ImageObject","inLanguage":"es","@id":"https:\/\/secure.gravatar.com\/avatar\/bb65d0283347e303893ba14f0692005417c1e0e690a325a4c5d8bb2b3943ee14?s=96&d=mm&r=g","url":"https:\/\/secure.gravatar.com\/avatar\/bb65d0283347e303893ba14f0692005417c1e0e690a325a4c5d8bb2b3943ee14?s=96&d=mm&r=g","contentUrl":"https:\/\/secure.gravatar.com\/avatar\/bb65d0283347e303893ba14f0692005417c1e0e690a325a4c5d8bb2b3943ee14?s=96&d=mm&r=g","caption":"Cope Alcoy"}}]}},"_links":{"self":[{"href":"https:\/\/www.copealcoy.es\/es\/wp-json\/wp\/v2\/posts\/83217","targetHints":{"allow":["GET"]}}],"collection":[{"href":"https:\/\/www.copealcoy.es\/es\/wp-json\/wp\/v2\/posts"}],"about":[{"href":"https:\/\/www.copealcoy.es\/es\/wp-json\/wp\/v2\/types\/post"}],"author":[{"embeddable":true,"href":"https:\/\/www.copealcoy.es\/es\/wp-json\/wp\/v2\/users\/1"}],"replies":[{"embeddable":true,"href":"https:\/\/www.copealcoy.es\/es\/wp-json\/wp\/v2\/comments?post=83217"}],"version-history":[{"count":0,"href":"https:\/\/www.copealcoy.es\/es\/wp-json\/wp\/v2\/posts\/83217\/revisions"}],"wp:attachment":[{"href":"https:\/\/www.copealcoy.es\/es\/wp-json\/wp\/v2\/media?parent=83217"}],"wp:term":[{"taxonomy":"category","embeddable":true,"href":"https:\/\/www.copealcoy.es\/es\/wp-json\/wp\/v2\/categories?post=83217"},{"taxonomy":"post_tag","embeddable":true,"href":"https:\/\/www.copealcoy.es\/es\/wp-json\/wp\/v2\/tags?post=83217"}],"curies":[{"name":"wp","href":"https:\/\/api.w.org\/{rel}","templated":true}]}}