{"id":83181,"date":"2022-01-27T21:46:02","date_gmt":"2022-01-27T20:46:02","guid":{"rendered":"https:\/\/www.copealcoy.es\/?p=83181"},"modified":"2022-01-28T11:17:58","modified_gmt":"2022-01-28T10:17:58","slug":"la-pandemia-sigue-descontrolada-en-la-comunitat","status":"publish","type":"post","link":"https:\/\/www.copealcoy.es\/es\/la-pandemia-sigue-descontrolada-en-la-comunitat\/","title":{"rendered":"La pandemia sigue descontrolada en la Comunitat"},"content":{"rendered":"<p style=\"text-align: justify;\">La\u00a0<strong><span style=\"color: #0000ff;\"><a style=\"color: #0000ff;\" href=\"http:\/\/www.san.gva.es\/\">Conselleria de Sanidad Universal y Salud P\u00fablica<\/a>\u00a0<\/span><\/strong>ha notificado un total de\u00a0<strong>30.410 nuevos casos de Coronavirus<\/strong>\u00a0confirmados por prueba PCR o a trav\u00e9s de test de ant\u00edgenos. Con esta actualizaci\u00f3n,\u00a0<strong>la cifra total de positivos se sit\u00faa en 1.072.553.<\/strong>\u00a0Los nuevos casos por provincias son 4.130 en Castell\u00f3n (133.762 en total), <strong>10.894 en Alicante (380.874)<\/strong> y 15.386 en Valencia (557.914). La cifra total de casos sin asignar se mantiene en 3.<\/p>\n<div class=\"teads-inread\" style=\"text-align: justify;\">\n<div>\n<div class=\"teads-ui-components-label\">Por otra parte, <strong>se han registrado 22.459 altas a pacientes con Coronavirus<\/strong>. De esta forma, el n\u00famero de personas que han superado la enfermedad desde que comenz\u00f3 la pandemia en la Comunitat Valenciana asciende a 859.527 personas. Por provincias, las altas se distribuyen as\u00ed: 101.831 en Castell\u00f3n, 307.859 en Alicante y 449.780 en Valencia. El total de altas no asignadas se mantiene en 57.<\/div>\n<\/div>\n<\/div>\n<p style=\"text-align: justify;\"><strong>Los hospitales valencianos tienen, actualmente, 1.804 personas ingresadas, 191 de ellas en la UCI<\/strong>: 250 en la provincia de Castell\u00f3n, 22 en UCI; <strong>586 en la provincia de Alicante<\/strong>, 63 de ellas en la UCI; y 968 en la provincia de Valencia, 106 en UCI.<\/p>\n<p style=\"text-align: justify;\"><strong>Se han notificado 13 fallecimientos<\/strong> por Coronavirus desde la \u00faltima actualizaci\u00f3n. Se trata de 3 mujeres, de entre 61 y 91 a\u00f1os, y 10 hombres, de entre 51 y 83 a\u00f1os. Todos los fallecimientos son de la \u00faltima semana. El <strong>total de decesos<\/strong> desde el inicio de la pandemia asciende a 8.493: 968 en la provincia de Castell\u00f3n, <strong>3.260 en la de Alicante<\/strong> y 4.265 en la de Valencia.<\/p>\n<p style=\"text-align: justify;\">De acuerdo con los datos registrados,\u00a0<strong>en estos momentos hay 215.974 casos activos<\/strong>, lo que supone un 19,92% del total de positivos.<\/p>\n","protected":false},"excerpt":{"rendered":"<p>La\u00a0Conselleria de Sanidad Universal y Salud P\u00fablica\u00a0ha notificado un total de\u00a030.410 nuevos casos de Coronavirus\u00a0confirmados por prueba PCR o a&#8230;<\/p>\n","protected":false},"author":1,"featured_media":62059,"comment_status":"open","ping_status":"open","sticky":false,"template":"","format":"standard","meta":{"footnotes":""},"categories":[6909,75,79,125],"tags":[7281,7397,10050,7477],"class_list":["post-83181","post","type-post","status-publish","format-standard","has-post-thumbnail","hentry","category-actualidad","category-noticias","category-politicayeconomia","category-portada","tag-coronavirus","tag-covid-19","tag-crisis-sanitaria","tag-pandemia"],"yoast_head":"<!-- This site is optimized with the Yoast SEO plugin v27.3 - https:\/\/yoast.com\/product\/yoast-seo-wordpress\/ -->\n<title>La pandemia sigue descontrolada en la Comunitat - COPE Alcoy<\/title>\n<meta name=\"robots\" content=\"index, follow, max-snippet:-1, max-image-preview:large, max-video-preview:-1\" \/>\n<link rel=\"canonical\" href=\"https:\/\/www.copealcoy.es\/es\/la-pandemia-sigue-descontrolada-en-la-comunitat\/\" \/>\n<meta property=\"og:locale\" content=\"es_ES\" \/>\n<meta property=\"og:type\" content=\"article\" \/>\n<meta property=\"og:title\" content=\"La pandemia sigue descontrolada en la Comunitat - COPE Alcoy\" \/>\n<meta property=\"og:description\" content=\"La\u00a0Conselleria de Sanidad Universal y Salud P\u00fablica\u00a0ha notificado un total de\u00a030.410 nuevos casos de Coronavirus\u00a0confirmados por prueba PCR o a...\" \/>\n<meta property=\"og:url\" content=\"https:\/\/www.copealcoy.es\/es\/la-pandemia-sigue-descontrolada-en-la-comunitat\/\" \/>\n<meta property=\"og:site_name\" content=\"COPE Alcoy\" \/>\n<meta property=\"article:published_time\" content=\"2022-01-27T20:46:02+00:00\" \/>\n<meta property=\"article:modified_time\" content=\"2022-01-28T10:17:58+00:00\" \/>\n<meta property=\"og:image\" content=\"https:\/\/www.copealcoy.es\/wp-content\/uploads\/2020\/04\/Captura-de-pantalla-2020-04-22-a-las-17.34.34-1.jpg\" \/>\n\t<meta property=\"og:image:width\" content=\"931\" \/>\n\t<meta property=\"og:image:height\" content=\"436\" \/>\n\t<meta property=\"og:image:type\" content=\"image\/jpeg\" \/>\n<meta name=\"author\" content=\"Cope Alcoy\" \/>\n<meta name=\"twitter:label1\" content=\"Escrito por\" \/>\n\t<meta name=\"twitter:data1\" content=\"Cope Alcoy\" \/>\n\t<meta name=\"twitter:label2\" content=\"Tiempo de lectura\" \/>\n\t<meta name=\"twitter:data2\" content=\"2 minutos\" \/>\n<script type=\"application\/ld+json\" class=\"yoast-schema-graph\">{\"@context\":\"https:\\\/\\\/schema.org\",\"@graph\":[{\"@type\":\"Article\",\"@id\":\"https:\\\/\\\/www.copealcoy.es\\\/es\\\/la-pandemia-sigue-descontrolada-en-la-comunitat\\\/#article\",\"isPartOf\":{\"@id\":\"https:\\\/\\\/www.copealcoy.es\\\/es\\\/la-pandemia-sigue-descontrolada-en-la-comunitat\\\/\"},\"author\":{\"name\":\"Cope Alcoy\",\"@id\":\"https:\\\/\\\/www.copealcoy.es\\\/es\\\/#\\\/schema\\\/person\\\/e777c87fa024e57d40170af9df39882c\"},\"headline\":\"La pandemia sigue descontrolada en la Comunitat\",\"datePublished\":\"2022-01-27T20:46:02+00:00\",\"dateModified\":\"2022-01-28T10:17:58+00:00\",\"mainEntityOfPage\":{\"@id\":\"https:\\\/\\\/www.copealcoy.es\\\/es\\\/la-pandemia-sigue-descontrolada-en-la-comunitat\\\/\"},\"wordCount\":257,\"commentCount\":0,\"image\":{\"@id\":\"https:\\\/\\\/www.copealcoy.es\\\/es\\\/la-pandemia-sigue-descontrolada-en-la-comunitat\\\/#primaryimage\"},\"thumbnailUrl\":\"https:\\\/\\\/www.copealcoy.es\\\/wp-content\\\/uploads\\\/2020\\\/04\\\/Captura-de-pantalla-2020-04-22-a-las-17.34.34-1.jpg\",\"keywords\":[\"Coronavirus\",\"Covid-19\",\"crisis sanitaria\",\"pandemia\"],\"articleSection\":[\"Actualidad\",\"Noticias\",\"Pol\u00edtica y Econom\u00eda\",\"Portada\"],\"inLanguage\":\"es\"},{\"@type\":\"WebPage\",\"@id\":\"https:\\\/\\\/www.copealcoy.es\\\/es\\\/la-pandemia-sigue-descontrolada-en-la-comunitat\\\/\",\"url\":\"https:\\\/\\\/www.copealcoy.es\\\/es\\\/la-pandemia-sigue-descontrolada-en-la-comunitat\\\/\",\"name\":\"La pandemia sigue descontrolada en la Comunitat - COPE Alcoy\",\"isPartOf\":{\"@id\":\"https:\\\/\\\/www.copealcoy.es\\\/es\\\/#website\"},\"primaryImageOfPage\":{\"@id\":\"https:\\\/\\\/www.copealcoy.es\\\/es\\\/la-pandemia-sigue-descontrolada-en-la-comunitat\\\/#primaryimage\"},\"image\":{\"@id\":\"https:\\\/\\\/www.copealcoy.es\\\/es\\\/la-pandemia-sigue-descontrolada-en-la-comunitat\\\/#primaryimage\"},\"thumbnailUrl\":\"https:\\\/\\\/www.copealcoy.es\\\/wp-content\\\/uploads\\\/2020\\\/04\\\/Captura-de-pantalla-2020-04-22-a-las-17.34.34-1.jpg\",\"datePublished\":\"2022-01-27T20:46:02+00:00\",\"dateModified\":\"2022-01-28T10:17:58+00:00\",\"author\":{\"@id\":\"https:\\\/\\\/www.copealcoy.es\\\/es\\\/#\\\/schema\\\/person\\\/e777c87fa024e57d40170af9df39882c\"},\"breadcrumb\":{\"@id\":\"https:\\\/\\\/www.copealcoy.es\\\/es\\\/la-pandemia-sigue-descontrolada-en-la-comunitat\\\/#breadcrumb\"},\"inLanguage\":\"es\",\"potentialAction\":[{\"@type\":\"ReadAction\",\"target\":[\"https:\\\/\\\/www.copealcoy.es\\\/es\\\/la-pandemia-sigue-descontrolada-en-la-comunitat\\\/\"]}]},{\"@type\":\"ImageObject\",\"inLanguage\":\"es\",\"@id\":\"https:\\\/\\\/www.copealcoy.es\\\/es\\\/la-pandemia-sigue-descontrolada-en-la-comunitat\\\/#primaryimage\",\"url\":\"https:\\\/\\\/www.copealcoy.es\\\/wp-content\\\/uploads\\\/2020\\\/04\\\/Captura-de-pantalla-2020-04-22-a-las-17.34.34-1.jpg\",\"contentUrl\":\"https:\\\/\\\/www.copealcoy.es\\\/wp-content\\\/uploads\\\/2020\\\/04\\\/Captura-de-pantalla-2020-04-22-a-las-17.34.34-1.jpg\",\"width\":931,\"height\":436},{\"@type\":\"BreadcrumbList\",\"@id\":\"https:\\\/\\\/www.copealcoy.es\\\/es\\\/la-pandemia-sigue-descontrolada-en-la-comunitat\\\/#breadcrumb\",\"itemListElement\":[{\"@type\":\"ListItem\",\"position\":1,\"name\":\"Portada\",\"item\":\"https:\\\/\\\/www.copealcoy.es\\\/es\\\/\"},{\"@type\":\"ListItem\",\"position\":2,\"name\":\"La pandemia sigue descontrolada en la Comunitat\"}]},{\"@type\":\"WebSite\",\"@id\":\"https:\\\/\\\/www.copealcoy.es\\\/es\\\/#website\",\"url\":\"https:\\\/\\\/www.copealcoy.es\\\/es\\\/\",\"name\":\"COPE Alcoy\",\"description\":\"Emisora COPE de radio local con emisi\u00f3n online. Pont de Sant Jordi 8-10 03803 Alcoy\",\"potentialAction\":[{\"@type\":\"SearchAction\",\"target\":{\"@type\":\"EntryPoint\",\"urlTemplate\":\"https:\\\/\\\/www.copealcoy.es\\\/es\\\/?s={search_term_string}\"},\"query-input\":{\"@type\":\"PropertyValueSpecification\",\"valueRequired\":true,\"valueName\":\"search_term_string\"}}],\"inLanguage\":\"es\"},{\"@type\":\"Person\",\"@id\":\"https:\\\/\\\/www.copealcoy.es\\\/es\\\/#\\\/schema\\\/person\\\/e777c87fa024e57d40170af9df39882c\",\"name\":\"Cope Alcoy\",\"image\":{\"@type\":\"ImageObject\",\"inLanguage\":\"es\",\"@id\":\"https:\\\/\\\/secure.gravatar.com\\\/avatar\\\/bb65d0283347e303893ba14f0692005417c1e0e690a325a4c5d8bb2b3943ee14?s=96&d=mm&r=g\",\"url\":\"https:\\\/\\\/secure.gravatar.com\\\/avatar\\\/bb65d0283347e303893ba14f0692005417c1e0e690a325a4c5d8bb2b3943ee14?s=96&d=mm&r=g\",\"contentUrl\":\"https:\\\/\\\/secure.gravatar.com\\\/avatar\\\/bb65d0283347e303893ba14f0692005417c1e0e690a325a4c5d8bb2b3943ee14?s=96&d=mm&r=g\",\"caption\":\"Cope Alcoy\"}}]}<\/script>\n<!-- \/ Yoast SEO plugin. -->","yoast_head_json":{"title":"La pandemia sigue descontrolada en la Comunitat - COPE Alcoy","robots":{"index":"index","follow":"follow","max-snippet":"max-snippet:-1","max-image-preview":"max-image-preview:large","max-video-preview":"max-video-preview:-1"},"canonical":"https:\/\/www.copealcoy.es\/es\/la-pandemia-sigue-descontrolada-en-la-comunitat\/","og_locale":"es_ES","og_type":"article","og_title":"La pandemia sigue descontrolada en la Comunitat - COPE Alcoy","og_description":"La\u00a0Conselleria de Sanidad Universal y Salud P\u00fablica\u00a0ha notificado un total de\u00a030.410 nuevos casos de Coronavirus\u00a0confirmados por prueba PCR o a...","og_url":"https:\/\/www.copealcoy.es\/es\/la-pandemia-sigue-descontrolada-en-la-comunitat\/","og_site_name":"COPE Alcoy","article_published_time":"2022-01-27T20:46:02+00:00","article_modified_time":"2022-01-28T10:17:58+00:00","og_image":[{"width":931,"height":436,"url":"https:\/\/www.copealcoy.es\/wp-content\/uploads\/2020\/04\/Captura-de-pantalla-2020-04-22-a-las-17.34.34-1.jpg","type":"image\/jpeg"}],"author":"Cope Alcoy","twitter_misc":{"Escrito por":"Cope Alcoy","Tiempo de lectura":"2 minutos"},"schema":{"@context":"https:\/\/schema.org","@graph":[{"@type":"Article","@id":"https:\/\/www.copealcoy.es\/es\/la-pandemia-sigue-descontrolada-en-la-comunitat\/#article","isPartOf":{"@id":"https:\/\/www.copealcoy.es\/es\/la-pandemia-sigue-descontrolada-en-la-comunitat\/"},"author":{"name":"Cope Alcoy","@id":"https:\/\/www.copealcoy.es\/es\/#\/schema\/person\/e777c87fa024e57d40170af9df39882c"},"headline":"La pandemia sigue descontrolada en la Comunitat","datePublished":"2022-01-27T20:46:02+00:00","dateModified":"2022-01-28T10:17:58+00:00","mainEntityOfPage":{"@id":"https:\/\/www.copealcoy.es\/es\/la-pandemia-sigue-descontrolada-en-la-comunitat\/"},"wordCount":257,"commentCount":0,"image":{"@id":"https:\/\/www.copealcoy.es\/es\/la-pandemia-sigue-descontrolada-en-la-comunitat\/#primaryimage"},"thumbnailUrl":"https:\/\/www.copealcoy.es\/wp-content\/uploads\/2020\/04\/Captura-de-pantalla-2020-04-22-a-las-17.34.34-1.jpg","keywords":["Coronavirus","Covid-19","crisis sanitaria","pandemia"],"articleSection":["Actualidad","Noticias","Pol\u00edtica y Econom\u00eda","Portada"],"inLanguage":"es"},{"@type":"WebPage","@id":"https:\/\/www.copealcoy.es\/es\/la-pandemia-sigue-descontrolada-en-la-comunitat\/","url":"https:\/\/www.copealcoy.es\/es\/la-pandemia-sigue-descontrolada-en-la-comunitat\/","name":"La pandemia sigue descontrolada en la Comunitat - COPE Alcoy","isPartOf":{"@id":"https:\/\/www.copealcoy.es\/es\/#website"},"primaryImageOfPage":{"@id":"https:\/\/www.copealcoy.es\/es\/la-pandemia-sigue-descontrolada-en-la-comunitat\/#primaryimage"},"image":{"@id":"https:\/\/www.copealcoy.es\/es\/la-pandemia-sigue-descontrolada-en-la-comunitat\/#primaryimage"},"thumbnailUrl":"https:\/\/www.copealcoy.es\/wp-content\/uploads\/2020\/04\/Captura-de-pantalla-2020-04-22-a-las-17.34.34-1.jpg","datePublished":"2022-01-27T20:46:02+00:00","dateModified":"2022-01-28T10:17:58+00:00","author":{"@id":"https:\/\/www.copealcoy.es\/es\/#\/schema\/person\/e777c87fa024e57d40170af9df39882c"},"breadcrumb":{"@id":"https:\/\/www.copealcoy.es\/es\/la-pandemia-sigue-descontrolada-en-la-comunitat\/#breadcrumb"},"inLanguage":"es","potentialAction":[{"@type":"ReadAction","target":["https:\/\/www.copealcoy.es\/es\/la-pandemia-sigue-descontrolada-en-la-comunitat\/"]}]},{"@type":"ImageObject","inLanguage":"es","@id":"https:\/\/www.copealcoy.es\/es\/la-pandemia-sigue-descontrolada-en-la-comunitat\/#primaryimage","url":"https:\/\/www.copealcoy.es\/wp-content\/uploads\/2020\/04\/Captura-de-pantalla-2020-04-22-a-las-17.34.34-1.jpg","contentUrl":"https:\/\/www.copealcoy.es\/wp-content\/uploads\/2020\/04\/Captura-de-pantalla-2020-04-22-a-las-17.34.34-1.jpg","width":931,"height":436},{"@type":"BreadcrumbList","@id":"https:\/\/www.copealcoy.es\/es\/la-pandemia-sigue-descontrolada-en-la-comunitat\/#breadcrumb","itemListElement":[{"@type":"ListItem","position":1,"name":"Portada","item":"https:\/\/www.copealcoy.es\/es\/"},{"@type":"ListItem","position":2,"name":"La pandemia sigue descontrolada en la Comunitat"}]},{"@type":"WebSite","@id":"https:\/\/www.copealcoy.es\/es\/#website","url":"https:\/\/www.copealcoy.es\/es\/","name":"COPE Alcoy","description":"Emisora COPE de radio local con emisi\u00f3n online. Pont de Sant Jordi 8-10 03803 Alcoy","potentialAction":[{"@type":"SearchAction","target":{"@type":"EntryPoint","urlTemplate":"https:\/\/www.copealcoy.es\/es\/?s={search_term_string}"},"query-input":{"@type":"PropertyValueSpecification","valueRequired":true,"valueName":"search_term_string"}}],"inLanguage":"es"},{"@type":"Person","@id":"https:\/\/www.copealcoy.es\/es\/#\/schema\/person\/e777c87fa024e57d40170af9df39882c","name":"Cope Alcoy","image":{"@type":"ImageObject","inLanguage":"es","@id":"https:\/\/secure.gravatar.com\/avatar\/bb65d0283347e303893ba14f0692005417c1e0e690a325a4c5d8bb2b3943ee14?s=96&d=mm&r=g","url":"https:\/\/secure.gravatar.com\/avatar\/bb65d0283347e303893ba14f0692005417c1e0e690a325a4c5d8bb2b3943ee14?s=96&d=mm&r=g","contentUrl":"https:\/\/secure.gravatar.com\/avatar\/bb65d0283347e303893ba14f0692005417c1e0e690a325a4c5d8bb2b3943ee14?s=96&d=mm&r=g","caption":"Cope Alcoy"}}]}},"_links":{"self":[{"href":"https:\/\/www.copealcoy.es\/es\/wp-json\/wp\/v2\/posts\/83181","targetHints":{"allow":["GET"]}}],"collection":[{"href":"https:\/\/www.copealcoy.es\/es\/wp-json\/wp\/v2\/posts"}],"about":[{"href":"https:\/\/www.copealcoy.es\/es\/wp-json\/wp\/v2\/types\/post"}],"author":[{"embeddable":true,"href":"https:\/\/www.copealcoy.es\/es\/wp-json\/wp\/v2\/users\/1"}],"replies":[{"embeddable":true,"href":"https:\/\/www.copealcoy.es\/es\/wp-json\/wp\/v2\/comments?post=83181"}],"version-history":[{"count":0,"href":"https:\/\/www.copealcoy.es\/es\/wp-json\/wp\/v2\/posts\/83181\/revisions"}],"wp:featuredmedia":[{"embeddable":true,"href":"https:\/\/www.copealcoy.es\/es\/wp-json\/wp\/v2\/media\/62059"}],"wp:attachment":[{"href":"https:\/\/www.copealcoy.es\/es\/wp-json\/wp\/v2\/media?parent=83181"}],"wp:term":[{"taxonomy":"category","embeddable":true,"href":"https:\/\/www.copealcoy.es\/es\/wp-json\/wp\/v2\/categories?post=83181"},{"taxonomy":"post_tag","embeddable":true,"href":"https:\/\/www.copealcoy.es\/es\/wp-json\/wp\/v2\/tags?post=83181"}],"curies":[{"name":"wp","href":"https:\/\/api.w.org\/{rel}","templated":true}]}}