{"id":83119,"date":"2022-01-26T19:18:50","date_gmt":"2022-01-26T18:18:50","guid":{"rendered":"https:\/\/www.copealcoy.es\/?p=83119"},"modified":"2022-01-26T19:38:31","modified_gmt":"2022-01-26T18:38:31","slug":"cuenta-atras-para-la-fiesta-del-jesuset-del-miracle","status":"publish","type":"post","link":"https:\/\/www.copealcoy.es\/es\/cuenta-atras-para-la-fiesta-del-jesuset-del-miracle\/","title":{"rendered":"Cuenta atr\u00e1s para la Fiesta del Jesuset del Miracle"},"content":{"rendered":"<p style=\"text-align: justify;\">La <strong>Asociaci\u00f3n del Jesuset del Miracle<\/strong> sigue adelante con <strong>los actos previos a la festividad de este \u00faltimo<\/strong>, una jornada que <strong>tendr\u00e1 lugar el pr\u00f3ximo domingo<\/strong>. Esta semana ha entrado en su recta final <strong>el novenario<\/strong> con <strong>el \u00faltimo triduo<\/strong>, unos oficios religiosos que est\u00e1n predicados por <strong>Don Jos\u00e9 Lu\u00eds Llopis<\/strong> (titular de las Parroquias del Centro). La cita es a las 18:30h en <strong>la iglesia del Monasterio de Santo Sepulcro<\/strong> y llega tras los dos primeros triduos en los que han ejercido como predicadores <strong>Don Vicente Balaguer y el Padre Colum Power<\/strong>.<\/p>\n<p style=\"text-align: justify;\">Este viernes, a las 18:30h, <strong>se oficiar\u00e1 la misa con el serm\u00f3n del robo y hallazgo de las sagradas formas<\/strong>, unos que hechos que <strong>ocurrieron hace 454 a\u00f1os<\/strong>. Esta ceremonia ser\u00e1 en valenciano e ir\u00e1 a cargo de <strong>Don Arturo Monllor<\/strong>. Posteriormente, a las 19:45h, <strong>se representar\u00e1 el Auto Sacramental del Jesuset del Miracle<\/strong> por parte del Grupo de Teatro de Tesal\u00edn.<\/p>\n<p>Los actos previos del d\u00eda grande del Jesuset del Miracle<strong> terminar\u00e1n este s\u00e1bado a las 18:30h<\/strong>. A esa hora se desarrollar\u00e1n <strong>las v\u00edsperas solemnes<\/strong> con la bendici\u00f3n eucar\u00edstica y la posterior Santa Misa.<\/p>\n","protected":false},"excerpt":{"rendered":"<p>La Asociaci\u00f3n del Jesuset del Miracle sigue adelante con los actos previos a la festividad de este \u00faltimo, una jornada&#8230;<\/p>\n","protected":false},"author":1,"featured_media":59272,"comment_status":"open","ping_status":"open","sticky":false,"template":"","format":"standard","meta":{"footnotes":""},"categories":[6909,97,78,75],"tags":[12359,1494,1627,598,7013],"class_list":["post-83119","post","type-post","status-publish","format-standard","has-post-thumbnail","hentry","category-actualidad","category-alcoy","category-fiestaycultura","category-noticias","tag-actos-religiosos","tag-alcoy","tag-celebraciones","tag-jesuset-del-miracle","tag-monasterio-del-santo-sepulcro"],"yoast_head":"<!-- This site is optimized with the Yoast SEO plugin v27.3 - https:\/\/yoast.com\/product\/yoast-seo-wordpress\/ -->\n<title>Cuenta atr\u00e1s para la Fiesta del Jesuset del Miracle - COPE Alcoy<\/title>\n<meta name=\"robots\" content=\"index, follow, max-snippet:-1, max-image-preview:large, max-video-preview:-1\" \/>\n<link rel=\"canonical\" href=\"https:\/\/www.copealcoy.es\/es\/cuenta-atras-para-la-fiesta-del-jesuset-del-miracle\/\" \/>\n<meta property=\"og:locale\" content=\"es_ES\" \/>\n<meta property=\"og:type\" content=\"article\" \/>\n<meta property=\"og:title\" content=\"Cuenta atr\u00e1s para la Fiesta del Jesuset del Miracle - COPE Alcoy\" \/>\n<meta property=\"og:description\" content=\"La Asociaci\u00f3n del Jesuset del Miracle sigue adelante con los actos previos a la festividad de este \u00faltimo, una jornada...\" \/>\n<meta property=\"og:url\" content=\"https:\/\/www.copealcoy.es\/es\/cuenta-atras-para-la-fiesta-del-jesuset-del-miracle\/\" \/>\n<meta property=\"og:site_name\" content=\"COPE Alcoy\" \/>\n<meta property=\"article:published_time\" content=\"2022-01-26T18:18:50+00:00\" \/>\n<meta property=\"article:modified_time\" content=\"2022-01-26T18:38:31+00:00\" \/>\n<meta property=\"og:image\" content=\"https:\/\/www.copealcoy.es\/wp-content\/uploads\/2020\/01\/Jesuset-1.jpg\" \/>\n\t<meta property=\"og:image:width\" content=\"660\" \/>\n\t<meta property=\"og:image:height\" content=\"330\" \/>\n\t<meta property=\"og:image:type\" content=\"image\/jpeg\" \/>\n<meta name=\"author\" content=\"Cope Alcoy\" \/>\n<meta name=\"twitter:label1\" content=\"Escrito por\" \/>\n\t<meta name=\"twitter:data1\" content=\"Cope Alcoy\" \/>\n\t<meta name=\"twitter:label2\" content=\"Tiempo de lectura\" \/>\n\t<meta name=\"twitter:data2\" content=\"1 minuto\" \/>\n<script type=\"application\/ld+json\" class=\"yoast-schema-graph\">{\"@context\":\"https:\\\/\\\/schema.org\",\"@graph\":[{\"@type\":\"Article\",\"@id\":\"https:\\\/\\\/www.copealcoy.es\\\/es\\\/cuenta-atras-para-la-fiesta-del-jesuset-del-miracle\\\/#article\",\"isPartOf\":{\"@id\":\"https:\\\/\\\/www.copealcoy.es\\\/es\\\/cuenta-atras-para-la-fiesta-del-jesuset-del-miracle\\\/\"},\"author\":{\"name\":\"Cope Alcoy\",\"@id\":\"https:\\\/\\\/www.copealcoy.es\\\/es\\\/#\\\/schema\\\/person\\\/e777c87fa024e57d40170af9df39882c\"},\"headline\":\"Cuenta atr\u00e1s para la Fiesta del Jesuset del Miracle\",\"datePublished\":\"2022-01-26T18:18:50+00:00\",\"dateModified\":\"2022-01-26T18:38:31+00:00\",\"mainEntityOfPage\":{\"@id\":\"https:\\\/\\\/www.copealcoy.es\\\/es\\\/cuenta-atras-para-la-fiesta-del-jesuset-del-miracle\\\/\"},\"wordCount\":211,\"commentCount\":0,\"image\":{\"@id\":\"https:\\\/\\\/www.copealcoy.es\\\/es\\\/cuenta-atras-para-la-fiesta-del-jesuset-del-miracle\\\/#primaryimage\"},\"thumbnailUrl\":\"https:\\\/\\\/www.copealcoy.es\\\/wp-content\\\/uploads\\\/2020\\\/01\\\/Jesuset-1.jpg\",\"keywords\":[\"actos religiosos\",\"Alcoy\",\"Celebraciones\",\"Jesuset del Miracle\",\"Monasterio del Santo Sepulcro\"],\"articleSection\":[\"Actualidad\",\"Alcoy\",\"Fiesta y Cultura\",\"Noticias\"],\"inLanguage\":\"es\"},{\"@type\":\"WebPage\",\"@id\":\"https:\\\/\\\/www.copealcoy.es\\\/es\\\/cuenta-atras-para-la-fiesta-del-jesuset-del-miracle\\\/\",\"url\":\"https:\\\/\\\/www.copealcoy.es\\\/es\\\/cuenta-atras-para-la-fiesta-del-jesuset-del-miracle\\\/\",\"name\":\"Cuenta atr\u00e1s para la Fiesta del Jesuset del Miracle - COPE Alcoy\",\"isPartOf\":{\"@id\":\"https:\\\/\\\/www.copealcoy.es\\\/es\\\/#website\"},\"primaryImageOfPage\":{\"@id\":\"https:\\\/\\\/www.copealcoy.es\\\/es\\\/cuenta-atras-para-la-fiesta-del-jesuset-del-miracle\\\/#primaryimage\"},\"image\":{\"@id\":\"https:\\\/\\\/www.copealcoy.es\\\/es\\\/cuenta-atras-para-la-fiesta-del-jesuset-del-miracle\\\/#primaryimage\"},\"thumbnailUrl\":\"https:\\\/\\\/www.copealcoy.es\\\/wp-content\\\/uploads\\\/2020\\\/01\\\/Jesuset-1.jpg\",\"datePublished\":\"2022-01-26T18:18:50+00:00\",\"dateModified\":\"2022-01-26T18:38:31+00:00\",\"author\":{\"@id\":\"https:\\\/\\\/www.copealcoy.es\\\/es\\\/#\\\/schema\\\/person\\\/e777c87fa024e57d40170af9df39882c\"},\"breadcrumb\":{\"@id\":\"https:\\\/\\\/www.copealcoy.es\\\/es\\\/cuenta-atras-para-la-fiesta-del-jesuset-del-miracle\\\/#breadcrumb\"},\"inLanguage\":\"es\",\"potentialAction\":[{\"@type\":\"ReadAction\",\"target\":[\"https:\\\/\\\/www.copealcoy.es\\\/es\\\/cuenta-atras-para-la-fiesta-del-jesuset-del-miracle\\\/\"]}]},{\"@type\":\"ImageObject\",\"inLanguage\":\"es\",\"@id\":\"https:\\\/\\\/www.copealcoy.es\\\/es\\\/cuenta-atras-para-la-fiesta-del-jesuset-del-miracle\\\/#primaryimage\",\"url\":\"https:\\\/\\\/www.copealcoy.es\\\/wp-content\\\/uploads\\\/2020\\\/01\\\/Jesuset-1.jpg\",\"contentUrl\":\"https:\\\/\\\/www.copealcoy.es\\\/wp-content\\\/uploads\\\/2020\\\/01\\\/Jesuset-1.jpg\",\"width\":660,\"height\":330,\"caption\":\"La procesi\u00f3n fue uno de los actos destacados del domingo \\\/ Foto: G. Pascual\"},{\"@type\":\"BreadcrumbList\",\"@id\":\"https:\\\/\\\/www.copealcoy.es\\\/es\\\/cuenta-atras-para-la-fiesta-del-jesuset-del-miracle\\\/#breadcrumb\",\"itemListElement\":[{\"@type\":\"ListItem\",\"position\":1,\"name\":\"Portada\",\"item\":\"https:\\\/\\\/www.copealcoy.es\\\/es\\\/\"},{\"@type\":\"ListItem\",\"position\":2,\"name\":\"Cuenta atr\u00e1s para la Fiesta del Jesuset del Miracle\"}]},{\"@type\":\"WebSite\",\"@id\":\"https:\\\/\\\/www.copealcoy.es\\\/es\\\/#website\",\"url\":\"https:\\\/\\\/www.copealcoy.es\\\/es\\\/\",\"name\":\"COPE Alcoy\",\"description\":\"Emisora COPE de radio local con emisi\u00f3n online. Pont de Sant Jordi 8-10 03803 Alcoy\",\"potentialAction\":[{\"@type\":\"SearchAction\",\"target\":{\"@type\":\"EntryPoint\",\"urlTemplate\":\"https:\\\/\\\/www.copealcoy.es\\\/es\\\/?s={search_term_string}\"},\"query-input\":{\"@type\":\"PropertyValueSpecification\",\"valueRequired\":true,\"valueName\":\"search_term_string\"}}],\"inLanguage\":\"es\"},{\"@type\":\"Person\",\"@id\":\"https:\\\/\\\/www.copealcoy.es\\\/es\\\/#\\\/schema\\\/person\\\/e777c87fa024e57d40170af9df39882c\",\"name\":\"Cope Alcoy\",\"image\":{\"@type\":\"ImageObject\",\"inLanguage\":\"es\",\"@id\":\"https:\\\/\\\/secure.gravatar.com\\\/avatar\\\/bb65d0283347e303893ba14f0692005417c1e0e690a325a4c5d8bb2b3943ee14?s=96&d=mm&r=g\",\"url\":\"https:\\\/\\\/secure.gravatar.com\\\/avatar\\\/bb65d0283347e303893ba14f0692005417c1e0e690a325a4c5d8bb2b3943ee14?s=96&d=mm&r=g\",\"contentUrl\":\"https:\\\/\\\/secure.gravatar.com\\\/avatar\\\/bb65d0283347e303893ba14f0692005417c1e0e690a325a4c5d8bb2b3943ee14?s=96&d=mm&r=g\",\"caption\":\"Cope Alcoy\"}}]}<\/script>\n<!-- \/ Yoast SEO plugin. -->","yoast_head_json":{"title":"Cuenta atr\u00e1s para la Fiesta del Jesuset del Miracle - COPE Alcoy","robots":{"index":"index","follow":"follow","max-snippet":"max-snippet:-1","max-image-preview":"max-image-preview:large","max-video-preview":"max-video-preview:-1"},"canonical":"https:\/\/www.copealcoy.es\/es\/cuenta-atras-para-la-fiesta-del-jesuset-del-miracle\/","og_locale":"es_ES","og_type":"article","og_title":"Cuenta atr\u00e1s para la Fiesta del Jesuset del Miracle - COPE Alcoy","og_description":"La Asociaci\u00f3n del Jesuset del Miracle sigue adelante con los actos previos a la festividad de este \u00faltimo, una jornada...","og_url":"https:\/\/www.copealcoy.es\/es\/cuenta-atras-para-la-fiesta-del-jesuset-del-miracle\/","og_site_name":"COPE Alcoy","article_published_time":"2022-01-26T18:18:50+00:00","article_modified_time":"2022-01-26T18:38:31+00:00","og_image":[{"width":660,"height":330,"url":"https:\/\/www.copealcoy.es\/wp-content\/uploads\/2020\/01\/Jesuset-1.jpg","type":"image\/jpeg"}],"author":"Cope Alcoy","twitter_misc":{"Escrito por":"Cope Alcoy","Tiempo de lectura":"1 minuto"},"schema":{"@context":"https:\/\/schema.org","@graph":[{"@type":"Article","@id":"https:\/\/www.copealcoy.es\/es\/cuenta-atras-para-la-fiesta-del-jesuset-del-miracle\/#article","isPartOf":{"@id":"https:\/\/www.copealcoy.es\/es\/cuenta-atras-para-la-fiesta-del-jesuset-del-miracle\/"},"author":{"name":"Cope Alcoy","@id":"https:\/\/www.copealcoy.es\/es\/#\/schema\/person\/e777c87fa024e57d40170af9df39882c"},"headline":"Cuenta atr\u00e1s para la Fiesta del Jesuset del Miracle","datePublished":"2022-01-26T18:18:50+00:00","dateModified":"2022-01-26T18:38:31+00:00","mainEntityOfPage":{"@id":"https:\/\/www.copealcoy.es\/es\/cuenta-atras-para-la-fiesta-del-jesuset-del-miracle\/"},"wordCount":211,"commentCount":0,"image":{"@id":"https:\/\/www.copealcoy.es\/es\/cuenta-atras-para-la-fiesta-del-jesuset-del-miracle\/#primaryimage"},"thumbnailUrl":"https:\/\/www.copealcoy.es\/wp-content\/uploads\/2020\/01\/Jesuset-1.jpg","keywords":["actos religiosos","Alcoy","Celebraciones","Jesuset del Miracle","Monasterio del Santo Sepulcro"],"articleSection":["Actualidad","Alcoy","Fiesta y Cultura","Noticias"],"inLanguage":"es"},{"@type":"WebPage","@id":"https:\/\/www.copealcoy.es\/es\/cuenta-atras-para-la-fiesta-del-jesuset-del-miracle\/","url":"https:\/\/www.copealcoy.es\/es\/cuenta-atras-para-la-fiesta-del-jesuset-del-miracle\/","name":"Cuenta atr\u00e1s para la Fiesta del Jesuset del Miracle - COPE Alcoy","isPartOf":{"@id":"https:\/\/www.copealcoy.es\/es\/#website"},"primaryImageOfPage":{"@id":"https:\/\/www.copealcoy.es\/es\/cuenta-atras-para-la-fiesta-del-jesuset-del-miracle\/#primaryimage"},"image":{"@id":"https:\/\/www.copealcoy.es\/es\/cuenta-atras-para-la-fiesta-del-jesuset-del-miracle\/#primaryimage"},"thumbnailUrl":"https:\/\/www.copealcoy.es\/wp-content\/uploads\/2020\/01\/Jesuset-1.jpg","datePublished":"2022-01-26T18:18:50+00:00","dateModified":"2022-01-26T18:38:31+00:00","author":{"@id":"https:\/\/www.copealcoy.es\/es\/#\/schema\/person\/e777c87fa024e57d40170af9df39882c"},"breadcrumb":{"@id":"https:\/\/www.copealcoy.es\/es\/cuenta-atras-para-la-fiesta-del-jesuset-del-miracle\/#breadcrumb"},"inLanguage":"es","potentialAction":[{"@type":"ReadAction","target":["https:\/\/www.copealcoy.es\/es\/cuenta-atras-para-la-fiesta-del-jesuset-del-miracle\/"]}]},{"@type":"ImageObject","inLanguage":"es","@id":"https:\/\/www.copealcoy.es\/es\/cuenta-atras-para-la-fiesta-del-jesuset-del-miracle\/#primaryimage","url":"https:\/\/www.copealcoy.es\/wp-content\/uploads\/2020\/01\/Jesuset-1.jpg","contentUrl":"https:\/\/www.copealcoy.es\/wp-content\/uploads\/2020\/01\/Jesuset-1.jpg","width":660,"height":330,"caption":"La procesi\u00f3n fue uno de los actos destacados del domingo \/ Foto: G. Pascual"},{"@type":"BreadcrumbList","@id":"https:\/\/www.copealcoy.es\/es\/cuenta-atras-para-la-fiesta-del-jesuset-del-miracle\/#breadcrumb","itemListElement":[{"@type":"ListItem","position":1,"name":"Portada","item":"https:\/\/www.copealcoy.es\/es\/"},{"@type":"ListItem","position":2,"name":"Cuenta atr\u00e1s para la Fiesta del Jesuset del Miracle"}]},{"@type":"WebSite","@id":"https:\/\/www.copealcoy.es\/es\/#website","url":"https:\/\/www.copealcoy.es\/es\/","name":"COPE Alcoy","description":"Emisora COPE de radio local con emisi\u00f3n online. Pont de Sant Jordi 8-10 03803 Alcoy","potentialAction":[{"@type":"SearchAction","target":{"@type":"EntryPoint","urlTemplate":"https:\/\/www.copealcoy.es\/es\/?s={search_term_string}"},"query-input":{"@type":"PropertyValueSpecification","valueRequired":true,"valueName":"search_term_string"}}],"inLanguage":"es"},{"@type":"Person","@id":"https:\/\/www.copealcoy.es\/es\/#\/schema\/person\/e777c87fa024e57d40170af9df39882c","name":"Cope Alcoy","image":{"@type":"ImageObject","inLanguage":"es","@id":"https:\/\/secure.gravatar.com\/avatar\/bb65d0283347e303893ba14f0692005417c1e0e690a325a4c5d8bb2b3943ee14?s=96&d=mm&r=g","url":"https:\/\/secure.gravatar.com\/avatar\/bb65d0283347e303893ba14f0692005417c1e0e690a325a4c5d8bb2b3943ee14?s=96&d=mm&r=g","contentUrl":"https:\/\/secure.gravatar.com\/avatar\/bb65d0283347e303893ba14f0692005417c1e0e690a325a4c5d8bb2b3943ee14?s=96&d=mm&r=g","caption":"Cope Alcoy"}}]}},"_links":{"self":[{"href":"https:\/\/www.copealcoy.es\/es\/wp-json\/wp\/v2\/posts\/83119","targetHints":{"allow":["GET"]}}],"collection":[{"href":"https:\/\/www.copealcoy.es\/es\/wp-json\/wp\/v2\/posts"}],"about":[{"href":"https:\/\/www.copealcoy.es\/es\/wp-json\/wp\/v2\/types\/post"}],"author":[{"embeddable":true,"href":"https:\/\/www.copealcoy.es\/es\/wp-json\/wp\/v2\/users\/1"}],"replies":[{"embeddable":true,"href":"https:\/\/www.copealcoy.es\/es\/wp-json\/wp\/v2\/comments?post=83119"}],"version-history":[{"count":0,"href":"https:\/\/www.copealcoy.es\/es\/wp-json\/wp\/v2\/posts\/83119\/revisions"}],"wp:featuredmedia":[{"embeddable":true,"href":"https:\/\/www.copealcoy.es\/es\/wp-json\/wp\/v2\/media\/59272"}],"wp:attachment":[{"href":"https:\/\/www.copealcoy.es\/es\/wp-json\/wp\/v2\/media?parent=83119"}],"wp:term":[{"taxonomy":"category","embeddable":true,"href":"https:\/\/www.copealcoy.es\/es\/wp-json\/wp\/v2\/categories?post=83119"},{"taxonomy":"post_tag","embeddable":true,"href":"https:\/\/www.copealcoy.es\/es\/wp-json\/wp\/v2\/tags?post=83119"}],"curies":[{"name":"wp","href":"https:\/\/api.w.org\/{rel}","templated":true}]}}